{"id":12506,"date":"2019-01-22T06:51:54","date_gmt":"2019-01-22T04:51:54","guid":{"rendered":"https:\/\/iraurgiberritzen.eus\/abierto-el-plazo-de-presentacion-de-las-solicitudes-del-programa-lehen-aukera-hasta-el-31-de-octubre\/"},"modified":"2019-01-22T06:51:54","modified_gmt":"2019-01-22T04:51:54","slug":"abierto-el-plazo-de-presentacion-de-las-solicitudes-del-programa-lehen-aukera-hasta-el-31-de-octubre","status":"publish","type":"post","link":"https:\/\/iraurgiberritzen.eus\/es\/abierto-el-plazo-de-presentacion-de-las-solicitudes-del-programa-lehen-aukera-hasta-el-31-de-octubre\/","title":{"rendered":"Abierto el plazo de presentaci\u00f3n de las solicitudes del Programa Lehen Aukera hasta el 31 de octubre"},"content":{"rendered":"<p style=\"text-align: justify;\">OBJETIVO: Contrataci\u00f3n de personas j\u00f3venes, en situaci\u00f3n de desempleo y sin previa o con escasa experiencia laboral, en empleos relacionados con su titulaci\u00f3n, por las Empresas Vascas.<\/p>\n<p>Las personas interesadas deber\u00e1n cumplir los siguientes requisitos:<\/p>\n<ul>\n<li>Ser mayor de 16 a\u00f1os y menor de 30 a\u00f1os<\/li>\n<li>Residir en la Comunidad Aut\u00f3noma Vasca<\/li>\n<li>Estar inscrita como demandante de Empleo en Lanbide-SVE<\/li>\n<li>Estar en situaci\u00f3n de desempleo en el momento de la formalizaci\u00f3n del contrato<\/li>\n<li>Estar en posesi\u00f3n de algunas de las titulaciones siguientes:\n<ul>\n<li>Licenciatura o Grado Universitario, Ingenieria y\/o Arquitectura<\/li>\n<li>Diplomatura Universitaria, Ingenier\u00eda T\u00e9cnica y\/o Arquitectura T\u00e9cnica<\/li>\n<li>T\u00e9cnico Superior o Medio de Formaci\u00f3n Profesional reglada, de la formaci\u00f3n espec\u00edfica, siendo equivalentes a los anteriores los t\u00edtulos de T\u00e9cnico\/a Auxiliar (FP1) Y T\u00e9cnico Especialista (FP2)<\/li>\n<li>Otras titulaciones oficialmente reconocidas como equivalentes anteriores<\/li>\n<li>Certificado de profesionalidad<\/li>\n<\/ul>\n<\/li>\n<li>Tendr\u00e1n prioridad en el proceso de selecci\u00f3n las personas que est\u00e9n registradas en el Sistema de Garant\u00eda Juvenil.<\/li>\n<\/ul>\n<p>Ofrecemos ayuda en la preparaci\u00f3n y gesti\u00f3n de los documentos necesarios para la solicitud. Llama a <strong>Iraurgi Berritzen<\/strong> al tel\u00e9fono <strong>943 851100<\/strong> y pregunta por <strong>Sandra<\/strong>.<\/p>\n<p>Para m\u00e1s informaci\u00f3n sobre este programa, puedes consultar el siguiente Link:<\/p>\n<p>\u2022 <a href=\"http:\/\/www.lanbide.euskadi.eus\/ayuda\/-\/ayuda_subvencion\/2019\/lak-2019-programa-lehen-aukera-2019\/\" target=\"_blank\" rel=\"noopener\">INFORMACI\u00d3N EMPRESAS<\/a><\/p>\n","protected":false},"excerpt":{"rendered":"<p>OBJETIVO: Contrataci\u00f3n de personas j\u00f3venes, en situaci\u00f3n de desempleo y sin previa o con escasa experiencia laboral, en empleos relacionados con su titulaci\u00f3n, por las Empresas Vascas. Las personas interesadas deber\u00e1n cumplir los siguientes requisitos: Ser mayor de 16 a\u00f1os y menor de 30 a\u00f1os Residir en la Comunidad Aut\u00f3noma Vasca Estar inscrita como demandante [&hellip;]<\/p>\n","protected":false},"author":1,"featured_media":17855,"comment_status":"","ping_status":"closed","sticky":false,"template":"","format":"standard","meta":{"_acf_changed":false,"footnotes":""},"categories":[4],"tags":[],"class_list":["post-12506","post","type-post","status-publish","format-standard","has-post-thumbnail","hentry","category-noticias"],"acf":[],"yoast_head":"<!-- This site is optimized with the Yoast SEO plugin v27.4 - https:\/\/yoast.com\/product\/yoast-seo-wordpress\/ -->\n<title>Abierto el plazo de presentaci\u00f3n de las solicitudes del Programa Lehen Aukera hasta el 31 de octubre - Iraurgi Berritzen<\/title>\n<meta name=\"robots\" content=\"index, follow, max-snippet:-1, max-image-preview:large, max-video-preview:-1\" \/>\n<link rel=\"canonical\" href=\"https:\/\/iraurgiberritzen.eus\/es\/abierto-el-plazo-de-presentacion-de-las-solicitudes-del-programa-lehen-aukera-hasta-el-31-de-octubre\/\" \/>\n<meta property=\"og:locale\" content=\"es_ES\" \/>\n<meta property=\"og:type\" content=\"article\" \/>\n<meta property=\"og:title\" content=\"Abierto el plazo de presentaci\u00f3n de las solicitudes del Programa Lehen Aukera hasta el 31 de octubre - Iraurgi Berritzen\" \/>\n<meta property=\"og:description\" content=\"OBJETIVO: Contrataci\u00f3n de personas j\u00f3venes, en situaci\u00f3n de desempleo y sin previa o con escasa experiencia laboral, en empleos relacionados con su titulaci\u00f3n, por las Empresas Vascas. Las personas interesadas deber\u00e1n cumplir los siguientes requisitos: Ser mayor de 16 a\u00f1os y menor de 30 a\u00f1os Residir en la Comunidad Aut\u00f3noma Vasca Estar inscrita como demandante [&hellip;]\" \/>\n<meta property=\"og:url\" content=\"https:\/\/iraurgiberritzen.eus\/es\/abierto-el-plazo-de-presentacion-de-las-solicitudes-del-programa-lehen-aukera-hasta-el-31-de-octubre\/\" \/>\n<meta property=\"og:site_name\" content=\"Iraurgi Berritzen\" \/>\n<meta property=\"article:published_time\" content=\"2019-01-22T04:51:54+00:00\" \/>\n<meta name=\"author\" content=\"kudeatzailea\" \/>\n<meta name=\"twitter:card\" content=\"summary_large_image\" \/>\n<meta name=\"twitter:label1\" content=\"Escrito por\" \/>\n\t<meta name=\"twitter:data1\" content=\"kudeatzailea\" \/>\n\t<meta name=\"twitter:label2\" content=\"Tiempo de lectura\" \/>\n\t<meta name=\"twitter:data2\" content=\"1 minuto\" \/>\n<script type=\"application\/ld+json\" class=\"yoast-schema-graph\">{\"@context\":\"https:\\\/\\\/schema.org\",\"@graph\":[{\"@type\":\"Article\",\"@id\":\"https:\\\/\\\/iraurgiberritzen.eus\\\/es\\\/abierto-el-plazo-de-presentacion-de-las-solicitudes-del-programa-lehen-aukera-hasta-el-31-de-octubre\\\/#article\",\"isPartOf\":{\"@id\":\"https:\\\/\\\/iraurgiberritzen.eus\\\/es\\\/abierto-el-plazo-de-presentacion-de-las-solicitudes-del-programa-lehen-aukera-hasta-el-31-de-octubre\\\/\"},\"author\":{\"name\":\"kudeatzailea\",\"@id\":\"https:\\\/\\\/iraurgiberritzen.eus\\\/es\\\/#\\\/schema\\\/person\\\/5ab41aaf388a9097177601ebf45738d2\"},\"headline\":\"Abierto el plazo de presentaci\u00f3n de las solicitudes del Programa Lehen Aukera hasta el 31 de octubre\",\"datePublished\":\"2019-01-22T04:51:54+00:00\",\"mainEntityOfPage\":{\"@id\":\"https:\\\/\\\/iraurgiberritzen.eus\\\/es\\\/abierto-el-plazo-de-presentacion-de-las-solicitudes-del-programa-lehen-aukera-hasta-el-31-de-octubre\\\/\"},\"wordCount\":236,\"publisher\":{\"@id\":\"https:\\\/\\\/iraurgiberritzen.eus\\\/es\\\/#organization\"},\"image\":{\"@id\":\"https:\\\/\\\/iraurgiberritzen.eus\\\/es\\\/abierto-el-plazo-de-presentacion-de-las-solicitudes-del-programa-lehen-aukera-hasta-el-31-de-octubre\\\/#primaryimage\"},\"thumbnailUrl\":\"https:\\\/\\\/iraurgiberritzen.eus\\\/wp-content\\\/uploads\\\/2023\\\/09\\\/10dd7f46ca2f22ce7ce9308c89d2507c.jpg\",\"articleSection\":[\"Noticias\"],\"inLanguage\":\"es\"},{\"@type\":\"WebPage\",\"@id\":\"https:\\\/\\\/iraurgiberritzen.eus\\\/es\\\/abierto-el-plazo-de-presentacion-de-las-solicitudes-del-programa-lehen-aukera-hasta-el-31-de-octubre\\\/\",\"url\":\"https:\\\/\\\/iraurgiberritzen.eus\\\/es\\\/abierto-el-plazo-de-presentacion-de-las-solicitudes-del-programa-lehen-aukera-hasta-el-31-de-octubre\\\/\",\"name\":\"Abierto el plazo de presentaci\u00f3n de las solicitudes del Programa Lehen Aukera hasta el 31 de octubre - Iraurgi Berritzen\",\"isPartOf\":{\"@id\":\"https:\\\/\\\/iraurgiberritzen.eus\\\/es\\\/#website\"},\"primaryImageOfPage\":{\"@id\":\"https:\\\/\\\/iraurgiberritzen.eus\\\/es\\\/abierto-el-plazo-de-presentacion-de-las-solicitudes-del-programa-lehen-aukera-hasta-el-31-de-octubre\\\/#primaryimage\"},\"image\":{\"@id\":\"https:\\\/\\\/iraurgiberritzen.eus\\\/es\\\/abierto-el-plazo-de-presentacion-de-las-solicitudes-del-programa-lehen-aukera-hasta-el-31-de-octubre\\\/#primaryimage\"},\"thumbnailUrl\":\"https:\\\/\\\/iraurgiberritzen.eus\\\/wp-content\\\/uploads\\\/2023\\\/09\\\/10dd7f46ca2f22ce7ce9308c89d2507c.jpg\",\"datePublished\":\"2019-01-22T04:51:54+00:00\",\"breadcrumb\":{\"@id\":\"https:\\\/\\\/iraurgiberritzen.eus\\\/es\\\/abierto-el-plazo-de-presentacion-de-las-solicitudes-del-programa-lehen-aukera-hasta-el-31-de-octubre\\\/#breadcrumb\"},\"inLanguage\":\"es\",\"potentialAction\":[{\"@type\":\"ReadAction\",\"target\":[\"https:\\\/\\\/iraurgiberritzen.eus\\\/es\\\/abierto-el-plazo-de-presentacion-de-las-solicitudes-del-programa-lehen-aukera-hasta-el-31-de-octubre\\\/\"]}]},{\"@type\":\"ImageObject\",\"inLanguage\":\"es\",\"@id\":\"https:\\\/\\\/iraurgiberritzen.eus\\\/es\\\/abierto-el-plazo-de-presentacion-de-las-solicitudes-del-programa-lehen-aukera-hasta-el-31-de-octubre\\\/#primaryimage\",\"url\":\"https:\\\/\\\/iraurgiberritzen.eus\\\/wp-content\\\/uploads\\\/2023\\\/09\\\/10dd7f46ca2f22ce7ce9308c89d2507c.jpg\",\"contentUrl\":\"https:\\\/\\\/iraurgiberritzen.eus\\\/wp-content\\\/uploads\\\/2023\\\/09\\\/10dd7f46ca2f22ce7ce9308c89d2507c.jpg\",\"width\":600,\"height\":386},{\"@type\":\"BreadcrumbList\",\"@id\":\"https:\\\/\\\/iraurgiberritzen.eus\\\/es\\\/abierto-el-plazo-de-presentacion-de-las-solicitudes-del-programa-lehen-aukera-hasta-el-31-de-octubre\\\/#breadcrumb\",\"itemListElement\":[{\"@type\":\"ListItem\",\"position\":1,\"name\":\"Home\",\"item\":\"https:\\\/\\\/iraurgiberritzen.eus\\\/es\\\/\"},{\"@type\":\"ListItem\",\"position\":2,\"name\":\"Abierto el plazo de presentaci\u00f3n de las solicitudes del Programa Lehen Aukera hasta el 31 de octubre\"}]},{\"@type\":\"WebSite\",\"@id\":\"https:\\\/\\\/iraurgiberritzen.eus\\\/es\\\/#website\",\"url\":\"https:\\\/\\\/iraurgiberritzen.eus\\\/es\\\/\",\"name\":\"Iraurgi Berritzen\",\"description\":\"Urola Erdiko Garapen Agentzia\",\"publisher\":{\"@id\":\"https:\\\/\\\/iraurgiberritzen.eus\\\/es\\\/#organization\"},\"potentialAction\":[{\"@type\":\"SearchAction\",\"target\":{\"@type\":\"EntryPoint\",\"urlTemplate\":\"https:\\\/\\\/iraurgiberritzen.eus\\\/es\\\/?s={search_term_string}\"},\"query-input\":{\"@type\":\"PropertyValueSpecification\",\"valueRequired\":true,\"valueName\":\"search_term_string\"}}],\"inLanguage\":\"es\"},{\"@type\":\"Organization\",\"@id\":\"https:\\\/\\\/iraurgiberritzen.eus\\\/es\\\/#organization\",\"name\":\"Iraurgi Berritzen\",\"url\":\"https:\\\/\\\/iraurgiberritzen.eus\\\/es\\\/\",\"logo\":{\"@type\":\"ImageObject\",\"inLanguage\":\"es\",\"@id\":\"https:\\\/\\\/iraurgiberritzen.eus\\\/es\\\/#\\\/schema\\\/logo\\\/image\\\/\",\"url\":\"https:\\\/\\\/iraurgiberritzen.eus\\\/wp-content\\\/uploads\\\/2024\\\/02\\\/IRAURGI-BERRITZEN-logotipoa_2.png\",\"contentUrl\":\"https:\\\/\\\/iraurgiberritzen.eus\\\/wp-content\\\/uploads\\\/2024\\\/02\\\/IRAURGI-BERRITZEN-logotipoa_2.png\",\"width\":496,\"height\":190,\"caption\":\"Iraurgi Berritzen\"},\"image\":{\"@id\":\"https:\\\/\\\/iraurgiberritzen.eus\\\/es\\\/#\\\/schema\\\/logo\\\/image\\\/\"}},{\"@type\":\"Person\",\"@id\":\"https:\\\/\\\/iraurgiberritzen.eus\\\/es\\\/#\\\/schema\\\/person\\\/5ab41aaf388a9097177601ebf45738d2\",\"name\":\"kudeatzailea\",\"sameAs\":[\"https:\\\/\\\/iraurgiberritzen.eus\"]}]}<\/script>\n<!-- \/ Yoast SEO plugin. -->","yoast_head_json":{"title":"Abierto el plazo de presentaci\u00f3n de las solicitudes del Programa Lehen Aukera hasta el 31 de octubre - Iraurgi Berritzen","robots":{"index":"index","follow":"follow","max-snippet":"max-snippet:-1","max-image-preview":"max-image-preview:large","max-video-preview":"max-video-preview:-1"},"canonical":"https:\/\/iraurgiberritzen.eus\/es\/abierto-el-plazo-de-presentacion-de-las-solicitudes-del-programa-lehen-aukera-hasta-el-31-de-octubre\/","og_locale":"es_ES","og_type":"article","og_title":"Abierto el plazo de presentaci\u00f3n de las solicitudes del Programa Lehen Aukera hasta el 31 de octubre - Iraurgi Berritzen","og_description":"OBJETIVO: Contrataci\u00f3n de personas j\u00f3venes, en situaci\u00f3n de desempleo y sin previa o con escasa experiencia laboral, en empleos relacionados con su titulaci\u00f3n, por las Empresas Vascas. Las personas interesadas deber\u00e1n cumplir los siguientes requisitos: Ser mayor de 16 a\u00f1os y menor de 30 a\u00f1os Residir en la Comunidad Aut\u00f3noma Vasca Estar inscrita como demandante [&hellip;]","og_url":"https:\/\/iraurgiberritzen.eus\/es\/abierto-el-plazo-de-presentacion-de-las-solicitudes-del-programa-lehen-aukera-hasta-el-31-de-octubre\/","og_site_name":"Iraurgi Berritzen","article_published_time":"2019-01-22T04:51:54+00:00","author":"kudeatzailea","twitter_card":"summary_large_image","twitter_misc":{"Escrito por":"kudeatzailea","Tiempo de lectura":"1 minuto"},"schema":{"@context":"https:\/\/schema.org","@graph":[{"@type":"Article","@id":"https:\/\/iraurgiberritzen.eus\/es\/abierto-el-plazo-de-presentacion-de-las-solicitudes-del-programa-lehen-aukera-hasta-el-31-de-octubre\/#article","isPartOf":{"@id":"https:\/\/iraurgiberritzen.eus\/es\/abierto-el-plazo-de-presentacion-de-las-solicitudes-del-programa-lehen-aukera-hasta-el-31-de-octubre\/"},"author":{"name":"kudeatzailea","@id":"https:\/\/iraurgiberritzen.eus\/es\/#\/schema\/person\/5ab41aaf388a9097177601ebf45738d2"},"headline":"Abierto el plazo de presentaci\u00f3n de las solicitudes del Programa Lehen Aukera hasta el 31 de octubre","datePublished":"2019-01-22T04:51:54+00:00","mainEntityOfPage":{"@id":"https:\/\/iraurgiberritzen.eus\/es\/abierto-el-plazo-de-presentacion-de-las-solicitudes-del-programa-lehen-aukera-hasta-el-31-de-octubre\/"},"wordCount":236,"publisher":{"@id":"https:\/\/iraurgiberritzen.eus\/es\/#organization"},"image":{"@id":"https:\/\/iraurgiberritzen.eus\/es\/abierto-el-plazo-de-presentacion-de-las-solicitudes-del-programa-lehen-aukera-hasta-el-31-de-octubre\/#primaryimage"},"thumbnailUrl":"https:\/\/iraurgiberritzen.eus\/wp-content\/uploads\/2023\/09\/10dd7f46ca2f22ce7ce9308c89d2507c.jpg","articleSection":["Noticias"],"inLanguage":"es"},{"@type":"WebPage","@id":"https:\/\/iraurgiberritzen.eus\/es\/abierto-el-plazo-de-presentacion-de-las-solicitudes-del-programa-lehen-aukera-hasta-el-31-de-octubre\/","url":"https:\/\/iraurgiberritzen.eus\/es\/abierto-el-plazo-de-presentacion-de-las-solicitudes-del-programa-lehen-aukera-hasta-el-31-de-octubre\/","name":"Abierto el plazo de presentaci\u00f3n de las solicitudes del Programa Lehen Aukera hasta el 31 de octubre - Iraurgi Berritzen","isPartOf":{"@id":"https:\/\/iraurgiberritzen.eus\/es\/#website"},"primaryImageOfPage":{"@id":"https:\/\/iraurgiberritzen.eus\/es\/abierto-el-plazo-de-presentacion-de-las-solicitudes-del-programa-lehen-aukera-hasta-el-31-de-octubre\/#primaryimage"},"image":{"@id":"https:\/\/iraurgiberritzen.eus\/es\/abierto-el-plazo-de-presentacion-de-las-solicitudes-del-programa-lehen-aukera-hasta-el-31-de-octubre\/#primaryimage"},"thumbnailUrl":"https:\/\/iraurgiberritzen.eus\/wp-content\/uploads\/2023\/09\/10dd7f46ca2f22ce7ce9308c89d2507c.jpg","datePublished":"2019-01-22T04:51:54+00:00","breadcrumb":{"@id":"https:\/\/iraurgiberritzen.eus\/es\/abierto-el-plazo-de-presentacion-de-las-solicitudes-del-programa-lehen-aukera-hasta-el-31-de-octubre\/#breadcrumb"},"inLanguage":"es","potentialAction":[{"@type":"ReadAction","target":["https:\/\/iraurgiberritzen.eus\/es\/abierto-el-plazo-de-presentacion-de-las-solicitudes-del-programa-lehen-aukera-hasta-el-31-de-octubre\/"]}]},{"@type":"ImageObject","inLanguage":"es","@id":"https:\/\/iraurgiberritzen.eus\/es\/abierto-el-plazo-de-presentacion-de-las-solicitudes-del-programa-lehen-aukera-hasta-el-31-de-octubre\/#primaryimage","url":"https:\/\/iraurgiberritzen.eus\/wp-content\/uploads\/2023\/09\/10dd7f46ca2f22ce7ce9308c89d2507c.jpg","contentUrl":"https:\/\/iraurgiberritzen.eus\/wp-content\/uploads\/2023\/09\/10dd7f46ca2f22ce7ce9308c89d2507c.jpg","width":600,"height":386},{"@type":"BreadcrumbList","@id":"https:\/\/iraurgiberritzen.eus\/es\/abierto-el-plazo-de-presentacion-de-las-solicitudes-del-programa-lehen-aukera-hasta-el-31-de-octubre\/#breadcrumb","itemListElement":[{"@type":"ListItem","position":1,"name":"Home","item":"https:\/\/iraurgiberritzen.eus\/es\/"},{"@type":"ListItem","position":2,"name":"Abierto el plazo de presentaci\u00f3n de las solicitudes del Programa Lehen Aukera hasta el 31 de octubre"}]},{"@type":"WebSite","@id":"https:\/\/iraurgiberritzen.eus\/es\/#website","url":"https:\/\/iraurgiberritzen.eus\/es\/","name":"Iraurgi Berritzen","description":"Urola Erdiko Garapen Agentzia","publisher":{"@id":"https:\/\/iraurgiberritzen.eus\/es\/#organization"},"potentialAction":[{"@type":"SearchAction","target":{"@type":"EntryPoint","urlTemplate":"https:\/\/iraurgiberritzen.eus\/es\/?s={search_term_string}"},"query-input":{"@type":"PropertyValueSpecification","valueRequired":true,"valueName":"search_term_string"}}],"inLanguage":"es"},{"@type":"Organization","@id":"https:\/\/iraurgiberritzen.eus\/es\/#organization","name":"Iraurgi Berritzen","url":"https:\/\/iraurgiberritzen.eus\/es\/","logo":{"@type":"ImageObject","inLanguage":"es","@id":"https:\/\/iraurgiberritzen.eus\/es\/#\/schema\/logo\/image\/","url":"https:\/\/iraurgiberritzen.eus\/wp-content\/uploads\/2024\/02\/IRAURGI-BERRITZEN-logotipoa_2.png","contentUrl":"https:\/\/iraurgiberritzen.eus\/wp-content\/uploads\/2024\/02\/IRAURGI-BERRITZEN-logotipoa_2.png","width":496,"height":190,"caption":"Iraurgi Berritzen"},"image":{"@id":"https:\/\/iraurgiberritzen.eus\/es\/#\/schema\/logo\/image\/"}},{"@type":"Person","@id":"https:\/\/iraurgiberritzen.eus\/es\/#\/schema\/person\/5ab41aaf388a9097177601ebf45738d2","name":"kudeatzailea","sameAs":["https:\/\/iraurgiberritzen.eus"]}]}},"_links":{"self":[{"href":"https:\/\/iraurgiberritzen.eus\/es\/wp-json\/wp\/v2\/posts\/12506","targetHints":{"allow":["GET"]}}],"collection":[{"href":"https:\/\/iraurgiberritzen.eus\/es\/wp-json\/wp\/v2\/posts"}],"about":[{"href":"https:\/\/iraurgiberritzen.eus\/es\/wp-json\/wp\/v2\/types\/post"}],"author":[{"embeddable":true,"href":"https:\/\/iraurgiberritzen.eus\/es\/wp-json\/wp\/v2\/users\/1"}],"replies":[{"embeddable":true,"href":"https:\/\/iraurgiberritzen.eus\/es\/wp-json\/wp\/v2\/comments?post=12506"}],"version-history":[{"count":0,"href":"https:\/\/iraurgiberritzen.eus\/es\/wp-json\/wp\/v2\/posts\/12506\/revisions"}],"wp:featuredmedia":[{"embeddable":true,"href":"https:\/\/iraurgiberritzen.eus\/es\/wp-json\/wp\/v2\/media\/17855"}],"wp:attachment":[{"href":"https:\/\/iraurgiberritzen.eus\/es\/wp-json\/wp\/v2\/media?parent=12506"}],"wp:term":[{"taxonomy":"category","embeddable":true,"href":"https:\/\/iraurgiberritzen.eus\/es\/wp-json\/wp\/v2\/categories?post=12506"},{"taxonomy":"post_tag","embeddable":true,"href":"https:\/\/iraurgiberritzen.eus\/es\/wp-json\/wp\/v2\/tags?post=12506"}],"curies":[{"name":"wp","href":"https:\/\/api.w.org\/{rel}","templated":true}]}}