{"id":12515,"date":"2019-02-01T06:26:05","date_gmt":"2019-02-01T04:26:05","guid":{"rendered":"https:\/\/iraurgiberritzen.eus\/urolanprest-gunea-ha-analizado-la-evolucion-del-desempleo-y-priorizado-acciones-para-fortalecer-la-oferta-formativa-en-urola-erdia\/"},"modified":"2019-02-01T06:26:05","modified_gmt":"2019-02-01T04:26:05","slug":"urolanprest-gunea-ha-analizado-la-evolucion-del-desempleo-y-priorizado-acciones-para-fortalecer-la-oferta-formativa-en-urola-erdia","status":"publish","type":"post","link":"https:\/\/iraurgiberritzen.eus\/es\/urolanprest-gunea-ha-analizado-la-evolucion-del-desempleo-y-priorizado-acciones-para-fortalecer-la-oferta-formativa-en-urola-erdia\/","title":{"rendered":"Urolanprest Gunea ha analizado la evoluci\u00f3n del desempleo y priorizado acciones para fortalecer la oferta formativa en Urola Erdia"},"content":{"rendered":"<p style=\"text-align: justify;\"><span style=\"font-family: Arial;\">El pasado 31 de enero, los agentes de Empleo y Formaci\u00f3n de Urola Erdia que forman el foro Urolanprest se han reunido en&nbsp; Azpeitia con los representantes de los Ayuntamientos, bajo la coordinaci\u00f3n de Iraurgi Berritzen.<\/span><\/p>\n<p style=\"text-align: justify;\">El objetivo de Urolanprest Gunea, es ser el punto de encuentro de referencia que re\u00fana la informaci\u00f3n y oferta global de agentes de empleo, orientaci\u00f3n y formaci\u00f3n para el empleo en Urola Erdia. para desarrollar proyectos en funci\u00f3n de las necesidades comunes de los agentes.<\/p>\n<p style=\"text-align: justify;\">En esta l\u00ednea, se han analizado diversos temas en la reuni\u00f3n dinamizada por Iraurgi Berritzen:<\/p>\n<ol style=\"text-align: justify;\">\n<li>Se confirma la evoluci\u00f3n creciente de la p\u00e1gina web urolanprest.eus subrayando los cerca de 1.437 seguidores que logra cada mes.<\/li>\n<li>Iraurgi Berritzen ha presentado los datos de desempleo de Urola Erdia, en concreto, caracter\u00edsticas del perfil del desempleado, en lo que se refiere al a\u00f1o 2018. Cabe mencionar, actualmente hay 1.359 personas en desempleo en la comarca (datos diciembre 2018) lo que supone un \u00edndice de desempleo de un (8,8%) del cual el (6,7%) son hombres y (11,4%) mujeres. El 70,3% de las personas desempleadas tiene un nivel de formaci\u00f3n b\u00e1sico.<\/li>\n<li>Adem\u00e1s, se han presentado los perfiles m\u00e1s demandados de las ofertas de trabajo que se reciben en el centro de empleo de Iraurgi Berritzen. Entre ellos, son de subrayar los perfiles de ciclos de formaci\u00f3n profesional superior que demandan las empresas industriales.<\/li>\n<li>Todos los agentes han informado sobre los servicios de orientaci\u00f3n y\/o cursos que ofrecer\u00e1n a los desempleados en los pr\u00f3ximos meses, teniendo en cuenta los perfiles de las personas desempleadas de la comarca.<\/li>\n<\/ol>\n<p style=\"text-align: justify;\">Para finalizar, se han analizado y valorado los avances realizados en las acciones propuestas por los agentes en la pasada reuni\u00f3n, confirm\u00e1ndose las acciones prioritarias para los pr\u00f3ximos meses: concienciar y a las personas desempleadas a la formaci\u00f3n, reforzar las relaciones con instituciones para dar nuevos cursos, organizar cursos con compromiso de contrataci\u00f3n, y programas de orientaci\u00f3n con cursos t\u00e9cnicos. Uno de los objetivos de la pr\u00f3xima reuni\u00f3n ser\u00e1 analizar posibles acciones para impulsar la empleabilidad de personas en riesgo de exclusi\u00f3n social.&nbsp;<\/p>\n<p style=\"text-align: justify;\">Los participantes han valorado positivamente la din\u00e1mica del foro de colaboraci\u00f3n Urolanprest Gunea.<\/p>\n<p style=\"text-align: justify;\">M\u00e1s informaci\u00f3n en la p\u00e1gina <a href=\"http:\/\/www.urolanprest.eus\">www.urolanprest.eus<\/a>.<\/p>\n<p style=\"text-align: center;\"><img decoding=\"async\" src=\"images\/Urolanprest_Gunea_Logoak.png\" alt=\"Urolanprest_Gunea_Logoak.png\" \/><\/p>\n","protected":false},"excerpt":{"rendered":"<p>El pasado 31 de enero, los agentes de Empleo y Formaci\u00f3n de Urola Erdia que forman el foro Urolanprest se han reunido en&nbsp; Azpeitia con los representantes de los Ayuntamientos, bajo la coordinaci\u00f3n de Iraurgi Berritzen. El objetivo de Urolanprest Gunea, es ser el punto de encuentro de referencia que re\u00fana la informaci\u00f3n y oferta [&hellip;]<\/p>\n","protected":false},"author":1,"featured_media":17840,"comment_status":"","ping_status":"closed","sticky":false,"template":"","format":"standard","meta":{"_acf_changed":false,"footnotes":""},"categories":[4],"tags":[],"class_list":["post-12515","post","type-post","status-publish","format-standard","has-post-thumbnail","hentry","category-noticias"],"acf":[],"yoast_head":"<!-- This site is optimized with the Yoast SEO plugin v27.4 - https:\/\/yoast.com\/product\/yoast-seo-wordpress\/ -->\n<title>Urolanprest Gunea ha analizado la evoluci\u00f3n del desempleo y priorizado acciones para fortalecer la oferta formativa en Urola Erdia - Iraurgi Berritzen<\/title>\n<meta name=\"robots\" content=\"index, follow, max-snippet:-1, max-image-preview:large, max-video-preview:-1\" \/>\n<link rel=\"canonical\" href=\"https:\/\/iraurgiberritzen.eus\/es\/urolanprest-gunea-ha-analizado-la-evolucion-del-desempleo-y-priorizado-acciones-para-fortalecer-la-oferta-formativa-en-urola-erdia\/\" \/>\n<meta property=\"og:locale\" content=\"es_ES\" \/>\n<meta property=\"og:type\" content=\"article\" \/>\n<meta property=\"og:title\" content=\"Urolanprest Gunea ha analizado la evoluci\u00f3n del desempleo y priorizado acciones para fortalecer la oferta formativa en Urola Erdia - Iraurgi Berritzen\" \/>\n<meta property=\"og:description\" content=\"El pasado 31 de enero, los agentes de Empleo y Formaci\u00f3n de Urola Erdia que forman el foro Urolanprest se han reunido en&nbsp; Azpeitia con los representantes de los Ayuntamientos, bajo la coordinaci\u00f3n de Iraurgi Berritzen. El objetivo de Urolanprest Gunea, es ser el punto de encuentro de referencia que re\u00fana la informaci\u00f3n y oferta [&hellip;]\" \/>\n<meta property=\"og:url\" content=\"https:\/\/iraurgiberritzen.eus\/es\/urolanprest-gunea-ha-analizado-la-evolucion-del-desempleo-y-priorizado-acciones-para-fortalecer-la-oferta-formativa-en-urola-erdia\/\" \/>\n<meta property=\"og:site_name\" content=\"Iraurgi Berritzen\" \/>\n<meta property=\"article:published_time\" content=\"2019-02-01T04:26:05+00:00\" \/>\n<meta name=\"author\" content=\"kudeatzailea\" \/>\n<meta name=\"twitter:card\" content=\"summary_large_image\" \/>\n<meta name=\"twitter:label1\" content=\"Escrito por\" \/>\n\t<meta name=\"twitter:data1\" content=\"kudeatzailea\" \/>\n\t<meta name=\"twitter:label2\" content=\"Tiempo de lectura\" \/>\n\t<meta name=\"twitter:data2\" content=\"2 minutos\" \/>\n<script type=\"application\/ld+json\" class=\"yoast-schema-graph\">{\"@context\":\"https:\\\/\\\/schema.org\",\"@graph\":[{\"@type\":\"Article\",\"@id\":\"https:\\\/\\\/iraurgiberritzen.eus\\\/es\\\/urolanprest-gunea-ha-analizado-la-evolucion-del-desempleo-y-priorizado-acciones-para-fortalecer-la-oferta-formativa-en-urola-erdia\\\/#article\",\"isPartOf\":{\"@id\":\"https:\\\/\\\/iraurgiberritzen.eus\\\/es\\\/urolanprest-gunea-ha-analizado-la-evolucion-del-desempleo-y-priorizado-acciones-para-fortalecer-la-oferta-formativa-en-urola-erdia\\\/\"},\"author\":{\"name\":\"kudeatzailea\",\"@id\":\"https:\\\/\\\/iraurgiberritzen.eus\\\/es\\\/#\\\/schema\\\/person\\\/5ab41aaf388a9097177601ebf45738d2\"},\"headline\":\"Urolanprest Gunea ha analizado la evoluci\u00f3n del desempleo y priorizado acciones para fortalecer la oferta formativa en Urola Erdia\",\"datePublished\":\"2019-02-01T04:26:05+00:00\",\"mainEntityOfPage\":{\"@id\":\"https:\\\/\\\/iraurgiberritzen.eus\\\/es\\\/urolanprest-gunea-ha-analizado-la-evolucion-del-desempleo-y-priorizado-acciones-para-fortalecer-la-oferta-formativa-en-urola-erdia\\\/\"},\"wordCount\":417,\"publisher\":{\"@id\":\"https:\\\/\\\/iraurgiberritzen.eus\\\/es\\\/#organization\"},\"image\":{\"@id\":\"https:\\\/\\\/iraurgiberritzen.eus\\\/es\\\/urolanprest-gunea-ha-analizado-la-evolucion-del-desempleo-y-priorizado-acciones-para-fortalecer-la-oferta-formativa-en-urola-erdia\\\/#primaryimage\"},\"thumbnailUrl\":\"https:\\\/\\\/iraurgiberritzen.eus\\\/wp-content\\\/uploads\\\/2023\\\/09\\\/c54cd01619725a4dabebc35be504cd7b.jpg\",\"articleSection\":[\"Noticias\"],\"inLanguage\":\"es\"},{\"@type\":\"WebPage\",\"@id\":\"https:\\\/\\\/iraurgiberritzen.eus\\\/es\\\/urolanprest-gunea-ha-analizado-la-evolucion-del-desempleo-y-priorizado-acciones-para-fortalecer-la-oferta-formativa-en-urola-erdia\\\/\",\"url\":\"https:\\\/\\\/iraurgiberritzen.eus\\\/es\\\/urolanprest-gunea-ha-analizado-la-evolucion-del-desempleo-y-priorizado-acciones-para-fortalecer-la-oferta-formativa-en-urola-erdia\\\/\",\"name\":\"Urolanprest Gunea ha analizado la evoluci\u00f3n del desempleo y priorizado acciones para fortalecer la oferta formativa en Urola Erdia - Iraurgi Berritzen\",\"isPartOf\":{\"@id\":\"https:\\\/\\\/iraurgiberritzen.eus\\\/es\\\/#website\"},\"primaryImageOfPage\":{\"@id\":\"https:\\\/\\\/iraurgiberritzen.eus\\\/es\\\/urolanprest-gunea-ha-analizado-la-evolucion-del-desempleo-y-priorizado-acciones-para-fortalecer-la-oferta-formativa-en-urola-erdia\\\/#primaryimage\"},\"image\":{\"@id\":\"https:\\\/\\\/iraurgiberritzen.eus\\\/es\\\/urolanprest-gunea-ha-analizado-la-evolucion-del-desempleo-y-priorizado-acciones-para-fortalecer-la-oferta-formativa-en-urola-erdia\\\/#primaryimage\"},\"thumbnailUrl\":\"https:\\\/\\\/iraurgiberritzen.eus\\\/wp-content\\\/uploads\\\/2023\\\/09\\\/c54cd01619725a4dabebc35be504cd7b.jpg\",\"datePublished\":\"2019-02-01T04:26:05+00:00\",\"breadcrumb\":{\"@id\":\"https:\\\/\\\/iraurgiberritzen.eus\\\/es\\\/urolanprest-gunea-ha-analizado-la-evolucion-del-desempleo-y-priorizado-acciones-para-fortalecer-la-oferta-formativa-en-urola-erdia\\\/#breadcrumb\"},\"inLanguage\":\"es\",\"potentialAction\":[{\"@type\":\"ReadAction\",\"target\":[\"https:\\\/\\\/iraurgiberritzen.eus\\\/es\\\/urolanprest-gunea-ha-analizado-la-evolucion-del-desempleo-y-priorizado-acciones-para-fortalecer-la-oferta-formativa-en-urola-erdia\\\/\"]}]},{\"@type\":\"ImageObject\",\"inLanguage\":\"es\",\"@id\":\"https:\\\/\\\/iraurgiberritzen.eus\\\/es\\\/urolanprest-gunea-ha-analizado-la-evolucion-del-desempleo-y-priorizado-acciones-para-fortalecer-la-oferta-formativa-en-urola-erdia\\\/#primaryimage\",\"url\":\"https:\\\/\\\/iraurgiberritzen.eus\\\/wp-content\\\/uploads\\\/2023\\\/09\\\/c54cd01619725a4dabebc35be504cd7b.jpg\",\"contentUrl\":\"https:\\\/\\\/iraurgiberritzen.eus\\\/wp-content\\\/uploads\\\/2023\\\/09\\\/c54cd01619725a4dabebc35be504cd7b.jpg\",\"width\":600,\"height\":386},{\"@type\":\"BreadcrumbList\",\"@id\":\"https:\\\/\\\/iraurgiberritzen.eus\\\/es\\\/urolanprest-gunea-ha-analizado-la-evolucion-del-desempleo-y-priorizado-acciones-para-fortalecer-la-oferta-formativa-en-urola-erdia\\\/#breadcrumb\",\"itemListElement\":[{\"@type\":\"ListItem\",\"position\":1,\"name\":\"Home\",\"item\":\"https:\\\/\\\/iraurgiberritzen.eus\\\/es\\\/\"},{\"@type\":\"ListItem\",\"position\":2,\"name\":\"Urolanprest Gunea ha analizado la evoluci\u00f3n del desempleo y priorizado acciones para fortalecer la oferta formativa en Urola Erdia\"}]},{\"@type\":\"WebSite\",\"@id\":\"https:\\\/\\\/iraurgiberritzen.eus\\\/es\\\/#website\",\"url\":\"https:\\\/\\\/iraurgiberritzen.eus\\\/es\\\/\",\"name\":\"Iraurgi Berritzen\",\"description\":\"Urola Erdiko Garapen Agentzia\",\"publisher\":{\"@id\":\"https:\\\/\\\/iraurgiberritzen.eus\\\/es\\\/#organization\"},\"potentialAction\":[{\"@type\":\"SearchAction\",\"target\":{\"@type\":\"EntryPoint\",\"urlTemplate\":\"https:\\\/\\\/iraurgiberritzen.eus\\\/es\\\/?s={search_term_string}\"},\"query-input\":{\"@type\":\"PropertyValueSpecification\",\"valueRequired\":true,\"valueName\":\"search_term_string\"}}],\"inLanguage\":\"es\"},{\"@type\":\"Organization\",\"@id\":\"https:\\\/\\\/iraurgiberritzen.eus\\\/es\\\/#organization\",\"name\":\"Iraurgi Berritzen\",\"url\":\"https:\\\/\\\/iraurgiberritzen.eus\\\/es\\\/\",\"logo\":{\"@type\":\"ImageObject\",\"inLanguage\":\"es\",\"@id\":\"https:\\\/\\\/iraurgiberritzen.eus\\\/es\\\/#\\\/schema\\\/logo\\\/image\\\/\",\"url\":\"https:\\\/\\\/iraurgiberritzen.eus\\\/wp-content\\\/uploads\\\/2024\\\/02\\\/IRAURGI-BERRITZEN-logotipoa_2.png\",\"contentUrl\":\"https:\\\/\\\/iraurgiberritzen.eus\\\/wp-content\\\/uploads\\\/2024\\\/02\\\/IRAURGI-BERRITZEN-logotipoa_2.png\",\"width\":496,\"height\":190,\"caption\":\"Iraurgi Berritzen\"},\"image\":{\"@id\":\"https:\\\/\\\/iraurgiberritzen.eus\\\/es\\\/#\\\/schema\\\/logo\\\/image\\\/\"}},{\"@type\":\"Person\",\"@id\":\"https:\\\/\\\/iraurgiberritzen.eus\\\/es\\\/#\\\/schema\\\/person\\\/5ab41aaf388a9097177601ebf45738d2\",\"name\":\"kudeatzailea\",\"sameAs\":[\"https:\\\/\\\/iraurgiberritzen.eus\"]}]}<\/script>\n<!-- \/ Yoast SEO plugin. -->","yoast_head_json":{"title":"Urolanprest Gunea ha analizado la evoluci\u00f3n del desempleo y priorizado acciones para fortalecer la oferta formativa en Urola Erdia - Iraurgi Berritzen","robots":{"index":"index","follow":"follow","max-snippet":"max-snippet:-1","max-image-preview":"max-image-preview:large","max-video-preview":"max-video-preview:-1"},"canonical":"https:\/\/iraurgiberritzen.eus\/es\/urolanprest-gunea-ha-analizado-la-evolucion-del-desempleo-y-priorizado-acciones-para-fortalecer-la-oferta-formativa-en-urola-erdia\/","og_locale":"es_ES","og_type":"article","og_title":"Urolanprest Gunea ha analizado la evoluci\u00f3n del desempleo y priorizado acciones para fortalecer la oferta formativa en Urola Erdia - Iraurgi Berritzen","og_description":"El pasado 31 de enero, los agentes de Empleo y Formaci\u00f3n de Urola Erdia que forman el foro Urolanprest se han reunido en&nbsp; Azpeitia con los representantes de los Ayuntamientos, bajo la coordinaci\u00f3n de Iraurgi Berritzen. El objetivo de Urolanprest Gunea, es ser el punto de encuentro de referencia que re\u00fana la informaci\u00f3n y oferta [&hellip;]","og_url":"https:\/\/iraurgiberritzen.eus\/es\/urolanprest-gunea-ha-analizado-la-evolucion-del-desempleo-y-priorizado-acciones-para-fortalecer-la-oferta-formativa-en-urola-erdia\/","og_site_name":"Iraurgi Berritzen","article_published_time":"2019-02-01T04:26:05+00:00","author":"kudeatzailea","twitter_card":"summary_large_image","twitter_misc":{"Escrito por":"kudeatzailea","Tiempo de lectura":"2 minutos"},"schema":{"@context":"https:\/\/schema.org","@graph":[{"@type":"Article","@id":"https:\/\/iraurgiberritzen.eus\/es\/urolanprest-gunea-ha-analizado-la-evolucion-del-desempleo-y-priorizado-acciones-para-fortalecer-la-oferta-formativa-en-urola-erdia\/#article","isPartOf":{"@id":"https:\/\/iraurgiberritzen.eus\/es\/urolanprest-gunea-ha-analizado-la-evolucion-del-desempleo-y-priorizado-acciones-para-fortalecer-la-oferta-formativa-en-urola-erdia\/"},"author":{"name":"kudeatzailea","@id":"https:\/\/iraurgiberritzen.eus\/es\/#\/schema\/person\/5ab41aaf388a9097177601ebf45738d2"},"headline":"Urolanprest Gunea ha analizado la evoluci\u00f3n del desempleo y priorizado acciones para fortalecer la oferta formativa en Urola Erdia","datePublished":"2019-02-01T04:26:05+00:00","mainEntityOfPage":{"@id":"https:\/\/iraurgiberritzen.eus\/es\/urolanprest-gunea-ha-analizado-la-evolucion-del-desempleo-y-priorizado-acciones-para-fortalecer-la-oferta-formativa-en-urola-erdia\/"},"wordCount":417,"publisher":{"@id":"https:\/\/iraurgiberritzen.eus\/es\/#organization"},"image":{"@id":"https:\/\/iraurgiberritzen.eus\/es\/urolanprest-gunea-ha-analizado-la-evolucion-del-desempleo-y-priorizado-acciones-para-fortalecer-la-oferta-formativa-en-urola-erdia\/#primaryimage"},"thumbnailUrl":"https:\/\/iraurgiberritzen.eus\/wp-content\/uploads\/2023\/09\/c54cd01619725a4dabebc35be504cd7b.jpg","articleSection":["Noticias"],"inLanguage":"es"},{"@type":"WebPage","@id":"https:\/\/iraurgiberritzen.eus\/es\/urolanprest-gunea-ha-analizado-la-evolucion-del-desempleo-y-priorizado-acciones-para-fortalecer-la-oferta-formativa-en-urola-erdia\/","url":"https:\/\/iraurgiberritzen.eus\/es\/urolanprest-gunea-ha-analizado-la-evolucion-del-desempleo-y-priorizado-acciones-para-fortalecer-la-oferta-formativa-en-urola-erdia\/","name":"Urolanprest Gunea ha analizado la evoluci\u00f3n del desempleo y priorizado acciones para fortalecer la oferta formativa en Urola Erdia - Iraurgi Berritzen","isPartOf":{"@id":"https:\/\/iraurgiberritzen.eus\/es\/#website"},"primaryImageOfPage":{"@id":"https:\/\/iraurgiberritzen.eus\/es\/urolanprest-gunea-ha-analizado-la-evolucion-del-desempleo-y-priorizado-acciones-para-fortalecer-la-oferta-formativa-en-urola-erdia\/#primaryimage"},"image":{"@id":"https:\/\/iraurgiberritzen.eus\/es\/urolanprest-gunea-ha-analizado-la-evolucion-del-desempleo-y-priorizado-acciones-para-fortalecer-la-oferta-formativa-en-urola-erdia\/#primaryimage"},"thumbnailUrl":"https:\/\/iraurgiberritzen.eus\/wp-content\/uploads\/2023\/09\/c54cd01619725a4dabebc35be504cd7b.jpg","datePublished":"2019-02-01T04:26:05+00:00","breadcrumb":{"@id":"https:\/\/iraurgiberritzen.eus\/es\/urolanprest-gunea-ha-analizado-la-evolucion-del-desempleo-y-priorizado-acciones-para-fortalecer-la-oferta-formativa-en-urola-erdia\/#breadcrumb"},"inLanguage":"es","potentialAction":[{"@type":"ReadAction","target":["https:\/\/iraurgiberritzen.eus\/es\/urolanprest-gunea-ha-analizado-la-evolucion-del-desempleo-y-priorizado-acciones-para-fortalecer-la-oferta-formativa-en-urola-erdia\/"]}]},{"@type":"ImageObject","inLanguage":"es","@id":"https:\/\/iraurgiberritzen.eus\/es\/urolanprest-gunea-ha-analizado-la-evolucion-del-desempleo-y-priorizado-acciones-para-fortalecer-la-oferta-formativa-en-urola-erdia\/#primaryimage","url":"https:\/\/iraurgiberritzen.eus\/wp-content\/uploads\/2023\/09\/c54cd01619725a4dabebc35be504cd7b.jpg","contentUrl":"https:\/\/iraurgiberritzen.eus\/wp-content\/uploads\/2023\/09\/c54cd01619725a4dabebc35be504cd7b.jpg","width":600,"height":386},{"@type":"BreadcrumbList","@id":"https:\/\/iraurgiberritzen.eus\/es\/urolanprest-gunea-ha-analizado-la-evolucion-del-desempleo-y-priorizado-acciones-para-fortalecer-la-oferta-formativa-en-urola-erdia\/#breadcrumb","itemListElement":[{"@type":"ListItem","position":1,"name":"Home","item":"https:\/\/iraurgiberritzen.eus\/es\/"},{"@type":"ListItem","position":2,"name":"Urolanprest Gunea ha analizado la evoluci\u00f3n del desempleo y priorizado acciones para fortalecer la oferta formativa en Urola Erdia"}]},{"@type":"WebSite","@id":"https:\/\/iraurgiberritzen.eus\/es\/#website","url":"https:\/\/iraurgiberritzen.eus\/es\/","name":"Iraurgi Berritzen","description":"Urola Erdiko Garapen Agentzia","publisher":{"@id":"https:\/\/iraurgiberritzen.eus\/es\/#organization"},"potentialAction":[{"@type":"SearchAction","target":{"@type":"EntryPoint","urlTemplate":"https:\/\/iraurgiberritzen.eus\/es\/?s={search_term_string}"},"query-input":{"@type":"PropertyValueSpecification","valueRequired":true,"valueName":"search_term_string"}}],"inLanguage":"es"},{"@type":"Organization","@id":"https:\/\/iraurgiberritzen.eus\/es\/#organization","name":"Iraurgi Berritzen","url":"https:\/\/iraurgiberritzen.eus\/es\/","logo":{"@type":"ImageObject","inLanguage":"es","@id":"https:\/\/iraurgiberritzen.eus\/es\/#\/schema\/logo\/image\/","url":"https:\/\/iraurgiberritzen.eus\/wp-content\/uploads\/2024\/02\/IRAURGI-BERRITZEN-logotipoa_2.png","contentUrl":"https:\/\/iraurgiberritzen.eus\/wp-content\/uploads\/2024\/02\/IRAURGI-BERRITZEN-logotipoa_2.png","width":496,"height":190,"caption":"Iraurgi Berritzen"},"image":{"@id":"https:\/\/iraurgiberritzen.eus\/es\/#\/schema\/logo\/image\/"}},{"@type":"Person","@id":"https:\/\/iraurgiberritzen.eus\/es\/#\/schema\/person\/5ab41aaf388a9097177601ebf45738d2","name":"kudeatzailea","sameAs":["https:\/\/iraurgiberritzen.eus"]}]}},"_links":{"self":[{"href":"https:\/\/iraurgiberritzen.eus\/es\/wp-json\/wp\/v2\/posts\/12515","targetHints":{"allow":["GET"]}}],"collection":[{"href":"https:\/\/iraurgiberritzen.eus\/es\/wp-json\/wp\/v2\/posts"}],"about":[{"href":"https:\/\/iraurgiberritzen.eus\/es\/wp-json\/wp\/v2\/types\/post"}],"author":[{"embeddable":true,"href":"https:\/\/iraurgiberritzen.eus\/es\/wp-json\/wp\/v2\/users\/1"}],"replies":[{"embeddable":true,"href":"https:\/\/iraurgiberritzen.eus\/es\/wp-json\/wp\/v2\/comments?post=12515"}],"version-history":[{"count":0,"href":"https:\/\/iraurgiberritzen.eus\/es\/wp-json\/wp\/v2\/posts\/12515\/revisions"}],"wp:featuredmedia":[{"embeddable":true,"href":"https:\/\/iraurgiberritzen.eus\/es\/wp-json\/wp\/v2\/media\/17840"}],"wp:attachment":[{"href":"https:\/\/iraurgiberritzen.eus\/es\/wp-json\/wp\/v2\/media?parent=12515"}],"wp:term":[{"taxonomy":"category","embeddable":true,"href":"https:\/\/iraurgiberritzen.eus\/es\/wp-json\/wp\/v2\/categories?post=12515"},{"taxonomy":"post_tag","embeddable":true,"href":"https:\/\/iraurgiberritzen.eus\/es\/wp-json\/wp\/v2\/tags?post=12515"}],"curies":[{"name":"wp","href":"https:\/\/api.w.org\/{rel}","templated":true}]}}