{"id":12521,"date":"2019-02-05T10:48:48","date_gmt":"2019-02-05T08:48:48","guid":{"rendered":"https:\/\/iraurgiberritzen.eus\/ya-esta-en-marcha-el-proyecto-elkarrekin-eraikitzen-2018-2019\/"},"modified":"2019-02-05T10:48:48","modified_gmt":"2019-02-05T08:48:48","slug":"ya-esta-en-marcha-el-proyecto-elkarrekin-eraikitzen-2018-2019","status":"publish","type":"post","link":"https:\/\/iraurgiberritzen.eus\/es\/ya-esta-en-marcha-el-proyecto-elkarrekin-eraikitzen-2018-2019\/","title":{"rendered":"\u00a1Ya est\u00e1 en marcha el proyecto Elkarrekin Eraikitzen 2018\/2019!"},"content":{"rendered":"<p style=\"text-align: justify;\">Por sexto a\u00f1o consecutivo ya ha comenzado el proyecto \u00abElkarrekin Eraikitzen\u00bb. Se di\u00f3 comienzo a esta nueva edici\u00f3n mediante la celebraci\u00f3n de una reuni\u00f3n el 18 de diciembre en la que participaron distintos profesores de los centros formativos de la comarca.<\/p>\n<p style=\"text-align: justify;\">En ella, se debatieron las principales l\u00edneas de trabajo de esta edici\u00f3n y entre otros, se consensu\u00f3 el proceso a desarrollar con los alumnos.<\/p>\n<p style=\"text-align: justify;\">Por lo que se refiere a los objetivos del proyecto, este pretende. En primer lugar, la iniciativa pretende dar a conocer la realidad socioecon\u00f3mica de la comarca a conociendo el d\u00eda a d\u00eda de los agentes. Adem\u00e1s, mediante la aplicaci\u00f3n de metodolog\u00edas de ense\u00f1anza innovadoras se quieren fomentar capacidades y aptitudes dif\u00edciles de trabajar con las metodolog\u00edas de ense\u00f1anza convencionales. Entre otras capacidades, mediante el desarrollo de este proyecto, se quieren trabajar la comunicaci\u00f3n, la creatividad, la autonom\u00eda, la iniciativa, el uso de las TIC o el trabajo en equipo.<\/p>\n<p style=\"text-align: justify;\">Con el objetivo de dar continuidad al proyecto, durante los meses de enero y febrero se prev\u00e9 realizar diversas sesiones de sensibilizaci\u00f3n en las aulas. Los alumnos, en equipos de 3-4 personas, analizar\u00e1n situaciones reales que se enfrentan distintos ciudadanos y agentes de la comarca. Para poder estudiar estas situaciones, se definir\u00e1 un breve plan de acci\u00f3n que permitir\u00e1 a los integrantes del equipo realizar visitas y entrevistas con diversos agentes de la comarca. Una vez recopilada la informaci\u00f3n necesaria, el equipo de trabajo se encargar\u00e1 de presentar las conclusiones frente a sus compa\u00f1eros de clase.<\/p>\n<p style=\"text-align: justify;\">Por \u00faltimo, se prev\u00e9 que los alumnos trabajen los retos durante los meses de febrero y mayo. A lo largo del proyecto, se prev\u00e9 la participaci\u00f3n de 5 centros formativos y alrededor de 200 alumnos. A su vez, durante la realizaci\u00f3n de visitas y entrevistas se estima la participaci\u00f3n de m\u00e1s de 40 agentes de la comarca.<\/p>\n","protected":false},"excerpt":{"rendered":"<p>Por sexto a\u00f1o consecutivo ya ha comenzado el proyecto \u00abElkarrekin Eraikitzen\u00bb. Se di\u00f3 comienzo a esta nueva edici\u00f3n mediante la celebraci\u00f3n de una reuni\u00f3n el 18 de diciembre en la que participaron distintos profesores de los centros formativos de la comarca. En ella, se debatieron las principales l\u00edneas de trabajo de esta edici\u00f3n y entre [&hellip;]<\/p>\n","protected":false},"author":1,"featured_media":17842,"comment_status":"closed","ping_status":"closed","sticky":false,"template":"","format":"standard","meta":{"_acf_changed":false,"footnotes":""},"categories":[4],"tags":[],"class_list":["post-12521","post","type-post","status-publish","format-standard","has-post-thumbnail","hentry","category-noticias"],"acf":[],"yoast_head":"<!-- This site is optimized with the Yoast SEO plugin v27.4 - https:\/\/yoast.com\/product\/yoast-seo-wordpress\/ -->\n<title>\u00a1Ya est\u00e1 en marcha el proyecto Elkarrekin Eraikitzen 2018\/2019! - Iraurgi Berritzen<\/title>\n<meta name=\"robots\" content=\"index, follow, max-snippet:-1, max-image-preview:large, max-video-preview:-1\" \/>\n<link rel=\"canonical\" href=\"https:\/\/iraurgiberritzen.eus\/es\/ya-esta-en-marcha-el-proyecto-elkarrekin-eraikitzen-2018-2019\/\" \/>\n<meta property=\"og:locale\" content=\"es_ES\" \/>\n<meta property=\"og:type\" content=\"article\" \/>\n<meta property=\"og:title\" content=\"\u00a1Ya est\u00e1 en marcha el proyecto Elkarrekin Eraikitzen 2018\/2019! - Iraurgi Berritzen\" \/>\n<meta property=\"og:description\" content=\"Por sexto a\u00f1o consecutivo ya ha comenzado el proyecto \u00abElkarrekin Eraikitzen\u00bb. Se di\u00f3 comienzo a esta nueva edici\u00f3n mediante la celebraci\u00f3n de una reuni\u00f3n el 18 de diciembre en la que participaron distintos profesores de los centros formativos de la comarca. En ella, se debatieron las principales l\u00edneas de trabajo de esta edici\u00f3n y entre [&hellip;]\" \/>\n<meta property=\"og:url\" content=\"https:\/\/iraurgiberritzen.eus\/es\/ya-esta-en-marcha-el-proyecto-elkarrekin-eraikitzen-2018-2019\/\" \/>\n<meta property=\"og:site_name\" content=\"Iraurgi Berritzen\" \/>\n<meta property=\"article:published_time\" content=\"2019-02-05T08:48:48+00:00\" \/>\n<meta name=\"author\" content=\"kudeatzailea\" \/>\n<meta name=\"twitter:card\" content=\"summary_large_image\" \/>\n<meta name=\"twitter:label1\" content=\"Escrito por\" \/>\n\t<meta name=\"twitter:data1\" content=\"kudeatzailea\" \/>\n\t<meta name=\"twitter:label2\" content=\"Tiempo de lectura\" \/>\n\t<meta name=\"twitter:data2\" content=\"2 minutos\" \/>\n<script type=\"application\/ld+json\" class=\"yoast-schema-graph\">{\"@context\":\"https:\\\/\\\/schema.org\",\"@graph\":[{\"@type\":\"Article\",\"@id\":\"https:\\\/\\\/iraurgiberritzen.eus\\\/es\\\/ya-esta-en-marcha-el-proyecto-elkarrekin-eraikitzen-2018-2019\\\/#article\",\"isPartOf\":{\"@id\":\"https:\\\/\\\/iraurgiberritzen.eus\\\/es\\\/ya-esta-en-marcha-el-proyecto-elkarrekin-eraikitzen-2018-2019\\\/\"},\"author\":{\"name\":\"kudeatzailea\",\"@id\":\"https:\\\/\\\/iraurgiberritzen.eus\\\/es\\\/#\\\/schema\\\/person\\\/5ab41aaf388a9097177601ebf45738d2\"},\"headline\":\"\u00a1Ya est\u00e1 en marcha el proyecto Elkarrekin Eraikitzen 2018\\\/2019!\",\"datePublished\":\"2019-02-05T08:48:48+00:00\",\"mainEntityOfPage\":{\"@id\":\"https:\\\/\\\/iraurgiberritzen.eus\\\/es\\\/ya-esta-en-marcha-el-proyecto-elkarrekin-eraikitzen-2018-2019\\\/\"},\"wordCount\":339,\"publisher\":{\"@id\":\"https:\\\/\\\/iraurgiberritzen.eus\\\/es\\\/#organization\"},\"image\":{\"@id\":\"https:\\\/\\\/iraurgiberritzen.eus\\\/es\\\/ya-esta-en-marcha-el-proyecto-elkarrekin-eraikitzen-2018-2019\\\/#primaryimage\"},\"thumbnailUrl\":\"https:\\\/\\\/iraurgiberritzen.eus\\\/wp-content\\\/uploads\\\/2023\\\/09\\\/3ff2a64fd14a6a6d971315fb7b8085ec.jpg\",\"articleSection\":[\"Noticias\"],\"inLanguage\":\"es\"},{\"@type\":\"WebPage\",\"@id\":\"https:\\\/\\\/iraurgiberritzen.eus\\\/es\\\/ya-esta-en-marcha-el-proyecto-elkarrekin-eraikitzen-2018-2019\\\/\",\"url\":\"https:\\\/\\\/iraurgiberritzen.eus\\\/es\\\/ya-esta-en-marcha-el-proyecto-elkarrekin-eraikitzen-2018-2019\\\/\",\"name\":\"\u00a1Ya est\u00e1 en marcha el proyecto Elkarrekin Eraikitzen 2018\\\/2019! - Iraurgi Berritzen\",\"isPartOf\":{\"@id\":\"https:\\\/\\\/iraurgiberritzen.eus\\\/es\\\/#website\"},\"primaryImageOfPage\":{\"@id\":\"https:\\\/\\\/iraurgiberritzen.eus\\\/es\\\/ya-esta-en-marcha-el-proyecto-elkarrekin-eraikitzen-2018-2019\\\/#primaryimage\"},\"image\":{\"@id\":\"https:\\\/\\\/iraurgiberritzen.eus\\\/es\\\/ya-esta-en-marcha-el-proyecto-elkarrekin-eraikitzen-2018-2019\\\/#primaryimage\"},\"thumbnailUrl\":\"https:\\\/\\\/iraurgiberritzen.eus\\\/wp-content\\\/uploads\\\/2023\\\/09\\\/3ff2a64fd14a6a6d971315fb7b8085ec.jpg\",\"datePublished\":\"2019-02-05T08:48:48+00:00\",\"breadcrumb\":{\"@id\":\"https:\\\/\\\/iraurgiberritzen.eus\\\/es\\\/ya-esta-en-marcha-el-proyecto-elkarrekin-eraikitzen-2018-2019\\\/#breadcrumb\"},\"inLanguage\":\"es\",\"potentialAction\":[{\"@type\":\"ReadAction\",\"target\":[\"https:\\\/\\\/iraurgiberritzen.eus\\\/es\\\/ya-esta-en-marcha-el-proyecto-elkarrekin-eraikitzen-2018-2019\\\/\"]}]},{\"@type\":\"ImageObject\",\"inLanguage\":\"es\",\"@id\":\"https:\\\/\\\/iraurgiberritzen.eus\\\/es\\\/ya-esta-en-marcha-el-proyecto-elkarrekin-eraikitzen-2018-2019\\\/#primaryimage\",\"url\":\"https:\\\/\\\/iraurgiberritzen.eus\\\/wp-content\\\/uploads\\\/2023\\\/09\\\/3ff2a64fd14a6a6d971315fb7b8085ec.jpg\",\"contentUrl\":\"https:\\\/\\\/iraurgiberritzen.eus\\\/wp-content\\\/uploads\\\/2023\\\/09\\\/3ff2a64fd14a6a6d971315fb7b8085ec.jpg\",\"width\":600,\"height\":386},{\"@type\":\"BreadcrumbList\",\"@id\":\"https:\\\/\\\/iraurgiberritzen.eus\\\/es\\\/ya-esta-en-marcha-el-proyecto-elkarrekin-eraikitzen-2018-2019\\\/#breadcrumb\",\"itemListElement\":[{\"@type\":\"ListItem\",\"position\":1,\"name\":\"Home\",\"item\":\"https:\\\/\\\/iraurgiberritzen.eus\\\/es\\\/\"},{\"@type\":\"ListItem\",\"position\":2,\"name\":\"\u00a1Ya est\u00e1 en marcha el proyecto Elkarrekin Eraikitzen 2018\\\/2019!\"}]},{\"@type\":\"WebSite\",\"@id\":\"https:\\\/\\\/iraurgiberritzen.eus\\\/es\\\/#website\",\"url\":\"https:\\\/\\\/iraurgiberritzen.eus\\\/es\\\/\",\"name\":\"Iraurgi Berritzen\",\"description\":\"Urola Erdiko Garapen Agentzia\",\"publisher\":{\"@id\":\"https:\\\/\\\/iraurgiberritzen.eus\\\/es\\\/#organization\"},\"potentialAction\":[{\"@type\":\"SearchAction\",\"target\":{\"@type\":\"EntryPoint\",\"urlTemplate\":\"https:\\\/\\\/iraurgiberritzen.eus\\\/es\\\/?s={search_term_string}\"},\"query-input\":{\"@type\":\"PropertyValueSpecification\",\"valueRequired\":true,\"valueName\":\"search_term_string\"}}],\"inLanguage\":\"es\"},{\"@type\":\"Organization\",\"@id\":\"https:\\\/\\\/iraurgiberritzen.eus\\\/es\\\/#organization\",\"name\":\"Iraurgi Berritzen\",\"url\":\"https:\\\/\\\/iraurgiberritzen.eus\\\/es\\\/\",\"logo\":{\"@type\":\"ImageObject\",\"inLanguage\":\"es\",\"@id\":\"https:\\\/\\\/iraurgiberritzen.eus\\\/es\\\/#\\\/schema\\\/logo\\\/image\\\/\",\"url\":\"https:\\\/\\\/iraurgiberritzen.eus\\\/wp-content\\\/uploads\\\/2024\\\/02\\\/IRAURGI-BERRITZEN-logotipoa_2.png\",\"contentUrl\":\"https:\\\/\\\/iraurgiberritzen.eus\\\/wp-content\\\/uploads\\\/2024\\\/02\\\/IRAURGI-BERRITZEN-logotipoa_2.png\",\"width\":496,\"height\":190,\"caption\":\"Iraurgi Berritzen\"},\"image\":{\"@id\":\"https:\\\/\\\/iraurgiberritzen.eus\\\/es\\\/#\\\/schema\\\/logo\\\/image\\\/\"}},{\"@type\":\"Person\",\"@id\":\"https:\\\/\\\/iraurgiberritzen.eus\\\/es\\\/#\\\/schema\\\/person\\\/5ab41aaf388a9097177601ebf45738d2\",\"name\":\"kudeatzailea\",\"sameAs\":[\"https:\\\/\\\/iraurgiberritzen.eus\"]}]}<\/script>\n<!-- \/ Yoast SEO plugin. -->","yoast_head_json":{"title":"\u00a1Ya est\u00e1 en marcha el proyecto Elkarrekin Eraikitzen 2018\/2019! - Iraurgi Berritzen","robots":{"index":"index","follow":"follow","max-snippet":"max-snippet:-1","max-image-preview":"max-image-preview:large","max-video-preview":"max-video-preview:-1"},"canonical":"https:\/\/iraurgiberritzen.eus\/es\/ya-esta-en-marcha-el-proyecto-elkarrekin-eraikitzen-2018-2019\/","og_locale":"es_ES","og_type":"article","og_title":"\u00a1Ya est\u00e1 en marcha el proyecto Elkarrekin Eraikitzen 2018\/2019! - Iraurgi Berritzen","og_description":"Por sexto a\u00f1o consecutivo ya ha comenzado el proyecto \u00abElkarrekin Eraikitzen\u00bb. Se di\u00f3 comienzo a esta nueva edici\u00f3n mediante la celebraci\u00f3n de una reuni\u00f3n el 18 de diciembre en la que participaron distintos profesores de los centros formativos de la comarca. En ella, se debatieron las principales l\u00edneas de trabajo de esta edici\u00f3n y entre [&hellip;]","og_url":"https:\/\/iraurgiberritzen.eus\/es\/ya-esta-en-marcha-el-proyecto-elkarrekin-eraikitzen-2018-2019\/","og_site_name":"Iraurgi Berritzen","article_published_time":"2019-02-05T08:48:48+00:00","author":"kudeatzailea","twitter_card":"summary_large_image","twitter_misc":{"Escrito por":"kudeatzailea","Tiempo de lectura":"2 minutos"},"schema":{"@context":"https:\/\/schema.org","@graph":[{"@type":"Article","@id":"https:\/\/iraurgiberritzen.eus\/es\/ya-esta-en-marcha-el-proyecto-elkarrekin-eraikitzen-2018-2019\/#article","isPartOf":{"@id":"https:\/\/iraurgiberritzen.eus\/es\/ya-esta-en-marcha-el-proyecto-elkarrekin-eraikitzen-2018-2019\/"},"author":{"name":"kudeatzailea","@id":"https:\/\/iraurgiberritzen.eus\/es\/#\/schema\/person\/5ab41aaf388a9097177601ebf45738d2"},"headline":"\u00a1Ya est\u00e1 en marcha el proyecto Elkarrekin Eraikitzen 2018\/2019!","datePublished":"2019-02-05T08:48:48+00:00","mainEntityOfPage":{"@id":"https:\/\/iraurgiberritzen.eus\/es\/ya-esta-en-marcha-el-proyecto-elkarrekin-eraikitzen-2018-2019\/"},"wordCount":339,"publisher":{"@id":"https:\/\/iraurgiberritzen.eus\/es\/#organization"},"image":{"@id":"https:\/\/iraurgiberritzen.eus\/es\/ya-esta-en-marcha-el-proyecto-elkarrekin-eraikitzen-2018-2019\/#primaryimage"},"thumbnailUrl":"https:\/\/iraurgiberritzen.eus\/wp-content\/uploads\/2023\/09\/3ff2a64fd14a6a6d971315fb7b8085ec.jpg","articleSection":["Noticias"],"inLanguage":"es"},{"@type":"WebPage","@id":"https:\/\/iraurgiberritzen.eus\/es\/ya-esta-en-marcha-el-proyecto-elkarrekin-eraikitzen-2018-2019\/","url":"https:\/\/iraurgiberritzen.eus\/es\/ya-esta-en-marcha-el-proyecto-elkarrekin-eraikitzen-2018-2019\/","name":"\u00a1Ya est\u00e1 en marcha el proyecto Elkarrekin Eraikitzen 2018\/2019! - Iraurgi Berritzen","isPartOf":{"@id":"https:\/\/iraurgiberritzen.eus\/es\/#website"},"primaryImageOfPage":{"@id":"https:\/\/iraurgiberritzen.eus\/es\/ya-esta-en-marcha-el-proyecto-elkarrekin-eraikitzen-2018-2019\/#primaryimage"},"image":{"@id":"https:\/\/iraurgiberritzen.eus\/es\/ya-esta-en-marcha-el-proyecto-elkarrekin-eraikitzen-2018-2019\/#primaryimage"},"thumbnailUrl":"https:\/\/iraurgiberritzen.eus\/wp-content\/uploads\/2023\/09\/3ff2a64fd14a6a6d971315fb7b8085ec.jpg","datePublished":"2019-02-05T08:48:48+00:00","breadcrumb":{"@id":"https:\/\/iraurgiberritzen.eus\/es\/ya-esta-en-marcha-el-proyecto-elkarrekin-eraikitzen-2018-2019\/#breadcrumb"},"inLanguage":"es","potentialAction":[{"@type":"ReadAction","target":["https:\/\/iraurgiberritzen.eus\/es\/ya-esta-en-marcha-el-proyecto-elkarrekin-eraikitzen-2018-2019\/"]}]},{"@type":"ImageObject","inLanguage":"es","@id":"https:\/\/iraurgiberritzen.eus\/es\/ya-esta-en-marcha-el-proyecto-elkarrekin-eraikitzen-2018-2019\/#primaryimage","url":"https:\/\/iraurgiberritzen.eus\/wp-content\/uploads\/2023\/09\/3ff2a64fd14a6a6d971315fb7b8085ec.jpg","contentUrl":"https:\/\/iraurgiberritzen.eus\/wp-content\/uploads\/2023\/09\/3ff2a64fd14a6a6d971315fb7b8085ec.jpg","width":600,"height":386},{"@type":"BreadcrumbList","@id":"https:\/\/iraurgiberritzen.eus\/es\/ya-esta-en-marcha-el-proyecto-elkarrekin-eraikitzen-2018-2019\/#breadcrumb","itemListElement":[{"@type":"ListItem","position":1,"name":"Home","item":"https:\/\/iraurgiberritzen.eus\/es\/"},{"@type":"ListItem","position":2,"name":"\u00a1Ya est\u00e1 en marcha el proyecto Elkarrekin Eraikitzen 2018\/2019!"}]},{"@type":"WebSite","@id":"https:\/\/iraurgiberritzen.eus\/es\/#website","url":"https:\/\/iraurgiberritzen.eus\/es\/","name":"Iraurgi Berritzen","description":"Urola Erdiko Garapen Agentzia","publisher":{"@id":"https:\/\/iraurgiberritzen.eus\/es\/#organization"},"potentialAction":[{"@type":"SearchAction","target":{"@type":"EntryPoint","urlTemplate":"https:\/\/iraurgiberritzen.eus\/es\/?s={search_term_string}"},"query-input":{"@type":"PropertyValueSpecification","valueRequired":true,"valueName":"search_term_string"}}],"inLanguage":"es"},{"@type":"Organization","@id":"https:\/\/iraurgiberritzen.eus\/es\/#organization","name":"Iraurgi Berritzen","url":"https:\/\/iraurgiberritzen.eus\/es\/","logo":{"@type":"ImageObject","inLanguage":"es","@id":"https:\/\/iraurgiberritzen.eus\/es\/#\/schema\/logo\/image\/","url":"https:\/\/iraurgiberritzen.eus\/wp-content\/uploads\/2024\/02\/IRAURGI-BERRITZEN-logotipoa_2.png","contentUrl":"https:\/\/iraurgiberritzen.eus\/wp-content\/uploads\/2024\/02\/IRAURGI-BERRITZEN-logotipoa_2.png","width":496,"height":190,"caption":"Iraurgi Berritzen"},"image":{"@id":"https:\/\/iraurgiberritzen.eus\/es\/#\/schema\/logo\/image\/"}},{"@type":"Person","@id":"https:\/\/iraurgiberritzen.eus\/es\/#\/schema\/person\/5ab41aaf388a9097177601ebf45738d2","name":"kudeatzailea","sameAs":["https:\/\/iraurgiberritzen.eus"]}]}},"_links":{"self":[{"href":"https:\/\/iraurgiberritzen.eus\/es\/wp-json\/wp\/v2\/posts\/12521","targetHints":{"allow":["GET"]}}],"collection":[{"href":"https:\/\/iraurgiberritzen.eus\/es\/wp-json\/wp\/v2\/posts"}],"about":[{"href":"https:\/\/iraurgiberritzen.eus\/es\/wp-json\/wp\/v2\/types\/post"}],"author":[{"embeddable":true,"href":"https:\/\/iraurgiberritzen.eus\/es\/wp-json\/wp\/v2\/users\/1"}],"replies":[{"embeddable":true,"href":"https:\/\/iraurgiberritzen.eus\/es\/wp-json\/wp\/v2\/comments?post=12521"}],"version-history":[{"count":0,"href":"https:\/\/iraurgiberritzen.eus\/es\/wp-json\/wp\/v2\/posts\/12521\/revisions"}],"wp:featuredmedia":[{"embeddable":true,"href":"https:\/\/iraurgiberritzen.eus\/es\/wp-json\/wp\/v2\/media\/17842"}],"wp:attachment":[{"href":"https:\/\/iraurgiberritzen.eus\/es\/wp-json\/wp\/v2\/media?parent=12521"}],"wp:term":[{"taxonomy":"category","embeddable":true,"href":"https:\/\/iraurgiberritzen.eus\/es\/wp-json\/wp\/v2\/categories?post=12521"},{"taxonomy":"post_tag","embeddable":true,"href":"https:\/\/iraurgiberritzen.eus\/es\/wp-json\/wp\/v2\/tags?post=12521"}],"curies":[{"name":"wp","href":"https:\/\/api.w.org\/{rel}","templated":true}]}}