{"id":12538,"date":"2019-02-20T06:54:34","date_gmt":"2019-02-20T04:54:34","guid":{"rendered":"https:\/\/iraurgiberritzen.eus\/convocatoria-de-ayudas-dirigidas-a-personas-emprendedoras-de-urola-erdia-azpeitia-azkoitia-zestoa-errezil-beizama-aizarnazabal\/"},"modified":"2019-02-20T06:54:34","modified_gmt":"2019-02-20T04:54:34","slug":"convocatoria-de-ayudas-dirigidas-a-personas-emprendedoras-de-urola-erdia-azpeitia-azkoitia-zestoa-errezil-beizama-aizarnazabal","status":"publish","type":"post","link":"https:\/\/iraurgiberritzen.eus\/es\/convocatoria-de-ayudas-dirigidas-a-personas-emprendedoras-de-urola-erdia-azpeitia-azkoitia-zestoa-errezil-beizama-aizarnazabal\/","title":{"rendered":"Convocatoria de ayudas dirigidas a personas emprendedoras de Urola Erdia (Azpeitia, Azkoitia, Zestoa, Errezil, Beizama, Aizarnazabal)"},"content":{"rendered":"<p style=\"text-align: justify;\">La convocatoria de subsidios dirigida a personas emprendedoras (publicada el 4 de octubre de 2018 en el BOPV) se anunci\u00f3 mediante la RESOLUCI\u00d3N DEL 25 DE SEPTIEMBRE DEL 2018 DEL DIRECTOR DE LANBIDE \u2013 SERVICIO VASCO DE EMPLEO.<\/p>\n<p style=\"text-align: justify;\">El objetivo de esta convocatoria es establecer las bases reguladoras de los subsidios dirigidos al fomento de proyectos empresariales, durante el a\u00f1o fis-cal 2018, a trav\u00e9s de dos diferentes l\u00edneas:<\/p>\n<ol style=\"text-align: justify;\">\n<li><strong>Ayuda para el desarrollo de una idea de negocio:<\/strong> Ayuda para potenciales personas emprendedoras, en el marco de proyectos locales de emprendimiento, para la creaci\u00f3n, an\u00e1lisis y estructuraci\u00f3n de una idea de negocio.<\/li>\n<li><strong>Ayuda para la puesta en marcha de nuevos proyectos empresariales:<\/strong> Ayuda dirigida a personas emprendedoras que tengan desarrollada la idea de negocio, en el \u00e1mbito de proyectos de emprendimiento local.<\/li>\n<\/ol>\n<p style=\"text-align: justify;\">Tanto en el desarrollo de la idea como en la implementaci\u00f3n del proyecto, la ayuda est\u00e1 dirigida a personas emprendedoras desempleadas (en el caso de que la jornada laboral sea menor del 30% puede ser aceptado).<\/p>\n<p style=\"text-align: justify;\">En el caso de las dos l\u00edneas, el representante de la comarca es el AYUNTAMIENTO DE AZPEITIA, tomando el rol de entidad colaboradora en la comarca de Urola Erdia.<\/p>\n<p style=\"text-align: justify;\">Para realizar la solicitud y entrar en el proceso de tutorizaci\u00f3n se seguir\u00e1 el siguiente procedimiento:<\/p>\n<ul style=\"text-align: justify;\">\n<li><strong>PRESENTACI\u00d3N DE LA IDEA O PROYECTO EN EL AYUNTAMIENTO:<\/strong> Desde el 18 de febrero del 2019 hasta el 1 de marzo del 2019.<\/li>\n<li><strong>AN\u00c1LISIS Y SELECCI\u00d3N DE LAS PROPUESTAS PRESENTADAS:<\/strong> Se realizar\u00e1 entre el 4 y 5 de marzo.<\/li>\n<li><strong>PRIMERA SESI\u00d3N DEL PROCESO DE TUTORIZACI\u00d3N:<\/strong> Tendr\u00e1 lugar el 6 de marzo.<\/li>\n<\/ul>\n<p style=\"text-align: justify;\">En el proceso de tutorizaci\u00f3n solo podr\u00e1n tomar parte las ideas de negocio y proyectos empresariales seleccionados con antelaci\u00f3n.<\/p>\n<p style=\"text-align: justify;\">Los siguiente enlaces resumen las caracter\u00edsticas principales de cada subsidio, especificando las condiciones que deben cumplir las personas emprendedoras.<\/p>\n<p style=\"text-align: justify;\"><a href=\"http:\/\/www.lanbide.euskadi.eus\/ayuda\/-\/ayuda_subvencion\/2018\/apei-2018\/1\/\" target=\"_blank\" rel=\"noopener\">Ayudas para el desarrollo de la idea de nogocio<\/a><\/p>\n<p style=\"text-align: justify;\"><a href=\"http:\/\/www.lanbide.euskadi.eus\/ayuda\/-\/ayuda_subvencion\/2018\/apea_2018\/\" target=\"_blank\" rel=\"noopener\">Ayuda para la puesta en marcha de nuevos proyectos empresariales<\/a><\/p>\n<p style=\"text-align: justify;\">Para m\u00e1s informaci\u00f3n y ayuda contacta con:<\/p>\n<p><strong>Iraurgi Berritzen (Alazne Larra\u00f1aga)<\/strong><br \/>Telef\u00f3no de contacto: 943 85 11 00<br \/>Correo electr\u00f3nico: <a href=\"mailto:alarranaga@iraurgiberritzen.eus\">alarranaga@iraurgiberritzen.eus<\/a><\/p>\n<p>&nbsp;<\/p>\n","protected":false},"excerpt":{"rendered":"<p>La convocatoria de subsidios dirigida a personas emprendedoras (publicada el 4 de octubre de 2018 en el BOPV) se anunci\u00f3 mediante la RESOLUCI\u00d3N DEL 25 DE SEPTIEMBRE DEL 2018 DEL DIRECTOR DE LANBIDE \u2013 SERVICIO VASCO DE EMPLEO. El objetivo de esta convocatoria es establecer las bases reguladoras de los subsidios dirigidos al fomento de [&hellip;]<\/p>\n","protected":false},"author":1,"featured_media":17828,"comment_status":"","ping_status":"closed","sticky":false,"template":"","format":"standard","meta":{"_acf_changed":false,"footnotes":""},"categories":[4],"tags":[],"class_list":["post-12538","post","type-post","status-publish","format-standard","has-post-thumbnail","hentry","category-noticias"],"acf":[],"yoast_head":"<!-- This site is optimized with the Yoast SEO plugin v27.4 - https:\/\/yoast.com\/product\/yoast-seo-wordpress\/ -->\n<title>Convocatoria de ayudas dirigidas a personas emprendedoras de Urola Erdia (Azpeitia, Azkoitia, Zestoa, Errezil, Beizama, Aizarnazabal) - Iraurgi Berritzen<\/title>\n<meta name=\"robots\" content=\"index, follow, max-snippet:-1, max-image-preview:large, max-video-preview:-1\" \/>\n<link rel=\"canonical\" href=\"https:\/\/iraurgiberritzen.eus\/es\/convocatoria-de-ayudas-dirigidas-a-personas-emprendedoras-de-urola-erdia-azpeitia-azkoitia-zestoa-errezil-beizama-aizarnazabal\/\" \/>\n<meta property=\"og:locale\" content=\"es_ES\" \/>\n<meta property=\"og:type\" content=\"article\" \/>\n<meta property=\"og:title\" content=\"Convocatoria de ayudas dirigidas a personas emprendedoras de Urola Erdia (Azpeitia, Azkoitia, Zestoa, Errezil, Beizama, Aizarnazabal) - Iraurgi Berritzen\" \/>\n<meta property=\"og:description\" content=\"La convocatoria de subsidios dirigida a personas emprendedoras (publicada el 4 de octubre de 2018 en el BOPV) se anunci\u00f3 mediante la RESOLUCI\u00d3N DEL 25 DE SEPTIEMBRE DEL 2018 DEL DIRECTOR DE LANBIDE \u2013 SERVICIO VASCO DE EMPLEO. El objetivo de esta convocatoria es establecer las bases reguladoras de los subsidios dirigidos al fomento de [&hellip;]\" \/>\n<meta property=\"og:url\" content=\"https:\/\/iraurgiberritzen.eus\/es\/convocatoria-de-ayudas-dirigidas-a-personas-emprendedoras-de-urola-erdia-azpeitia-azkoitia-zestoa-errezil-beizama-aizarnazabal\/\" \/>\n<meta property=\"og:site_name\" content=\"Iraurgi Berritzen\" \/>\n<meta property=\"article:published_time\" content=\"2019-02-20T04:54:34+00:00\" \/>\n<meta name=\"author\" content=\"kudeatzailea\" \/>\n<meta name=\"twitter:card\" content=\"summary_large_image\" \/>\n<meta name=\"twitter:label1\" content=\"Escrito por\" \/>\n\t<meta name=\"twitter:data1\" content=\"kudeatzailea\" \/>\n\t<meta name=\"twitter:label2\" content=\"Tiempo de lectura\" \/>\n\t<meta name=\"twitter:data2\" content=\"2 minutos\" \/>\n<script type=\"application\/ld+json\" class=\"yoast-schema-graph\">{\"@context\":\"https:\\\/\\\/schema.org\",\"@graph\":[{\"@type\":\"Article\",\"@id\":\"https:\\\/\\\/iraurgiberritzen.eus\\\/es\\\/convocatoria-de-ayudas-dirigidas-a-personas-emprendedoras-de-urola-erdia-azpeitia-azkoitia-zestoa-errezil-beizama-aizarnazabal\\\/#article\",\"isPartOf\":{\"@id\":\"https:\\\/\\\/iraurgiberritzen.eus\\\/es\\\/convocatoria-de-ayudas-dirigidas-a-personas-emprendedoras-de-urola-erdia-azpeitia-azkoitia-zestoa-errezil-beizama-aizarnazabal\\\/\"},\"author\":{\"name\":\"kudeatzailea\",\"@id\":\"https:\\\/\\\/iraurgiberritzen.eus\\\/es\\\/#\\\/schema\\\/person\\\/5ab41aaf388a9097177601ebf45738d2\"},\"headline\":\"Convocatoria de ayudas dirigidas a personas emprendedoras de Urola Erdia (Azpeitia, Azkoitia, Zestoa, Errezil, Beizama, Aizarnazabal)\",\"datePublished\":\"2019-02-20T04:54:34+00:00\",\"mainEntityOfPage\":{\"@id\":\"https:\\\/\\\/iraurgiberritzen.eus\\\/es\\\/convocatoria-de-ayudas-dirigidas-a-personas-emprendedoras-de-urola-erdia-azpeitia-azkoitia-zestoa-errezil-beizama-aizarnazabal\\\/\"},\"wordCount\":366,\"publisher\":{\"@id\":\"https:\\\/\\\/iraurgiberritzen.eus\\\/es\\\/#organization\"},\"image\":{\"@id\":\"https:\\\/\\\/iraurgiberritzen.eus\\\/es\\\/convocatoria-de-ayudas-dirigidas-a-personas-emprendedoras-de-urola-erdia-azpeitia-azkoitia-zestoa-errezil-beizama-aizarnazabal\\\/#primaryimage\"},\"thumbnailUrl\":\"https:\\\/\\\/iraurgiberritzen.eus\\\/wp-content\\\/uploads\\\/2023\\\/09\\\/55a9ec53054b140fa3784d6b9508fcf5.jpg\",\"articleSection\":[\"Noticias\"],\"inLanguage\":\"es\"},{\"@type\":\"WebPage\",\"@id\":\"https:\\\/\\\/iraurgiberritzen.eus\\\/es\\\/convocatoria-de-ayudas-dirigidas-a-personas-emprendedoras-de-urola-erdia-azpeitia-azkoitia-zestoa-errezil-beizama-aizarnazabal\\\/\",\"url\":\"https:\\\/\\\/iraurgiberritzen.eus\\\/es\\\/convocatoria-de-ayudas-dirigidas-a-personas-emprendedoras-de-urola-erdia-azpeitia-azkoitia-zestoa-errezil-beizama-aizarnazabal\\\/\",\"name\":\"Convocatoria de ayudas dirigidas a personas emprendedoras de Urola Erdia (Azpeitia, Azkoitia, Zestoa, Errezil, Beizama, Aizarnazabal) - Iraurgi Berritzen\",\"isPartOf\":{\"@id\":\"https:\\\/\\\/iraurgiberritzen.eus\\\/es\\\/#website\"},\"primaryImageOfPage\":{\"@id\":\"https:\\\/\\\/iraurgiberritzen.eus\\\/es\\\/convocatoria-de-ayudas-dirigidas-a-personas-emprendedoras-de-urola-erdia-azpeitia-azkoitia-zestoa-errezil-beizama-aizarnazabal\\\/#primaryimage\"},\"image\":{\"@id\":\"https:\\\/\\\/iraurgiberritzen.eus\\\/es\\\/convocatoria-de-ayudas-dirigidas-a-personas-emprendedoras-de-urola-erdia-azpeitia-azkoitia-zestoa-errezil-beizama-aizarnazabal\\\/#primaryimage\"},\"thumbnailUrl\":\"https:\\\/\\\/iraurgiberritzen.eus\\\/wp-content\\\/uploads\\\/2023\\\/09\\\/55a9ec53054b140fa3784d6b9508fcf5.jpg\",\"datePublished\":\"2019-02-20T04:54:34+00:00\",\"breadcrumb\":{\"@id\":\"https:\\\/\\\/iraurgiberritzen.eus\\\/es\\\/convocatoria-de-ayudas-dirigidas-a-personas-emprendedoras-de-urola-erdia-azpeitia-azkoitia-zestoa-errezil-beizama-aizarnazabal\\\/#breadcrumb\"},\"inLanguage\":\"es\",\"potentialAction\":[{\"@type\":\"ReadAction\",\"target\":[\"https:\\\/\\\/iraurgiberritzen.eus\\\/es\\\/convocatoria-de-ayudas-dirigidas-a-personas-emprendedoras-de-urola-erdia-azpeitia-azkoitia-zestoa-errezil-beizama-aizarnazabal\\\/\"]}]},{\"@type\":\"ImageObject\",\"inLanguage\":\"es\",\"@id\":\"https:\\\/\\\/iraurgiberritzen.eus\\\/es\\\/convocatoria-de-ayudas-dirigidas-a-personas-emprendedoras-de-urola-erdia-azpeitia-azkoitia-zestoa-errezil-beizama-aizarnazabal\\\/#primaryimage\",\"url\":\"https:\\\/\\\/iraurgiberritzen.eus\\\/wp-content\\\/uploads\\\/2023\\\/09\\\/55a9ec53054b140fa3784d6b9508fcf5.jpg\",\"contentUrl\":\"https:\\\/\\\/iraurgiberritzen.eus\\\/wp-content\\\/uploads\\\/2023\\\/09\\\/55a9ec53054b140fa3784d6b9508fcf5.jpg\",\"width\":600,\"height\":386},{\"@type\":\"BreadcrumbList\",\"@id\":\"https:\\\/\\\/iraurgiberritzen.eus\\\/es\\\/convocatoria-de-ayudas-dirigidas-a-personas-emprendedoras-de-urola-erdia-azpeitia-azkoitia-zestoa-errezil-beizama-aizarnazabal\\\/#breadcrumb\",\"itemListElement\":[{\"@type\":\"ListItem\",\"position\":1,\"name\":\"Home\",\"item\":\"https:\\\/\\\/iraurgiberritzen.eus\\\/es\\\/\"},{\"@type\":\"ListItem\",\"position\":2,\"name\":\"Convocatoria de ayudas dirigidas a personas emprendedoras de Urola Erdia (Azpeitia, Azkoitia, Zestoa, Errezil, Beizama, Aizarnazabal)\"}]},{\"@type\":\"WebSite\",\"@id\":\"https:\\\/\\\/iraurgiberritzen.eus\\\/es\\\/#website\",\"url\":\"https:\\\/\\\/iraurgiberritzen.eus\\\/es\\\/\",\"name\":\"Iraurgi Berritzen\",\"description\":\"Urola Erdiko Garapen Agentzia\",\"publisher\":{\"@id\":\"https:\\\/\\\/iraurgiberritzen.eus\\\/es\\\/#organization\"},\"potentialAction\":[{\"@type\":\"SearchAction\",\"target\":{\"@type\":\"EntryPoint\",\"urlTemplate\":\"https:\\\/\\\/iraurgiberritzen.eus\\\/es\\\/?s={search_term_string}\"},\"query-input\":{\"@type\":\"PropertyValueSpecification\",\"valueRequired\":true,\"valueName\":\"search_term_string\"}}],\"inLanguage\":\"es\"},{\"@type\":\"Organization\",\"@id\":\"https:\\\/\\\/iraurgiberritzen.eus\\\/es\\\/#organization\",\"name\":\"Iraurgi Berritzen\",\"url\":\"https:\\\/\\\/iraurgiberritzen.eus\\\/es\\\/\",\"logo\":{\"@type\":\"ImageObject\",\"inLanguage\":\"es\",\"@id\":\"https:\\\/\\\/iraurgiberritzen.eus\\\/es\\\/#\\\/schema\\\/logo\\\/image\\\/\",\"url\":\"https:\\\/\\\/iraurgiberritzen.eus\\\/wp-content\\\/uploads\\\/2024\\\/02\\\/IRAURGI-BERRITZEN-logotipoa_2.png\",\"contentUrl\":\"https:\\\/\\\/iraurgiberritzen.eus\\\/wp-content\\\/uploads\\\/2024\\\/02\\\/IRAURGI-BERRITZEN-logotipoa_2.png\",\"width\":496,\"height\":190,\"caption\":\"Iraurgi Berritzen\"},\"image\":{\"@id\":\"https:\\\/\\\/iraurgiberritzen.eus\\\/es\\\/#\\\/schema\\\/logo\\\/image\\\/\"}},{\"@type\":\"Person\",\"@id\":\"https:\\\/\\\/iraurgiberritzen.eus\\\/es\\\/#\\\/schema\\\/person\\\/5ab41aaf388a9097177601ebf45738d2\",\"name\":\"kudeatzailea\",\"sameAs\":[\"https:\\\/\\\/iraurgiberritzen.eus\"]}]}<\/script>\n<!-- \/ Yoast SEO plugin. -->","yoast_head_json":{"title":"Convocatoria de ayudas dirigidas a personas emprendedoras de Urola Erdia (Azpeitia, Azkoitia, Zestoa, Errezil, Beizama, Aizarnazabal) - Iraurgi Berritzen","robots":{"index":"index","follow":"follow","max-snippet":"max-snippet:-1","max-image-preview":"max-image-preview:large","max-video-preview":"max-video-preview:-1"},"canonical":"https:\/\/iraurgiberritzen.eus\/es\/convocatoria-de-ayudas-dirigidas-a-personas-emprendedoras-de-urola-erdia-azpeitia-azkoitia-zestoa-errezil-beizama-aizarnazabal\/","og_locale":"es_ES","og_type":"article","og_title":"Convocatoria de ayudas dirigidas a personas emprendedoras de Urola Erdia (Azpeitia, Azkoitia, Zestoa, Errezil, Beizama, Aizarnazabal) - Iraurgi Berritzen","og_description":"La convocatoria de subsidios dirigida a personas emprendedoras (publicada el 4 de octubre de 2018 en el BOPV) se anunci\u00f3 mediante la RESOLUCI\u00d3N DEL 25 DE SEPTIEMBRE DEL 2018 DEL DIRECTOR DE LANBIDE \u2013 SERVICIO VASCO DE EMPLEO. El objetivo de esta convocatoria es establecer las bases reguladoras de los subsidios dirigidos al fomento de [&hellip;]","og_url":"https:\/\/iraurgiberritzen.eus\/es\/convocatoria-de-ayudas-dirigidas-a-personas-emprendedoras-de-urola-erdia-azpeitia-azkoitia-zestoa-errezil-beizama-aizarnazabal\/","og_site_name":"Iraurgi Berritzen","article_published_time":"2019-02-20T04:54:34+00:00","author":"kudeatzailea","twitter_card":"summary_large_image","twitter_misc":{"Escrito por":"kudeatzailea","Tiempo de lectura":"2 minutos"},"schema":{"@context":"https:\/\/schema.org","@graph":[{"@type":"Article","@id":"https:\/\/iraurgiberritzen.eus\/es\/convocatoria-de-ayudas-dirigidas-a-personas-emprendedoras-de-urola-erdia-azpeitia-azkoitia-zestoa-errezil-beizama-aizarnazabal\/#article","isPartOf":{"@id":"https:\/\/iraurgiberritzen.eus\/es\/convocatoria-de-ayudas-dirigidas-a-personas-emprendedoras-de-urola-erdia-azpeitia-azkoitia-zestoa-errezil-beizama-aizarnazabal\/"},"author":{"name":"kudeatzailea","@id":"https:\/\/iraurgiberritzen.eus\/es\/#\/schema\/person\/5ab41aaf388a9097177601ebf45738d2"},"headline":"Convocatoria de ayudas dirigidas a personas emprendedoras de Urola Erdia (Azpeitia, Azkoitia, Zestoa, Errezil, Beizama, Aizarnazabal)","datePublished":"2019-02-20T04:54:34+00:00","mainEntityOfPage":{"@id":"https:\/\/iraurgiberritzen.eus\/es\/convocatoria-de-ayudas-dirigidas-a-personas-emprendedoras-de-urola-erdia-azpeitia-azkoitia-zestoa-errezil-beizama-aizarnazabal\/"},"wordCount":366,"publisher":{"@id":"https:\/\/iraurgiberritzen.eus\/es\/#organization"},"image":{"@id":"https:\/\/iraurgiberritzen.eus\/es\/convocatoria-de-ayudas-dirigidas-a-personas-emprendedoras-de-urola-erdia-azpeitia-azkoitia-zestoa-errezil-beizama-aizarnazabal\/#primaryimage"},"thumbnailUrl":"https:\/\/iraurgiberritzen.eus\/wp-content\/uploads\/2023\/09\/55a9ec53054b140fa3784d6b9508fcf5.jpg","articleSection":["Noticias"],"inLanguage":"es"},{"@type":"WebPage","@id":"https:\/\/iraurgiberritzen.eus\/es\/convocatoria-de-ayudas-dirigidas-a-personas-emprendedoras-de-urola-erdia-azpeitia-azkoitia-zestoa-errezil-beizama-aizarnazabal\/","url":"https:\/\/iraurgiberritzen.eus\/es\/convocatoria-de-ayudas-dirigidas-a-personas-emprendedoras-de-urola-erdia-azpeitia-azkoitia-zestoa-errezil-beizama-aizarnazabal\/","name":"Convocatoria de ayudas dirigidas a personas emprendedoras de Urola Erdia (Azpeitia, Azkoitia, Zestoa, Errezil, Beizama, Aizarnazabal) - Iraurgi Berritzen","isPartOf":{"@id":"https:\/\/iraurgiberritzen.eus\/es\/#website"},"primaryImageOfPage":{"@id":"https:\/\/iraurgiberritzen.eus\/es\/convocatoria-de-ayudas-dirigidas-a-personas-emprendedoras-de-urola-erdia-azpeitia-azkoitia-zestoa-errezil-beizama-aizarnazabal\/#primaryimage"},"image":{"@id":"https:\/\/iraurgiberritzen.eus\/es\/convocatoria-de-ayudas-dirigidas-a-personas-emprendedoras-de-urola-erdia-azpeitia-azkoitia-zestoa-errezil-beizama-aizarnazabal\/#primaryimage"},"thumbnailUrl":"https:\/\/iraurgiberritzen.eus\/wp-content\/uploads\/2023\/09\/55a9ec53054b140fa3784d6b9508fcf5.jpg","datePublished":"2019-02-20T04:54:34+00:00","breadcrumb":{"@id":"https:\/\/iraurgiberritzen.eus\/es\/convocatoria-de-ayudas-dirigidas-a-personas-emprendedoras-de-urola-erdia-azpeitia-azkoitia-zestoa-errezil-beizama-aizarnazabal\/#breadcrumb"},"inLanguage":"es","potentialAction":[{"@type":"ReadAction","target":["https:\/\/iraurgiberritzen.eus\/es\/convocatoria-de-ayudas-dirigidas-a-personas-emprendedoras-de-urola-erdia-azpeitia-azkoitia-zestoa-errezil-beizama-aizarnazabal\/"]}]},{"@type":"ImageObject","inLanguage":"es","@id":"https:\/\/iraurgiberritzen.eus\/es\/convocatoria-de-ayudas-dirigidas-a-personas-emprendedoras-de-urola-erdia-azpeitia-azkoitia-zestoa-errezil-beizama-aizarnazabal\/#primaryimage","url":"https:\/\/iraurgiberritzen.eus\/wp-content\/uploads\/2023\/09\/55a9ec53054b140fa3784d6b9508fcf5.jpg","contentUrl":"https:\/\/iraurgiberritzen.eus\/wp-content\/uploads\/2023\/09\/55a9ec53054b140fa3784d6b9508fcf5.jpg","width":600,"height":386},{"@type":"BreadcrumbList","@id":"https:\/\/iraurgiberritzen.eus\/es\/convocatoria-de-ayudas-dirigidas-a-personas-emprendedoras-de-urola-erdia-azpeitia-azkoitia-zestoa-errezil-beizama-aizarnazabal\/#breadcrumb","itemListElement":[{"@type":"ListItem","position":1,"name":"Home","item":"https:\/\/iraurgiberritzen.eus\/es\/"},{"@type":"ListItem","position":2,"name":"Convocatoria de ayudas dirigidas a personas emprendedoras de Urola Erdia (Azpeitia, Azkoitia, Zestoa, Errezil, Beizama, Aizarnazabal)"}]},{"@type":"WebSite","@id":"https:\/\/iraurgiberritzen.eus\/es\/#website","url":"https:\/\/iraurgiberritzen.eus\/es\/","name":"Iraurgi Berritzen","description":"Urola Erdiko Garapen Agentzia","publisher":{"@id":"https:\/\/iraurgiberritzen.eus\/es\/#organization"},"potentialAction":[{"@type":"SearchAction","target":{"@type":"EntryPoint","urlTemplate":"https:\/\/iraurgiberritzen.eus\/es\/?s={search_term_string}"},"query-input":{"@type":"PropertyValueSpecification","valueRequired":true,"valueName":"search_term_string"}}],"inLanguage":"es"},{"@type":"Organization","@id":"https:\/\/iraurgiberritzen.eus\/es\/#organization","name":"Iraurgi Berritzen","url":"https:\/\/iraurgiberritzen.eus\/es\/","logo":{"@type":"ImageObject","inLanguage":"es","@id":"https:\/\/iraurgiberritzen.eus\/es\/#\/schema\/logo\/image\/","url":"https:\/\/iraurgiberritzen.eus\/wp-content\/uploads\/2024\/02\/IRAURGI-BERRITZEN-logotipoa_2.png","contentUrl":"https:\/\/iraurgiberritzen.eus\/wp-content\/uploads\/2024\/02\/IRAURGI-BERRITZEN-logotipoa_2.png","width":496,"height":190,"caption":"Iraurgi Berritzen"},"image":{"@id":"https:\/\/iraurgiberritzen.eus\/es\/#\/schema\/logo\/image\/"}},{"@type":"Person","@id":"https:\/\/iraurgiberritzen.eus\/es\/#\/schema\/person\/5ab41aaf388a9097177601ebf45738d2","name":"kudeatzailea","sameAs":["https:\/\/iraurgiberritzen.eus"]}]}},"_links":{"self":[{"href":"https:\/\/iraurgiberritzen.eus\/es\/wp-json\/wp\/v2\/posts\/12538","targetHints":{"allow":["GET"]}}],"collection":[{"href":"https:\/\/iraurgiberritzen.eus\/es\/wp-json\/wp\/v2\/posts"}],"about":[{"href":"https:\/\/iraurgiberritzen.eus\/es\/wp-json\/wp\/v2\/types\/post"}],"author":[{"embeddable":true,"href":"https:\/\/iraurgiberritzen.eus\/es\/wp-json\/wp\/v2\/users\/1"}],"replies":[{"embeddable":true,"href":"https:\/\/iraurgiberritzen.eus\/es\/wp-json\/wp\/v2\/comments?post=12538"}],"version-history":[{"count":0,"href":"https:\/\/iraurgiberritzen.eus\/es\/wp-json\/wp\/v2\/posts\/12538\/revisions"}],"wp:featuredmedia":[{"embeddable":true,"href":"https:\/\/iraurgiberritzen.eus\/es\/wp-json\/wp\/v2\/media\/17828"}],"wp:attachment":[{"href":"https:\/\/iraurgiberritzen.eus\/es\/wp-json\/wp\/v2\/media?parent=12538"}],"wp:term":[{"taxonomy":"category","embeddable":true,"href":"https:\/\/iraurgiberritzen.eus\/es\/wp-json\/wp\/v2\/categories?post=12538"},{"taxonomy":"post_tag","embeddable":true,"href":"https:\/\/iraurgiberritzen.eus\/es\/wp-json\/wp\/v2\/tags?post=12538"}],"curies":[{"name":"wp","href":"https:\/\/api.w.org\/{rel}","templated":true}]}}