{"id":12547,"date":"2019-02-22T06:17:05","date_gmt":"2019-02-22T04:17:05","guid":{"rendered":"https:\/\/iraurgiberritzen.eus\/enpresa-gunea-aprueba-los-proyectos-a-trabajar-con-las-empresas\/"},"modified":"2019-02-22T06:17:05","modified_gmt":"2019-02-22T04:17:05","slug":"enpresa-gunea-aprueba-los-proyectos-a-trabajar-con-las-empresas","status":"publish","type":"post","link":"https:\/\/iraurgiberritzen.eus\/es\/enpresa-gunea-aprueba-los-proyectos-a-trabajar-con-las-empresas\/","title":{"rendered":"Enpresa Gunea aprueba los proyectos a trabajar con las empresas"},"content":{"rendered":"<p>El pasado 21 de febrero, se han reunido representantes de empresas que conforman Enpresa Gunea de Urola Erdia,<\/p>\n<p style=\"text-align: justify;\">con representantes pol\u00edticos de los ayuntamientos de Azpeitia , Azkoitia y Zestoa, y el equipo del \u00e1rea de empresa de Iraurgi Berritzen.<\/p>\n<p style=\"text-align: justify;\">Tal y como se consensu\u00f3 en la formaci\u00f3n de Enpresa Gunea, se ha dado relevo a parte de las empresas y 4 nuevas empresas se han adherido: Sarralle, Biele, Elkarmedia, y Tecnicur. Contin\u00faan participando en Empresa Gunea , Grupo Xubi, Sidenor, Ormola, Glual, Munibe Group y Berritek.<\/p>\n<p style=\"text-align: justify;\">En el encuentro se han presentado y aprobado las l\u00edneas de trabajo y proyectos que se dirigen a las empresas de la comarca a lo largo del 2019. L\u00edneas de trabajo y objetivos:<\/p>\n<ol style=\"text-align: justify;\">\n<li><strong>Capacitaci\u00f3n.<\/strong> Tiene como objetivo impulsar la adecuaci\u00f3n de las capacidades de las personas para la innovaci\u00f3n de las empresas, a trav\u00e9s de diferentes proyectos: compartir buenas experiencias de empresas, formaci\u00f3n orientada a la acci\u00f3n y oferta de formaci\u00f3n y jornadas en las empresas.<\/li>\n<li><strong>Competitividad<\/strong>. Fomentar la competitividad de las empresas tanto la innovaci\u00f3n tecnol\u00f3gica como de los modelos de gesti\u00f3n y organizaci\u00f3n para lo cual se han activado diferentes proyectos.<\/li>\n<li><strong>Intermediaci\u00f3n ayudas econ\u00f3micas<\/strong>. Vigilancia continua de convocatorias de ayudas econ\u00f3micas para impulsar la innovaci\u00f3n en las empresas y orientar las solicitudes y justificaciones.<\/li>\n<li><strong>Iniciativas RIS 3.<\/strong> Desarrollar e impulsar diferentes iniciativas en el contexto de RIS 3 y econom\u00eda circular (Transformaci\u00f3n digital y Tecnolog\u00edas 4.0) en empresas de la comarca<\/li>\n<li><strong>Empleo empresas<\/strong>. Identificar las diferentes ofertas de empleo, as\u00ed como de pr\u00e1cticas que existen en las empresas y dar respuesta con personas de la comarca a trav\u00e9s del centro empleo. El fin \u00faltimo es reducir el desempleo en la comarca y activar el empleo en la industria a trav\u00e9s de la retenci\u00f3n del talento.<\/li>\n<\/ol>\n<p style=\"text-align: justify;\">En el encuentro tambi\u00e9n se ha realizado el contraste de varias propuestas e iniciativas: plan anual de proyectos de capacitaci\u00f3n proyectos, monogr\u00e1fico del Proyecto Baliokaeratuz, colaboraci\u00f3n con Izarraitz Lanbide Heziketa y propuesta de formaci\u00f3n del programa Hazilan.<\/p>\n<p style=\"text-align: justify;\">Adem\u00e1s de los proyectos dirigidos exclusivamente a empresas, se han presentado otras iniciativas donde las empresas est\u00e1n colaborando con centros formativos y otros agentes de la comarca en el marco del Kontseilua, donde han ratificado el compromiso de continuar con estas l\u00edneas.<\/p>\n<p style=\"text-align: center;\"><img decoding=\"async\" style=\"text-align: center;\" src=\"images\/Enpresa_Gunea_2019_Logoak.png\" alt=\"Enpresa_Gunea_2019_Logoak.png\" \/><\/p>\n<p style=\"text-align: justify;\">&nbsp;<\/p>\n<p style=\"text-align: justify;\">&nbsp;<\/p>\n","protected":false},"excerpt":{"rendered":"<p>El pasado 21 de febrero, se han reunido representantes de empresas que conforman Enpresa Gunea de Urola Erdia, con representantes pol\u00edticos de los ayuntamientos de Azpeitia , Azkoitia y Zestoa, y el equipo del \u00e1rea de empresa de Iraurgi Berritzen. Tal y como se consensu\u00f3 en la formaci\u00f3n de Enpresa Gunea, se ha dado relevo [&hellip;]<\/p>\n","protected":false},"author":1,"featured_media":17831,"comment_status":"","ping_status":"closed","sticky":false,"template":"","format":"standard","meta":{"_acf_changed":false,"footnotes":""},"categories":[4],"tags":[],"class_list":["post-12547","post","type-post","status-publish","format-standard","has-post-thumbnail","hentry","category-noticias"],"acf":[],"yoast_head":"<!-- This site is optimized with the Yoast SEO plugin v27.4 - https:\/\/yoast.com\/product\/yoast-seo-wordpress\/ -->\n<title>Enpresa Gunea aprueba los proyectos a trabajar con las empresas - Iraurgi Berritzen<\/title>\n<meta name=\"robots\" content=\"index, follow, max-snippet:-1, max-image-preview:large, max-video-preview:-1\" \/>\n<link rel=\"canonical\" href=\"https:\/\/iraurgiberritzen.eus\/es\/enpresa-gunea-aprueba-los-proyectos-a-trabajar-con-las-empresas\/\" \/>\n<meta property=\"og:locale\" content=\"es_ES\" \/>\n<meta property=\"og:type\" content=\"article\" \/>\n<meta property=\"og:title\" content=\"Enpresa Gunea aprueba los proyectos a trabajar con las empresas - Iraurgi Berritzen\" \/>\n<meta property=\"og:description\" content=\"El pasado 21 de febrero, se han reunido representantes de empresas que conforman Enpresa Gunea de Urola Erdia, con representantes pol\u00edticos de los ayuntamientos de Azpeitia , Azkoitia y Zestoa, y el equipo del \u00e1rea de empresa de Iraurgi Berritzen. Tal y como se consensu\u00f3 en la formaci\u00f3n de Enpresa Gunea, se ha dado relevo [&hellip;]\" \/>\n<meta property=\"og:url\" content=\"https:\/\/iraurgiberritzen.eus\/es\/enpresa-gunea-aprueba-los-proyectos-a-trabajar-con-las-empresas\/\" \/>\n<meta property=\"og:site_name\" content=\"Iraurgi Berritzen\" \/>\n<meta property=\"article:published_time\" content=\"2019-02-22T04:17:05+00:00\" \/>\n<meta name=\"author\" content=\"kudeatzailea\" \/>\n<meta name=\"twitter:card\" content=\"summary_large_image\" \/>\n<meta name=\"twitter:label1\" content=\"Escrito por\" \/>\n\t<meta name=\"twitter:data1\" content=\"kudeatzailea\" \/>\n\t<meta name=\"twitter:label2\" content=\"Tiempo de lectura\" \/>\n\t<meta name=\"twitter:data2\" content=\"2 minutos\" \/>\n<script type=\"application\/ld+json\" class=\"yoast-schema-graph\">{\"@context\":\"https:\\\/\\\/schema.org\",\"@graph\":[{\"@type\":\"Article\",\"@id\":\"https:\\\/\\\/iraurgiberritzen.eus\\\/es\\\/enpresa-gunea-aprueba-los-proyectos-a-trabajar-con-las-empresas\\\/#article\",\"isPartOf\":{\"@id\":\"https:\\\/\\\/iraurgiberritzen.eus\\\/es\\\/enpresa-gunea-aprueba-los-proyectos-a-trabajar-con-las-empresas\\\/\"},\"author\":{\"name\":\"kudeatzailea\",\"@id\":\"https:\\\/\\\/iraurgiberritzen.eus\\\/es\\\/#\\\/schema\\\/person\\\/5ab41aaf388a9097177601ebf45738d2\"},\"headline\":\"Enpresa Gunea aprueba los proyectos a trabajar con las empresas\",\"datePublished\":\"2019-02-22T04:17:05+00:00\",\"mainEntityOfPage\":{\"@id\":\"https:\\\/\\\/iraurgiberritzen.eus\\\/es\\\/enpresa-gunea-aprueba-los-proyectos-a-trabajar-con-las-empresas\\\/\"},\"wordCount\":412,\"publisher\":{\"@id\":\"https:\\\/\\\/iraurgiberritzen.eus\\\/es\\\/#organization\"},\"image\":{\"@id\":\"https:\\\/\\\/iraurgiberritzen.eus\\\/es\\\/enpresa-gunea-aprueba-los-proyectos-a-trabajar-con-las-empresas\\\/#primaryimage\"},\"thumbnailUrl\":\"https:\\\/\\\/iraurgiberritzen.eus\\\/wp-content\\\/uploads\\\/2023\\\/09\\\/da3dd9e0dfc073a9278eecf902a909a6.jpg\",\"articleSection\":[\"Noticias\"],\"inLanguage\":\"es\"},{\"@type\":\"WebPage\",\"@id\":\"https:\\\/\\\/iraurgiberritzen.eus\\\/es\\\/enpresa-gunea-aprueba-los-proyectos-a-trabajar-con-las-empresas\\\/\",\"url\":\"https:\\\/\\\/iraurgiberritzen.eus\\\/es\\\/enpresa-gunea-aprueba-los-proyectos-a-trabajar-con-las-empresas\\\/\",\"name\":\"Enpresa Gunea aprueba los proyectos a trabajar con las empresas - Iraurgi Berritzen\",\"isPartOf\":{\"@id\":\"https:\\\/\\\/iraurgiberritzen.eus\\\/es\\\/#website\"},\"primaryImageOfPage\":{\"@id\":\"https:\\\/\\\/iraurgiberritzen.eus\\\/es\\\/enpresa-gunea-aprueba-los-proyectos-a-trabajar-con-las-empresas\\\/#primaryimage\"},\"image\":{\"@id\":\"https:\\\/\\\/iraurgiberritzen.eus\\\/es\\\/enpresa-gunea-aprueba-los-proyectos-a-trabajar-con-las-empresas\\\/#primaryimage\"},\"thumbnailUrl\":\"https:\\\/\\\/iraurgiberritzen.eus\\\/wp-content\\\/uploads\\\/2023\\\/09\\\/da3dd9e0dfc073a9278eecf902a909a6.jpg\",\"datePublished\":\"2019-02-22T04:17:05+00:00\",\"breadcrumb\":{\"@id\":\"https:\\\/\\\/iraurgiberritzen.eus\\\/es\\\/enpresa-gunea-aprueba-los-proyectos-a-trabajar-con-las-empresas\\\/#breadcrumb\"},\"inLanguage\":\"es\",\"potentialAction\":[{\"@type\":\"ReadAction\",\"target\":[\"https:\\\/\\\/iraurgiberritzen.eus\\\/es\\\/enpresa-gunea-aprueba-los-proyectos-a-trabajar-con-las-empresas\\\/\"]}]},{\"@type\":\"ImageObject\",\"inLanguage\":\"es\",\"@id\":\"https:\\\/\\\/iraurgiberritzen.eus\\\/es\\\/enpresa-gunea-aprueba-los-proyectos-a-trabajar-con-las-empresas\\\/#primaryimage\",\"url\":\"https:\\\/\\\/iraurgiberritzen.eus\\\/wp-content\\\/uploads\\\/2023\\\/09\\\/da3dd9e0dfc073a9278eecf902a909a6.jpg\",\"contentUrl\":\"https:\\\/\\\/iraurgiberritzen.eus\\\/wp-content\\\/uploads\\\/2023\\\/09\\\/da3dd9e0dfc073a9278eecf902a909a6.jpg\",\"width\":600,\"height\":386},{\"@type\":\"BreadcrumbList\",\"@id\":\"https:\\\/\\\/iraurgiberritzen.eus\\\/es\\\/enpresa-gunea-aprueba-los-proyectos-a-trabajar-con-las-empresas\\\/#breadcrumb\",\"itemListElement\":[{\"@type\":\"ListItem\",\"position\":1,\"name\":\"Home\",\"item\":\"https:\\\/\\\/iraurgiberritzen.eus\\\/es\\\/\"},{\"@type\":\"ListItem\",\"position\":2,\"name\":\"Enpresa Gunea aprueba los proyectos a trabajar con las empresas\"}]},{\"@type\":\"WebSite\",\"@id\":\"https:\\\/\\\/iraurgiberritzen.eus\\\/es\\\/#website\",\"url\":\"https:\\\/\\\/iraurgiberritzen.eus\\\/es\\\/\",\"name\":\"Iraurgi Berritzen\",\"description\":\"Urola Erdiko Garapen Agentzia\",\"publisher\":{\"@id\":\"https:\\\/\\\/iraurgiberritzen.eus\\\/es\\\/#organization\"},\"potentialAction\":[{\"@type\":\"SearchAction\",\"target\":{\"@type\":\"EntryPoint\",\"urlTemplate\":\"https:\\\/\\\/iraurgiberritzen.eus\\\/es\\\/?s={search_term_string}\"},\"query-input\":{\"@type\":\"PropertyValueSpecification\",\"valueRequired\":true,\"valueName\":\"search_term_string\"}}],\"inLanguage\":\"es\"},{\"@type\":\"Organization\",\"@id\":\"https:\\\/\\\/iraurgiberritzen.eus\\\/es\\\/#organization\",\"name\":\"Iraurgi Berritzen\",\"url\":\"https:\\\/\\\/iraurgiberritzen.eus\\\/es\\\/\",\"logo\":{\"@type\":\"ImageObject\",\"inLanguage\":\"es\",\"@id\":\"https:\\\/\\\/iraurgiberritzen.eus\\\/es\\\/#\\\/schema\\\/logo\\\/image\\\/\",\"url\":\"https:\\\/\\\/iraurgiberritzen.eus\\\/wp-content\\\/uploads\\\/2024\\\/02\\\/IRAURGI-BERRITZEN-logotipoa_2.png\",\"contentUrl\":\"https:\\\/\\\/iraurgiberritzen.eus\\\/wp-content\\\/uploads\\\/2024\\\/02\\\/IRAURGI-BERRITZEN-logotipoa_2.png\",\"width\":496,\"height\":190,\"caption\":\"Iraurgi Berritzen\"},\"image\":{\"@id\":\"https:\\\/\\\/iraurgiberritzen.eus\\\/es\\\/#\\\/schema\\\/logo\\\/image\\\/\"}},{\"@type\":\"Person\",\"@id\":\"https:\\\/\\\/iraurgiberritzen.eus\\\/es\\\/#\\\/schema\\\/person\\\/5ab41aaf388a9097177601ebf45738d2\",\"name\":\"kudeatzailea\",\"sameAs\":[\"https:\\\/\\\/iraurgiberritzen.eus\"]}]}<\/script>\n<!-- \/ Yoast SEO plugin. -->","yoast_head_json":{"title":"Enpresa Gunea aprueba los proyectos a trabajar con las empresas - Iraurgi Berritzen","robots":{"index":"index","follow":"follow","max-snippet":"max-snippet:-1","max-image-preview":"max-image-preview:large","max-video-preview":"max-video-preview:-1"},"canonical":"https:\/\/iraurgiberritzen.eus\/es\/enpresa-gunea-aprueba-los-proyectos-a-trabajar-con-las-empresas\/","og_locale":"es_ES","og_type":"article","og_title":"Enpresa Gunea aprueba los proyectos a trabajar con las empresas - Iraurgi Berritzen","og_description":"El pasado 21 de febrero, se han reunido representantes de empresas que conforman Enpresa Gunea de Urola Erdia, con representantes pol\u00edticos de los ayuntamientos de Azpeitia , Azkoitia y Zestoa, y el equipo del \u00e1rea de empresa de Iraurgi Berritzen. Tal y como se consensu\u00f3 en la formaci\u00f3n de Enpresa Gunea, se ha dado relevo [&hellip;]","og_url":"https:\/\/iraurgiberritzen.eus\/es\/enpresa-gunea-aprueba-los-proyectos-a-trabajar-con-las-empresas\/","og_site_name":"Iraurgi Berritzen","article_published_time":"2019-02-22T04:17:05+00:00","author":"kudeatzailea","twitter_card":"summary_large_image","twitter_misc":{"Escrito por":"kudeatzailea","Tiempo de lectura":"2 minutos"},"schema":{"@context":"https:\/\/schema.org","@graph":[{"@type":"Article","@id":"https:\/\/iraurgiberritzen.eus\/es\/enpresa-gunea-aprueba-los-proyectos-a-trabajar-con-las-empresas\/#article","isPartOf":{"@id":"https:\/\/iraurgiberritzen.eus\/es\/enpresa-gunea-aprueba-los-proyectos-a-trabajar-con-las-empresas\/"},"author":{"name":"kudeatzailea","@id":"https:\/\/iraurgiberritzen.eus\/es\/#\/schema\/person\/5ab41aaf388a9097177601ebf45738d2"},"headline":"Enpresa Gunea aprueba los proyectos a trabajar con las empresas","datePublished":"2019-02-22T04:17:05+00:00","mainEntityOfPage":{"@id":"https:\/\/iraurgiberritzen.eus\/es\/enpresa-gunea-aprueba-los-proyectos-a-trabajar-con-las-empresas\/"},"wordCount":412,"publisher":{"@id":"https:\/\/iraurgiberritzen.eus\/es\/#organization"},"image":{"@id":"https:\/\/iraurgiberritzen.eus\/es\/enpresa-gunea-aprueba-los-proyectos-a-trabajar-con-las-empresas\/#primaryimage"},"thumbnailUrl":"https:\/\/iraurgiberritzen.eus\/wp-content\/uploads\/2023\/09\/da3dd9e0dfc073a9278eecf902a909a6.jpg","articleSection":["Noticias"],"inLanguage":"es"},{"@type":"WebPage","@id":"https:\/\/iraurgiberritzen.eus\/es\/enpresa-gunea-aprueba-los-proyectos-a-trabajar-con-las-empresas\/","url":"https:\/\/iraurgiberritzen.eus\/es\/enpresa-gunea-aprueba-los-proyectos-a-trabajar-con-las-empresas\/","name":"Enpresa Gunea aprueba los proyectos a trabajar con las empresas - Iraurgi Berritzen","isPartOf":{"@id":"https:\/\/iraurgiberritzen.eus\/es\/#website"},"primaryImageOfPage":{"@id":"https:\/\/iraurgiberritzen.eus\/es\/enpresa-gunea-aprueba-los-proyectos-a-trabajar-con-las-empresas\/#primaryimage"},"image":{"@id":"https:\/\/iraurgiberritzen.eus\/es\/enpresa-gunea-aprueba-los-proyectos-a-trabajar-con-las-empresas\/#primaryimage"},"thumbnailUrl":"https:\/\/iraurgiberritzen.eus\/wp-content\/uploads\/2023\/09\/da3dd9e0dfc073a9278eecf902a909a6.jpg","datePublished":"2019-02-22T04:17:05+00:00","breadcrumb":{"@id":"https:\/\/iraurgiberritzen.eus\/es\/enpresa-gunea-aprueba-los-proyectos-a-trabajar-con-las-empresas\/#breadcrumb"},"inLanguage":"es","potentialAction":[{"@type":"ReadAction","target":["https:\/\/iraurgiberritzen.eus\/es\/enpresa-gunea-aprueba-los-proyectos-a-trabajar-con-las-empresas\/"]}]},{"@type":"ImageObject","inLanguage":"es","@id":"https:\/\/iraurgiberritzen.eus\/es\/enpresa-gunea-aprueba-los-proyectos-a-trabajar-con-las-empresas\/#primaryimage","url":"https:\/\/iraurgiberritzen.eus\/wp-content\/uploads\/2023\/09\/da3dd9e0dfc073a9278eecf902a909a6.jpg","contentUrl":"https:\/\/iraurgiberritzen.eus\/wp-content\/uploads\/2023\/09\/da3dd9e0dfc073a9278eecf902a909a6.jpg","width":600,"height":386},{"@type":"BreadcrumbList","@id":"https:\/\/iraurgiberritzen.eus\/es\/enpresa-gunea-aprueba-los-proyectos-a-trabajar-con-las-empresas\/#breadcrumb","itemListElement":[{"@type":"ListItem","position":1,"name":"Home","item":"https:\/\/iraurgiberritzen.eus\/es\/"},{"@type":"ListItem","position":2,"name":"Enpresa Gunea aprueba los proyectos a trabajar con las empresas"}]},{"@type":"WebSite","@id":"https:\/\/iraurgiberritzen.eus\/es\/#website","url":"https:\/\/iraurgiberritzen.eus\/es\/","name":"Iraurgi Berritzen","description":"Urola Erdiko Garapen Agentzia","publisher":{"@id":"https:\/\/iraurgiberritzen.eus\/es\/#organization"},"potentialAction":[{"@type":"SearchAction","target":{"@type":"EntryPoint","urlTemplate":"https:\/\/iraurgiberritzen.eus\/es\/?s={search_term_string}"},"query-input":{"@type":"PropertyValueSpecification","valueRequired":true,"valueName":"search_term_string"}}],"inLanguage":"es"},{"@type":"Organization","@id":"https:\/\/iraurgiberritzen.eus\/es\/#organization","name":"Iraurgi Berritzen","url":"https:\/\/iraurgiberritzen.eus\/es\/","logo":{"@type":"ImageObject","inLanguage":"es","@id":"https:\/\/iraurgiberritzen.eus\/es\/#\/schema\/logo\/image\/","url":"https:\/\/iraurgiberritzen.eus\/wp-content\/uploads\/2024\/02\/IRAURGI-BERRITZEN-logotipoa_2.png","contentUrl":"https:\/\/iraurgiberritzen.eus\/wp-content\/uploads\/2024\/02\/IRAURGI-BERRITZEN-logotipoa_2.png","width":496,"height":190,"caption":"Iraurgi Berritzen"},"image":{"@id":"https:\/\/iraurgiberritzen.eus\/es\/#\/schema\/logo\/image\/"}},{"@type":"Person","@id":"https:\/\/iraurgiberritzen.eus\/es\/#\/schema\/person\/5ab41aaf388a9097177601ebf45738d2","name":"kudeatzailea","sameAs":["https:\/\/iraurgiberritzen.eus"]}]}},"_links":{"self":[{"href":"https:\/\/iraurgiberritzen.eus\/es\/wp-json\/wp\/v2\/posts\/12547","targetHints":{"allow":["GET"]}}],"collection":[{"href":"https:\/\/iraurgiberritzen.eus\/es\/wp-json\/wp\/v2\/posts"}],"about":[{"href":"https:\/\/iraurgiberritzen.eus\/es\/wp-json\/wp\/v2\/types\/post"}],"author":[{"embeddable":true,"href":"https:\/\/iraurgiberritzen.eus\/es\/wp-json\/wp\/v2\/users\/1"}],"replies":[{"embeddable":true,"href":"https:\/\/iraurgiberritzen.eus\/es\/wp-json\/wp\/v2\/comments?post=12547"}],"version-history":[{"count":0,"href":"https:\/\/iraurgiberritzen.eus\/es\/wp-json\/wp\/v2\/posts\/12547\/revisions"}],"wp:featuredmedia":[{"embeddable":true,"href":"https:\/\/iraurgiberritzen.eus\/es\/wp-json\/wp\/v2\/media\/17831"}],"wp:attachment":[{"href":"https:\/\/iraurgiberritzen.eus\/es\/wp-json\/wp\/v2\/media?parent=12547"}],"wp:term":[{"taxonomy":"category","embeddable":true,"href":"https:\/\/iraurgiberritzen.eus\/es\/wp-json\/wp\/v2\/categories?post=12547"},{"taxonomy":"post_tag","embeddable":true,"href":"https:\/\/iraurgiberritzen.eus\/es\/wp-json\/wp\/v2\/tags?post=12547"}],"curies":[{"name":"wp","href":"https:\/\/api.w.org\/{rel}","templated":true}]}}