{"id":12553,"date":"2019-02-28T06:46:19","date_gmt":"2019-02-28T04:46:19","guid":{"rendered":"https:\/\/iraurgiberritzen.eus\/la-oferta-turistica-comarcal-ha-estado-presente-en-la-feria-navartur-de-la-mano-de-iraurgi-berritzen\/"},"modified":"2019-02-28T06:46:19","modified_gmt":"2019-02-28T04:46:19","slug":"la-oferta-turistica-comarcal-ha-estado-presente-en-la-feria-navartur-de-la-mano-de-iraurgi-berritzen","status":"publish","type":"post","link":"https:\/\/iraurgiberritzen.eus\/es\/la-oferta-turistica-comarcal-ha-estado-presente-en-la-feria-navartur-de-la-mano-de-iraurgi-berritzen\/","title":{"rendered":"La oferta tur\u00edstica comarcal ha estado presente en la Feria Navartur de la mano de Iraurgi Berritzen"},"content":{"rendered":"<p style=\"text-align: justify;\">Durante los d\u00edas 22-24 de febrero se ha celebrado en el centro de convenciones Baluarte de Pamplona la feria de turismo de Navarra NAVARTUR.<\/p>\n<p style=\"text-align: justify;\">La oferta tur\u00edstica de la comarca de Urola Erdia ha tenido su presencia y protagonismo en la feria gracias al convenio de colaboraci\u00f3n que Iraurgi Berritzen tiene con el Departamento de Turismo de la Diputaci\u00f3n Foral de Gipuzkoa a trav\u00e9s del cual participamos en la diferentes ferias de turismo que se celebran a lo largo del Estado bajo la marca EXPLORE SAN SEBASTIAN REGION.<\/p>\n","protected":false},"excerpt":{"rendered":"<p>Durante los d\u00edas 22-24 de febrero se ha celebrado en el centro de convenciones Baluarte de Pamplona la feria de turismo de Navarra NAVARTUR. La oferta tur\u00edstica de la comarca de Urola Erdia ha tenido su presencia y protagonismo en la feria gracias al convenio de colaboraci\u00f3n que Iraurgi Berritzen tiene con el Departamento de [&hellip;]<\/p>\n","protected":false},"author":1,"featured_media":17832,"comment_status":"","ping_status":"closed","sticky":false,"template":"","format":"standard","meta":{"_acf_changed":false,"footnotes":""},"categories":[4],"tags":[],"class_list":["post-12553","post","type-post","status-publish","format-standard","has-post-thumbnail","hentry","category-noticias"],"acf":[],"yoast_head":"<!-- This site is optimized with the Yoast SEO plugin v27.4 - https:\/\/yoast.com\/product\/yoast-seo-wordpress\/ -->\n<title>La oferta tur\u00edstica comarcal ha estado presente en la Feria Navartur de la mano de Iraurgi Berritzen - Iraurgi Berritzen<\/title>\n<meta name=\"robots\" content=\"index, follow, max-snippet:-1, max-image-preview:large, max-video-preview:-1\" \/>\n<link rel=\"canonical\" href=\"https:\/\/iraurgiberritzen.eus\/es\/la-oferta-turistica-comarcal-ha-estado-presente-en-la-feria-navartur-de-la-mano-de-iraurgi-berritzen\/\" \/>\n<meta property=\"og:locale\" content=\"es_ES\" \/>\n<meta property=\"og:type\" content=\"article\" \/>\n<meta property=\"og:title\" content=\"La oferta tur\u00edstica comarcal ha estado presente en la Feria Navartur de la mano de Iraurgi Berritzen - Iraurgi Berritzen\" \/>\n<meta property=\"og:description\" content=\"Durante los d\u00edas 22-24 de febrero se ha celebrado en el centro de convenciones Baluarte de Pamplona la feria de turismo de Navarra NAVARTUR. La oferta tur\u00edstica de la comarca de Urola Erdia ha tenido su presencia y protagonismo en la feria gracias al convenio de colaboraci\u00f3n que Iraurgi Berritzen tiene con el Departamento de [&hellip;]\" \/>\n<meta property=\"og:url\" content=\"https:\/\/iraurgiberritzen.eus\/es\/la-oferta-turistica-comarcal-ha-estado-presente-en-la-feria-navartur-de-la-mano-de-iraurgi-berritzen\/\" \/>\n<meta property=\"og:site_name\" content=\"Iraurgi Berritzen\" \/>\n<meta property=\"article:published_time\" content=\"2019-02-28T04:46:19+00:00\" \/>\n<meta name=\"author\" content=\"kudeatzailea\" \/>\n<meta name=\"twitter:card\" content=\"summary_large_image\" \/>\n<meta name=\"twitter:label1\" content=\"Escrito por\" \/>\n\t<meta name=\"twitter:data1\" content=\"kudeatzailea\" \/>\n<script type=\"application\/ld+json\" class=\"yoast-schema-graph\">{\"@context\":\"https:\\\/\\\/schema.org\",\"@graph\":[{\"@type\":\"Article\",\"@id\":\"https:\\\/\\\/iraurgiberritzen.eus\\\/es\\\/la-oferta-turistica-comarcal-ha-estado-presente-en-la-feria-navartur-de-la-mano-de-iraurgi-berritzen\\\/#article\",\"isPartOf\":{\"@id\":\"https:\\\/\\\/iraurgiberritzen.eus\\\/es\\\/la-oferta-turistica-comarcal-ha-estado-presente-en-la-feria-navartur-de-la-mano-de-iraurgi-berritzen\\\/\"},\"author\":{\"name\":\"kudeatzailea\",\"@id\":\"https:\\\/\\\/iraurgiberritzen.eus\\\/es\\\/#\\\/schema\\\/person\\\/5ab41aaf388a9097177601ebf45738d2\"},\"headline\":\"La oferta tur\u00edstica comarcal ha estado presente en la Feria Navartur de la mano de Iraurgi Berritzen\",\"datePublished\":\"2019-02-28T04:46:19+00:00\",\"mainEntityOfPage\":{\"@id\":\"https:\\\/\\\/iraurgiberritzen.eus\\\/es\\\/la-oferta-turistica-comarcal-ha-estado-presente-en-la-feria-navartur-de-la-mano-de-iraurgi-berritzen\\\/\"},\"wordCount\":111,\"publisher\":{\"@id\":\"https:\\\/\\\/iraurgiberritzen.eus\\\/es\\\/#organization\"},\"image\":{\"@id\":\"https:\\\/\\\/iraurgiberritzen.eus\\\/es\\\/la-oferta-turistica-comarcal-ha-estado-presente-en-la-feria-navartur-de-la-mano-de-iraurgi-berritzen\\\/#primaryimage\"},\"thumbnailUrl\":\"https:\\\/\\\/iraurgiberritzen.eus\\\/wp-content\\\/uploads\\\/2023\\\/09\\\/d18d1528ee4c2188221135de26d79754.jpg\",\"articleSection\":[\"Noticias\"],\"inLanguage\":\"es\"},{\"@type\":\"WebPage\",\"@id\":\"https:\\\/\\\/iraurgiberritzen.eus\\\/es\\\/la-oferta-turistica-comarcal-ha-estado-presente-en-la-feria-navartur-de-la-mano-de-iraurgi-berritzen\\\/\",\"url\":\"https:\\\/\\\/iraurgiberritzen.eus\\\/es\\\/la-oferta-turistica-comarcal-ha-estado-presente-en-la-feria-navartur-de-la-mano-de-iraurgi-berritzen\\\/\",\"name\":\"La oferta tur\u00edstica comarcal ha estado presente en la Feria Navartur de la mano de Iraurgi Berritzen - Iraurgi Berritzen\",\"isPartOf\":{\"@id\":\"https:\\\/\\\/iraurgiberritzen.eus\\\/es\\\/#website\"},\"primaryImageOfPage\":{\"@id\":\"https:\\\/\\\/iraurgiberritzen.eus\\\/es\\\/la-oferta-turistica-comarcal-ha-estado-presente-en-la-feria-navartur-de-la-mano-de-iraurgi-berritzen\\\/#primaryimage\"},\"image\":{\"@id\":\"https:\\\/\\\/iraurgiberritzen.eus\\\/es\\\/la-oferta-turistica-comarcal-ha-estado-presente-en-la-feria-navartur-de-la-mano-de-iraurgi-berritzen\\\/#primaryimage\"},\"thumbnailUrl\":\"https:\\\/\\\/iraurgiberritzen.eus\\\/wp-content\\\/uploads\\\/2023\\\/09\\\/d18d1528ee4c2188221135de26d79754.jpg\",\"datePublished\":\"2019-02-28T04:46:19+00:00\",\"breadcrumb\":{\"@id\":\"https:\\\/\\\/iraurgiberritzen.eus\\\/es\\\/la-oferta-turistica-comarcal-ha-estado-presente-en-la-feria-navartur-de-la-mano-de-iraurgi-berritzen\\\/#breadcrumb\"},\"inLanguage\":\"es\",\"potentialAction\":[{\"@type\":\"ReadAction\",\"target\":[\"https:\\\/\\\/iraurgiberritzen.eus\\\/es\\\/la-oferta-turistica-comarcal-ha-estado-presente-en-la-feria-navartur-de-la-mano-de-iraurgi-berritzen\\\/\"]}]},{\"@type\":\"ImageObject\",\"inLanguage\":\"es\",\"@id\":\"https:\\\/\\\/iraurgiberritzen.eus\\\/es\\\/la-oferta-turistica-comarcal-ha-estado-presente-en-la-feria-navartur-de-la-mano-de-iraurgi-berritzen\\\/#primaryimage\",\"url\":\"https:\\\/\\\/iraurgiberritzen.eus\\\/wp-content\\\/uploads\\\/2023\\\/09\\\/d18d1528ee4c2188221135de26d79754.jpg\",\"contentUrl\":\"https:\\\/\\\/iraurgiberritzen.eus\\\/wp-content\\\/uploads\\\/2023\\\/09\\\/d18d1528ee4c2188221135de26d79754.jpg\",\"width\":600,\"height\":386},{\"@type\":\"BreadcrumbList\",\"@id\":\"https:\\\/\\\/iraurgiberritzen.eus\\\/es\\\/la-oferta-turistica-comarcal-ha-estado-presente-en-la-feria-navartur-de-la-mano-de-iraurgi-berritzen\\\/#breadcrumb\",\"itemListElement\":[{\"@type\":\"ListItem\",\"position\":1,\"name\":\"Home\",\"item\":\"https:\\\/\\\/iraurgiberritzen.eus\\\/es\\\/\"},{\"@type\":\"ListItem\",\"position\":2,\"name\":\"La oferta tur\u00edstica comarcal ha estado presente en la Feria Navartur de la mano de Iraurgi Berritzen\"}]},{\"@type\":\"WebSite\",\"@id\":\"https:\\\/\\\/iraurgiberritzen.eus\\\/es\\\/#website\",\"url\":\"https:\\\/\\\/iraurgiberritzen.eus\\\/es\\\/\",\"name\":\"Iraurgi Berritzen\",\"description\":\"Urola Erdiko Garapen Agentzia\",\"publisher\":{\"@id\":\"https:\\\/\\\/iraurgiberritzen.eus\\\/es\\\/#organization\"},\"potentialAction\":[{\"@type\":\"SearchAction\",\"target\":{\"@type\":\"EntryPoint\",\"urlTemplate\":\"https:\\\/\\\/iraurgiberritzen.eus\\\/es\\\/?s={search_term_string}\"},\"query-input\":{\"@type\":\"PropertyValueSpecification\",\"valueRequired\":true,\"valueName\":\"search_term_string\"}}],\"inLanguage\":\"es\"},{\"@type\":\"Organization\",\"@id\":\"https:\\\/\\\/iraurgiberritzen.eus\\\/es\\\/#organization\",\"name\":\"Iraurgi Berritzen\",\"url\":\"https:\\\/\\\/iraurgiberritzen.eus\\\/es\\\/\",\"logo\":{\"@type\":\"ImageObject\",\"inLanguage\":\"es\",\"@id\":\"https:\\\/\\\/iraurgiberritzen.eus\\\/es\\\/#\\\/schema\\\/logo\\\/image\\\/\",\"url\":\"https:\\\/\\\/iraurgiberritzen.eus\\\/wp-content\\\/uploads\\\/2024\\\/02\\\/IRAURGI-BERRITZEN-logotipoa_2.png\",\"contentUrl\":\"https:\\\/\\\/iraurgiberritzen.eus\\\/wp-content\\\/uploads\\\/2024\\\/02\\\/IRAURGI-BERRITZEN-logotipoa_2.png\",\"width\":496,\"height\":190,\"caption\":\"Iraurgi Berritzen\"},\"image\":{\"@id\":\"https:\\\/\\\/iraurgiberritzen.eus\\\/es\\\/#\\\/schema\\\/logo\\\/image\\\/\"}},{\"@type\":\"Person\",\"@id\":\"https:\\\/\\\/iraurgiberritzen.eus\\\/es\\\/#\\\/schema\\\/person\\\/5ab41aaf388a9097177601ebf45738d2\",\"name\":\"kudeatzailea\",\"sameAs\":[\"https:\\\/\\\/iraurgiberritzen.eus\"]}]}<\/script>\n<!-- \/ Yoast SEO plugin. -->","yoast_head_json":{"title":"La oferta tur\u00edstica comarcal ha estado presente en la Feria Navartur de la mano de Iraurgi Berritzen - Iraurgi Berritzen","robots":{"index":"index","follow":"follow","max-snippet":"max-snippet:-1","max-image-preview":"max-image-preview:large","max-video-preview":"max-video-preview:-1"},"canonical":"https:\/\/iraurgiberritzen.eus\/es\/la-oferta-turistica-comarcal-ha-estado-presente-en-la-feria-navartur-de-la-mano-de-iraurgi-berritzen\/","og_locale":"es_ES","og_type":"article","og_title":"La oferta tur\u00edstica comarcal ha estado presente en la Feria Navartur de la mano de Iraurgi Berritzen - Iraurgi Berritzen","og_description":"Durante los d\u00edas 22-24 de febrero se ha celebrado en el centro de convenciones Baluarte de Pamplona la feria de turismo de Navarra NAVARTUR. La oferta tur\u00edstica de la comarca de Urola Erdia ha tenido su presencia y protagonismo en la feria gracias al convenio de colaboraci\u00f3n que Iraurgi Berritzen tiene con el Departamento de [&hellip;]","og_url":"https:\/\/iraurgiberritzen.eus\/es\/la-oferta-turistica-comarcal-ha-estado-presente-en-la-feria-navartur-de-la-mano-de-iraurgi-berritzen\/","og_site_name":"Iraurgi Berritzen","article_published_time":"2019-02-28T04:46:19+00:00","author":"kudeatzailea","twitter_card":"summary_large_image","twitter_misc":{"Escrito por":"kudeatzailea"},"schema":{"@context":"https:\/\/schema.org","@graph":[{"@type":"Article","@id":"https:\/\/iraurgiberritzen.eus\/es\/la-oferta-turistica-comarcal-ha-estado-presente-en-la-feria-navartur-de-la-mano-de-iraurgi-berritzen\/#article","isPartOf":{"@id":"https:\/\/iraurgiberritzen.eus\/es\/la-oferta-turistica-comarcal-ha-estado-presente-en-la-feria-navartur-de-la-mano-de-iraurgi-berritzen\/"},"author":{"name":"kudeatzailea","@id":"https:\/\/iraurgiberritzen.eus\/es\/#\/schema\/person\/5ab41aaf388a9097177601ebf45738d2"},"headline":"La oferta tur\u00edstica comarcal ha estado presente en la Feria Navartur de la mano de Iraurgi Berritzen","datePublished":"2019-02-28T04:46:19+00:00","mainEntityOfPage":{"@id":"https:\/\/iraurgiberritzen.eus\/es\/la-oferta-turistica-comarcal-ha-estado-presente-en-la-feria-navartur-de-la-mano-de-iraurgi-berritzen\/"},"wordCount":111,"publisher":{"@id":"https:\/\/iraurgiberritzen.eus\/es\/#organization"},"image":{"@id":"https:\/\/iraurgiberritzen.eus\/es\/la-oferta-turistica-comarcal-ha-estado-presente-en-la-feria-navartur-de-la-mano-de-iraurgi-berritzen\/#primaryimage"},"thumbnailUrl":"https:\/\/iraurgiberritzen.eus\/wp-content\/uploads\/2023\/09\/d18d1528ee4c2188221135de26d79754.jpg","articleSection":["Noticias"],"inLanguage":"es"},{"@type":"WebPage","@id":"https:\/\/iraurgiberritzen.eus\/es\/la-oferta-turistica-comarcal-ha-estado-presente-en-la-feria-navartur-de-la-mano-de-iraurgi-berritzen\/","url":"https:\/\/iraurgiberritzen.eus\/es\/la-oferta-turistica-comarcal-ha-estado-presente-en-la-feria-navartur-de-la-mano-de-iraurgi-berritzen\/","name":"La oferta tur\u00edstica comarcal ha estado presente en la Feria Navartur de la mano de Iraurgi Berritzen - Iraurgi Berritzen","isPartOf":{"@id":"https:\/\/iraurgiberritzen.eus\/es\/#website"},"primaryImageOfPage":{"@id":"https:\/\/iraurgiberritzen.eus\/es\/la-oferta-turistica-comarcal-ha-estado-presente-en-la-feria-navartur-de-la-mano-de-iraurgi-berritzen\/#primaryimage"},"image":{"@id":"https:\/\/iraurgiberritzen.eus\/es\/la-oferta-turistica-comarcal-ha-estado-presente-en-la-feria-navartur-de-la-mano-de-iraurgi-berritzen\/#primaryimage"},"thumbnailUrl":"https:\/\/iraurgiberritzen.eus\/wp-content\/uploads\/2023\/09\/d18d1528ee4c2188221135de26d79754.jpg","datePublished":"2019-02-28T04:46:19+00:00","breadcrumb":{"@id":"https:\/\/iraurgiberritzen.eus\/es\/la-oferta-turistica-comarcal-ha-estado-presente-en-la-feria-navartur-de-la-mano-de-iraurgi-berritzen\/#breadcrumb"},"inLanguage":"es","potentialAction":[{"@type":"ReadAction","target":["https:\/\/iraurgiberritzen.eus\/es\/la-oferta-turistica-comarcal-ha-estado-presente-en-la-feria-navartur-de-la-mano-de-iraurgi-berritzen\/"]}]},{"@type":"ImageObject","inLanguage":"es","@id":"https:\/\/iraurgiberritzen.eus\/es\/la-oferta-turistica-comarcal-ha-estado-presente-en-la-feria-navartur-de-la-mano-de-iraurgi-berritzen\/#primaryimage","url":"https:\/\/iraurgiberritzen.eus\/wp-content\/uploads\/2023\/09\/d18d1528ee4c2188221135de26d79754.jpg","contentUrl":"https:\/\/iraurgiberritzen.eus\/wp-content\/uploads\/2023\/09\/d18d1528ee4c2188221135de26d79754.jpg","width":600,"height":386},{"@type":"BreadcrumbList","@id":"https:\/\/iraurgiberritzen.eus\/es\/la-oferta-turistica-comarcal-ha-estado-presente-en-la-feria-navartur-de-la-mano-de-iraurgi-berritzen\/#breadcrumb","itemListElement":[{"@type":"ListItem","position":1,"name":"Home","item":"https:\/\/iraurgiberritzen.eus\/es\/"},{"@type":"ListItem","position":2,"name":"La oferta tur\u00edstica comarcal ha estado presente en la Feria Navartur de la mano de Iraurgi Berritzen"}]},{"@type":"WebSite","@id":"https:\/\/iraurgiberritzen.eus\/es\/#website","url":"https:\/\/iraurgiberritzen.eus\/es\/","name":"Iraurgi Berritzen","description":"Urola Erdiko Garapen Agentzia","publisher":{"@id":"https:\/\/iraurgiberritzen.eus\/es\/#organization"},"potentialAction":[{"@type":"SearchAction","target":{"@type":"EntryPoint","urlTemplate":"https:\/\/iraurgiberritzen.eus\/es\/?s={search_term_string}"},"query-input":{"@type":"PropertyValueSpecification","valueRequired":true,"valueName":"search_term_string"}}],"inLanguage":"es"},{"@type":"Organization","@id":"https:\/\/iraurgiberritzen.eus\/es\/#organization","name":"Iraurgi Berritzen","url":"https:\/\/iraurgiberritzen.eus\/es\/","logo":{"@type":"ImageObject","inLanguage":"es","@id":"https:\/\/iraurgiberritzen.eus\/es\/#\/schema\/logo\/image\/","url":"https:\/\/iraurgiberritzen.eus\/wp-content\/uploads\/2024\/02\/IRAURGI-BERRITZEN-logotipoa_2.png","contentUrl":"https:\/\/iraurgiberritzen.eus\/wp-content\/uploads\/2024\/02\/IRAURGI-BERRITZEN-logotipoa_2.png","width":496,"height":190,"caption":"Iraurgi Berritzen"},"image":{"@id":"https:\/\/iraurgiberritzen.eus\/es\/#\/schema\/logo\/image\/"}},{"@type":"Person","@id":"https:\/\/iraurgiberritzen.eus\/es\/#\/schema\/person\/5ab41aaf388a9097177601ebf45738d2","name":"kudeatzailea","sameAs":["https:\/\/iraurgiberritzen.eus"]}]}},"_links":{"self":[{"href":"https:\/\/iraurgiberritzen.eus\/es\/wp-json\/wp\/v2\/posts\/12553","targetHints":{"allow":["GET"]}}],"collection":[{"href":"https:\/\/iraurgiberritzen.eus\/es\/wp-json\/wp\/v2\/posts"}],"about":[{"href":"https:\/\/iraurgiberritzen.eus\/es\/wp-json\/wp\/v2\/types\/post"}],"author":[{"embeddable":true,"href":"https:\/\/iraurgiberritzen.eus\/es\/wp-json\/wp\/v2\/users\/1"}],"replies":[{"embeddable":true,"href":"https:\/\/iraurgiberritzen.eus\/es\/wp-json\/wp\/v2\/comments?post=12553"}],"version-history":[{"count":0,"href":"https:\/\/iraurgiberritzen.eus\/es\/wp-json\/wp\/v2\/posts\/12553\/revisions"}],"wp:featuredmedia":[{"embeddable":true,"href":"https:\/\/iraurgiberritzen.eus\/es\/wp-json\/wp\/v2\/media\/17832"}],"wp:attachment":[{"href":"https:\/\/iraurgiberritzen.eus\/es\/wp-json\/wp\/v2\/media?parent=12553"}],"wp:term":[{"taxonomy":"category","embeddable":true,"href":"https:\/\/iraurgiberritzen.eus\/es\/wp-json\/wp\/v2\/categories?post=12553"},{"taxonomy":"post_tag","embeddable":true,"href":"https:\/\/iraurgiberritzen.eus\/es\/wp-json\/wp\/v2\/tags?post=12553"}],"curies":[{"name":"wp","href":"https:\/\/api.w.org\/{rel}","templated":true}]}}