{"id":12556,"date":"2019-02-28T11:27:13","date_gmt":"2019-02-28T09:27:13","guid":{"rendered":"https:\/\/iraurgiberritzen.eus\/los-emprendedores-de-la-comarca-han-compartido-sus-vivencias-emprendedoras-con-los-as-alumnos-as-de-urola-ikastola\/"},"modified":"2019-02-28T11:27:13","modified_gmt":"2019-02-28T09:27:13","slug":"los-emprendedores-de-la-comarca-han-compartido-sus-vivencias-emprendedoras-con-los-as-alumnos-as-de-urola-ikastola","status":"publish","type":"post","link":"https:\/\/iraurgiberritzen.eus\/es\/los-emprendedores-de-la-comarca-han-compartido-sus-vivencias-emprendedoras-con-los-as-alumnos-as-de-urola-ikastola\/","title":{"rendered":"Los emprendedores de la comarca han compartido sus vivencias emprendedoras con los\/as alumnos\/as de Urola Ikastola"},"content":{"rendered":"<p style=\"text-align: justify;\">El proyecto de educaci\u00f3n IZAN EKINTZAILE! adem\u00e1s de sensibilizar a los alumnos acerca de las competencias necesarias a la hora de emprender, tiene como objetivo dar visibilidad a las personas emprendedoras de la comarca.<\/p>\n<p style=\"text-align: justify;\">Por ello, el pasado 25 de febrero, los emprendedoras Jon Garate de HOBETUZ y a Xabi y Ioritz de ELIKAGUNE compartieron sus experiencias con los\/As alumnos\/AS de segundo de bachiller.<\/p>\n<p style=\"text-align: justify;\">Los tres emprendedores hablaron sobre diferentes capacidades\/cualidades que tiene que tener una persona para iniciar una actividad por cuenta propia. Jon Garate remarc\u00f3 la importancia de identificar una necesidad y de ir adaptando constantemente. Por otro lado, Xabi y Ioritz tuvieron como eje la importancia de trabajar en colaboraci\u00f3n. Para terminar la sesi\u00f3n, los\/as alumnos\/as hicieron una din\u00e1mica de juego donde pusieron en pr\u00e1ctica distintas competencias emprendedoras. <a href=\"https:\/\/vimeo.com\/320466397\" target=\"_blank\" rel=\"noopener\">Ver v\u00eddeo<\/a>.<\/p>\n<p style=\"text-align: justify;\">Izan Ekintzaile! Es un proyecto donde participan diferentes centros escolares de Urola Erdia. El proyecto se basa en tres objetivos principales:<\/p>\n<ol>\n<li style=\"text-align: justify;\">Que los alumnos conozcan de primera mano las experiencias de las personas emprendedoras y reflexionar acerca de las capacidades que se requieren.<\/li>\n<li style=\"text-align: justify;\">Dar apoyo al personal docente en la aplicaci\u00f3n de diferentes metodolog\u00edas de ense\u00f1anza.<\/li>\n<li style=\"text-align: justify;\">Valorizar y dar visibilidad a las personas emprendedoras de la comarca.<\/li>\n<\/ol>\n","protected":false},"excerpt":{"rendered":"<p>El proyecto de educaci\u00f3n IZAN EKINTZAILE! adem\u00e1s de sensibilizar a los alumnos acerca de las competencias necesarias a la hora de emprender, tiene como objetivo dar visibilidad a las personas emprendedoras de la comarca. Por ello, el pasado 25 de febrero, los emprendedoras Jon Garate de HOBETUZ y a Xabi y Ioritz de ELIKAGUNE compartieron [&hellip;]<\/p>\n","protected":false},"author":1,"featured_media":17833,"comment_status":"","ping_status":"closed","sticky":false,"template":"","format":"standard","meta":{"_acf_changed":false,"footnotes":""},"categories":[4],"tags":[],"class_list":["post-12556","post","type-post","status-publish","format-standard","has-post-thumbnail","hentry","category-noticias"],"acf":[],"yoast_head":"<!-- This site is optimized with the Yoast SEO plugin v27.4 - https:\/\/yoast.com\/product\/yoast-seo-wordpress\/ -->\n<title>Los emprendedores de la comarca han compartido sus vivencias emprendedoras con los\/as alumnos\/as de Urola Ikastola - Iraurgi Berritzen<\/title>\n<meta name=\"robots\" content=\"index, follow, max-snippet:-1, max-image-preview:large, max-video-preview:-1\" \/>\n<link rel=\"canonical\" href=\"https:\/\/iraurgiberritzen.eus\/es\/los-emprendedores-de-la-comarca-han-compartido-sus-vivencias-emprendedoras-con-los-as-alumnos-as-de-urola-ikastola\/\" \/>\n<meta property=\"og:locale\" content=\"es_ES\" \/>\n<meta property=\"og:type\" content=\"article\" \/>\n<meta property=\"og:title\" content=\"Los emprendedores de la comarca han compartido sus vivencias emprendedoras con los\/as alumnos\/as de Urola Ikastola - Iraurgi Berritzen\" \/>\n<meta property=\"og:description\" content=\"El proyecto de educaci\u00f3n IZAN EKINTZAILE! adem\u00e1s de sensibilizar a los alumnos acerca de las competencias necesarias a la hora de emprender, tiene como objetivo dar visibilidad a las personas emprendedoras de la comarca. Por ello, el pasado 25 de febrero, los emprendedoras Jon Garate de HOBETUZ y a Xabi y Ioritz de ELIKAGUNE compartieron [&hellip;]\" \/>\n<meta property=\"og:url\" content=\"https:\/\/iraurgiberritzen.eus\/es\/los-emprendedores-de-la-comarca-han-compartido-sus-vivencias-emprendedoras-con-los-as-alumnos-as-de-urola-ikastola\/\" \/>\n<meta property=\"og:site_name\" content=\"Iraurgi Berritzen\" \/>\n<meta property=\"article:published_time\" content=\"2019-02-28T09:27:13+00:00\" \/>\n<meta name=\"author\" content=\"kudeatzailea\" \/>\n<meta name=\"twitter:card\" content=\"summary_large_image\" \/>\n<meta name=\"twitter:label1\" content=\"Escrito por\" \/>\n\t<meta name=\"twitter:data1\" content=\"kudeatzailea\" \/>\n\t<meta name=\"twitter:label2\" content=\"Tiempo de lectura\" \/>\n\t<meta name=\"twitter:data2\" content=\"1 minuto\" \/>\n<script type=\"application\/ld+json\" class=\"yoast-schema-graph\">{\"@context\":\"https:\\\/\\\/schema.org\",\"@graph\":[{\"@type\":\"Article\",\"@id\":\"https:\\\/\\\/iraurgiberritzen.eus\\\/es\\\/los-emprendedores-de-la-comarca-han-compartido-sus-vivencias-emprendedoras-con-los-as-alumnos-as-de-urola-ikastola\\\/#article\",\"isPartOf\":{\"@id\":\"https:\\\/\\\/iraurgiberritzen.eus\\\/es\\\/los-emprendedores-de-la-comarca-han-compartido-sus-vivencias-emprendedoras-con-los-as-alumnos-as-de-urola-ikastola\\\/\"},\"author\":{\"name\":\"kudeatzailea\",\"@id\":\"https:\\\/\\\/iraurgiberritzen.eus\\\/es\\\/#\\\/schema\\\/person\\\/5ab41aaf388a9097177601ebf45738d2\"},\"headline\":\"Los emprendedores de la comarca han compartido sus vivencias emprendedoras con los\\\/as alumnos\\\/as de Urola Ikastola\",\"datePublished\":\"2019-02-28T09:27:13+00:00\",\"mainEntityOfPage\":{\"@id\":\"https:\\\/\\\/iraurgiberritzen.eus\\\/es\\\/los-emprendedores-de-la-comarca-han-compartido-sus-vivencias-emprendedoras-con-los-as-alumnos-as-de-urola-ikastola\\\/\"},\"wordCount\":232,\"publisher\":{\"@id\":\"https:\\\/\\\/iraurgiberritzen.eus\\\/es\\\/#organization\"},\"image\":{\"@id\":\"https:\\\/\\\/iraurgiberritzen.eus\\\/es\\\/los-emprendedores-de-la-comarca-han-compartido-sus-vivencias-emprendedoras-con-los-as-alumnos-as-de-urola-ikastola\\\/#primaryimage\"},\"thumbnailUrl\":\"https:\\\/\\\/iraurgiberritzen.eus\\\/wp-content\\\/uploads\\\/2023\\\/09\\\/02c3690c1c0f065ff00387ae9425f29c.jpg\",\"articleSection\":[\"Noticias\"],\"inLanguage\":\"es\"},{\"@type\":\"WebPage\",\"@id\":\"https:\\\/\\\/iraurgiberritzen.eus\\\/es\\\/los-emprendedores-de-la-comarca-han-compartido-sus-vivencias-emprendedoras-con-los-as-alumnos-as-de-urola-ikastola\\\/\",\"url\":\"https:\\\/\\\/iraurgiberritzen.eus\\\/es\\\/los-emprendedores-de-la-comarca-han-compartido-sus-vivencias-emprendedoras-con-los-as-alumnos-as-de-urola-ikastola\\\/\",\"name\":\"Los emprendedores de la comarca han compartido sus vivencias emprendedoras con los\\\/as alumnos\\\/as de Urola Ikastola - Iraurgi Berritzen\",\"isPartOf\":{\"@id\":\"https:\\\/\\\/iraurgiberritzen.eus\\\/es\\\/#website\"},\"primaryImageOfPage\":{\"@id\":\"https:\\\/\\\/iraurgiberritzen.eus\\\/es\\\/los-emprendedores-de-la-comarca-han-compartido-sus-vivencias-emprendedoras-con-los-as-alumnos-as-de-urola-ikastola\\\/#primaryimage\"},\"image\":{\"@id\":\"https:\\\/\\\/iraurgiberritzen.eus\\\/es\\\/los-emprendedores-de-la-comarca-han-compartido-sus-vivencias-emprendedoras-con-los-as-alumnos-as-de-urola-ikastola\\\/#primaryimage\"},\"thumbnailUrl\":\"https:\\\/\\\/iraurgiberritzen.eus\\\/wp-content\\\/uploads\\\/2023\\\/09\\\/02c3690c1c0f065ff00387ae9425f29c.jpg\",\"datePublished\":\"2019-02-28T09:27:13+00:00\",\"breadcrumb\":{\"@id\":\"https:\\\/\\\/iraurgiberritzen.eus\\\/es\\\/los-emprendedores-de-la-comarca-han-compartido-sus-vivencias-emprendedoras-con-los-as-alumnos-as-de-urola-ikastola\\\/#breadcrumb\"},\"inLanguage\":\"es\",\"potentialAction\":[{\"@type\":\"ReadAction\",\"target\":[\"https:\\\/\\\/iraurgiberritzen.eus\\\/es\\\/los-emprendedores-de-la-comarca-han-compartido-sus-vivencias-emprendedoras-con-los-as-alumnos-as-de-urola-ikastola\\\/\"]}]},{\"@type\":\"ImageObject\",\"inLanguage\":\"es\",\"@id\":\"https:\\\/\\\/iraurgiberritzen.eus\\\/es\\\/los-emprendedores-de-la-comarca-han-compartido-sus-vivencias-emprendedoras-con-los-as-alumnos-as-de-urola-ikastola\\\/#primaryimage\",\"url\":\"https:\\\/\\\/iraurgiberritzen.eus\\\/wp-content\\\/uploads\\\/2023\\\/09\\\/02c3690c1c0f065ff00387ae9425f29c.jpg\",\"contentUrl\":\"https:\\\/\\\/iraurgiberritzen.eus\\\/wp-content\\\/uploads\\\/2023\\\/09\\\/02c3690c1c0f065ff00387ae9425f29c.jpg\",\"width\":600,\"height\":386},{\"@type\":\"BreadcrumbList\",\"@id\":\"https:\\\/\\\/iraurgiberritzen.eus\\\/es\\\/los-emprendedores-de-la-comarca-han-compartido-sus-vivencias-emprendedoras-con-los-as-alumnos-as-de-urola-ikastola\\\/#breadcrumb\",\"itemListElement\":[{\"@type\":\"ListItem\",\"position\":1,\"name\":\"Home\",\"item\":\"https:\\\/\\\/iraurgiberritzen.eus\\\/es\\\/\"},{\"@type\":\"ListItem\",\"position\":2,\"name\":\"Los emprendedores de la comarca han compartido sus vivencias emprendedoras con los\\\/as alumnos\\\/as de Urola Ikastola\"}]},{\"@type\":\"WebSite\",\"@id\":\"https:\\\/\\\/iraurgiberritzen.eus\\\/es\\\/#website\",\"url\":\"https:\\\/\\\/iraurgiberritzen.eus\\\/es\\\/\",\"name\":\"Iraurgi Berritzen\",\"description\":\"Urola Erdiko Garapen Agentzia\",\"publisher\":{\"@id\":\"https:\\\/\\\/iraurgiberritzen.eus\\\/es\\\/#organization\"},\"potentialAction\":[{\"@type\":\"SearchAction\",\"target\":{\"@type\":\"EntryPoint\",\"urlTemplate\":\"https:\\\/\\\/iraurgiberritzen.eus\\\/es\\\/?s={search_term_string}\"},\"query-input\":{\"@type\":\"PropertyValueSpecification\",\"valueRequired\":true,\"valueName\":\"search_term_string\"}}],\"inLanguage\":\"es\"},{\"@type\":\"Organization\",\"@id\":\"https:\\\/\\\/iraurgiberritzen.eus\\\/es\\\/#organization\",\"name\":\"Iraurgi Berritzen\",\"url\":\"https:\\\/\\\/iraurgiberritzen.eus\\\/es\\\/\",\"logo\":{\"@type\":\"ImageObject\",\"inLanguage\":\"es\",\"@id\":\"https:\\\/\\\/iraurgiberritzen.eus\\\/es\\\/#\\\/schema\\\/logo\\\/image\\\/\",\"url\":\"https:\\\/\\\/iraurgiberritzen.eus\\\/wp-content\\\/uploads\\\/2024\\\/02\\\/IRAURGI-BERRITZEN-logotipoa_2.png\",\"contentUrl\":\"https:\\\/\\\/iraurgiberritzen.eus\\\/wp-content\\\/uploads\\\/2024\\\/02\\\/IRAURGI-BERRITZEN-logotipoa_2.png\",\"width\":496,\"height\":190,\"caption\":\"Iraurgi Berritzen\"},\"image\":{\"@id\":\"https:\\\/\\\/iraurgiberritzen.eus\\\/es\\\/#\\\/schema\\\/logo\\\/image\\\/\"}},{\"@type\":\"Person\",\"@id\":\"https:\\\/\\\/iraurgiberritzen.eus\\\/es\\\/#\\\/schema\\\/person\\\/5ab41aaf388a9097177601ebf45738d2\",\"name\":\"kudeatzailea\",\"sameAs\":[\"https:\\\/\\\/iraurgiberritzen.eus\"]}]}<\/script>\n<!-- \/ Yoast SEO plugin. -->","yoast_head_json":{"title":"Los emprendedores de la comarca han compartido sus vivencias emprendedoras con los\/as alumnos\/as de Urola Ikastola - Iraurgi Berritzen","robots":{"index":"index","follow":"follow","max-snippet":"max-snippet:-1","max-image-preview":"max-image-preview:large","max-video-preview":"max-video-preview:-1"},"canonical":"https:\/\/iraurgiberritzen.eus\/es\/los-emprendedores-de-la-comarca-han-compartido-sus-vivencias-emprendedoras-con-los-as-alumnos-as-de-urola-ikastola\/","og_locale":"es_ES","og_type":"article","og_title":"Los emprendedores de la comarca han compartido sus vivencias emprendedoras con los\/as alumnos\/as de Urola Ikastola - Iraurgi Berritzen","og_description":"El proyecto de educaci\u00f3n IZAN EKINTZAILE! adem\u00e1s de sensibilizar a los alumnos acerca de las competencias necesarias a la hora de emprender, tiene como objetivo dar visibilidad a las personas emprendedoras de la comarca. Por ello, el pasado 25 de febrero, los emprendedoras Jon Garate de HOBETUZ y a Xabi y Ioritz de ELIKAGUNE compartieron [&hellip;]","og_url":"https:\/\/iraurgiberritzen.eus\/es\/los-emprendedores-de-la-comarca-han-compartido-sus-vivencias-emprendedoras-con-los-as-alumnos-as-de-urola-ikastola\/","og_site_name":"Iraurgi Berritzen","article_published_time":"2019-02-28T09:27:13+00:00","author":"kudeatzailea","twitter_card":"summary_large_image","twitter_misc":{"Escrito por":"kudeatzailea","Tiempo de lectura":"1 minuto"},"schema":{"@context":"https:\/\/schema.org","@graph":[{"@type":"Article","@id":"https:\/\/iraurgiberritzen.eus\/es\/los-emprendedores-de-la-comarca-han-compartido-sus-vivencias-emprendedoras-con-los-as-alumnos-as-de-urola-ikastola\/#article","isPartOf":{"@id":"https:\/\/iraurgiberritzen.eus\/es\/los-emprendedores-de-la-comarca-han-compartido-sus-vivencias-emprendedoras-con-los-as-alumnos-as-de-urola-ikastola\/"},"author":{"name":"kudeatzailea","@id":"https:\/\/iraurgiberritzen.eus\/es\/#\/schema\/person\/5ab41aaf388a9097177601ebf45738d2"},"headline":"Los emprendedores de la comarca han compartido sus vivencias emprendedoras con los\/as alumnos\/as de Urola Ikastola","datePublished":"2019-02-28T09:27:13+00:00","mainEntityOfPage":{"@id":"https:\/\/iraurgiberritzen.eus\/es\/los-emprendedores-de-la-comarca-han-compartido-sus-vivencias-emprendedoras-con-los-as-alumnos-as-de-urola-ikastola\/"},"wordCount":232,"publisher":{"@id":"https:\/\/iraurgiberritzen.eus\/es\/#organization"},"image":{"@id":"https:\/\/iraurgiberritzen.eus\/es\/los-emprendedores-de-la-comarca-han-compartido-sus-vivencias-emprendedoras-con-los-as-alumnos-as-de-urola-ikastola\/#primaryimage"},"thumbnailUrl":"https:\/\/iraurgiberritzen.eus\/wp-content\/uploads\/2023\/09\/02c3690c1c0f065ff00387ae9425f29c.jpg","articleSection":["Noticias"],"inLanguage":"es"},{"@type":"WebPage","@id":"https:\/\/iraurgiberritzen.eus\/es\/los-emprendedores-de-la-comarca-han-compartido-sus-vivencias-emprendedoras-con-los-as-alumnos-as-de-urola-ikastola\/","url":"https:\/\/iraurgiberritzen.eus\/es\/los-emprendedores-de-la-comarca-han-compartido-sus-vivencias-emprendedoras-con-los-as-alumnos-as-de-urola-ikastola\/","name":"Los emprendedores de la comarca han compartido sus vivencias emprendedoras con los\/as alumnos\/as de Urola Ikastola - Iraurgi Berritzen","isPartOf":{"@id":"https:\/\/iraurgiberritzen.eus\/es\/#website"},"primaryImageOfPage":{"@id":"https:\/\/iraurgiberritzen.eus\/es\/los-emprendedores-de-la-comarca-han-compartido-sus-vivencias-emprendedoras-con-los-as-alumnos-as-de-urola-ikastola\/#primaryimage"},"image":{"@id":"https:\/\/iraurgiberritzen.eus\/es\/los-emprendedores-de-la-comarca-han-compartido-sus-vivencias-emprendedoras-con-los-as-alumnos-as-de-urola-ikastola\/#primaryimage"},"thumbnailUrl":"https:\/\/iraurgiberritzen.eus\/wp-content\/uploads\/2023\/09\/02c3690c1c0f065ff00387ae9425f29c.jpg","datePublished":"2019-02-28T09:27:13+00:00","breadcrumb":{"@id":"https:\/\/iraurgiberritzen.eus\/es\/los-emprendedores-de-la-comarca-han-compartido-sus-vivencias-emprendedoras-con-los-as-alumnos-as-de-urola-ikastola\/#breadcrumb"},"inLanguage":"es","potentialAction":[{"@type":"ReadAction","target":["https:\/\/iraurgiberritzen.eus\/es\/los-emprendedores-de-la-comarca-han-compartido-sus-vivencias-emprendedoras-con-los-as-alumnos-as-de-urola-ikastola\/"]}]},{"@type":"ImageObject","inLanguage":"es","@id":"https:\/\/iraurgiberritzen.eus\/es\/los-emprendedores-de-la-comarca-han-compartido-sus-vivencias-emprendedoras-con-los-as-alumnos-as-de-urola-ikastola\/#primaryimage","url":"https:\/\/iraurgiberritzen.eus\/wp-content\/uploads\/2023\/09\/02c3690c1c0f065ff00387ae9425f29c.jpg","contentUrl":"https:\/\/iraurgiberritzen.eus\/wp-content\/uploads\/2023\/09\/02c3690c1c0f065ff00387ae9425f29c.jpg","width":600,"height":386},{"@type":"BreadcrumbList","@id":"https:\/\/iraurgiberritzen.eus\/es\/los-emprendedores-de-la-comarca-han-compartido-sus-vivencias-emprendedoras-con-los-as-alumnos-as-de-urola-ikastola\/#breadcrumb","itemListElement":[{"@type":"ListItem","position":1,"name":"Home","item":"https:\/\/iraurgiberritzen.eus\/es\/"},{"@type":"ListItem","position":2,"name":"Los emprendedores de la comarca han compartido sus vivencias emprendedoras con los\/as alumnos\/as de Urola Ikastola"}]},{"@type":"WebSite","@id":"https:\/\/iraurgiberritzen.eus\/es\/#website","url":"https:\/\/iraurgiberritzen.eus\/es\/","name":"Iraurgi Berritzen","description":"Urola Erdiko Garapen Agentzia","publisher":{"@id":"https:\/\/iraurgiberritzen.eus\/es\/#organization"},"potentialAction":[{"@type":"SearchAction","target":{"@type":"EntryPoint","urlTemplate":"https:\/\/iraurgiberritzen.eus\/es\/?s={search_term_string}"},"query-input":{"@type":"PropertyValueSpecification","valueRequired":true,"valueName":"search_term_string"}}],"inLanguage":"es"},{"@type":"Organization","@id":"https:\/\/iraurgiberritzen.eus\/es\/#organization","name":"Iraurgi Berritzen","url":"https:\/\/iraurgiberritzen.eus\/es\/","logo":{"@type":"ImageObject","inLanguage":"es","@id":"https:\/\/iraurgiberritzen.eus\/es\/#\/schema\/logo\/image\/","url":"https:\/\/iraurgiberritzen.eus\/wp-content\/uploads\/2024\/02\/IRAURGI-BERRITZEN-logotipoa_2.png","contentUrl":"https:\/\/iraurgiberritzen.eus\/wp-content\/uploads\/2024\/02\/IRAURGI-BERRITZEN-logotipoa_2.png","width":496,"height":190,"caption":"Iraurgi Berritzen"},"image":{"@id":"https:\/\/iraurgiberritzen.eus\/es\/#\/schema\/logo\/image\/"}},{"@type":"Person","@id":"https:\/\/iraurgiberritzen.eus\/es\/#\/schema\/person\/5ab41aaf388a9097177601ebf45738d2","name":"kudeatzailea","sameAs":["https:\/\/iraurgiberritzen.eus"]}]}},"_links":{"self":[{"href":"https:\/\/iraurgiberritzen.eus\/es\/wp-json\/wp\/v2\/posts\/12556","targetHints":{"allow":["GET"]}}],"collection":[{"href":"https:\/\/iraurgiberritzen.eus\/es\/wp-json\/wp\/v2\/posts"}],"about":[{"href":"https:\/\/iraurgiberritzen.eus\/es\/wp-json\/wp\/v2\/types\/post"}],"author":[{"embeddable":true,"href":"https:\/\/iraurgiberritzen.eus\/es\/wp-json\/wp\/v2\/users\/1"}],"replies":[{"embeddable":true,"href":"https:\/\/iraurgiberritzen.eus\/es\/wp-json\/wp\/v2\/comments?post=12556"}],"version-history":[{"count":0,"href":"https:\/\/iraurgiberritzen.eus\/es\/wp-json\/wp\/v2\/posts\/12556\/revisions"}],"wp:featuredmedia":[{"embeddable":true,"href":"https:\/\/iraurgiberritzen.eus\/es\/wp-json\/wp\/v2\/media\/17833"}],"wp:attachment":[{"href":"https:\/\/iraurgiberritzen.eus\/es\/wp-json\/wp\/v2\/media?parent=12556"}],"wp:term":[{"taxonomy":"category","embeddable":true,"href":"https:\/\/iraurgiberritzen.eus\/es\/wp-json\/wp\/v2\/categories?post=12556"},{"taxonomy":"post_tag","embeddable":true,"href":"https:\/\/iraurgiberritzen.eus\/es\/wp-json\/wp\/v2\/tags?post=12556"}],"curies":[{"name":"wp","href":"https:\/\/api.w.org\/{rel}","templated":true}]}}