{"id":12559,"date":"2019-03-01T08:20:21","date_gmt":"2019-03-01T06:20:21","guid":{"rendered":"https:\/\/iraurgiberritzen.eus\/por-tercer-ano-consecutivo-ya-esta-en-marcha-el-proyecto-ztim-urola-erdian\/"},"modified":"2019-03-01T08:20:21","modified_gmt":"2019-03-01T06:20:21","slug":"por-tercer-ano-consecutivo-ya-esta-en-marcha-el-proyecto-ztim-urola-erdian","status":"publish","type":"post","link":"https:\/\/iraurgiberritzen.eus\/es\/por-tercer-ano-consecutivo-ya-esta-en-marcha-el-proyecto-ztim-urola-erdian\/","title":{"rendered":"Por tercer a\u00f1o consecutivo ya est\u00e1 en marcha el proyecto \u201cZTIM Urola Erdian\u201d"},"content":{"rendered":"<p style=\"text-align: justify;\">Por tercer a\u00f1o consecutivo ya est\u00e1 en marcha el proyecto \u00abZTIM Urola Erdian\u00bb.&nbsp;La finalidad del proyecto consiste en fomentar vocaciones y capacidades cient\u00edfico-tecnol\u00f3gicas o \u00abZTIM\u00bb \u2013acr\u00f3nimo proveniente de las palabras \u00abZientzia\u00bb, \u00abTeknologia\u00bb, \u00abIngenieritza\u00bb y \u00abMatematika\u00bb- entre los j\u00f3venes de la comarca.<\/p>\n<p style=\"text-align: justify;\">La iniciativa tiene su origen en el \u00e1rea de \u00abEducaci\u00f3n\u00bb de \u00abIB Sarea\u00bb \u2013red de colaboraci\u00f3n de agentes de la comarca- y en ella participan los 5 centros formativos &#8211; Azkoitia BHI, Floreaga Salestar Ikastetxea, Iraurgi Ikastetxea, Azpeitiko Ikastola Ikasberri eta Urola Ikastola \u2013 de la comarca.<\/p>\n<p style=\"text-align: justify;\">El proyecto consiste en el desarrollo de proyectos de investigaci\u00f3n en las asignaturas cient\u00edfico-tecnol\u00f3gicas de los centros formativos; en concreto, en las etapas escolares de la ESO y el Bachillerato. Estos proyectos de investigaci\u00f3n se desarrollar\u00e1n en las asignaturas y etapas seleccionadas por los centros formativos. Entre otros proyectos, destacan los proyectos referentes a \u00abReacciones Qu\u00edmicas\u00bb, \u00abMicroorganismos\u00bb, \u00abEcolog\u00eda de los r\u00edos\u00bb, \u00abCristalograf\u00eda\u00bb o la \u00abPrototipaci\u00f3n\u00bb. Durante el desarrollo de este proyecto, tanto en la gesti\u00f3n de las sesiones formativas como en la tutorizaci\u00f3n del proyecto se prev\u00e9 la participaci\u00f3n de la Fundaci\u00f3n Elhuyar.<\/p>\n<p style=\"text-align: justify;\">El proyecto se estructura en dos fases principales. Por un lado, durante el \u00faltimo mes se han organizado dos sesiones de formaci\u00f3n dirigidos a los profesores de las asignaturas cient\u00edficas y tecnol\u00f3gicas de la comarca. En las sesiones formativas adem\u00e1s de trabajar los principios metodol\u00f3gicos para una adecuada gesti\u00f3n de los proyectos se han compartido los proyectos planificados por los centros formativos. En la segunda fase del proyecto, los profesores aplican los conocimientos adquiridos en la formaci\u00f3n y junto a los alumnos desarrollan sus respectivos proyectos de investigaci\u00f3n. Durante la realizaci\u00f3n de estos proyectos, gracias a la red de voluntarios investigadores de universidades y centro tecnol\u00f3gicos que dinamiza Elhuyar, los alumnos tendr\u00e1n la oportunidad de interactuar con diferentes profesionales que trabajan en la investigaci\u00f3n. Estos profesionales, tendr\u00e1n dos cometidos a lo largo del proceso. Por un lado, tratar\u00e1n de guiar a los alumnos durante el desarrollo de sus proyectos y por otro lado, tendr\u00e1n el cometido de hacerles llegar tanto su d\u00eda a d\u00eda en su profesi\u00f3n como la experiencia profesional vivida hasta la fecha.<\/p>\n<p style=\"text-align: justify;\">Por \u00faltimo, durante el desarrollo del proyecto se prev\u00e9 la participaci\u00f3n de 5 centros formativos, 10 profesores, el desarrollo de 6 proyectos de investigaci\u00f3n y la participaci\u00f3n de alrededor de 200 j\u00f3venes. Adem\u00e1s, para concluir el proyecto se celebrar\u00e1 por tercer a\u00f1o consecutivo la \u00abUrola Erdiko Zientzia eta Teknologia Azoka\u00bb, d\u00f3nde los j\u00f3venes podr\u00e1n presentar los trabajos realizados en los \u00faltimos meses.<\/p>\n","protected":false},"excerpt":{"rendered":"<p>Por tercer a\u00f1o consecutivo ya est\u00e1 en marcha el proyecto \u00abZTIM Urola Erdian\u00bb.&nbsp;La finalidad del proyecto consiste en fomentar vocaciones y capacidades cient\u00edfico-tecnol\u00f3gicas o \u00abZTIM\u00bb \u2013acr\u00f3nimo proveniente de las palabras \u00abZientzia\u00bb, \u00abTeknologia\u00bb, \u00abIngenieritza\u00bb y \u00abMatematika\u00bb- entre los j\u00f3venes de la comarca. La iniciativa tiene su origen en el \u00e1rea de \u00abEducaci\u00f3n\u00bb de \u00abIB Sarea\u00bb \u2013red [&hellip;]<\/p>\n","protected":false},"author":1,"featured_media":17834,"comment_status":"","ping_status":"closed","sticky":false,"template":"","format":"standard","meta":{"_acf_changed":false,"footnotes":""},"categories":[4],"tags":[],"class_list":["post-12559","post","type-post","status-publish","format-standard","has-post-thumbnail","hentry","category-noticias"],"acf":[],"yoast_head":"<!-- This site is optimized with the Yoast SEO plugin v27.4 - https:\/\/yoast.com\/product\/yoast-seo-wordpress\/ -->\n<title>Por tercer a\u00f1o consecutivo ya est\u00e1 en marcha el proyecto \u201cZTIM Urola Erdian\u201d - Iraurgi Berritzen<\/title>\n<meta name=\"robots\" content=\"index, follow, max-snippet:-1, max-image-preview:large, max-video-preview:-1\" \/>\n<link rel=\"canonical\" href=\"https:\/\/iraurgiberritzen.eus\/es\/por-tercer-ano-consecutivo-ya-esta-en-marcha-el-proyecto-ztim-urola-erdian\/\" \/>\n<meta property=\"og:locale\" content=\"es_ES\" \/>\n<meta property=\"og:type\" content=\"article\" \/>\n<meta property=\"og:title\" content=\"Por tercer a\u00f1o consecutivo ya est\u00e1 en marcha el proyecto \u201cZTIM Urola Erdian\u201d - Iraurgi Berritzen\" \/>\n<meta property=\"og:description\" content=\"Por tercer a\u00f1o consecutivo ya est\u00e1 en marcha el proyecto \u00abZTIM Urola Erdian\u00bb.&nbsp;La finalidad del proyecto consiste en fomentar vocaciones y capacidades cient\u00edfico-tecnol\u00f3gicas o \u00abZTIM\u00bb \u2013acr\u00f3nimo proveniente de las palabras \u00abZientzia\u00bb, \u00abTeknologia\u00bb, \u00abIngenieritza\u00bb y \u00abMatematika\u00bb- entre los j\u00f3venes de la comarca. La iniciativa tiene su origen en el \u00e1rea de \u00abEducaci\u00f3n\u00bb de \u00abIB Sarea\u00bb \u2013red [&hellip;]\" \/>\n<meta property=\"og:url\" content=\"https:\/\/iraurgiberritzen.eus\/es\/por-tercer-ano-consecutivo-ya-esta-en-marcha-el-proyecto-ztim-urola-erdian\/\" \/>\n<meta property=\"og:site_name\" content=\"Iraurgi Berritzen\" \/>\n<meta property=\"article:published_time\" content=\"2019-03-01T06:20:21+00:00\" \/>\n<meta name=\"author\" content=\"kudeatzailea\" \/>\n<meta name=\"twitter:card\" content=\"summary_large_image\" \/>\n<meta name=\"twitter:label1\" content=\"Escrito por\" \/>\n\t<meta name=\"twitter:data1\" content=\"kudeatzailea\" \/>\n\t<meta name=\"twitter:label2\" content=\"Tiempo de lectura\" \/>\n\t<meta name=\"twitter:data2\" content=\"2 minutos\" \/>\n<script type=\"application\/ld+json\" class=\"yoast-schema-graph\">{\"@context\":\"https:\\\/\\\/schema.org\",\"@graph\":[{\"@type\":\"Article\",\"@id\":\"https:\\\/\\\/iraurgiberritzen.eus\\\/es\\\/por-tercer-ano-consecutivo-ya-esta-en-marcha-el-proyecto-ztim-urola-erdian\\\/#article\",\"isPartOf\":{\"@id\":\"https:\\\/\\\/iraurgiberritzen.eus\\\/es\\\/por-tercer-ano-consecutivo-ya-esta-en-marcha-el-proyecto-ztim-urola-erdian\\\/\"},\"author\":{\"name\":\"kudeatzailea\",\"@id\":\"https:\\\/\\\/iraurgiberritzen.eus\\\/es\\\/#\\\/schema\\\/person\\\/5ab41aaf388a9097177601ebf45738d2\"},\"headline\":\"Por tercer a\u00f1o consecutivo ya est\u00e1 en marcha el proyecto \u201cZTIM Urola Erdian\u201d\",\"datePublished\":\"2019-03-01T06:20:21+00:00\",\"mainEntityOfPage\":{\"@id\":\"https:\\\/\\\/iraurgiberritzen.eus\\\/es\\\/por-tercer-ano-consecutivo-ya-esta-en-marcha-el-proyecto-ztim-urola-erdian\\\/\"},\"wordCount\":477,\"publisher\":{\"@id\":\"https:\\\/\\\/iraurgiberritzen.eus\\\/es\\\/#organization\"},\"image\":{\"@id\":\"https:\\\/\\\/iraurgiberritzen.eus\\\/es\\\/por-tercer-ano-consecutivo-ya-esta-en-marcha-el-proyecto-ztim-urola-erdian\\\/#primaryimage\"},\"thumbnailUrl\":\"https:\\\/\\\/iraurgiberritzen.eus\\\/wp-content\\\/uploads\\\/2023\\\/09\\\/4146e53ad3135f7b51a909904808e7b3.jpg\",\"articleSection\":[\"Noticias\"],\"inLanguage\":\"es\"},{\"@type\":\"WebPage\",\"@id\":\"https:\\\/\\\/iraurgiberritzen.eus\\\/es\\\/por-tercer-ano-consecutivo-ya-esta-en-marcha-el-proyecto-ztim-urola-erdian\\\/\",\"url\":\"https:\\\/\\\/iraurgiberritzen.eus\\\/es\\\/por-tercer-ano-consecutivo-ya-esta-en-marcha-el-proyecto-ztim-urola-erdian\\\/\",\"name\":\"Por tercer a\u00f1o consecutivo ya est\u00e1 en marcha el proyecto \u201cZTIM Urola Erdian\u201d - Iraurgi Berritzen\",\"isPartOf\":{\"@id\":\"https:\\\/\\\/iraurgiberritzen.eus\\\/es\\\/#website\"},\"primaryImageOfPage\":{\"@id\":\"https:\\\/\\\/iraurgiberritzen.eus\\\/es\\\/por-tercer-ano-consecutivo-ya-esta-en-marcha-el-proyecto-ztim-urola-erdian\\\/#primaryimage\"},\"image\":{\"@id\":\"https:\\\/\\\/iraurgiberritzen.eus\\\/es\\\/por-tercer-ano-consecutivo-ya-esta-en-marcha-el-proyecto-ztim-urola-erdian\\\/#primaryimage\"},\"thumbnailUrl\":\"https:\\\/\\\/iraurgiberritzen.eus\\\/wp-content\\\/uploads\\\/2023\\\/09\\\/4146e53ad3135f7b51a909904808e7b3.jpg\",\"datePublished\":\"2019-03-01T06:20:21+00:00\",\"breadcrumb\":{\"@id\":\"https:\\\/\\\/iraurgiberritzen.eus\\\/es\\\/por-tercer-ano-consecutivo-ya-esta-en-marcha-el-proyecto-ztim-urola-erdian\\\/#breadcrumb\"},\"inLanguage\":\"es\",\"potentialAction\":[{\"@type\":\"ReadAction\",\"target\":[\"https:\\\/\\\/iraurgiberritzen.eus\\\/es\\\/por-tercer-ano-consecutivo-ya-esta-en-marcha-el-proyecto-ztim-urola-erdian\\\/\"]}]},{\"@type\":\"ImageObject\",\"inLanguage\":\"es\",\"@id\":\"https:\\\/\\\/iraurgiberritzen.eus\\\/es\\\/por-tercer-ano-consecutivo-ya-esta-en-marcha-el-proyecto-ztim-urola-erdian\\\/#primaryimage\",\"url\":\"https:\\\/\\\/iraurgiberritzen.eus\\\/wp-content\\\/uploads\\\/2023\\\/09\\\/4146e53ad3135f7b51a909904808e7b3.jpg\",\"contentUrl\":\"https:\\\/\\\/iraurgiberritzen.eus\\\/wp-content\\\/uploads\\\/2023\\\/09\\\/4146e53ad3135f7b51a909904808e7b3.jpg\",\"width\":600,\"height\":386},{\"@type\":\"BreadcrumbList\",\"@id\":\"https:\\\/\\\/iraurgiberritzen.eus\\\/es\\\/por-tercer-ano-consecutivo-ya-esta-en-marcha-el-proyecto-ztim-urola-erdian\\\/#breadcrumb\",\"itemListElement\":[{\"@type\":\"ListItem\",\"position\":1,\"name\":\"Home\",\"item\":\"https:\\\/\\\/iraurgiberritzen.eus\\\/es\\\/\"},{\"@type\":\"ListItem\",\"position\":2,\"name\":\"Por tercer a\u00f1o consecutivo ya est\u00e1 en marcha el proyecto \u201cZTIM Urola Erdian\u201d\"}]},{\"@type\":\"WebSite\",\"@id\":\"https:\\\/\\\/iraurgiberritzen.eus\\\/es\\\/#website\",\"url\":\"https:\\\/\\\/iraurgiberritzen.eus\\\/es\\\/\",\"name\":\"Iraurgi Berritzen\",\"description\":\"Urola Erdiko Garapen Agentzia\",\"publisher\":{\"@id\":\"https:\\\/\\\/iraurgiberritzen.eus\\\/es\\\/#organization\"},\"potentialAction\":[{\"@type\":\"SearchAction\",\"target\":{\"@type\":\"EntryPoint\",\"urlTemplate\":\"https:\\\/\\\/iraurgiberritzen.eus\\\/es\\\/?s={search_term_string}\"},\"query-input\":{\"@type\":\"PropertyValueSpecification\",\"valueRequired\":true,\"valueName\":\"search_term_string\"}}],\"inLanguage\":\"es\"},{\"@type\":\"Organization\",\"@id\":\"https:\\\/\\\/iraurgiberritzen.eus\\\/es\\\/#organization\",\"name\":\"Iraurgi Berritzen\",\"url\":\"https:\\\/\\\/iraurgiberritzen.eus\\\/es\\\/\",\"logo\":{\"@type\":\"ImageObject\",\"inLanguage\":\"es\",\"@id\":\"https:\\\/\\\/iraurgiberritzen.eus\\\/es\\\/#\\\/schema\\\/logo\\\/image\\\/\",\"url\":\"https:\\\/\\\/iraurgiberritzen.eus\\\/wp-content\\\/uploads\\\/2024\\\/02\\\/IRAURGI-BERRITZEN-logotipoa_2.png\",\"contentUrl\":\"https:\\\/\\\/iraurgiberritzen.eus\\\/wp-content\\\/uploads\\\/2024\\\/02\\\/IRAURGI-BERRITZEN-logotipoa_2.png\",\"width\":496,\"height\":190,\"caption\":\"Iraurgi Berritzen\"},\"image\":{\"@id\":\"https:\\\/\\\/iraurgiberritzen.eus\\\/es\\\/#\\\/schema\\\/logo\\\/image\\\/\"}},{\"@type\":\"Person\",\"@id\":\"https:\\\/\\\/iraurgiberritzen.eus\\\/es\\\/#\\\/schema\\\/person\\\/5ab41aaf388a9097177601ebf45738d2\",\"name\":\"kudeatzailea\",\"sameAs\":[\"https:\\\/\\\/iraurgiberritzen.eus\"]}]}<\/script>\n<!-- \/ Yoast SEO plugin. -->","yoast_head_json":{"title":"Por tercer a\u00f1o consecutivo ya est\u00e1 en marcha el proyecto \u201cZTIM Urola Erdian\u201d - Iraurgi Berritzen","robots":{"index":"index","follow":"follow","max-snippet":"max-snippet:-1","max-image-preview":"max-image-preview:large","max-video-preview":"max-video-preview:-1"},"canonical":"https:\/\/iraurgiberritzen.eus\/es\/por-tercer-ano-consecutivo-ya-esta-en-marcha-el-proyecto-ztim-urola-erdian\/","og_locale":"es_ES","og_type":"article","og_title":"Por tercer a\u00f1o consecutivo ya est\u00e1 en marcha el proyecto \u201cZTIM Urola Erdian\u201d - Iraurgi Berritzen","og_description":"Por tercer a\u00f1o consecutivo ya est\u00e1 en marcha el proyecto \u00abZTIM Urola Erdian\u00bb.&nbsp;La finalidad del proyecto consiste en fomentar vocaciones y capacidades cient\u00edfico-tecnol\u00f3gicas o \u00abZTIM\u00bb \u2013acr\u00f3nimo proveniente de las palabras \u00abZientzia\u00bb, \u00abTeknologia\u00bb, \u00abIngenieritza\u00bb y \u00abMatematika\u00bb- entre los j\u00f3venes de la comarca. La iniciativa tiene su origen en el \u00e1rea de \u00abEducaci\u00f3n\u00bb de \u00abIB Sarea\u00bb \u2013red [&hellip;]","og_url":"https:\/\/iraurgiberritzen.eus\/es\/por-tercer-ano-consecutivo-ya-esta-en-marcha-el-proyecto-ztim-urola-erdian\/","og_site_name":"Iraurgi Berritzen","article_published_time":"2019-03-01T06:20:21+00:00","author":"kudeatzailea","twitter_card":"summary_large_image","twitter_misc":{"Escrito por":"kudeatzailea","Tiempo de lectura":"2 minutos"},"schema":{"@context":"https:\/\/schema.org","@graph":[{"@type":"Article","@id":"https:\/\/iraurgiberritzen.eus\/es\/por-tercer-ano-consecutivo-ya-esta-en-marcha-el-proyecto-ztim-urola-erdian\/#article","isPartOf":{"@id":"https:\/\/iraurgiberritzen.eus\/es\/por-tercer-ano-consecutivo-ya-esta-en-marcha-el-proyecto-ztim-urola-erdian\/"},"author":{"name":"kudeatzailea","@id":"https:\/\/iraurgiberritzen.eus\/es\/#\/schema\/person\/5ab41aaf388a9097177601ebf45738d2"},"headline":"Por tercer a\u00f1o consecutivo ya est\u00e1 en marcha el proyecto \u201cZTIM Urola Erdian\u201d","datePublished":"2019-03-01T06:20:21+00:00","mainEntityOfPage":{"@id":"https:\/\/iraurgiberritzen.eus\/es\/por-tercer-ano-consecutivo-ya-esta-en-marcha-el-proyecto-ztim-urola-erdian\/"},"wordCount":477,"publisher":{"@id":"https:\/\/iraurgiberritzen.eus\/es\/#organization"},"image":{"@id":"https:\/\/iraurgiberritzen.eus\/es\/por-tercer-ano-consecutivo-ya-esta-en-marcha-el-proyecto-ztim-urola-erdian\/#primaryimage"},"thumbnailUrl":"https:\/\/iraurgiberritzen.eus\/wp-content\/uploads\/2023\/09\/4146e53ad3135f7b51a909904808e7b3.jpg","articleSection":["Noticias"],"inLanguage":"es"},{"@type":"WebPage","@id":"https:\/\/iraurgiberritzen.eus\/es\/por-tercer-ano-consecutivo-ya-esta-en-marcha-el-proyecto-ztim-urola-erdian\/","url":"https:\/\/iraurgiberritzen.eus\/es\/por-tercer-ano-consecutivo-ya-esta-en-marcha-el-proyecto-ztim-urola-erdian\/","name":"Por tercer a\u00f1o consecutivo ya est\u00e1 en marcha el proyecto \u201cZTIM Urola Erdian\u201d - Iraurgi Berritzen","isPartOf":{"@id":"https:\/\/iraurgiberritzen.eus\/es\/#website"},"primaryImageOfPage":{"@id":"https:\/\/iraurgiberritzen.eus\/es\/por-tercer-ano-consecutivo-ya-esta-en-marcha-el-proyecto-ztim-urola-erdian\/#primaryimage"},"image":{"@id":"https:\/\/iraurgiberritzen.eus\/es\/por-tercer-ano-consecutivo-ya-esta-en-marcha-el-proyecto-ztim-urola-erdian\/#primaryimage"},"thumbnailUrl":"https:\/\/iraurgiberritzen.eus\/wp-content\/uploads\/2023\/09\/4146e53ad3135f7b51a909904808e7b3.jpg","datePublished":"2019-03-01T06:20:21+00:00","breadcrumb":{"@id":"https:\/\/iraurgiberritzen.eus\/es\/por-tercer-ano-consecutivo-ya-esta-en-marcha-el-proyecto-ztim-urola-erdian\/#breadcrumb"},"inLanguage":"es","potentialAction":[{"@type":"ReadAction","target":["https:\/\/iraurgiberritzen.eus\/es\/por-tercer-ano-consecutivo-ya-esta-en-marcha-el-proyecto-ztim-urola-erdian\/"]}]},{"@type":"ImageObject","inLanguage":"es","@id":"https:\/\/iraurgiberritzen.eus\/es\/por-tercer-ano-consecutivo-ya-esta-en-marcha-el-proyecto-ztim-urola-erdian\/#primaryimage","url":"https:\/\/iraurgiberritzen.eus\/wp-content\/uploads\/2023\/09\/4146e53ad3135f7b51a909904808e7b3.jpg","contentUrl":"https:\/\/iraurgiberritzen.eus\/wp-content\/uploads\/2023\/09\/4146e53ad3135f7b51a909904808e7b3.jpg","width":600,"height":386},{"@type":"BreadcrumbList","@id":"https:\/\/iraurgiberritzen.eus\/es\/por-tercer-ano-consecutivo-ya-esta-en-marcha-el-proyecto-ztim-urola-erdian\/#breadcrumb","itemListElement":[{"@type":"ListItem","position":1,"name":"Home","item":"https:\/\/iraurgiberritzen.eus\/es\/"},{"@type":"ListItem","position":2,"name":"Por tercer a\u00f1o consecutivo ya est\u00e1 en marcha el proyecto \u201cZTIM Urola Erdian\u201d"}]},{"@type":"WebSite","@id":"https:\/\/iraurgiberritzen.eus\/es\/#website","url":"https:\/\/iraurgiberritzen.eus\/es\/","name":"Iraurgi Berritzen","description":"Urola Erdiko Garapen Agentzia","publisher":{"@id":"https:\/\/iraurgiberritzen.eus\/es\/#organization"},"potentialAction":[{"@type":"SearchAction","target":{"@type":"EntryPoint","urlTemplate":"https:\/\/iraurgiberritzen.eus\/es\/?s={search_term_string}"},"query-input":{"@type":"PropertyValueSpecification","valueRequired":true,"valueName":"search_term_string"}}],"inLanguage":"es"},{"@type":"Organization","@id":"https:\/\/iraurgiberritzen.eus\/es\/#organization","name":"Iraurgi Berritzen","url":"https:\/\/iraurgiberritzen.eus\/es\/","logo":{"@type":"ImageObject","inLanguage":"es","@id":"https:\/\/iraurgiberritzen.eus\/es\/#\/schema\/logo\/image\/","url":"https:\/\/iraurgiberritzen.eus\/wp-content\/uploads\/2024\/02\/IRAURGI-BERRITZEN-logotipoa_2.png","contentUrl":"https:\/\/iraurgiberritzen.eus\/wp-content\/uploads\/2024\/02\/IRAURGI-BERRITZEN-logotipoa_2.png","width":496,"height":190,"caption":"Iraurgi Berritzen"},"image":{"@id":"https:\/\/iraurgiberritzen.eus\/es\/#\/schema\/logo\/image\/"}},{"@type":"Person","@id":"https:\/\/iraurgiberritzen.eus\/es\/#\/schema\/person\/5ab41aaf388a9097177601ebf45738d2","name":"kudeatzailea","sameAs":["https:\/\/iraurgiberritzen.eus"]}]}},"_links":{"self":[{"href":"https:\/\/iraurgiberritzen.eus\/es\/wp-json\/wp\/v2\/posts\/12559","targetHints":{"allow":["GET"]}}],"collection":[{"href":"https:\/\/iraurgiberritzen.eus\/es\/wp-json\/wp\/v2\/posts"}],"about":[{"href":"https:\/\/iraurgiberritzen.eus\/es\/wp-json\/wp\/v2\/types\/post"}],"author":[{"embeddable":true,"href":"https:\/\/iraurgiberritzen.eus\/es\/wp-json\/wp\/v2\/users\/1"}],"replies":[{"embeddable":true,"href":"https:\/\/iraurgiberritzen.eus\/es\/wp-json\/wp\/v2\/comments?post=12559"}],"version-history":[{"count":0,"href":"https:\/\/iraurgiberritzen.eus\/es\/wp-json\/wp\/v2\/posts\/12559\/revisions"}],"wp:featuredmedia":[{"embeddable":true,"href":"https:\/\/iraurgiberritzen.eus\/es\/wp-json\/wp\/v2\/media\/17834"}],"wp:attachment":[{"href":"https:\/\/iraurgiberritzen.eus\/es\/wp-json\/wp\/v2\/media?parent=12559"}],"wp:term":[{"taxonomy":"category","embeddable":true,"href":"https:\/\/iraurgiberritzen.eus\/es\/wp-json\/wp\/v2\/categories?post=12559"},{"taxonomy":"post_tag","embeddable":true,"href":"https:\/\/iraurgiberritzen.eus\/es\/wp-json\/wp\/v2\/tags?post=12559"}],"curies":[{"name":"wp","href":"https:\/\/api.w.org\/{rel}","templated":true}]}}