{"id":12562,"date":"2019-03-06T10:43:27","date_gmt":"2019-03-06T08:43:27","guid":{"rendered":"https:\/\/iraurgiberritzen.eus\/en-marcha-el-proyecto-para-impulsar-la-inclusion-social\/"},"modified":"2019-03-06T10:43:27","modified_gmt":"2019-03-06T08:43:27","slug":"en-marcha-el-proyecto-para-impulsar-la-inclusion-social","status":"publish","type":"post","link":"https:\/\/iraurgiberritzen.eus\/es\/en-marcha-el-proyecto-para-impulsar-la-inclusion-social\/","title":{"rendered":"En marcha el proyecto para impulsar la inclusi\u00f3n social"},"content":{"rendered":"<p>Desde el \u00e1rea de empleo de IB, a lo largo del a\u00f1o se realiza un an\u00e1lisis detallado del desempleo y su evoluci\u00f3n en la comarca. A pesar de la consolidaci\u00f3n del descenso del desempleo, hoy d\u00eda, las personas que se encuentran en desempleo corresponden a perfiles que presentan mayores dificultades, muchas de las cuales se encuentran en riesgo o en situaci\u00f3n de exclusi\u00f3n social.<\/p>\n<p style=\"text-align: justify;\">En este marco, Iraurgi Berritzen participa en el Plan de Inclusi\u00f3n Social que desarrolla la Diputaci\u00f3n Foral de Gipuzkoa, para hacer frente a esta situaci\u00f3n que se generaliza a toda Gipuzkoa . El pasado 27 de febrero, IB particip\u00f3 en la jornada de balance del Plan de Inclusi\u00f3n Social Elkar EKIN, compartiendo el an\u00e1lisis de diferentes proyectos de inclusi\u00f3n desarrollados .<\/p>\n<p style=\"text-align: justify;\">En esta l\u00ednea, En Urola Erdia, se ha iniciado un nuevo proyecto en cooperaci\u00f3n entre ayuntamientos, de la mano de IB, que desarrolle nuevos procesos para impulsar la empleabilidad de las personas en riesgo o en situaci\u00f3n de exclusi\u00f3n social.<\/p>\n","protected":false},"excerpt":{"rendered":"<p>Desde el \u00e1rea de empleo de IB, a lo largo del a\u00f1o se realiza un an\u00e1lisis detallado del desempleo y su evoluci\u00f3n en la comarca. A pesar de la consolidaci\u00f3n del descenso del desempleo, hoy d\u00eda, las personas que se encuentran en desempleo corresponden a perfiles que presentan mayores dificultades, muchas de las cuales se [&hellip;]<\/p>\n","protected":false},"author":1,"featured_media":17835,"comment_status":"","ping_status":"closed","sticky":false,"template":"","format":"standard","meta":{"_acf_changed":false,"footnotes":""},"categories":[4],"tags":[],"class_list":["post-12562","post","type-post","status-publish","format-standard","has-post-thumbnail","hentry","category-noticias"],"acf":[],"yoast_head":"<!-- This site is optimized with the Yoast SEO plugin v27.4 - https:\/\/yoast.com\/product\/yoast-seo-wordpress\/ -->\n<title>En marcha el proyecto para impulsar la inclusi\u00f3n social - Iraurgi Berritzen<\/title>\n<meta name=\"robots\" content=\"index, follow, max-snippet:-1, max-image-preview:large, max-video-preview:-1\" \/>\n<link rel=\"canonical\" href=\"https:\/\/iraurgiberritzen.eus\/es\/en-marcha-el-proyecto-para-impulsar-la-inclusion-social\/\" \/>\n<meta property=\"og:locale\" content=\"es_ES\" \/>\n<meta property=\"og:type\" content=\"article\" \/>\n<meta property=\"og:title\" content=\"En marcha el proyecto para impulsar la inclusi\u00f3n social - Iraurgi Berritzen\" \/>\n<meta property=\"og:description\" content=\"Desde el \u00e1rea de empleo de IB, a lo largo del a\u00f1o se realiza un an\u00e1lisis detallado del desempleo y su evoluci\u00f3n en la comarca. A pesar de la consolidaci\u00f3n del descenso del desempleo, hoy d\u00eda, las personas que se encuentran en desempleo corresponden a perfiles que presentan mayores dificultades, muchas de las cuales se [&hellip;]\" \/>\n<meta property=\"og:url\" content=\"https:\/\/iraurgiberritzen.eus\/es\/en-marcha-el-proyecto-para-impulsar-la-inclusion-social\/\" \/>\n<meta property=\"og:site_name\" content=\"Iraurgi Berritzen\" \/>\n<meta property=\"article:published_time\" content=\"2019-03-06T08:43:27+00:00\" \/>\n<meta name=\"author\" content=\"kudeatzailea\" \/>\n<meta name=\"twitter:card\" content=\"summary_large_image\" \/>\n<meta name=\"twitter:label1\" content=\"Escrito por\" \/>\n\t<meta name=\"twitter:data1\" content=\"kudeatzailea\" \/>\n\t<meta name=\"twitter:label2\" content=\"Tiempo de lectura\" \/>\n\t<meta name=\"twitter:data2\" content=\"1 minuto\" \/>\n<script type=\"application\/ld+json\" class=\"yoast-schema-graph\">{\"@context\":\"https:\\\/\\\/schema.org\",\"@graph\":[{\"@type\":\"Article\",\"@id\":\"https:\\\/\\\/iraurgiberritzen.eus\\\/es\\\/en-marcha-el-proyecto-para-impulsar-la-inclusion-social\\\/#article\",\"isPartOf\":{\"@id\":\"https:\\\/\\\/iraurgiberritzen.eus\\\/es\\\/en-marcha-el-proyecto-para-impulsar-la-inclusion-social\\\/\"},\"author\":{\"name\":\"kudeatzailea\",\"@id\":\"https:\\\/\\\/iraurgiberritzen.eus\\\/es\\\/#\\\/schema\\\/person\\\/5ab41aaf388a9097177601ebf45738d2\"},\"headline\":\"En marcha el proyecto para impulsar la inclusi\u00f3n social\",\"datePublished\":\"2019-03-06T08:43:27+00:00\",\"mainEntityOfPage\":{\"@id\":\"https:\\\/\\\/iraurgiberritzen.eus\\\/es\\\/en-marcha-el-proyecto-para-impulsar-la-inclusion-social\\\/\"},\"wordCount\":189,\"publisher\":{\"@id\":\"https:\\\/\\\/iraurgiberritzen.eus\\\/es\\\/#organization\"},\"image\":{\"@id\":\"https:\\\/\\\/iraurgiberritzen.eus\\\/es\\\/en-marcha-el-proyecto-para-impulsar-la-inclusion-social\\\/#primaryimage\"},\"thumbnailUrl\":\"https:\\\/\\\/iraurgiberritzen.eus\\\/wp-content\\\/uploads\\\/2023\\\/09\\\/64cd5fc4f5bc6730d92d5c2a957adb10.jpg\",\"articleSection\":[\"Noticias\"],\"inLanguage\":\"es\"},{\"@type\":\"WebPage\",\"@id\":\"https:\\\/\\\/iraurgiberritzen.eus\\\/es\\\/en-marcha-el-proyecto-para-impulsar-la-inclusion-social\\\/\",\"url\":\"https:\\\/\\\/iraurgiberritzen.eus\\\/es\\\/en-marcha-el-proyecto-para-impulsar-la-inclusion-social\\\/\",\"name\":\"En marcha el proyecto para impulsar la inclusi\u00f3n social - Iraurgi Berritzen\",\"isPartOf\":{\"@id\":\"https:\\\/\\\/iraurgiberritzen.eus\\\/es\\\/#website\"},\"primaryImageOfPage\":{\"@id\":\"https:\\\/\\\/iraurgiberritzen.eus\\\/es\\\/en-marcha-el-proyecto-para-impulsar-la-inclusion-social\\\/#primaryimage\"},\"image\":{\"@id\":\"https:\\\/\\\/iraurgiberritzen.eus\\\/es\\\/en-marcha-el-proyecto-para-impulsar-la-inclusion-social\\\/#primaryimage\"},\"thumbnailUrl\":\"https:\\\/\\\/iraurgiberritzen.eus\\\/wp-content\\\/uploads\\\/2023\\\/09\\\/64cd5fc4f5bc6730d92d5c2a957adb10.jpg\",\"datePublished\":\"2019-03-06T08:43:27+00:00\",\"breadcrumb\":{\"@id\":\"https:\\\/\\\/iraurgiberritzen.eus\\\/es\\\/en-marcha-el-proyecto-para-impulsar-la-inclusion-social\\\/#breadcrumb\"},\"inLanguage\":\"es\",\"potentialAction\":[{\"@type\":\"ReadAction\",\"target\":[\"https:\\\/\\\/iraurgiberritzen.eus\\\/es\\\/en-marcha-el-proyecto-para-impulsar-la-inclusion-social\\\/\"]}]},{\"@type\":\"ImageObject\",\"inLanguage\":\"es\",\"@id\":\"https:\\\/\\\/iraurgiberritzen.eus\\\/es\\\/en-marcha-el-proyecto-para-impulsar-la-inclusion-social\\\/#primaryimage\",\"url\":\"https:\\\/\\\/iraurgiberritzen.eus\\\/wp-content\\\/uploads\\\/2023\\\/09\\\/64cd5fc4f5bc6730d92d5c2a957adb10.jpg\",\"contentUrl\":\"https:\\\/\\\/iraurgiberritzen.eus\\\/wp-content\\\/uploads\\\/2023\\\/09\\\/64cd5fc4f5bc6730d92d5c2a957adb10.jpg\",\"width\":600,\"height\":386},{\"@type\":\"BreadcrumbList\",\"@id\":\"https:\\\/\\\/iraurgiberritzen.eus\\\/es\\\/en-marcha-el-proyecto-para-impulsar-la-inclusion-social\\\/#breadcrumb\",\"itemListElement\":[{\"@type\":\"ListItem\",\"position\":1,\"name\":\"Home\",\"item\":\"https:\\\/\\\/iraurgiberritzen.eus\\\/es\\\/\"},{\"@type\":\"ListItem\",\"position\":2,\"name\":\"En marcha el proyecto para impulsar la inclusi\u00f3n social\"}]},{\"@type\":\"WebSite\",\"@id\":\"https:\\\/\\\/iraurgiberritzen.eus\\\/es\\\/#website\",\"url\":\"https:\\\/\\\/iraurgiberritzen.eus\\\/es\\\/\",\"name\":\"Iraurgi Berritzen\",\"description\":\"Urola Erdiko Garapen Agentzia\",\"publisher\":{\"@id\":\"https:\\\/\\\/iraurgiberritzen.eus\\\/es\\\/#organization\"},\"potentialAction\":[{\"@type\":\"SearchAction\",\"target\":{\"@type\":\"EntryPoint\",\"urlTemplate\":\"https:\\\/\\\/iraurgiberritzen.eus\\\/es\\\/?s={search_term_string}\"},\"query-input\":{\"@type\":\"PropertyValueSpecification\",\"valueRequired\":true,\"valueName\":\"search_term_string\"}}],\"inLanguage\":\"es\"},{\"@type\":\"Organization\",\"@id\":\"https:\\\/\\\/iraurgiberritzen.eus\\\/es\\\/#organization\",\"name\":\"Iraurgi Berritzen\",\"url\":\"https:\\\/\\\/iraurgiberritzen.eus\\\/es\\\/\",\"logo\":{\"@type\":\"ImageObject\",\"inLanguage\":\"es\",\"@id\":\"https:\\\/\\\/iraurgiberritzen.eus\\\/es\\\/#\\\/schema\\\/logo\\\/image\\\/\",\"url\":\"https:\\\/\\\/iraurgiberritzen.eus\\\/wp-content\\\/uploads\\\/2024\\\/02\\\/IRAURGI-BERRITZEN-logotipoa_2.png\",\"contentUrl\":\"https:\\\/\\\/iraurgiberritzen.eus\\\/wp-content\\\/uploads\\\/2024\\\/02\\\/IRAURGI-BERRITZEN-logotipoa_2.png\",\"width\":496,\"height\":190,\"caption\":\"Iraurgi Berritzen\"},\"image\":{\"@id\":\"https:\\\/\\\/iraurgiberritzen.eus\\\/es\\\/#\\\/schema\\\/logo\\\/image\\\/\"}},{\"@type\":\"Person\",\"@id\":\"https:\\\/\\\/iraurgiberritzen.eus\\\/es\\\/#\\\/schema\\\/person\\\/5ab41aaf388a9097177601ebf45738d2\",\"name\":\"kudeatzailea\",\"sameAs\":[\"https:\\\/\\\/iraurgiberritzen.eus\"]}]}<\/script>\n<!-- \/ Yoast SEO plugin. -->","yoast_head_json":{"title":"En marcha el proyecto para impulsar la inclusi\u00f3n social - Iraurgi Berritzen","robots":{"index":"index","follow":"follow","max-snippet":"max-snippet:-1","max-image-preview":"max-image-preview:large","max-video-preview":"max-video-preview:-1"},"canonical":"https:\/\/iraurgiberritzen.eus\/es\/en-marcha-el-proyecto-para-impulsar-la-inclusion-social\/","og_locale":"es_ES","og_type":"article","og_title":"En marcha el proyecto para impulsar la inclusi\u00f3n social - Iraurgi Berritzen","og_description":"Desde el \u00e1rea de empleo de IB, a lo largo del a\u00f1o se realiza un an\u00e1lisis detallado del desempleo y su evoluci\u00f3n en la comarca. A pesar de la consolidaci\u00f3n del descenso del desempleo, hoy d\u00eda, las personas que se encuentran en desempleo corresponden a perfiles que presentan mayores dificultades, muchas de las cuales se [&hellip;]","og_url":"https:\/\/iraurgiberritzen.eus\/es\/en-marcha-el-proyecto-para-impulsar-la-inclusion-social\/","og_site_name":"Iraurgi Berritzen","article_published_time":"2019-03-06T08:43:27+00:00","author":"kudeatzailea","twitter_card":"summary_large_image","twitter_misc":{"Escrito por":"kudeatzailea","Tiempo de lectura":"1 minuto"},"schema":{"@context":"https:\/\/schema.org","@graph":[{"@type":"Article","@id":"https:\/\/iraurgiberritzen.eus\/es\/en-marcha-el-proyecto-para-impulsar-la-inclusion-social\/#article","isPartOf":{"@id":"https:\/\/iraurgiberritzen.eus\/es\/en-marcha-el-proyecto-para-impulsar-la-inclusion-social\/"},"author":{"name":"kudeatzailea","@id":"https:\/\/iraurgiberritzen.eus\/es\/#\/schema\/person\/5ab41aaf388a9097177601ebf45738d2"},"headline":"En marcha el proyecto para impulsar la inclusi\u00f3n social","datePublished":"2019-03-06T08:43:27+00:00","mainEntityOfPage":{"@id":"https:\/\/iraurgiberritzen.eus\/es\/en-marcha-el-proyecto-para-impulsar-la-inclusion-social\/"},"wordCount":189,"publisher":{"@id":"https:\/\/iraurgiberritzen.eus\/es\/#organization"},"image":{"@id":"https:\/\/iraurgiberritzen.eus\/es\/en-marcha-el-proyecto-para-impulsar-la-inclusion-social\/#primaryimage"},"thumbnailUrl":"https:\/\/iraurgiberritzen.eus\/wp-content\/uploads\/2023\/09\/64cd5fc4f5bc6730d92d5c2a957adb10.jpg","articleSection":["Noticias"],"inLanguage":"es"},{"@type":"WebPage","@id":"https:\/\/iraurgiberritzen.eus\/es\/en-marcha-el-proyecto-para-impulsar-la-inclusion-social\/","url":"https:\/\/iraurgiberritzen.eus\/es\/en-marcha-el-proyecto-para-impulsar-la-inclusion-social\/","name":"En marcha el proyecto para impulsar la inclusi\u00f3n social - Iraurgi Berritzen","isPartOf":{"@id":"https:\/\/iraurgiberritzen.eus\/es\/#website"},"primaryImageOfPage":{"@id":"https:\/\/iraurgiberritzen.eus\/es\/en-marcha-el-proyecto-para-impulsar-la-inclusion-social\/#primaryimage"},"image":{"@id":"https:\/\/iraurgiberritzen.eus\/es\/en-marcha-el-proyecto-para-impulsar-la-inclusion-social\/#primaryimage"},"thumbnailUrl":"https:\/\/iraurgiberritzen.eus\/wp-content\/uploads\/2023\/09\/64cd5fc4f5bc6730d92d5c2a957adb10.jpg","datePublished":"2019-03-06T08:43:27+00:00","breadcrumb":{"@id":"https:\/\/iraurgiberritzen.eus\/es\/en-marcha-el-proyecto-para-impulsar-la-inclusion-social\/#breadcrumb"},"inLanguage":"es","potentialAction":[{"@type":"ReadAction","target":["https:\/\/iraurgiberritzen.eus\/es\/en-marcha-el-proyecto-para-impulsar-la-inclusion-social\/"]}]},{"@type":"ImageObject","inLanguage":"es","@id":"https:\/\/iraurgiberritzen.eus\/es\/en-marcha-el-proyecto-para-impulsar-la-inclusion-social\/#primaryimage","url":"https:\/\/iraurgiberritzen.eus\/wp-content\/uploads\/2023\/09\/64cd5fc4f5bc6730d92d5c2a957adb10.jpg","contentUrl":"https:\/\/iraurgiberritzen.eus\/wp-content\/uploads\/2023\/09\/64cd5fc4f5bc6730d92d5c2a957adb10.jpg","width":600,"height":386},{"@type":"BreadcrumbList","@id":"https:\/\/iraurgiberritzen.eus\/es\/en-marcha-el-proyecto-para-impulsar-la-inclusion-social\/#breadcrumb","itemListElement":[{"@type":"ListItem","position":1,"name":"Home","item":"https:\/\/iraurgiberritzen.eus\/es\/"},{"@type":"ListItem","position":2,"name":"En marcha el proyecto para impulsar la inclusi\u00f3n social"}]},{"@type":"WebSite","@id":"https:\/\/iraurgiberritzen.eus\/es\/#website","url":"https:\/\/iraurgiberritzen.eus\/es\/","name":"Iraurgi Berritzen","description":"Urola Erdiko Garapen Agentzia","publisher":{"@id":"https:\/\/iraurgiberritzen.eus\/es\/#organization"},"potentialAction":[{"@type":"SearchAction","target":{"@type":"EntryPoint","urlTemplate":"https:\/\/iraurgiberritzen.eus\/es\/?s={search_term_string}"},"query-input":{"@type":"PropertyValueSpecification","valueRequired":true,"valueName":"search_term_string"}}],"inLanguage":"es"},{"@type":"Organization","@id":"https:\/\/iraurgiberritzen.eus\/es\/#organization","name":"Iraurgi Berritzen","url":"https:\/\/iraurgiberritzen.eus\/es\/","logo":{"@type":"ImageObject","inLanguage":"es","@id":"https:\/\/iraurgiberritzen.eus\/es\/#\/schema\/logo\/image\/","url":"https:\/\/iraurgiberritzen.eus\/wp-content\/uploads\/2024\/02\/IRAURGI-BERRITZEN-logotipoa_2.png","contentUrl":"https:\/\/iraurgiberritzen.eus\/wp-content\/uploads\/2024\/02\/IRAURGI-BERRITZEN-logotipoa_2.png","width":496,"height":190,"caption":"Iraurgi Berritzen"},"image":{"@id":"https:\/\/iraurgiberritzen.eus\/es\/#\/schema\/logo\/image\/"}},{"@type":"Person","@id":"https:\/\/iraurgiberritzen.eus\/es\/#\/schema\/person\/5ab41aaf388a9097177601ebf45738d2","name":"kudeatzailea","sameAs":["https:\/\/iraurgiberritzen.eus"]}]}},"_links":{"self":[{"href":"https:\/\/iraurgiberritzen.eus\/es\/wp-json\/wp\/v2\/posts\/12562","targetHints":{"allow":["GET"]}}],"collection":[{"href":"https:\/\/iraurgiberritzen.eus\/es\/wp-json\/wp\/v2\/posts"}],"about":[{"href":"https:\/\/iraurgiberritzen.eus\/es\/wp-json\/wp\/v2\/types\/post"}],"author":[{"embeddable":true,"href":"https:\/\/iraurgiberritzen.eus\/es\/wp-json\/wp\/v2\/users\/1"}],"replies":[{"embeddable":true,"href":"https:\/\/iraurgiberritzen.eus\/es\/wp-json\/wp\/v2\/comments?post=12562"}],"version-history":[{"count":0,"href":"https:\/\/iraurgiberritzen.eus\/es\/wp-json\/wp\/v2\/posts\/12562\/revisions"}],"wp:featuredmedia":[{"embeddable":true,"href":"https:\/\/iraurgiberritzen.eus\/es\/wp-json\/wp\/v2\/media\/17835"}],"wp:attachment":[{"href":"https:\/\/iraurgiberritzen.eus\/es\/wp-json\/wp\/v2\/media?parent=12562"}],"wp:term":[{"taxonomy":"category","embeddable":true,"href":"https:\/\/iraurgiberritzen.eus\/es\/wp-json\/wp\/v2\/categories?post=12562"},{"taxonomy":"post_tag","embeddable":true,"href":"https:\/\/iraurgiberritzen.eus\/es\/wp-json\/wp\/v2\/tags?post=12562"}],"curies":[{"name":"wp","href":"https:\/\/api.w.org\/{rel}","templated":true}]}}