{"id":12571,"date":"2019-03-15T10:38:39","date_gmt":"2019-03-15T08:38:39","guid":{"rendered":"https:\/\/iraurgiberritzen.eus\/los-centros-educativos-de-la-comarca-debaten-y-consensuan-lan-diferentes-lineas-de-trabajo-en-colaboracion\/"},"modified":"2019-03-15T10:38:39","modified_gmt":"2019-03-15T08:38:39","slug":"los-centros-educativos-de-la-comarca-debaten-y-consensuan-lan-diferentes-lineas-de-trabajo-en-colaboracion","status":"publish","type":"post","link":"https:\/\/iraurgiberritzen.eus\/es\/los-centros-educativos-de-la-comarca-debaten-y-consensuan-lan-diferentes-lineas-de-trabajo-en-colaboracion\/","title":{"rendered":"Los CENTROS EDUCATIVOS de la comarca, debaten y consensuan lan diferentes l\u00edneas de trabajo en colaboraci\u00f3n"},"content":{"rendered":"<p>El <strong>27 de Febrero<\/strong> se reuni\u00f3 el Grupo de trabajo de los <strong>5 Centros Educativos de la comarca<\/strong> dentro del marco IB_HEZKUNTZA ARLOA, dando continuidad a la din\u00e1mica de todos los a\u00f1os.<\/p>\n<p style=\"text-align: justify;\">El objetivo fue la de debatir, consensuar y decidir de manera compartida cogiendo como base las conclusiones de la reuni\u00f3n de Noviembre. Y tambi\u00e9n hacer el seguimiento de los proyectos en marcha en la ESO Y BACHILER y analizar nuevas posibilidades.<\/p>\n<p style=\"text-align: justify;\">Los proyectos en marcha:<\/p>\n<ul>\n<li style=\"text-align: justify;\">Elkarrekin Eraikitzen<\/li>\n<li style=\"text-align: justify;\">ZTIM Uroa Erdian<\/li>\n<li style=\"text-align: justify;\">Gerolan_Orientazioa<\/li>\n<li style=\"text-align: justify;\">Izan Ekintzaile<\/li>\n<\/ul>\n<p style=\"text-align: justify;\">Se ha priorizado el seguir trabajando en la consolidaci\u00f3n de los proyectos en las que estamos trabajando y profundizar en las nuevas posibilidades identificadas.<\/p>\n<p style=\"text-align: center;\"><img decoding=\"async\" style=\"display: block; margin-left: auto; margin-right: auto;\" src=\"images\/Ikastetxeak.png\" alt=\"Ikastetxeak.png\" \/><\/p>\n","protected":false},"excerpt":{"rendered":"<p>El 27 de Febrero se reuni\u00f3 el Grupo de trabajo de los 5 Centros Educativos de la comarca dentro del marco IB_HEZKUNTZA ARLOA, dando continuidad a la din\u00e1mica de todos los a\u00f1os. El objetivo fue la de debatir, consensuar y decidir de manera compartida cogiendo como base las conclusiones de la reuni\u00f3n de Noviembre. Y [&hellip;]<\/p>\n","protected":false},"author":1,"featured_media":17818,"comment_status":"","ping_status":"closed","sticky":false,"template":"","format":"standard","meta":{"_acf_changed":false,"footnotes":""},"categories":[4],"tags":[],"class_list":["post-12571","post","type-post","status-publish","format-standard","has-post-thumbnail","hentry","category-noticias"],"acf":[],"yoast_head":"<!-- This site is optimized with the Yoast SEO plugin v27.4 - https:\/\/yoast.com\/product\/yoast-seo-wordpress\/ -->\n<title>Los CENTROS EDUCATIVOS de la comarca, debaten y consensuan lan diferentes l\u00edneas de trabajo en colaboraci\u00f3n - Iraurgi Berritzen<\/title>\n<meta name=\"robots\" content=\"index, follow, max-snippet:-1, max-image-preview:large, max-video-preview:-1\" \/>\n<link rel=\"canonical\" href=\"https:\/\/iraurgiberritzen.eus\/es\/los-centros-educativos-de-la-comarca-debaten-y-consensuan-lan-diferentes-lineas-de-trabajo-en-colaboracion\/\" \/>\n<meta property=\"og:locale\" content=\"es_ES\" \/>\n<meta property=\"og:type\" content=\"article\" \/>\n<meta property=\"og:title\" content=\"Los CENTROS EDUCATIVOS de la comarca, debaten y consensuan lan diferentes l\u00edneas de trabajo en colaboraci\u00f3n - Iraurgi Berritzen\" \/>\n<meta property=\"og:description\" content=\"El 27 de Febrero se reuni\u00f3 el Grupo de trabajo de los 5 Centros Educativos de la comarca dentro del marco IB_HEZKUNTZA ARLOA, dando continuidad a la din\u00e1mica de todos los a\u00f1os. El objetivo fue la de debatir, consensuar y decidir de manera compartida cogiendo como base las conclusiones de la reuni\u00f3n de Noviembre. Y [&hellip;]\" \/>\n<meta property=\"og:url\" content=\"https:\/\/iraurgiberritzen.eus\/es\/los-centros-educativos-de-la-comarca-debaten-y-consensuan-lan-diferentes-lineas-de-trabajo-en-colaboracion\/\" \/>\n<meta property=\"og:site_name\" content=\"Iraurgi Berritzen\" \/>\n<meta property=\"article:published_time\" content=\"2019-03-15T08:38:39+00:00\" \/>\n<meta name=\"author\" content=\"kudeatzailea\" \/>\n<meta name=\"twitter:card\" content=\"summary_large_image\" \/>\n<meta name=\"twitter:label1\" content=\"Escrito por\" \/>\n\t<meta name=\"twitter:data1\" content=\"kudeatzailea\" \/>\n\t<meta name=\"twitter:label2\" content=\"Tiempo de lectura\" \/>\n\t<meta name=\"twitter:data2\" content=\"1 minuto\" \/>\n<script type=\"application\/ld+json\" class=\"yoast-schema-graph\">{\"@context\":\"https:\\\/\\\/schema.org\",\"@graph\":[{\"@type\":\"Article\",\"@id\":\"https:\\\/\\\/iraurgiberritzen.eus\\\/es\\\/los-centros-educativos-de-la-comarca-debaten-y-consensuan-lan-diferentes-lineas-de-trabajo-en-colaboracion\\\/#article\",\"isPartOf\":{\"@id\":\"https:\\\/\\\/iraurgiberritzen.eus\\\/es\\\/los-centros-educativos-de-la-comarca-debaten-y-consensuan-lan-diferentes-lineas-de-trabajo-en-colaboracion\\\/\"},\"author\":{\"name\":\"kudeatzailea\",\"@id\":\"https:\\\/\\\/iraurgiberritzen.eus\\\/es\\\/#\\\/schema\\\/person\\\/5ab41aaf388a9097177601ebf45738d2\"},\"headline\":\"Los CENTROS EDUCATIVOS de la comarca, debaten y consensuan lan diferentes l\u00edneas de trabajo en colaboraci\u00f3n\",\"datePublished\":\"2019-03-15T08:38:39+00:00\",\"mainEntityOfPage\":{\"@id\":\"https:\\\/\\\/iraurgiberritzen.eus\\\/es\\\/los-centros-educativos-de-la-comarca-debaten-y-consensuan-lan-diferentes-lineas-de-trabajo-en-colaboracion\\\/\"},\"wordCount\":132,\"publisher\":{\"@id\":\"https:\\\/\\\/iraurgiberritzen.eus\\\/es\\\/#organization\"},\"image\":{\"@id\":\"https:\\\/\\\/iraurgiberritzen.eus\\\/es\\\/los-centros-educativos-de-la-comarca-debaten-y-consensuan-lan-diferentes-lineas-de-trabajo-en-colaboracion\\\/#primaryimage\"},\"thumbnailUrl\":\"https:\\\/\\\/iraurgiberritzen.eus\\\/wp-content\\\/uploads\\\/2023\\\/09\\\/b28cbe6511a4db9839d58c5beb3f657f.jpg\",\"articleSection\":[\"Noticias\"],\"inLanguage\":\"es\"},{\"@type\":\"WebPage\",\"@id\":\"https:\\\/\\\/iraurgiberritzen.eus\\\/es\\\/los-centros-educativos-de-la-comarca-debaten-y-consensuan-lan-diferentes-lineas-de-trabajo-en-colaboracion\\\/\",\"url\":\"https:\\\/\\\/iraurgiberritzen.eus\\\/es\\\/los-centros-educativos-de-la-comarca-debaten-y-consensuan-lan-diferentes-lineas-de-trabajo-en-colaboracion\\\/\",\"name\":\"Los CENTROS EDUCATIVOS de la comarca, debaten y consensuan lan diferentes l\u00edneas de trabajo en colaboraci\u00f3n - Iraurgi Berritzen\",\"isPartOf\":{\"@id\":\"https:\\\/\\\/iraurgiberritzen.eus\\\/es\\\/#website\"},\"primaryImageOfPage\":{\"@id\":\"https:\\\/\\\/iraurgiberritzen.eus\\\/es\\\/los-centros-educativos-de-la-comarca-debaten-y-consensuan-lan-diferentes-lineas-de-trabajo-en-colaboracion\\\/#primaryimage\"},\"image\":{\"@id\":\"https:\\\/\\\/iraurgiberritzen.eus\\\/es\\\/los-centros-educativos-de-la-comarca-debaten-y-consensuan-lan-diferentes-lineas-de-trabajo-en-colaboracion\\\/#primaryimage\"},\"thumbnailUrl\":\"https:\\\/\\\/iraurgiberritzen.eus\\\/wp-content\\\/uploads\\\/2023\\\/09\\\/b28cbe6511a4db9839d58c5beb3f657f.jpg\",\"datePublished\":\"2019-03-15T08:38:39+00:00\",\"breadcrumb\":{\"@id\":\"https:\\\/\\\/iraurgiberritzen.eus\\\/es\\\/los-centros-educativos-de-la-comarca-debaten-y-consensuan-lan-diferentes-lineas-de-trabajo-en-colaboracion\\\/#breadcrumb\"},\"inLanguage\":\"es\",\"potentialAction\":[{\"@type\":\"ReadAction\",\"target\":[\"https:\\\/\\\/iraurgiberritzen.eus\\\/es\\\/los-centros-educativos-de-la-comarca-debaten-y-consensuan-lan-diferentes-lineas-de-trabajo-en-colaboracion\\\/\"]}]},{\"@type\":\"ImageObject\",\"inLanguage\":\"es\",\"@id\":\"https:\\\/\\\/iraurgiberritzen.eus\\\/es\\\/los-centros-educativos-de-la-comarca-debaten-y-consensuan-lan-diferentes-lineas-de-trabajo-en-colaboracion\\\/#primaryimage\",\"url\":\"https:\\\/\\\/iraurgiberritzen.eus\\\/wp-content\\\/uploads\\\/2023\\\/09\\\/b28cbe6511a4db9839d58c5beb3f657f.jpg\",\"contentUrl\":\"https:\\\/\\\/iraurgiberritzen.eus\\\/wp-content\\\/uploads\\\/2023\\\/09\\\/b28cbe6511a4db9839d58c5beb3f657f.jpg\",\"width\":600,\"height\":386},{\"@type\":\"BreadcrumbList\",\"@id\":\"https:\\\/\\\/iraurgiberritzen.eus\\\/es\\\/los-centros-educativos-de-la-comarca-debaten-y-consensuan-lan-diferentes-lineas-de-trabajo-en-colaboracion\\\/#breadcrumb\",\"itemListElement\":[{\"@type\":\"ListItem\",\"position\":1,\"name\":\"Home\",\"item\":\"https:\\\/\\\/iraurgiberritzen.eus\\\/es\\\/\"},{\"@type\":\"ListItem\",\"position\":2,\"name\":\"Los CENTROS EDUCATIVOS de la comarca, debaten y consensuan lan diferentes l\u00edneas de trabajo en colaboraci\u00f3n\"}]},{\"@type\":\"WebSite\",\"@id\":\"https:\\\/\\\/iraurgiberritzen.eus\\\/es\\\/#website\",\"url\":\"https:\\\/\\\/iraurgiberritzen.eus\\\/es\\\/\",\"name\":\"Iraurgi Berritzen\",\"description\":\"Urola Erdiko Garapen Agentzia\",\"publisher\":{\"@id\":\"https:\\\/\\\/iraurgiberritzen.eus\\\/es\\\/#organization\"},\"potentialAction\":[{\"@type\":\"SearchAction\",\"target\":{\"@type\":\"EntryPoint\",\"urlTemplate\":\"https:\\\/\\\/iraurgiberritzen.eus\\\/es\\\/?s={search_term_string}\"},\"query-input\":{\"@type\":\"PropertyValueSpecification\",\"valueRequired\":true,\"valueName\":\"search_term_string\"}}],\"inLanguage\":\"es\"},{\"@type\":\"Organization\",\"@id\":\"https:\\\/\\\/iraurgiberritzen.eus\\\/es\\\/#organization\",\"name\":\"Iraurgi Berritzen\",\"url\":\"https:\\\/\\\/iraurgiberritzen.eus\\\/es\\\/\",\"logo\":{\"@type\":\"ImageObject\",\"inLanguage\":\"es\",\"@id\":\"https:\\\/\\\/iraurgiberritzen.eus\\\/es\\\/#\\\/schema\\\/logo\\\/image\\\/\",\"url\":\"https:\\\/\\\/iraurgiberritzen.eus\\\/wp-content\\\/uploads\\\/2024\\\/02\\\/IRAURGI-BERRITZEN-logotipoa_2.png\",\"contentUrl\":\"https:\\\/\\\/iraurgiberritzen.eus\\\/wp-content\\\/uploads\\\/2024\\\/02\\\/IRAURGI-BERRITZEN-logotipoa_2.png\",\"width\":496,\"height\":190,\"caption\":\"Iraurgi Berritzen\"},\"image\":{\"@id\":\"https:\\\/\\\/iraurgiberritzen.eus\\\/es\\\/#\\\/schema\\\/logo\\\/image\\\/\"}},{\"@type\":\"Person\",\"@id\":\"https:\\\/\\\/iraurgiberritzen.eus\\\/es\\\/#\\\/schema\\\/person\\\/5ab41aaf388a9097177601ebf45738d2\",\"name\":\"kudeatzailea\",\"sameAs\":[\"https:\\\/\\\/iraurgiberritzen.eus\"]}]}<\/script>\n<!-- \/ Yoast SEO plugin. -->","yoast_head_json":{"title":"Los CENTROS EDUCATIVOS de la comarca, debaten y consensuan lan diferentes l\u00edneas de trabajo en colaboraci\u00f3n - Iraurgi Berritzen","robots":{"index":"index","follow":"follow","max-snippet":"max-snippet:-1","max-image-preview":"max-image-preview:large","max-video-preview":"max-video-preview:-1"},"canonical":"https:\/\/iraurgiberritzen.eus\/es\/los-centros-educativos-de-la-comarca-debaten-y-consensuan-lan-diferentes-lineas-de-trabajo-en-colaboracion\/","og_locale":"es_ES","og_type":"article","og_title":"Los CENTROS EDUCATIVOS de la comarca, debaten y consensuan lan diferentes l\u00edneas de trabajo en colaboraci\u00f3n - Iraurgi Berritzen","og_description":"El 27 de Febrero se reuni\u00f3 el Grupo de trabajo de los 5 Centros Educativos de la comarca dentro del marco IB_HEZKUNTZA ARLOA, dando continuidad a la din\u00e1mica de todos los a\u00f1os. El objetivo fue la de debatir, consensuar y decidir de manera compartida cogiendo como base las conclusiones de la reuni\u00f3n de Noviembre. Y [&hellip;]","og_url":"https:\/\/iraurgiberritzen.eus\/es\/los-centros-educativos-de-la-comarca-debaten-y-consensuan-lan-diferentes-lineas-de-trabajo-en-colaboracion\/","og_site_name":"Iraurgi Berritzen","article_published_time":"2019-03-15T08:38:39+00:00","author":"kudeatzailea","twitter_card":"summary_large_image","twitter_misc":{"Escrito por":"kudeatzailea","Tiempo de lectura":"1 minuto"},"schema":{"@context":"https:\/\/schema.org","@graph":[{"@type":"Article","@id":"https:\/\/iraurgiberritzen.eus\/es\/los-centros-educativos-de-la-comarca-debaten-y-consensuan-lan-diferentes-lineas-de-trabajo-en-colaboracion\/#article","isPartOf":{"@id":"https:\/\/iraurgiberritzen.eus\/es\/los-centros-educativos-de-la-comarca-debaten-y-consensuan-lan-diferentes-lineas-de-trabajo-en-colaboracion\/"},"author":{"name":"kudeatzailea","@id":"https:\/\/iraurgiberritzen.eus\/es\/#\/schema\/person\/5ab41aaf388a9097177601ebf45738d2"},"headline":"Los CENTROS EDUCATIVOS de la comarca, debaten y consensuan lan diferentes l\u00edneas de trabajo en colaboraci\u00f3n","datePublished":"2019-03-15T08:38:39+00:00","mainEntityOfPage":{"@id":"https:\/\/iraurgiberritzen.eus\/es\/los-centros-educativos-de-la-comarca-debaten-y-consensuan-lan-diferentes-lineas-de-trabajo-en-colaboracion\/"},"wordCount":132,"publisher":{"@id":"https:\/\/iraurgiberritzen.eus\/es\/#organization"},"image":{"@id":"https:\/\/iraurgiberritzen.eus\/es\/los-centros-educativos-de-la-comarca-debaten-y-consensuan-lan-diferentes-lineas-de-trabajo-en-colaboracion\/#primaryimage"},"thumbnailUrl":"https:\/\/iraurgiberritzen.eus\/wp-content\/uploads\/2023\/09\/b28cbe6511a4db9839d58c5beb3f657f.jpg","articleSection":["Noticias"],"inLanguage":"es"},{"@type":"WebPage","@id":"https:\/\/iraurgiberritzen.eus\/es\/los-centros-educativos-de-la-comarca-debaten-y-consensuan-lan-diferentes-lineas-de-trabajo-en-colaboracion\/","url":"https:\/\/iraurgiberritzen.eus\/es\/los-centros-educativos-de-la-comarca-debaten-y-consensuan-lan-diferentes-lineas-de-trabajo-en-colaboracion\/","name":"Los CENTROS EDUCATIVOS de la comarca, debaten y consensuan lan diferentes l\u00edneas de trabajo en colaboraci\u00f3n - Iraurgi Berritzen","isPartOf":{"@id":"https:\/\/iraurgiberritzen.eus\/es\/#website"},"primaryImageOfPage":{"@id":"https:\/\/iraurgiberritzen.eus\/es\/los-centros-educativos-de-la-comarca-debaten-y-consensuan-lan-diferentes-lineas-de-trabajo-en-colaboracion\/#primaryimage"},"image":{"@id":"https:\/\/iraurgiberritzen.eus\/es\/los-centros-educativos-de-la-comarca-debaten-y-consensuan-lan-diferentes-lineas-de-trabajo-en-colaboracion\/#primaryimage"},"thumbnailUrl":"https:\/\/iraurgiberritzen.eus\/wp-content\/uploads\/2023\/09\/b28cbe6511a4db9839d58c5beb3f657f.jpg","datePublished":"2019-03-15T08:38:39+00:00","breadcrumb":{"@id":"https:\/\/iraurgiberritzen.eus\/es\/los-centros-educativos-de-la-comarca-debaten-y-consensuan-lan-diferentes-lineas-de-trabajo-en-colaboracion\/#breadcrumb"},"inLanguage":"es","potentialAction":[{"@type":"ReadAction","target":["https:\/\/iraurgiberritzen.eus\/es\/los-centros-educativos-de-la-comarca-debaten-y-consensuan-lan-diferentes-lineas-de-trabajo-en-colaboracion\/"]}]},{"@type":"ImageObject","inLanguage":"es","@id":"https:\/\/iraurgiberritzen.eus\/es\/los-centros-educativos-de-la-comarca-debaten-y-consensuan-lan-diferentes-lineas-de-trabajo-en-colaboracion\/#primaryimage","url":"https:\/\/iraurgiberritzen.eus\/wp-content\/uploads\/2023\/09\/b28cbe6511a4db9839d58c5beb3f657f.jpg","contentUrl":"https:\/\/iraurgiberritzen.eus\/wp-content\/uploads\/2023\/09\/b28cbe6511a4db9839d58c5beb3f657f.jpg","width":600,"height":386},{"@type":"BreadcrumbList","@id":"https:\/\/iraurgiberritzen.eus\/es\/los-centros-educativos-de-la-comarca-debaten-y-consensuan-lan-diferentes-lineas-de-trabajo-en-colaboracion\/#breadcrumb","itemListElement":[{"@type":"ListItem","position":1,"name":"Home","item":"https:\/\/iraurgiberritzen.eus\/es\/"},{"@type":"ListItem","position":2,"name":"Los CENTROS EDUCATIVOS de la comarca, debaten y consensuan lan diferentes l\u00edneas de trabajo en colaboraci\u00f3n"}]},{"@type":"WebSite","@id":"https:\/\/iraurgiberritzen.eus\/es\/#website","url":"https:\/\/iraurgiberritzen.eus\/es\/","name":"Iraurgi Berritzen","description":"Urola Erdiko Garapen Agentzia","publisher":{"@id":"https:\/\/iraurgiberritzen.eus\/es\/#organization"},"potentialAction":[{"@type":"SearchAction","target":{"@type":"EntryPoint","urlTemplate":"https:\/\/iraurgiberritzen.eus\/es\/?s={search_term_string}"},"query-input":{"@type":"PropertyValueSpecification","valueRequired":true,"valueName":"search_term_string"}}],"inLanguage":"es"},{"@type":"Organization","@id":"https:\/\/iraurgiberritzen.eus\/es\/#organization","name":"Iraurgi Berritzen","url":"https:\/\/iraurgiberritzen.eus\/es\/","logo":{"@type":"ImageObject","inLanguage":"es","@id":"https:\/\/iraurgiberritzen.eus\/es\/#\/schema\/logo\/image\/","url":"https:\/\/iraurgiberritzen.eus\/wp-content\/uploads\/2024\/02\/IRAURGI-BERRITZEN-logotipoa_2.png","contentUrl":"https:\/\/iraurgiberritzen.eus\/wp-content\/uploads\/2024\/02\/IRAURGI-BERRITZEN-logotipoa_2.png","width":496,"height":190,"caption":"Iraurgi Berritzen"},"image":{"@id":"https:\/\/iraurgiberritzen.eus\/es\/#\/schema\/logo\/image\/"}},{"@type":"Person","@id":"https:\/\/iraurgiberritzen.eus\/es\/#\/schema\/person\/5ab41aaf388a9097177601ebf45738d2","name":"kudeatzailea","sameAs":["https:\/\/iraurgiberritzen.eus"]}]}},"_links":{"self":[{"href":"https:\/\/iraurgiberritzen.eus\/es\/wp-json\/wp\/v2\/posts\/12571","targetHints":{"allow":["GET"]}}],"collection":[{"href":"https:\/\/iraurgiberritzen.eus\/es\/wp-json\/wp\/v2\/posts"}],"about":[{"href":"https:\/\/iraurgiberritzen.eus\/es\/wp-json\/wp\/v2\/types\/post"}],"author":[{"embeddable":true,"href":"https:\/\/iraurgiberritzen.eus\/es\/wp-json\/wp\/v2\/users\/1"}],"replies":[{"embeddable":true,"href":"https:\/\/iraurgiberritzen.eus\/es\/wp-json\/wp\/v2\/comments?post=12571"}],"version-history":[{"count":0,"href":"https:\/\/iraurgiberritzen.eus\/es\/wp-json\/wp\/v2\/posts\/12571\/revisions"}],"wp:featuredmedia":[{"embeddable":true,"href":"https:\/\/iraurgiberritzen.eus\/es\/wp-json\/wp\/v2\/media\/17818"}],"wp:attachment":[{"href":"https:\/\/iraurgiberritzen.eus\/es\/wp-json\/wp\/v2\/media?parent=12571"}],"wp:term":[{"taxonomy":"category","embeddable":true,"href":"https:\/\/iraurgiberritzen.eus\/es\/wp-json\/wp\/v2\/categories?post=12571"},{"taxonomy":"post_tag","embeddable":true,"href":"https:\/\/iraurgiberritzen.eus\/es\/wp-json\/wp\/v2\/tags?post=12571"}],"curies":[{"name":"wp","href":"https:\/\/api.w.org\/{rel}","templated":true}]}}