{"id":12583,"date":"2019-04-03T06:26:45","date_gmt":"2019-04-03T04:26:45","guid":{"rendered":"https:\/\/iraurgiberritzen.eus\/12-empresas-de-la-comarca-visitan-tecnicur-para-conocer-su-experiencia\/"},"modified":"2019-04-03T06:26:45","modified_gmt":"2019-04-03T04:26:45","slug":"12-empresas-de-la-comarca-visitan-tecnicur-para-conocer-su-experiencia","status":"publish","type":"post","link":"https:\/\/iraurgiberritzen.eus\/es\/12-empresas-de-la-comarca-visitan-tecnicur-para-conocer-su-experiencia\/","title":{"rendered":"12 empresas de la comarca visitan TECNICUR para conocer su experiencia"},"content":{"rendered":"<p>El pasado 28 de Marzo, varias de las empresas de la red IB, tuvieron la posibilidad de conocer la experiencia de la empresa TECNICUR dentro del marco IKASIZ.<\/p>\n<p style=\"text-align: justify;\">El objetivo del proyecto IKASIZ, es la de compartir entre las empresas de la comarca diferentes buenas pr\u00e1cticas que se est\u00e1n trabajando en ellas, posibilitando as\u00ed procesos de aprendizaje conjuntos y fomentando espacios orientados a la generaci\u00f3n de relaciones de confianza.<\/p>\n<p style=\"text-align: justify;\">Despu\u00e9s de la visita a las instalaciones y conocer el modelo de negocio de la empresa, conocieron el proceso de cambio vivido por Tecnicur durante los \u00faltimos 4 a\u00f1os, desde 2 perspectivas.<\/p>\n<p style=\"text-align: justify;\">El responsable de Tecnicur puso el foco en los proyectos orientados a la transformaci\u00f3n de los procesos de gesti\u00f3n y organizaci\u00f3n, y en los orientados a generar mejoras en el proceso de fabricaci\u00f3n, planificaci\u00f3n de la producci\u00f3n (herramientas a medida)<\/p>\n<p style=\"text-align: justify;\">15 representantes de 12 empresas participaron en la visita, lo que dio pie a que se generase una buena oportunidad para el debate, aclarar dudas, aunar visiones y fomentar las relaciones de confianza entre los propios asistentes.<\/p>\n<p style=\"text-align: justify;\">La valoraci\u00f3n por parte de las empresas que se acercaron a Tecnicur fue muy positiva.<\/p>\n<p style=\"text-align: justify;\"><span style=\"font-family: Arial, Helvetica, sans-serif; font-size: 12.0097px; text-align: center; background-color: #f9f9f9;\">{myFlickr}photoset_id=72157690720185373{\/myFlickr}&nbsp;<\/span><\/p>\n","protected":false},"excerpt":{"rendered":"<p>El pasado 28 de Marzo, varias de las empresas de la red IB, tuvieron la posibilidad de conocer la experiencia de la empresa TECNICUR dentro del marco IKASIZ. El objetivo del proyecto IKASIZ, es la de compartir entre las empresas de la comarca diferentes buenas pr\u00e1cticas que se est\u00e1n trabajando en ellas, posibilitando as\u00ed procesos [&hellip;]<\/p>\n","protected":false},"author":1,"featured_media":17822,"comment_status":"","ping_status":"closed","sticky":false,"template":"","format":"standard","meta":{"_acf_changed":false,"footnotes":""},"categories":[4],"tags":[],"class_list":["post-12583","post","type-post","status-publish","format-standard","has-post-thumbnail","hentry","category-noticias"],"acf":[],"yoast_head":"<!-- This site is optimized with the Yoast SEO plugin v27.4 - https:\/\/yoast.com\/product\/yoast-seo-wordpress\/ -->\n<title>12 empresas de la comarca visitan TECNICUR para conocer su experiencia - Iraurgi Berritzen<\/title>\n<meta name=\"robots\" content=\"index, follow, max-snippet:-1, max-image-preview:large, max-video-preview:-1\" \/>\n<link rel=\"canonical\" href=\"https:\/\/iraurgiberritzen.eus\/es\/12-empresas-de-la-comarca-visitan-tecnicur-para-conocer-su-experiencia\/\" \/>\n<meta property=\"og:locale\" content=\"es_ES\" \/>\n<meta property=\"og:type\" content=\"article\" \/>\n<meta property=\"og:title\" content=\"12 empresas de la comarca visitan TECNICUR para conocer su experiencia - Iraurgi Berritzen\" \/>\n<meta property=\"og:description\" content=\"El pasado 28 de Marzo, varias de las empresas de la red IB, tuvieron la posibilidad de conocer la experiencia de la empresa TECNICUR dentro del marco IKASIZ. El objetivo del proyecto IKASIZ, es la de compartir entre las empresas de la comarca diferentes buenas pr\u00e1cticas que se est\u00e1n trabajando en ellas, posibilitando as\u00ed procesos [&hellip;]\" \/>\n<meta property=\"og:url\" content=\"https:\/\/iraurgiberritzen.eus\/es\/12-empresas-de-la-comarca-visitan-tecnicur-para-conocer-su-experiencia\/\" \/>\n<meta property=\"og:site_name\" content=\"Iraurgi Berritzen\" \/>\n<meta property=\"article:published_time\" content=\"2019-04-03T04:26:45+00:00\" \/>\n<meta name=\"author\" content=\"kudeatzailea\" \/>\n<meta name=\"twitter:card\" content=\"summary_large_image\" \/>\n<meta name=\"twitter:label1\" content=\"Escrito por\" \/>\n\t<meta name=\"twitter:data1\" content=\"kudeatzailea\" \/>\n\t<meta name=\"twitter:label2\" content=\"Tiempo de lectura\" \/>\n\t<meta name=\"twitter:data2\" content=\"1 minuto\" \/>\n<script type=\"application\/ld+json\" class=\"yoast-schema-graph\">{\"@context\":\"https:\\\/\\\/schema.org\",\"@graph\":[{\"@type\":\"Article\",\"@id\":\"https:\\\/\\\/iraurgiberritzen.eus\\\/es\\\/12-empresas-de-la-comarca-visitan-tecnicur-para-conocer-su-experiencia\\\/#article\",\"isPartOf\":{\"@id\":\"https:\\\/\\\/iraurgiberritzen.eus\\\/es\\\/12-empresas-de-la-comarca-visitan-tecnicur-para-conocer-su-experiencia\\\/\"},\"author\":{\"name\":\"kudeatzailea\",\"@id\":\"https:\\\/\\\/iraurgiberritzen.eus\\\/es\\\/#\\\/schema\\\/person\\\/5ab41aaf388a9097177601ebf45738d2\"},\"headline\":\"12 empresas de la comarca visitan TECNICUR para conocer su experiencia\",\"datePublished\":\"2019-04-03T04:26:45+00:00\",\"mainEntityOfPage\":{\"@id\":\"https:\\\/\\\/iraurgiberritzen.eus\\\/es\\\/12-empresas-de-la-comarca-visitan-tecnicur-para-conocer-su-experiencia\\\/\"},\"wordCount\":215,\"publisher\":{\"@id\":\"https:\\\/\\\/iraurgiberritzen.eus\\\/es\\\/#organization\"},\"image\":{\"@id\":\"https:\\\/\\\/iraurgiberritzen.eus\\\/es\\\/12-empresas-de-la-comarca-visitan-tecnicur-para-conocer-su-experiencia\\\/#primaryimage\"},\"thumbnailUrl\":\"https:\\\/\\\/iraurgiberritzen.eus\\\/wp-content\\\/uploads\\\/2023\\\/09\\\/af6038056f6231c664e3ef073c45af10.jpg\",\"articleSection\":[\"Noticias\"],\"inLanguage\":\"es\"},{\"@type\":\"WebPage\",\"@id\":\"https:\\\/\\\/iraurgiberritzen.eus\\\/es\\\/12-empresas-de-la-comarca-visitan-tecnicur-para-conocer-su-experiencia\\\/\",\"url\":\"https:\\\/\\\/iraurgiberritzen.eus\\\/es\\\/12-empresas-de-la-comarca-visitan-tecnicur-para-conocer-su-experiencia\\\/\",\"name\":\"12 empresas de la comarca visitan TECNICUR para conocer su experiencia - Iraurgi Berritzen\",\"isPartOf\":{\"@id\":\"https:\\\/\\\/iraurgiberritzen.eus\\\/es\\\/#website\"},\"primaryImageOfPage\":{\"@id\":\"https:\\\/\\\/iraurgiberritzen.eus\\\/es\\\/12-empresas-de-la-comarca-visitan-tecnicur-para-conocer-su-experiencia\\\/#primaryimage\"},\"image\":{\"@id\":\"https:\\\/\\\/iraurgiberritzen.eus\\\/es\\\/12-empresas-de-la-comarca-visitan-tecnicur-para-conocer-su-experiencia\\\/#primaryimage\"},\"thumbnailUrl\":\"https:\\\/\\\/iraurgiberritzen.eus\\\/wp-content\\\/uploads\\\/2023\\\/09\\\/af6038056f6231c664e3ef073c45af10.jpg\",\"datePublished\":\"2019-04-03T04:26:45+00:00\",\"breadcrumb\":{\"@id\":\"https:\\\/\\\/iraurgiberritzen.eus\\\/es\\\/12-empresas-de-la-comarca-visitan-tecnicur-para-conocer-su-experiencia\\\/#breadcrumb\"},\"inLanguage\":\"es\",\"potentialAction\":[{\"@type\":\"ReadAction\",\"target\":[\"https:\\\/\\\/iraurgiberritzen.eus\\\/es\\\/12-empresas-de-la-comarca-visitan-tecnicur-para-conocer-su-experiencia\\\/\"]}]},{\"@type\":\"ImageObject\",\"inLanguage\":\"es\",\"@id\":\"https:\\\/\\\/iraurgiberritzen.eus\\\/es\\\/12-empresas-de-la-comarca-visitan-tecnicur-para-conocer-su-experiencia\\\/#primaryimage\",\"url\":\"https:\\\/\\\/iraurgiberritzen.eus\\\/wp-content\\\/uploads\\\/2023\\\/09\\\/af6038056f6231c664e3ef073c45af10.jpg\",\"contentUrl\":\"https:\\\/\\\/iraurgiberritzen.eus\\\/wp-content\\\/uploads\\\/2023\\\/09\\\/af6038056f6231c664e3ef073c45af10.jpg\",\"width\":600,\"height\":386},{\"@type\":\"BreadcrumbList\",\"@id\":\"https:\\\/\\\/iraurgiberritzen.eus\\\/es\\\/12-empresas-de-la-comarca-visitan-tecnicur-para-conocer-su-experiencia\\\/#breadcrumb\",\"itemListElement\":[{\"@type\":\"ListItem\",\"position\":1,\"name\":\"Home\",\"item\":\"https:\\\/\\\/iraurgiberritzen.eus\\\/es\\\/\"},{\"@type\":\"ListItem\",\"position\":2,\"name\":\"12 empresas de la comarca visitan TECNICUR para conocer su experiencia\"}]},{\"@type\":\"WebSite\",\"@id\":\"https:\\\/\\\/iraurgiberritzen.eus\\\/es\\\/#website\",\"url\":\"https:\\\/\\\/iraurgiberritzen.eus\\\/es\\\/\",\"name\":\"Iraurgi Berritzen\",\"description\":\"Urola Erdiko Garapen Agentzia\",\"publisher\":{\"@id\":\"https:\\\/\\\/iraurgiberritzen.eus\\\/es\\\/#organization\"},\"potentialAction\":[{\"@type\":\"SearchAction\",\"target\":{\"@type\":\"EntryPoint\",\"urlTemplate\":\"https:\\\/\\\/iraurgiberritzen.eus\\\/es\\\/?s={search_term_string}\"},\"query-input\":{\"@type\":\"PropertyValueSpecification\",\"valueRequired\":true,\"valueName\":\"search_term_string\"}}],\"inLanguage\":\"es\"},{\"@type\":\"Organization\",\"@id\":\"https:\\\/\\\/iraurgiberritzen.eus\\\/es\\\/#organization\",\"name\":\"Iraurgi Berritzen\",\"url\":\"https:\\\/\\\/iraurgiberritzen.eus\\\/es\\\/\",\"logo\":{\"@type\":\"ImageObject\",\"inLanguage\":\"es\",\"@id\":\"https:\\\/\\\/iraurgiberritzen.eus\\\/es\\\/#\\\/schema\\\/logo\\\/image\\\/\",\"url\":\"https:\\\/\\\/iraurgiberritzen.eus\\\/wp-content\\\/uploads\\\/2024\\\/02\\\/IRAURGI-BERRITZEN-logotipoa_2.png\",\"contentUrl\":\"https:\\\/\\\/iraurgiberritzen.eus\\\/wp-content\\\/uploads\\\/2024\\\/02\\\/IRAURGI-BERRITZEN-logotipoa_2.png\",\"width\":496,\"height\":190,\"caption\":\"Iraurgi Berritzen\"},\"image\":{\"@id\":\"https:\\\/\\\/iraurgiberritzen.eus\\\/es\\\/#\\\/schema\\\/logo\\\/image\\\/\"}},{\"@type\":\"Person\",\"@id\":\"https:\\\/\\\/iraurgiberritzen.eus\\\/es\\\/#\\\/schema\\\/person\\\/5ab41aaf388a9097177601ebf45738d2\",\"name\":\"kudeatzailea\",\"sameAs\":[\"https:\\\/\\\/iraurgiberritzen.eus\"]}]}<\/script>\n<!-- \/ Yoast SEO plugin. -->","yoast_head_json":{"title":"12 empresas de la comarca visitan TECNICUR para conocer su experiencia - Iraurgi Berritzen","robots":{"index":"index","follow":"follow","max-snippet":"max-snippet:-1","max-image-preview":"max-image-preview:large","max-video-preview":"max-video-preview:-1"},"canonical":"https:\/\/iraurgiberritzen.eus\/es\/12-empresas-de-la-comarca-visitan-tecnicur-para-conocer-su-experiencia\/","og_locale":"es_ES","og_type":"article","og_title":"12 empresas de la comarca visitan TECNICUR para conocer su experiencia - Iraurgi Berritzen","og_description":"El pasado 28 de Marzo, varias de las empresas de la red IB, tuvieron la posibilidad de conocer la experiencia de la empresa TECNICUR dentro del marco IKASIZ. El objetivo del proyecto IKASIZ, es la de compartir entre las empresas de la comarca diferentes buenas pr\u00e1cticas que se est\u00e1n trabajando en ellas, posibilitando as\u00ed procesos [&hellip;]","og_url":"https:\/\/iraurgiberritzen.eus\/es\/12-empresas-de-la-comarca-visitan-tecnicur-para-conocer-su-experiencia\/","og_site_name":"Iraurgi Berritzen","article_published_time":"2019-04-03T04:26:45+00:00","author":"kudeatzailea","twitter_card":"summary_large_image","twitter_misc":{"Escrito por":"kudeatzailea","Tiempo de lectura":"1 minuto"},"schema":{"@context":"https:\/\/schema.org","@graph":[{"@type":"Article","@id":"https:\/\/iraurgiberritzen.eus\/es\/12-empresas-de-la-comarca-visitan-tecnicur-para-conocer-su-experiencia\/#article","isPartOf":{"@id":"https:\/\/iraurgiberritzen.eus\/es\/12-empresas-de-la-comarca-visitan-tecnicur-para-conocer-su-experiencia\/"},"author":{"name":"kudeatzailea","@id":"https:\/\/iraurgiberritzen.eus\/es\/#\/schema\/person\/5ab41aaf388a9097177601ebf45738d2"},"headline":"12 empresas de la comarca visitan TECNICUR para conocer su experiencia","datePublished":"2019-04-03T04:26:45+00:00","mainEntityOfPage":{"@id":"https:\/\/iraurgiberritzen.eus\/es\/12-empresas-de-la-comarca-visitan-tecnicur-para-conocer-su-experiencia\/"},"wordCount":215,"publisher":{"@id":"https:\/\/iraurgiberritzen.eus\/es\/#organization"},"image":{"@id":"https:\/\/iraurgiberritzen.eus\/es\/12-empresas-de-la-comarca-visitan-tecnicur-para-conocer-su-experiencia\/#primaryimage"},"thumbnailUrl":"https:\/\/iraurgiberritzen.eus\/wp-content\/uploads\/2023\/09\/af6038056f6231c664e3ef073c45af10.jpg","articleSection":["Noticias"],"inLanguage":"es"},{"@type":"WebPage","@id":"https:\/\/iraurgiberritzen.eus\/es\/12-empresas-de-la-comarca-visitan-tecnicur-para-conocer-su-experiencia\/","url":"https:\/\/iraurgiberritzen.eus\/es\/12-empresas-de-la-comarca-visitan-tecnicur-para-conocer-su-experiencia\/","name":"12 empresas de la comarca visitan TECNICUR para conocer su experiencia - Iraurgi Berritzen","isPartOf":{"@id":"https:\/\/iraurgiberritzen.eus\/es\/#website"},"primaryImageOfPage":{"@id":"https:\/\/iraurgiberritzen.eus\/es\/12-empresas-de-la-comarca-visitan-tecnicur-para-conocer-su-experiencia\/#primaryimage"},"image":{"@id":"https:\/\/iraurgiberritzen.eus\/es\/12-empresas-de-la-comarca-visitan-tecnicur-para-conocer-su-experiencia\/#primaryimage"},"thumbnailUrl":"https:\/\/iraurgiberritzen.eus\/wp-content\/uploads\/2023\/09\/af6038056f6231c664e3ef073c45af10.jpg","datePublished":"2019-04-03T04:26:45+00:00","breadcrumb":{"@id":"https:\/\/iraurgiberritzen.eus\/es\/12-empresas-de-la-comarca-visitan-tecnicur-para-conocer-su-experiencia\/#breadcrumb"},"inLanguage":"es","potentialAction":[{"@type":"ReadAction","target":["https:\/\/iraurgiberritzen.eus\/es\/12-empresas-de-la-comarca-visitan-tecnicur-para-conocer-su-experiencia\/"]}]},{"@type":"ImageObject","inLanguage":"es","@id":"https:\/\/iraurgiberritzen.eus\/es\/12-empresas-de-la-comarca-visitan-tecnicur-para-conocer-su-experiencia\/#primaryimage","url":"https:\/\/iraurgiberritzen.eus\/wp-content\/uploads\/2023\/09\/af6038056f6231c664e3ef073c45af10.jpg","contentUrl":"https:\/\/iraurgiberritzen.eus\/wp-content\/uploads\/2023\/09\/af6038056f6231c664e3ef073c45af10.jpg","width":600,"height":386},{"@type":"BreadcrumbList","@id":"https:\/\/iraurgiberritzen.eus\/es\/12-empresas-de-la-comarca-visitan-tecnicur-para-conocer-su-experiencia\/#breadcrumb","itemListElement":[{"@type":"ListItem","position":1,"name":"Home","item":"https:\/\/iraurgiberritzen.eus\/es\/"},{"@type":"ListItem","position":2,"name":"12 empresas de la comarca visitan TECNICUR para conocer su experiencia"}]},{"@type":"WebSite","@id":"https:\/\/iraurgiberritzen.eus\/es\/#website","url":"https:\/\/iraurgiberritzen.eus\/es\/","name":"Iraurgi Berritzen","description":"Urola Erdiko Garapen Agentzia","publisher":{"@id":"https:\/\/iraurgiberritzen.eus\/es\/#organization"},"potentialAction":[{"@type":"SearchAction","target":{"@type":"EntryPoint","urlTemplate":"https:\/\/iraurgiberritzen.eus\/es\/?s={search_term_string}"},"query-input":{"@type":"PropertyValueSpecification","valueRequired":true,"valueName":"search_term_string"}}],"inLanguage":"es"},{"@type":"Organization","@id":"https:\/\/iraurgiberritzen.eus\/es\/#organization","name":"Iraurgi Berritzen","url":"https:\/\/iraurgiberritzen.eus\/es\/","logo":{"@type":"ImageObject","inLanguage":"es","@id":"https:\/\/iraurgiberritzen.eus\/es\/#\/schema\/logo\/image\/","url":"https:\/\/iraurgiberritzen.eus\/wp-content\/uploads\/2024\/02\/IRAURGI-BERRITZEN-logotipoa_2.png","contentUrl":"https:\/\/iraurgiberritzen.eus\/wp-content\/uploads\/2024\/02\/IRAURGI-BERRITZEN-logotipoa_2.png","width":496,"height":190,"caption":"Iraurgi Berritzen"},"image":{"@id":"https:\/\/iraurgiberritzen.eus\/es\/#\/schema\/logo\/image\/"}},{"@type":"Person","@id":"https:\/\/iraurgiberritzen.eus\/es\/#\/schema\/person\/5ab41aaf388a9097177601ebf45738d2","name":"kudeatzailea","sameAs":["https:\/\/iraurgiberritzen.eus"]}]}},"_links":{"self":[{"href":"https:\/\/iraurgiberritzen.eus\/es\/wp-json\/wp\/v2\/posts\/12583","targetHints":{"allow":["GET"]}}],"collection":[{"href":"https:\/\/iraurgiberritzen.eus\/es\/wp-json\/wp\/v2\/posts"}],"about":[{"href":"https:\/\/iraurgiberritzen.eus\/es\/wp-json\/wp\/v2\/types\/post"}],"author":[{"embeddable":true,"href":"https:\/\/iraurgiberritzen.eus\/es\/wp-json\/wp\/v2\/users\/1"}],"replies":[{"embeddable":true,"href":"https:\/\/iraurgiberritzen.eus\/es\/wp-json\/wp\/v2\/comments?post=12583"}],"version-history":[{"count":0,"href":"https:\/\/iraurgiberritzen.eus\/es\/wp-json\/wp\/v2\/posts\/12583\/revisions"}],"wp:featuredmedia":[{"embeddable":true,"href":"https:\/\/iraurgiberritzen.eus\/es\/wp-json\/wp\/v2\/media\/17822"}],"wp:attachment":[{"href":"https:\/\/iraurgiberritzen.eus\/es\/wp-json\/wp\/v2\/media?parent=12583"}],"wp:term":[{"taxonomy":"category","embeddable":true,"href":"https:\/\/iraurgiberritzen.eus\/es\/wp-json\/wp\/v2\/categories?post=12583"},{"taxonomy":"post_tag","embeddable":true,"href":"https:\/\/iraurgiberritzen.eus\/es\/wp-json\/wp\/v2\/tags?post=12583"}],"curies":[{"name":"wp","href":"https:\/\/api.w.org\/{rel}","templated":true}]}}