{"id":12586,"date":"2019-04-05T09:54:33","date_gmt":"2019-04-05T07:54:33","guid":{"rendered":"https:\/\/iraurgiberritzen.eus\/ib-kontseilua-ha-aprobado-un-nuevo-proyecto-para-atraer-el-talento-de-jovenes-de-la-comarca\/"},"modified":"2019-04-05T09:54:33","modified_gmt":"2019-04-05T07:54:33","slug":"ib-kontseilua-ha-aprobado-un-nuevo-proyecto-para-atraer-el-talento-de-jovenes-de-la-comarca","status":"publish","type":"post","link":"https:\/\/iraurgiberritzen.eus\/es\/ib-kontseilua-ha-aprobado-un-nuevo-proyecto-para-atraer-el-talento-de-jovenes-de-la-comarca\/","title":{"rendered":"IB Kontseilua ha aprobado un nuevo proyecto para atraer el talento de j\u00f3venes de la comarca"},"content":{"rendered":"<p>IB Kontseilua, formado por representantes de Empresas, Centros Formativos y Ayuntamientos de la comarca se ha reunido en Azkoitia el 4 de abril.<\/p>\n<p style=\"text-align: justify;\">Uno de los objetivos del Consejo es impulsar la colaboraci\u00f3n entre agentes de la comarca mediante proyectos concretos. En este \u00faltimo Consejo, se ha realizado el seguimiento y analizado los proyectos que tienen en marcha en colaboraci\u00f3n con diferentes agentes en cada \u00e1rea, proponiendo nuevos proyectos.<\/p>\n<p style=\"text-align: justify;\">Entre otros, las<strong> empresas<\/strong> han presentado la nueva composici\u00f3n de Enpresa Gunea y el proyecto UrolaTalent. Los <strong>centros formativo<\/strong>s han explicado los proyectos y visitas que tienen en colaboraci\u00f3n con diferentes agentes y empresas, y el programa Gerolan de IB, que pondr\u00e1n en marcha los t\u00e9cnicos de la agencia, para fortalecer la orientaci\u00f3n laboral entre los estudiantes.<\/p>\n<p style=\"text-align: justify;\">El representante de <strong>Izarraitz Lanbide Heziketa<\/strong> ha valorado positivamente los cursos con compromiso de contrataci\u00f3n que est\u00e1n desarrollando en colaboraci\u00f3n con empresas y el \u00e1rea de empleo, recalcando que se contratar\u00e1n 20 personas en situaci\u00f3n de desempleo en la comarca. Los <strong>representantes de los ayuntamientos<\/strong> han subrayado dos proyectos de colaboraci\u00f3n entre ayuntamientos de la comarca: el proceso de desarrollo territorial y gobernanza que se implementar\u00e1 con los representantes pol\u00edticos actuales y nuevos, y el Proyecto UrolanEkin, un proyecto destinado a promover la formaci\u00f3n de personas en situaci\u00f3n de exclusi\u00f3n social, para su integraci\u00f3n en el mundo laboral, y a impulsar la creaci\u00f3n de empresas de inserci\u00f3n social, con el fin promover la inclusi\u00f3n social en la comarca.<\/p>\n<p style=\"text-align: justify;\">Por otro lado, los miembros del consejo han analizado la propuesta de los centros formativos, con el objetivo de mantener y atraer talento en la comarca, y se ha aprobado un nuevo proyecto, para la puesta en marcha de nuevas iniciativas en colaboraci\u00f3n en este contexto.<\/p>\n<p style=\"text-align: justify;\">Agentes participantes de IB Kontseilua: Sidenor, Berritek, concejales de los ayuntamientos de Azpeitia y Azkoitia, Izarraitz Lanbide Heziketa, Azkoitia BHI, IB y el equipo t\u00e9cnico del IB.<\/p>\n","protected":false},"excerpt":{"rendered":"<p>IB Kontseilua, formado por representantes de Empresas, Centros Formativos y Ayuntamientos de la comarca se ha reunido en Azkoitia el 4 de abril. Uno de los objetivos del Consejo es impulsar la colaboraci\u00f3n entre agentes de la comarca mediante proyectos concretos. En este \u00faltimo Consejo, se ha realizado el seguimiento y analizado los proyectos que [&hellip;]<\/p>\n","protected":false},"author":1,"featured_media":17823,"comment_status":"","ping_status":"closed","sticky":false,"template":"","format":"standard","meta":{"_acf_changed":false,"footnotes":""},"categories":[4],"tags":[],"class_list":["post-12586","post","type-post","status-publish","format-standard","has-post-thumbnail","hentry","category-noticias"],"acf":[],"yoast_head":"<!-- This site is optimized with the Yoast SEO plugin v27.4 - https:\/\/yoast.com\/product\/yoast-seo-wordpress\/ -->\n<title>IB Kontseilua ha aprobado un nuevo proyecto para atraer el talento de j\u00f3venes de la comarca - Iraurgi Berritzen<\/title>\n<meta name=\"robots\" content=\"index, follow, max-snippet:-1, max-image-preview:large, max-video-preview:-1\" \/>\n<link rel=\"canonical\" href=\"https:\/\/iraurgiberritzen.eus\/es\/ib-kontseilua-ha-aprobado-un-nuevo-proyecto-para-atraer-el-talento-de-jovenes-de-la-comarca\/\" \/>\n<meta property=\"og:locale\" content=\"es_ES\" \/>\n<meta property=\"og:type\" content=\"article\" \/>\n<meta property=\"og:title\" content=\"IB Kontseilua ha aprobado un nuevo proyecto para atraer el talento de j\u00f3venes de la comarca - Iraurgi Berritzen\" \/>\n<meta property=\"og:description\" content=\"IB Kontseilua, formado por representantes de Empresas, Centros Formativos y Ayuntamientos de la comarca se ha reunido en Azkoitia el 4 de abril. Uno de los objetivos del Consejo es impulsar la colaboraci\u00f3n entre agentes de la comarca mediante proyectos concretos. En este \u00faltimo Consejo, se ha realizado el seguimiento y analizado los proyectos que [&hellip;]\" \/>\n<meta property=\"og:url\" content=\"https:\/\/iraurgiberritzen.eus\/es\/ib-kontseilua-ha-aprobado-un-nuevo-proyecto-para-atraer-el-talento-de-jovenes-de-la-comarca\/\" \/>\n<meta property=\"og:site_name\" content=\"Iraurgi Berritzen\" \/>\n<meta property=\"article:published_time\" content=\"2019-04-05T07:54:33+00:00\" \/>\n<meta name=\"author\" content=\"kudeatzailea\" \/>\n<meta name=\"twitter:card\" content=\"summary_large_image\" \/>\n<meta name=\"twitter:label1\" content=\"Escrito por\" \/>\n\t<meta name=\"twitter:data1\" content=\"kudeatzailea\" \/>\n\t<meta name=\"twitter:label2\" content=\"Tiempo de lectura\" \/>\n\t<meta name=\"twitter:data2\" content=\"2 minutos\" \/>\n<script type=\"application\/ld+json\" class=\"yoast-schema-graph\">{\"@context\":\"https:\\\/\\\/schema.org\",\"@graph\":[{\"@type\":\"Article\",\"@id\":\"https:\\\/\\\/iraurgiberritzen.eus\\\/es\\\/ib-kontseilua-ha-aprobado-un-nuevo-proyecto-para-atraer-el-talento-de-jovenes-de-la-comarca\\\/#article\",\"isPartOf\":{\"@id\":\"https:\\\/\\\/iraurgiberritzen.eus\\\/es\\\/ib-kontseilua-ha-aprobado-un-nuevo-proyecto-para-atraer-el-talento-de-jovenes-de-la-comarca\\\/\"},\"author\":{\"name\":\"kudeatzailea\",\"@id\":\"https:\\\/\\\/iraurgiberritzen.eus\\\/es\\\/#\\\/schema\\\/person\\\/5ab41aaf388a9097177601ebf45738d2\"},\"headline\":\"IB Kontseilua ha aprobado un nuevo proyecto para atraer el talento de j\u00f3venes de la comarca\",\"datePublished\":\"2019-04-05T07:54:33+00:00\",\"mainEntityOfPage\":{\"@id\":\"https:\\\/\\\/iraurgiberritzen.eus\\\/es\\\/ib-kontseilua-ha-aprobado-un-nuevo-proyecto-para-atraer-el-talento-de-jovenes-de-la-comarca\\\/\"},\"wordCount\":355,\"publisher\":{\"@id\":\"https:\\\/\\\/iraurgiberritzen.eus\\\/es\\\/#organization\"},\"image\":{\"@id\":\"https:\\\/\\\/iraurgiberritzen.eus\\\/es\\\/ib-kontseilua-ha-aprobado-un-nuevo-proyecto-para-atraer-el-talento-de-jovenes-de-la-comarca\\\/#primaryimage\"},\"thumbnailUrl\":\"https:\\\/\\\/iraurgiberritzen.eus\\\/wp-content\\\/uploads\\\/2023\\\/09\\\/ed7b17da6cf518a8c679fcad36d4a22c.jpg\",\"articleSection\":[\"Noticias\"],\"inLanguage\":\"es\"},{\"@type\":\"WebPage\",\"@id\":\"https:\\\/\\\/iraurgiberritzen.eus\\\/es\\\/ib-kontseilua-ha-aprobado-un-nuevo-proyecto-para-atraer-el-talento-de-jovenes-de-la-comarca\\\/\",\"url\":\"https:\\\/\\\/iraurgiberritzen.eus\\\/es\\\/ib-kontseilua-ha-aprobado-un-nuevo-proyecto-para-atraer-el-talento-de-jovenes-de-la-comarca\\\/\",\"name\":\"IB Kontseilua ha aprobado un nuevo proyecto para atraer el talento de j\u00f3venes de la comarca - Iraurgi Berritzen\",\"isPartOf\":{\"@id\":\"https:\\\/\\\/iraurgiberritzen.eus\\\/es\\\/#website\"},\"primaryImageOfPage\":{\"@id\":\"https:\\\/\\\/iraurgiberritzen.eus\\\/es\\\/ib-kontseilua-ha-aprobado-un-nuevo-proyecto-para-atraer-el-talento-de-jovenes-de-la-comarca\\\/#primaryimage\"},\"image\":{\"@id\":\"https:\\\/\\\/iraurgiberritzen.eus\\\/es\\\/ib-kontseilua-ha-aprobado-un-nuevo-proyecto-para-atraer-el-talento-de-jovenes-de-la-comarca\\\/#primaryimage\"},\"thumbnailUrl\":\"https:\\\/\\\/iraurgiberritzen.eus\\\/wp-content\\\/uploads\\\/2023\\\/09\\\/ed7b17da6cf518a8c679fcad36d4a22c.jpg\",\"datePublished\":\"2019-04-05T07:54:33+00:00\",\"breadcrumb\":{\"@id\":\"https:\\\/\\\/iraurgiberritzen.eus\\\/es\\\/ib-kontseilua-ha-aprobado-un-nuevo-proyecto-para-atraer-el-talento-de-jovenes-de-la-comarca\\\/#breadcrumb\"},\"inLanguage\":\"es\",\"potentialAction\":[{\"@type\":\"ReadAction\",\"target\":[\"https:\\\/\\\/iraurgiberritzen.eus\\\/es\\\/ib-kontseilua-ha-aprobado-un-nuevo-proyecto-para-atraer-el-talento-de-jovenes-de-la-comarca\\\/\"]}]},{\"@type\":\"ImageObject\",\"inLanguage\":\"es\",\"@id\":\"https:\\\/\\\/iraurgiberritzen.eus\\\/es\\\/ib-kontseilua-ha-aprobado-un-nuevo-proyecto-para-atraer-el-talento-de-jovenes-de-la-comarca\\\/#primaryimage\",\"url\":\"https:\\\/\\\/iraurgiberritzen.eus\\\/wp-content\\\/uploads\\\/2023\\\/09\\\/ed7b17da6cf518a8c679fcad36d4a22c.jpg\",\"contentUrl\":\"https:\\\/\\\/iraurgiberritzen.eus\\\/wp-content\\\/uploads\\\/2023\\\/09\\\/ed7b17da6cf518a8c679fcad36d4a22c.jpg\",\"width\":600,\"height\":386},{\"@type\":\"BreadcrumbList\",\"@id\":\"https:\\\/\\\/iraurgiberritzen.eus\\\/es\\\/ib-kontseilua-ha-aprobado-un-nuevo-proyecto-para-atraer-el-talento-de-jovenes-de-la-comarca\\\/#breadcrumb\",\"itemListElement\":[{\"@type\":\"ListItem\",\"position\":1,\"name\":\"Home\",\"item\":\"https:\\\/\\\/iraurgiberritzen.eus\\\/es\\\/\"},{\"@type\":\"ListItem\",\"position\":2,\"name\":\"IB Kontseilua ha aprobado un nuevo proyecto para atraer el talento de j\u00f3venes de la comarca\"}]},{\"@type\":\"WebSite\",\"@id\":\"https:\\\/\\\/iraurgiberritzen.eus\\\/es\\\/#website\",\"url\":\"https:\\\/\\\/iraurgiberritzen.eus\\\/es\\\/\",\"name\":\"Iraurgi Berritzen\",\"description\":\"Urola Erdiko Garapen Agentzia\",\"publisher\":{\"@id\":\"https:\\\/\\\/iraurgiberritzen.eus\\\/es\\\/#organization\"},\"potentialAction\":[{\"@type\":\"SearchAction\",\"target\":{\"@type\":\"EntryPoint\",\"urlTemplate\":\"https:\\\/\\\/iraurgiberritzen.eus\\\/es\\\/?s={search_term_string}\"},\"query-input\":{\"@type\":\"PropertyValueSpecification\",\"valueRequired\":true,\"valueName\":\"search_term_string\"}}],\"inLanguage\":\"es\"},{\"@type\":\"Organization\",\"@id\":\"https:\\\/\\\/iraurgiberritzen.eus\\\/es\\\/#organization\",\"name\":\"Iraurgi Berritzen\",\"url\":\"https:\\\/\\\/iraurgiberritzen.eus\\\/es\\\/\",\"logo\":{\"@type\":\"ImageObject\",\"inLanguage\":\"es\",\"@id\":\"https:\\\/\\\/iraurgiberritzen.eus\\\/es\\\/#\\\/schema\\\/logo\\\/image\\\/\",\"url\":\"https:\\\/\\\/iraurgiberritzen.eus\\\/wp-content\\\/uploads\\\/2024\\\/02\\\/IRAURGI-BERRITZEN-logotipoa_2.png\",\"contentUrl\":\"https:\\\/\\\/iraurgiberritzen.eus\\\/wp-content\\\/uploads\\\/2024\\\/02\\\/IRAURGI-BERRITZEN-logotipoa_2.png\",\"width\":496,\"height\":190,\"caption\":\"Iraurgi Berritzen\"},\"image\":{\"@id\":\"https:\\\/\\\/iraurgiberritzen.eus\\\/es\\\/#\\\/schema\\\/logo\\\/image\\\/\"}},{\"@type\":\"Person\",\"@id\":\"https:\\\/\\\/iraurgiberritzen.eus\\\/es\\\/#\\\/schema\\\/person\\\/5ab41aaf388a9097177601ebf45738d2\",\"name\":\"kudeatzailea\",\"sameAs\":[\"https:\\\/\\\/iraurgiberritzen.eus\"]}]}<\/script>\n<!-- \/ Yoast SEO plugin. -->","yoast_head_json":{"title":"IB Kontseilua ha aprobado un nuevo proyecto para atraer el talento de j\u00f3venes de la comarca - Iraurgi Berritzen","robots":{"index":"index","follow":"follow","max-snippet":"max-snippet:-1","max-image-preview":"max-image-preview:large","max-video-preview":"max-video-preview:-1"},"canonical":"https:\/\/iraurgiberritzen.eus\/es\/ib-kontseilua-ha-aprobado-un-nuevo-proyecto-para-atraer-el-talento-de-jovenes-de-la-comarca\/","og_locale":"es_ES","og_type":"article","og_title":"IB Kontseilua ha aprobado un nuevo proyecto para atraer el talento de j\u00f3venes de la comarca - Iraurgi Berritzen","og_description":"IB Kontseilua, formado por representantes de Empresas, Centros Formativos y Ayuntamientos de la comarca se ha reunido en Azkoitia el 4 de abril. Uno de los objetivos del Consejo es impulsar la colaboraci\u00f3n entre agentes de la comarca mediante proyectos concretos. En este \u00faltimo Consejo, se ha realizado el seguimiento y analizado los proyectos que [&hellip;]","og_url":"https:\/\/iraurgiberritzen.eus\/es\/ib-kontseilua-ha-aprobado-un-nuevo-proyecto-para-atraer-el-talento-de-jovenes-de-la-comarca\/","og_site_name":"Iraurgi Berritzen","article_published_time":"2019-04-05T07:54:33+00:00","author":"kudeatzailea","twitter_card":"summary_large_image","twitter_misc":{"Escrito por":"kudeatzailea","Tiempo de lectura":"2 minutos"},"schema":{"@context":"https:\/\/schema.org","@graph":[{"@type":"Article","@id":"https:\/\/iraurgiberritzen.eus\/es\/ib-kontseilua-ha-aprobado-un-nuevo-proyecto-para-atraer-el-talento-de-jovenes-de-la-comarca\/#article","isPartOf":{"@id":"https:\/\/iraurgiberritzen.eus\/es\/ib-kontseilua-ha-aprobado-un-nuevo-proyecto-para-atraer-el-talento-de-jovenes-de-la-comarca\/"},"author":{"name":"kudeatzailea","@id":"https:\/\/iraurgiberritzen.eus\/es\/#\/schema\/person\/5ab41aaf388a9097177601ebf45738d2"},"headline":"IB Kontseilua ha aprobado un nuevo proyecto para atraer el talento de j\u00f3venes de la comarca","datePublished":"2019-04-05T07:54:33+00:00","mainEntityOfPage":{"@id":"https:\/\/iraurgiberritzen.eus\/es\/ib-kontseilua-ha-aprobado-un-nuevo-proyecto-para-atraer-el-talento-de-jovenes-de-la-comarca\/"},"wordCount":355,"publisher":{"@id":"https:\/\/iraurgiberritzen.eus\/es\/#organization"},"image":{"@id":"https:\/\/iraurgiberritzen.eus\/es\/ib-kontseilua-ha-aprobado-un-nuevo-proyecto-para-atraer-el-talento-de-jovenes-de-la-comarca\/#primaryimage"},"thumbnailUrl":"https:\/\/iraurgiberritzen.eus\/wp-content\/uploads\/2023\/09\/ed7b17da6cf518a8c679fcad36d4a22c.jpg","articleSection":["Noticias"],"inLanguage":"es"},{"@type":"WebPage","@id":"https:\/\/iraurgiberritzen.eus\/es\/ib-kontseilua-ha-aprobado-un-nuevo-proyecto-para-atraer-el-talento-de-jovenes-de-la-comarca\/","url":"https:\/\/iraurgiberritzen.eus\/es\/ib-kontseilua-ha-aprobado-un-nuevo-proyecto-para-atraer-el-talento-de-jovenes-de-la-comarca\/","name":"IB Kontseilua ha aprobado un nuevo proyecto para atraer el talento de j\u00f3venes de la comarca - Iraurgi Berritzen","isPartOf":{"@id":"https:\/\/iraurgiberritzen.eus\/es\/#website"},"primaryImageOfPage":{"@id":"https:\/\/iraurgiberritzen.eus\/es\/ib-kontseilua-ha-aprobado-un-nuevo-proyecto-para-atraer-el-talento-de-jovenes-de-la-comarca\/#primaryimage"},"image":{"@id":"https:\/\/iraurgiberritzen.eus\/es\/ib-kontseilua-ha-aprobado-un-nuevo-proyecto-para-atraer-el-talento-de-jovenes-de-la-comarca\/#primaryimage"},"thumbnailUrl":"https:\/\/iraurgiberritzen.eus\/wp-content\/uploads\/2023\/09\/ed7b17da6cf518a8c679fcad36d4a22c.jpg","datePublished":"2019-04-05T07:54:33+00:00","breadcrumb":{"@id":"https:\/\/iraurgiberritzen.eus\/es\/ib-kontseilua-ha-aprobado-un-nuevo-proyecto-para-atraer-el-talento-de-jovenes-de-la-comarca\/#breadcrumb"},"inLanguage":"es","potentialAction":[{"@type":"ReadAction","target":["https:\/\/iraurgiberritzen.eus\/es\/ib-kontseilua-ha-aprobado-un-nuevo-proyecto-para-atraer-el-talento-de-jovenes-de-la-comarca\/"]}]},{"@type":"ImageObject","inLanguage":"es","@id":"https:\/\/iraurgiberritzen.eus\/es\/ib-kontseilua-ha-aprobado-un-nuevo-proyecto-para-atraer-el-talento-de-jovenes-de-la-comarca\/#primaryimage","url":"https:\/\/iraurgiberritzen.eus\/wp-content\/uploads\/2023\/09\/ed7b17da6cf518a8c679fcad36d4a22c.jpg","contentUrl":"https:\/\/iraurgiberritzen.eus\/wp-content\/uploads\/2023\/09\/ed7b17da6cf518a8c679fcad36d4a22c.jpg","width":600,"height":386},{"@type":"BreadcrumbList","@id":"https:\/\/iraurgiberritzen.eus\/es\/ib-kontseilua-ha-aprobado-un-nuevo-proyecto-para-atraer-el-talento-de-jovenes-de-la-comarca\/#breadcrumb","itemListElement":[{"@type":"ListItem","position":1,"name":"Home","item":"https:\/\/iraurgiberritzen.eus\/es\/"},{"@type":"ListItem","position":2,"name":"IB Kontseilua ha aprobado un nuevo proyecto para atraer el talento de j\u00f3venes de la comarca"}]},{"@type":"WebSite","@id":"https:\/\/iraurgiberritzen.eus\/es\/#website","url":"https:\/\/iraurgiberritzen.eus\/es\/","name":"Iraurgi Berritzen","description":"Urola Erdiko Garapen Agentzia","publisher":{"@id":"https:\/\/iraurgiberritzen.eus\/es\/#organization"},"potentialAction":[{"@type":"SearchAction","target":{"@type":"EntryPoint","urlTemplate":"https:\/\/iraurgiberritzen.eus\/es\/?s={search_term_string}"},"query-input":{"@type":"PropertyValueSpecification","valueRequired":true,"valueName":"search_term_string"}}],"inLanguage":"es"},{"@type":"Organization","@id":"https:\/\/iraurgiberritzen.eus\/es\/#organization","name":"Iraurgi Berritzen","url":"https:\/\/iraurgiberritzen.eus\/es\/","logo":{"@type":"ImageObject","inLanguage":"es","@id":"https:\/\/iraurgiberritzen.eus\/es\/#\/schema\/logo\/image\/","url":"https:\/\/iraurgiberritzen.eus\/wp-content\/uploads\/2024\/02\/IRAURGI-BERRITZEN-logotipoa_2.png","contentUrl":"https:\/\/iraurgiberritzen.eus\/wp-content\/uploads\/2024\/02\/IRAURGI-BERRITZEN-logotipoa_2.png","width":496,"height":190,"caption":"Iraurgi Berritzen"},"image":{"@id":"https:\/\/iraurgiberritzen.eus\/es\/#\/schema\/logo\/image\/"}},{"@type":"Person","@id":"https:\/\/iraurgiberritzen.eus\/es\/#\/schema\/person\/5ab41aaf388a9097177601ebf45738d2","name":"kudeatzailea","sameAs":["https:\/\/iraurgiberritzen.eus"]}]}},"_links":{"self":[{"href":"https:\/\/iraurgiberritzen.eus\/es\/wp-json\/wp\/v2\/posts\/12586","targetHints":{"allow":["GET"]}}],"collection":[{"href":"https:\/\/iraurgiberritzen.eus\/es\/wp-json\/wp\/v2\/posts"}],"about":[{"href":"https:\/\/iraurgiberritzen.eus\/es\/wp-json\/wp\/v2\/types\/post"}],"author":[{"embeddable":true,"href":"https:\/\/iraurgiberritzen.eus\/es\/wp-json\/wp\/v2\/users\/1"}],"replies":[{"embeddable":true,"href":"https:\/\/iraurgiberritzen.eus\/es\/wp-json\/wp\/v2\/comments?post=12586"}],"version-history":[{"count":0,"href":"https:\/\/iraurgiberritzen.eus\/es\/wp-json\/wp\/v2\/posts\/12586\/revisions"}],"wp:featuredmedia":[{"embeddable":true,"href":"https:\/\/iraurgiberritzen.eus\/es\/wp-json\/wp\/v2\/media\/17823"}],"wp:attachment":[{"href":"https:\/\/iraurgiberritzen.eus\/es\/wp-json\/wp\/v2\/media?parent=12586"}],"wp:term":[{"taxonomy":"category","embeddable":true,"href":"https:\/\/iraurgiberritzen.eus\/es\/wp-json\/wp\/v2\/categories?post=12586"},{"taxonomy":"post_tag","embeddable":true,"href":"https:\/\/iraurgiberritzen.eus\/es\/wp-json\/wp\/v2\/tags?post=12586"}],"curies":[{"name":"wp","href":"https:\/\/api.w.org\/{rel}","templated":true}]}}