{"id":12589,"date":"2019-04-11T09:57:45","date_gmt":"2019-04-11T07:57:45","guid":{"rendered":"https:\/\/iraurgiberritzen.eus\/sensibilizando-a-los-emprendedores-del-futuro\/"},"modified":"2019-04-11T09:57:45","modified_gmt":"2019-04-11T07:57:45","slug":"sensibilizando-a-los-emprendedores-del-futuro","status":"publish","type":"post","link":"https:\/\/iraurgiberritzen.eus\/es\/sensibilizando-a-los-emprendedores-del-futuro\/","title":{"rendered":"Sensibilizando a los emprendedores del futuro"},"content":{"rendered":"<p style=\"text-align: justify;\">Tal y como se ha convertido en una tradici\u00f3n en los \u00faltimos a\u00f1os, el Centro de Formaci\u00f3n Profesional Izarraitz Lanbide Heziketa e Iraurgi Berritzen organizan actividades de sensibilizaci\u00f3n sobre el emprendimiento, dirigidas a sus estudiantes.<\/p>\n<p style=\"text-align: justify;\">En este caso, como parte del programa Urrats Bat, Izarraitz Lanbide Heziketa present\u00f3 los recursos que ofrece a los estudiantes, ex estudiantes del centro, y a los alumnos que participan en sus formaciones, e Iraurgi Berritzen comparti\u00f3 sus conocimientos y experiencia. M\u00e1s all\u00e1 de la visi\u00f3n te\u00f3rica, en estas sesiones de sensibilizaci\u00f3n participan emprendedores de nuestra comarca y comparten su experiencia con los estudiantes.<\/p>\n<p style=\"text-align: justify;\">Este a\u00f1o, m\u00e1s de 70 estudiantes de grados medios y superiores tuvieron la oportunidad de conocer estas iniciativas y experiencias, y la verdad es que las dos experiencias fueron muy cercanas. Por un lado, tuvimos la oportunidad de conocer la experiencia de Mugat, servicio de atenci\u00f3n domiciliaria las 24 horas del d\u00eda, de la mano de Oihane Arcelus, y por otro, la experiencia y el recorrido de Larra Mekanizatuak, de la mano de Jon Larra\u00f1aga.<\/p>\n<p style=\"text-align: justify;\">Los alumnos siguieron la sesi\u00f3n con inter\u00e9s, y al final, para completar la ma\u00f1ana realizamos una din\u00e1mica, donde usando la creatividad, tuvieron que dise\u00f1ar un plan de acci\u00f3n en grupos, con el fin de hacer frente a diferentes retos.<\/p>\n<p style=\"text-align: justify;\"><span style=\"font-family: Arial, Helvetica, sans-serif; font-size: 12.0097px; text-align: center; background-color: #f9f9f9;\">{myFlickr}photoset_id=72157706478750551{\/myFlickr}&nbsp;<\/span><\/p>\n","protected":false},"excerpt":{"rendered":"<p>Tal y como se ha convertido en una tradici\u00f3n en los \u00faltimos a\u00f1os, el Centro de Formaci\u00f3n Profesional Izarraitz Lanbide Heziketa e Iraurgi Berritzen organizan actividades de sensibilizaci\u00f3n sobre el emprendimiento, dirigidas a sus estudiantes. En este caso, como parte del programa Urrats Bat, Izarraitz Lanbide Heziketa present\u00f3 los recursos que ofrece a los estudiantes, [&hellip;]<\/p>\n","protected":false},"author":1,"featured_media":17824,"comment_status":"","ping_status":"closed","sticky":false,"template":"","format":"standard","meta":{"_acf_changed":false,"footnotes":""},"categories":[4],"tags":[],"class_list":["post-12589","post","type-post","status-publish","format-standard","has-post-thumbnail","hentry","category-noticias"],"acf":[],"yoast_head":"<!-- This site is optimized with the Yoast SEO plugin v27.4 - https:\/\/yoast.com\/product\/yoast-seo-wordpress\/ -->\n<title>Sensibilizando a los emprendedores del futuro - Iraurgi Berritzen<\/title>\n<meta name=\"robots\" content=\"index, follow, max-snippet:-1, max-image-preview:large, max-video-preview:-1\" \/>\n<link rel=\"canonical\" href=\"https:\/\/iraurgiberritzen.eus\/es\/sensibilizando-a-los-emprendedores-del-futuro\/\" \/>\n<meta property=\"og:locale\" content=\"es_ES\" \/>\n<meta property=\"og:type\" content=\"article\" \/>\n<meta property=\"og:title\" content=\"Sensibilizando a los emprendedores del futuro - Iraurgi Berritzen\" \/>\n<meta property=\"og:description\" content=\"Tal y como se ha convertido en una tradici\u00f3n en los \u00faltimos a\u00f1os, el Centro de Formaci\u00f3n Profesional Izarraitz Lanbide Heziketa e Iraurgi Berritzen organizan actividades de sensibilizaci\u00f3n sobre el emprendimiento, dirigidas a sus estudiantes. En este caso, como parte del programa Urrats Bat, Izarraitz Lanbide Heziketa present\u00f3 los recursos que ofrece a los estudiantes, [&hellip;]\" \/>\n<meta property=\"og:url\" content=\"https:\/\/iraurgiberritzen.eus\/es\/sensibilizando-a-los-emprendedores-del-futuro\/\" \/>\n<meta property=\"og:site_name\" content=\"Iraurgi Berritzen\" \/>\n<meta property=\"article:published_time\" content=\"2019-04-11T07:57:45+00:00\" \/>\n<meta name=\"author\" content=\"kudeatzailea\" \/>\n<meta name=\"twitter:card\" content=\"summary_large_image\" \/>\n<meta name=\"twitter:label1\" content=\"Escrito por\" \/>\n\t<meta name=\"twitter:data1\" content=\"kudeatzailea\" \/>\n\t<meta name=\"twitter:label2\" content=\"Tiempo de lectura\" \/>\n\t<meta name=\"twitter:data2\" content=\"1 minuto\" \/>\n<script type=\"application\/ld+json\" class=\"yoast-schema-graph\">{\"@context\":\"https:\\\/\\\/schema.org\",\"@graph\":[{\"@type\":\"Article\",\"@id\":\"https:\\\/\\\/iraurgiberritzen.eus\\\/es\\\/sensibilizando-a-los-emprendedores-del-futuro\\\/#article\",\"isPartOf\":{\"@id\":\"https:\\\/\\\/iraurgiberritzen.eus\\\/es\\\/sensibilizando-a-los-emprendedores-del-futuro\\\/\"},\"author\":{\"name\":\"kudeatzailea\",\"@id\":\"https:\\\/\\\/iraurgiberritzen.eus\\\/es\\\/#\\\/schema\\\/person\\\/5ab41aaf388a9097177601ebf45738d2\"},\"headline\":\"Sensibilizando a los emprendedores del futuro\",\"datePublished\":\"2019-04-11T07:57:45+00:00\",\"mainEntityOfPage\":{\"@id\":\"https:\\\/\\\/iraurgiberritzen.eus\\\/es\\\/sensibilizando-a-los-emprendedores-del-futuro\\\/\"},\"wordCount\":241,\"publisher\":{\"@id\":\"https:\\\/\\\/iraurgiberritzen.eus\\\/es\\\/#organization\"},\"image\":{\"@id\":\"https:\\\/\\\/iraurgiberritzen.eus\\\/es\\\/sensibilizando-a-los-emprendedores-del-futuro\\\/#primaryimage\"},\"thumbnailUrl\":\"https:\\\/\\\/iraurgiberritzen.eus\\\/wp-content\\\/uploads\\\/2023\\\/09\\\/3a67af25f1556a3ef945893aea5519d9.jpg\",\"articleSection\":[\"Noticias\"],\"inLanguage\":\"es\"},{\"@type\":\"WebPage\",\"@id\":\"https:\\\/\\\/iraurgiberritzen.eus\\\/es\\\/sensibilizando-a-los-emprendedores-del-futuro\\\/\",\"url\":\"https:\\\/\\\/iraurgiberritzen.eus\\\/es\\\/sensibilizando-a-los-emprendedores-del-futuro\\\/\",\"name\":\"Sensibilizando a los emprendedores del futuro - Iraurgi Berritzen\",\"isPartOf\":{\"@id\":\"https:\\\/\\\/iraurgiberritzen.eus\\\/es\\\/#website\"},\"primaryImageOfPage\":{\"@id\":\"https:\\\/\\\/iraurgiberritzen.eus\\\/es\\\/sensibilizando-a-los-emprendedores-del-futuro\\\/#primaryimage\"},\"image\":{\"@id\":\"https:\\\/\\\/iraurgiberritzen.eus\\\/es\\\/sensibilizando-a-los-emprendedores-del-futuro\\\/#primaryimage\"},\"thumbnailUrl\":\"https:\\\/\\\/iraurgiberritzen.eus\\\/wp-content\\\/uploads\\\/2023\\\/09\\\/3a67af25f1556a3ef945893aea5519d9.jpg\",\"datePublished\":\"2019-04-11T07:57:45+00:00\",\"breadcrumb\":{\"@id\":\"https:\\\/\\\/iraurgiberritzen.eus\\\/es\\\/sensibilizando-a-los-emprendedores-del-futuro\\\/#breadcrumb\"},\"inLanguage\":\"es\",\"potentialAction\":[{\"@type\":\"ReadAction\",\"target\":[\"https:\\\/\\\/iraurgiberritzen.eus\\\/es\\\/sensibilizando-a-los-emprendedores-del-futuro\\\/\"]}]},{\"@type\":\"ImageObject\",\"inLanguage\":\"es\",\"@id\":\"https:\\\/\\\/iraurgiberritzen.eus\\\/es\\\/sensibilizando-a-los-emprendedores-del-futuro\\\/#primaryimage\",\"url\":\"https:\\\/\\\/iraurgiberritzen.eus\\\/wp-content\\\/uploads\\\/2023\\\/09\\\/3a67af25f1556a3ef945893aea5519d9.jpg\",\"contentUrl\":\"https:\\\/\\\/iraurgiberritzen.eus\\\/wp-content\\\/uploads\\\/2023\\\/09\\\/3a67af25f1556a3ef945893aea5519d9.jpg\",\"width\":600,\"height\":386},{\"@type\":\"BreadcrumbList\",\"@id\":\"https:\\\/\\\/iraurgiberritzen.eus\\\/es\\\/sensibilizando-a-los-emprendedores-del-futuro\\\/#breadcrumb\",\"itemListElement\":[{\"@type\":\"ListItem\",\"position\":1,\"name\":\"Home\",\"item\":\"https:\\\/\\\/iraurgiberritzen.eus\\\/es\\\/\"},{\"@type\":\"ListItem\",\"position\":2,\"name\":\"Sensibilizando a los emprendedores del futuro\"}]},{\"@type\":\"WebSite\",\"@id\":\"https:\\\/\\\/iraurgiberritzen.eus\\\/es\\\/#website\",\"url\":\"https:\\\/\\\/iraurgiberritzen.eus\\\/es\\\/\",\"name\":\"Iraurgi Berritzen\",\"description\":\"Urola Erdiko Garapen Agentzia\",\"publisher\":{\"@id\":\"https:\\\/\\\/iraurgiberritzen.eus\\\/es\\\/#organization\"},\"potentialAction\":[{\"@type\":\"SearchAction\",\"target\":{\"@type\":\"EntryPoint\",\"urlTemplate\":\"https:\\\/\\\/iraurgiberritzen.eus\\\/es\\\/?s={search_term_string}\"},\"query-input\":{\"@type\":\"PropertyValueSpecification\",\"valueRequired\":true,\"valueName\":\"search_term_string\"}}],\"inLanguage\":\"es\"},{\"@type\":\"Organization\",\"@id\":\"https:\\\/\\\/iraurgiberritzen.eus\\\/es\\\/#organization\",\"name\":\"Iraurgi Berritzen\",\"url\":\"https:\\\/\\\/iraurgiberritzen.eus\\\/es\\\/\",\"logo\":{\"@type\":\"ImageObject\",\"inLanguage\":\"es\",\"@id\":\"https:\\\/\\\/iraurgiberritzen.eus\\\/es\\\/#\\\/schema\\\/logo\\\/image\\\/\",\"url\":\"https:\\\/\\\/iraurgiberritzen.eus\\\/wp-content\\\/uploads\\\/2024\\\/02\\\/IRAURGI-BERRITZEN-logotipoa_2.png\",\"contentUrl\":\"https:\\\/\\\/iraurgiberritzen.eus\\\/wp-content\\\/uploads\\\/2024\\\/02\\\/IRAURGI-BERRITZEN-logotipoa_2.png\",\"width\":496,\"height\":190,\"caption\":\"Iraurgi Berritzen\"},\"image\":{\"@id\":\"https:\\\/\\\/iraurgiberritzen.eus\\\/es\\\/#\\\/schema\\\/logo\\\/image\\\/\"}},{\"@type\":\"Person\",\"@id\":\"https:\\\/\\\/iraurgiberritzen.eus\\\/es\\\/#\\\/schema\\\/person\\\/5ab41aaf388a9097177601ebf45738d2\",\"name\":\"kudeatzailea\",\"sameAs\":[\"https:\\\/\\\/iraurgiberritzen.eus\"]}]}<\/script>\n<!-- \/ Yoast SEO plugin. -->","yoast_head_json":{"title":"Sensibilizando a los emprendedores del futuro - Iraurgi Berritzen","robots":{"index":"index","follow":"follow","max-snippet":"max-snippet:-1","max-image-preview":"max-image-preview:large","max-video-preview":"max-video-preview:-1"},"canonical":"https:\/\/iraurgiberritzen.eus\/es\/sensibilizando-a-los-emprendedores-del-futuro\/","og_locale":"es_ES","og_type":"article","og_title":"Sensibilizando a los emprendedores del futuro - Iraurgi Berritzen","og_description":"Tal y como se ha convertido en una tradici\u00f3n en los \u00faltimos a\u00f1os, el Centro de Formaci\u00f3n Profesional Izarraitz Lanbide Heziketa e Iraurgi Berritzen organizan actividades de sensibilizaci\u00f3n sobre el emprendimiento, dirigidas a sus estudiantes. En este caso, como parte del programa Urrats Bat, Izarraitz Lanbide Heziketa present\u00f3 los recursos que ofrece a los estudiantes, [&hellip;]","og_url":"https:\/\/iraurgiberritzen.eus\/es\/sensibilizando-a-los-emprendedores-del-futuro\/","og_site_name":"Iraurgi Berritzen","article_published_time":"2019-04-11T07:57:45+00:00","author":"kudeatzailea","twitter_card":"summary_large_image","twitter_misc":{"Escrito por":"kudeatzailea","Tiempo de lectura":"1 minuto"},"schema":{"@context":"https:\/\/schema.org","@graph":[{"@type":"Article","@id":"https:\/\/iraurgiberritzen.eus\/es\/sensibilizando-a-los-emprendedores-del-futuro\/#article","isPartOf":{"@id":"https:\/\/iraurgiberritzen.eus\/es\/sensibilizando-a-los-emprendedores-del-futuro\/"},"author":{"name":"kudeatzailea","@id":"https:\/\/iraurgiberritzen.eus\/es\/#\/schema\/person\/5ab41aaf388a9097177601ebf45738d2"},"headline":"Sensibilizando a los emprendedores del futuro","datePublished":"2019-04-11T07:57:45+00:00","mainEntityOfPage":{"@id":"https:\/\/iraurgiberritzen.eus\/es\/sensibilizando-a-los-emprendedores-del-futuro\/"},"wordCount":241,"publisher":{"@id":"https:\/\/iraurgiberritzen.eus\/es\/#organization"},"image":{"@id":"https:\/\/iraurgiberritzen.eus\/es\/sensibilizando-a-los-emprendedores-del-futuro\/#primaryimage"},"thumbnailUrl":"https:\/\/iraurgiberritzen.eus\/wp-content\/uploads\/2023\/09\/3a67af25f1556a3ef945893aea5519d9.jpg","articleSection":["Noticias"],"inLanguage":"es"},{"@type":"WebPage","@id":"https:\/\/iraurgiberritzen.eus\/es\/sensibilizando-a-los-emprendedores-del-futuro\/","url":"https:\/\/iraurgiberritzen.eus\/es\/sensibilizando-a-los-emprendedores-del-futuro\/","name":"Sensibilizando a los emprendedores del futuro - Iraurgi Berritzen","isPartOf":{"@id":"https:\/\/iraurgiberritzen.eus\/es\/#website"},"primaryImageOfPage":{"@id":"https:\/\/iraurgiberritzen.eus\/es\/sensibilizando-a-los-emprendedores-del-futuro\/#primaryimage"},"image":{"@id":"https:\/\/iraurgiberritzen.eus\/es\/sensibilizando-a-los-emprendedores-del-futuro\/#primaryimage"},"thumbnailUrl":"https:\/\/iraurgiberritzen.eus\/wp-content\/uploads\/2023\/09\/3a67af25f1556a3ef945893aea5519d9.jpg","datePublished":"2019-04-11T07:57:45+00:00","breadcrumb":{"@id":"https:\/\/iraurgiberritzen.eus\/es\/sensibilizando-a-los-emprendedores-del-futuro\/#breadcrumb"},"inLanguage":"es","potentialAction":[{"@type":"ReadAction","target":["https:\/\/iraurgiberritzen.eus\/es\/sensibilizando-a-los-emprendedores-del-futuro\/"]}]},{"@type":"ImageObject","inLanguage":"es","@id":"https:\/\/iraurgiberritzen.eus\/es\/sensibilizando-a-los-emprendedores-del-futuro\/#primaryimage","url":"https:\/\/iraurgiberritzen.eus\/wp-content\/uploads\/2023\/09\/3a67af25f1556a3ef945893aea5519d9.jpg","contentUrl":"https:\/\/iraurgiberritzen.eus\/wp-content\/uploads\/2023\/09\/3a67af25f1556a3ef945893aea5519d9.jpg","width":600,"height":386},{"@type":"BreadcrumbList","@id":"https:\/\/iraurgiberritzen.eus\/es\/sensibilizando-a-los-emprendedores-del-futuro\/#breadcrumb","itemListElement":[{"@type":"ListItem","position":1,"name":"Home","item":"https:\/\/iraurgiberritzen.eus\/es\/"},{"@type":"ListItem","position":2,"name":"Sensibilizando a los emprendedores del futuro"}]},{"@type":"WebSite","@id":"https:\/\/iraurgiberritzen.eus\/es\/#website","url":"https:\/\/iraurgiberritzen.eus\/es\/","name":"Iraurgi Berritzen","description":"Urola Erdiko Garapen Agentzia","publisher":{"@id":"https:\/\/iraurgiberritzen.eus\/es\/#organization"},"potentialAction":[{"@type":"SearchAction","target":{"@type":"EntryPoint","urlTemplate":"https:\/\/iraurgiberritzen.eus\/es\/?s={search_term_string}"},"query-input":{"@type":"PropertyValueSpecification","valueRequired":true,"valueName":"search_term_string"}}],"inLanguage":"es"},{"@type":"Organization","@id":"https:\/\/iraurgiberritzen.eus\/es\/#organization","name":"Iraurgi Berritzen","url":"https:\/\/iraurgiberritzen.eus\/es\/","logo":{"@type":"ImageObject","inLanguage":"es","@id":"https:\/\/iraurgiberritzen.eus\/es\/#\/schema\/logo\/image\/","url":"https:\/\/iraurgiberritzen.eus\/wp-content\/uploads\/2024\/02\/IRAURGI-BERRITZEN-logotipoa_2.png","contentUrl":"https:\/\/iraurgiberritzen.eus\/wp-content\/uploads\/2024\/02\/IRAURGI-BERRITZEN-logotipoa_2.png","width":496,"height":190,"caption":"Iraurgi Berritzen"},"image":{"@id":"https:\/\/iraurgiberritzen.eus\/es\/#\/schema\/logo\/image\/"}},{"@type":"Person","@id":"https:\/\/iraurgiberritzen.eus\/es\/#\/schema\/person\/5ab41aaf388a9097177601ebf45738d2","name":"kudeatzailea","sameAs":["https:\/\/iraurgiberritzen.eus"]}]}},"_links":{"self":[{"href":"https:\/\/iraurgiberritzen.eus\/es\/wp-json\/wp\/v2\/posts\/12589","targetHints":{"allow":["GET"]}}],"collection":[{"href":"https:\/\/iraurgiberritzen.eus\/es\/wp-json\/wp\/v2\/posts"}],"about":[{"href":"https:\/\/iraurgiberritzen.eus\/es\/wp-json\/wp\/v2\/types\/post"}],"author":[{"embeddable":true,"href":"https:\/\/iraurgiberritzen.eus\/es\/wp-json\/wp\/v2\/users\/1"}],"replies":[{"embeddable":true,"href":"https:\/\/iraurgiberritzen.eus\/es\/wp-json\/wp\/v2\/comments?post=12589"}],"version-history":[{"count":0,"href":"https:\/\/iraurgiberritzen.eus\/es\/wp-json\/wp\/v2\/posts\/12589\/revisions"}],"wp:featuredmedia":[{"embeddable":true,"href":"https:\/\/iraurgiberritzen.eus\/es\/wp-json\/wp\/v2\/media\/17824"}],"wp:attachment":[{"href":"https:\/\/iraurgiberritzen.eus\/es\/wp-json\/wp\/v2\/media?parent=12589"}],"wp:term":[{"taxonomy":"category","embeddable":true,"href":"https:\/\/iraurgiberritzen.eus\/es\/wp-json\/wp\/v2\/categories?post=12589"},{"taxonomy":"post_tag","embeddable":true,"href":"https:\/\/iraurgiberritzen.eus\/es\/wp-json\/wp\/v2\/tags?post=12589"}],"curies":[{"name":"wp","href":"https:\/\/api.w.org\/{rel}","templated":true}]}}