{"id":12592,"date":"2019-05-06T08:34:59","date_gmt":"2019-05-06T06:34:59","guid":{"rendered":"https:\/\/iraurgiberritzen.eus\/1504-turistas-atendidos-en-la-oficina-de-turismo-comarcal-durante-el-periodo-vacacional-de-semana-santa\/"},"modified":"2019-05-06T08:34:59","modified_gmt":"2019-05-06T06:34:59","slug":"1504-turistas-atendidos-en-la-oficina-de-turismo-comarcal-durante-el-periodo-vacacional-de-semana-santa","status":"publish","type":"post","link":"https:\/\/iraurgiberritzen.eus\/es\/1504-turistas-atendidos-en-la-oficina-de-turismo-comarcal-durante-el-periodo-vacacional-de-semana-santa\/","title":{"rendered":"1504 turistas atendidos en la Oficina de Turismo Comarcal durante el periodo vacacional de Semana Santa"},"content":{"rendered":"<p>Como suele ser habitual durante este periodo vacacional, los visitantes o turistas independientes, es decir, los que se mueven sin intermediaci\u00f3n han sido los mas numerosos, 904 turistas, concretamente el 60%. Por el contrario, los que nos han visitado en grupos organizados han sido 600.<\/p>\n<p style=\"text-align: justify;\">Siguiendo a la tendencia de los \u00faltimos a\u00f1os, el excursionismo y el turismo estatal han sido los que han copado la mayor\u00eda de las consultas, pero por destacar una tendencia, queremos hacer hincapi\u00e9 en el aumento del turismo extranjero independiente, que ha aumentado en un 20% con respecto al a\u00f1o pasado.<\/p>\n","protected":false},"excerpt":{"rendered":"<p>Como suele ser habitual durante este periodo vacacional, los visitantes o turistas independientes, es decir, los que se mueven sin intermediaci\u00f3n han sido los mas numerosos, 904 turistas, concretamente el 60%. Por el contrario, los que nos han visitado en grupos organizados han sido 600. Siguiendo a la tendencia de los \u00faltimos a\u00f1os, el excursionismo [&hellip;]<\/p>\n","protected":false},"author":1,"featured_media":17825,"comment_status":"","ping_status":"closed","sticky":false,"template":"","format":"standard","meta":{"_acf_changed":false,"footnotes":""},"categories":[4],"tags":[],"class_list":["post-12592","post","type-post","status-publish","format-standard","has-post-thumbnail","hentry","category-noticias"],"acf":[],"yoast_head":"<!-- This site is optimized with the Yoast SEO plugin v27.4 - https:\/\/yoast.com\/product\/yoast-seo-wordpress\/ -->\n<title>1504 turistas atendidos en la Oficina de Turismo Comarcal durante el periodo vacacional de Semana Santa - Iraurgi Berritzen<\/title>\n<meta name=\"robots\" content=\"index, follow, max-snippet:-1, max-image-preview:large, max-video-preview:-1\" \/>\n<link rel=\"canonical\" href=\"https:\/\/iraurgiberritzen.eus\/es\/1504-turistas-atendidos-en-la-oficina-de-turismo-comarcal-durante-el-periodo-vacacional-de-semana-santa\/\" \/>\n<meta property=\"og:locale\" content=\"es_ES\" \/>\n<meta property=\"og:type\" content=\"article\" \/>\n<meta property=\"og:title\" content=\"1504 turistas atendidos en la Oficina de Turismo Comarcal durante el periodo vacacional de Semana Santa - Iraurgi Berritzen\" \/>\n<meta property=\"og:description\" content=\"Como suele ser habitual durante este periodo vacacional, los visitantes o turistas independientes, es decir, los que se mueven sin intermediaci\u00f3n han sido los mas numerosos, 904 turistas, concretamente el 60%. Por el contrario, los que nos han visitado en grupos organizados han sido 600. Siguiendo a la tendencia de los \u00faltimos a\u00f1os, el excursionismo [&hellip;]\" \/>\n<meta property=\"og:url\" content=\"https:\/\/iraurgiberritzen.eus\/es\/1504-turistas-atendidos-en-la-oficina-de-turismo-comarcal-durante-el-periodo-vacacional-de-semana-santa\/\" \/>\n<meta property=\"og:site_name\" content=\"Iraurgi Berritzen\" \/>\n<meta property=\"article:published_time\" content=\"2019-05-06T06:34:59+00:00\" \/>\n<meta name=\"author\" content=\"kudeatzailea\" \/>\n<meta name=\"twitter:card\" content=\"summary_large_image\" \/>\n<meta name=\"twitter:label1\" content=\"Escrito por\" \/>\n\t<meta name=\"twitter:data1\" content=\"kudeatzailea\" \/>\n<script type=\"application\/ld+json\" class=\"yoast-schema-graph\">{\"@context\":\"https:\\\/\\\/schema.org\",\"@graph\":[{\"@type\":\"Article\",\"@id\":\"https:\\\/\\\/iraurgiberritzen.eus\\\/es\\\/1504-turistas-atendidos-en-la-oficina-de-turismo-comarcal-durante-el-periodo-vacacional-de-semana-santa\\\/#article\",\"isPartOf\":{\"@id\":\"https:\\\/\\\/iraurgiberritzen.eus\\\/es\\\/1504-turistas-atendidos-en-la-oficina-de-turismo-comarcal-durante-el-periodo-vacacional-de-semana-santa\\\/\"},\"author\":{\"name\":\"kudeatzailea\",\"@id\":\"https:\\\/\\\/iraurgiberritzen.eus\\\/es\\\/#\\\/schema\\\/person\\\/5ab41aaf388a9097177601ebf45738d2\"},\"headline\":\"1504 turistas atendidos en la Oficina de Turismo Comarcal durante el periodo vacacional de Semana Santa\",\"datePublished\":\"2019-05-06T06:34:59+00:00\",\"mainEntityOfPage\":{\"@id\":\"https:\\\/\\\/iraurgiberritzen.eus\\\/es\\\/1504-turistas-atendidos-en-la-oficina-de-turismo-comarcal-durante-el-periodo-vacacional-de-semana-santa\\\/\"},\"wordCount\":111,\"publisher\":{\"@id\":\"https:\\\/\\\/iraurgiberritzen.eus\\\/es\\\/#organization\"},\"image\":{\"@id\":\"https:\\\/\\\/iraurgiberritzen.eus\\\/es\\\/1504-turistas-atendidos-en-la-oficina-de-turismo-comarcal-durante-el-periodo-vacacional-de-semana-santa\\\/#primaryimage\"},\"thumbnailUrl\":\"https:\\\/\\\/iraurgiberritzen.eus\\\/wp-content\\\/uploads\\\/2023\\\/09\\\/23da450944f0818162562a06dc761501.jpg\",\"articleSection\":[\"Noticias\"],\"inLanguage\":\"es\"},{\"@type\":\"WebPage\",\"@id\":\"https:\\\/\\\/iraurgiberritzen.eus\\\/es\\\/1504-turistas-atendidos-en-la-oficina-de-turismo-comarcal-durante-el-periodo-vacacional-de-semana-santa\\\/\",\"url\":\"https:\\\/\\\/iraurgiberritzen.eus\\\/es\\\/1504-turistas-atendidos-en-la-oficina-de-turismo-comarcal-durante-el-periodo-vacacional-de-semana-santa\\\/\",\"name\":\"1504 turistas atendidos en la Oficina de Turismo Comarcal durante el periodo vacacional de Semana Santa - Iraurgi Berritzen\",\"isPartOf\":{\"@id\":\"https:\\\/\\\/iraurgiberritzen.eus\\\/es\\\/#website\"},\"primaryImageOfPage\":{\"@id\":\"https:\\\/\\\/iraurgiberritzen.eus\\\/es\\\/1504-turistas-atendidos-en-la-oficina-de-turismo-comarcal-durante-el-periodo-vacacional-de-semana-santa\\\/#primaryimage\"},\"image\":{\"@id\":\"https:\\\/\\\/iraurgiberritzen.eus\\\/es\\\/1504-turistas-atendidos-en-la-oficina-de-turismo-comarcal-durante-el-periodo-vacacional-de-semana-santa\\\/#primaryimage\"},\"thumbnailUrl\":\"https:\\\/\\\/iraurgiberritzen.eus\\\/wp-content\\\/uploads\\\/2023\\\/09\\\/23da450944f0818162562a06dc761501.jpg\",\"datePublished\":\"2019-05-06T06:34:59+00:00\",\"breadcrumb\":{\"@id\":\"https:\\\/\\\/iraurgiberritzen.eus\\\/es\\\/1504-turistas-atendidos-en-la-oficina-de-turismo-comarcal-durante-el-periodo-vacacional-de-semana-santa\\\/#breadcrumb\"},\"inLanguage\":\"es\",\"potentialAction\":[{\"@type\":\"ReadAction\",\"target\":[\"https:\\\/\\\/iraurgiberritzen.eus\\\/es\\\/1504-turistas-atendidos-en-la-oficina-de-turismo-comarcal-durante-el-periodo-vacacional-de-semana-santa\\\/\"]}]},{\"@type\":\"ImageObject\",\"inLanguage\":\"es\",\"@id\":\"https:\\\/\\\/iraurgiberritzen.eus\\\/es\\\/1504-turistas-atendidos-en-la-oficina-de-turismo-comarcal-durante-el-periodo-vacacional-de-semana-santa\\\/#primaryimage\",\"url\":\"https:\\\/\\\/iraurgiberritzen.eus\\\/wp-content\\\/uploads\\\/2023\\\/09\\\/23da450944f0818162562a06dc761501.jpg\",\"contentUrl\":\"https:\\\/\\\/iraurgiberritzen.eus\\\/wp-content\\\/uploads\\\/2023\\\/09\\\/23da450944f0818162562a06dc761501.jpg\",\"width\":600,\"height\":386},{\"@type\":\"BreadcrumbList\",\"@id\":\"https:\\\/\\\/iraurgiberritzen.eus\\\/es\\\/1504-turistas-atendidos-en-la-oficina-de-turismo-comarcal-durante-el-periodo-vacacional-de-semana-santa\\\/#breadcrumb\",\"itemListElement\":[{\"@type\":\"ListItem\",\"position\":1,\"name\":\"Home\",\"item\":\"https:\\\/\\\/iraurgiberritzen.eus\\\/es\\\/\"},{\"@type\":\"ListItem\",\"position\":2,\"name\":\"1504 turistas atendidos en la Oficina de Turismo Comarcal durante el periodo vacacional de Semana Santa\"}]},{\"@type\":\"WebSite\",\"@id\":\"https:\\\/\\\/iraurgiberritzen.eus\\\/es\\\/#website\",\"url\":\"https:\\\/\\\/iraurgiberritzen.eus\\\/es\\\/\",\"name\":\"Iraurgi Berritzen\",\"description\":\"Urola Erdiko Garapen Agentzia\",\"publisher\":{\"@id\":\"https:\\\/\\\/iraurgiberritzen.eus\\\/es\\\/#organization\"},\"potentialAction\":[{\"@type\":\"SearchAction\",\"target\":{\"@type\":\"EntryPoint\",\"urlTemplate\":\"https:\\\/\\\/iraurgiberritzen.eus\\\/es\\\/?s={search_term_string}\"},\"query-input\":{\"@type\":\"PropertyValueSpecification\",\"valueRequired\":true,\"valueName\":\"search_term_string\"}}],\"inLanguage\":\"es\"},{\"@type\":\"Organization\",\"@id\":\"https:\\\/\\\/iraurgiberritzen.eus\\\/es\\\/#organization\",\"name\":\"Iraurgi Berritzen\",\"url\":\"https:\\\/\\\/iraurgiberritzen.eus\\\/es\\\/\",\"logo\":{\"@type\":\"ImageObject\",\"inLanguage\":\"es\",\"@id\":\"https:\\\/\\\/iraurgiberritzen.eus\\\/es\\\/#\\\/schema\\\/logo\\\/image\\\/\",\"url\":\"https:\\\/\\\/iraurgiberritzen.eus\\\/wp-content\\\/uploads\\\/2024\\\/02\\\/IRAURGI-BERRITZEN-logotipoa_2.png\",\"contentUrl\":\"https:\\\/\\\/iraurgiberritzen.eus\\\/wp-content\\\/uploads\\\/2024\\\/02\\\/IRAURGI-BERRITZEN-logotipoa_2.png\",\"width\":496,\"height\":190,\"caption\":\"Iraurgi Berritzen\"},\"image\":{\"@id\":\"https:\\\/\\\/iraurgiberritzen.eus\\\/es\\\/#\\\/schema\\\/logo\\\/image\\\/\"}},{\"@type\":\"Person\",\"@id\":\"https:\\\/\\\/iraurgiberritzen.eus\\\/es\\\/#\\\/schema\\\/person\\\/5ab41aaf388a9097177601ebf45738d2\",\"name\":\"kudeatzailea\",\"sameAs\":[\"https:\\\/\\\/iraurgiberritzen.eus\"]}]}<\/script>\n<!-- \/ Yoast SEO plugin. -->","yoast_head_json":{"title":"1504 turistas atendidos en la Oficina de Turismo Comarcal durante el periodo vacacional de Semana Santa - Iraurgi Berritzen","robots":{"index":"index","follow":"follow","max-snippet":"max-snippet:-1","max-image-preview":"max-image-preview:large","max-video-preview":"max-video-preview:-1"},"canonical":"https:\/\/iraurgiberritzen.eus\/es\/1504-turistas-atendidos-en-la-oficina-de-turismo-comarcal-durante-el-periodo-vacacional-de-semana-santa\/","og_locale":"es_ES","og_type":"article","og_title":"1504 turistas atendidos en la Oficina de Turismo Comarcal durante el periodo vacacional de Semana Santa - Iraurgi Berritzen","og_description":"Como suele ser habitual durante este periodo vacacional, los visitantes o turistas independientes, es decir, los que se mueven sin intermediaci\u00f3n han sido los mas numerosos, 904 turistas, concretamente el 60%. Por el contrario, los que nos han visitado en grupos organizados han sido 600. Siguiendo a la tendencia de los \u00faltimos a\u00f1os, el excursionismo [&hellip;]","og_url":"https:\/\/iraurgiberritzen.eus\/es\/1504-turistas-atendidos-en-la-oficina-de-turismo-comarcal-durante-el-periodo-vacacional-de-semana-santa\/","og_site_name":"Iraurgi Berritzen","article_published_time":"2019-05-06T06:34:59+00:00","author":"kudeatzailea","twitter_card":"summary_large_image","twitter_misc":{"Escrito por":"kudeatzailea"},"schema":{"@context":"https:\/\/schema.org","@graph":[{"@type":"Article","@id":"https:\/\/iraurgiberritzen.eus\/es\/1504-turistas-atendidos-en-la-oficina-de-turismo-comarcal-durante-el-periodo-vacacional-de-semana-santa\/#article","isPartOf":{"@id":"https:\/\/iraurgiberritzen.eus\/es\/1504-turistas-atendidos-en-la-oficina-de-turismo-comarcal-durante-el-periodo-vacacional-de-semana-santa\/"},"author":{"name":"kudeatzailea","@id":"https:\/\/iraurgiberritzen.eus\/es\/#\/schema\/person\/5ab41aaf388a9097177601ebf45738d2"},"headline":"1504 turistas atendidos en la Oficina de Turismo Comarcal durante el periodo vacacional de Semana Santa","datePublished":"2019-05-06T06:34:59+00:00","mainEntityOfPage":{"@id":"https:\/\/iraurgiberritzen.eus\/es\/1504-turistas-atendidos-en-la-oficina-de-turismo-comarcal-durante-el-periodo-vacacional-de-semana-santa\/"},"wordCount":111,"publisher":{"@id":"https:\/\/iraurgiberritzen.eus\/es\/#organization"},"image":{"@id":"https:\/\/iraurgiberritzen.eus\/es\/1504-turistas-atendidos-en-la-oficina-de-turismo-comarcal-durante-el-periodo-vacacional-de-semana-santa\/#primaryimage"},"thumbnailUrl":"https:\/\/iraurgiberritzen.eus\/wp-content\/uploads\/2023\/09\/23da450944f0818162562a06dc761501.jpg","articleSection":["Noticias"],"inLanguage":"es"},{"@type":"WebPage","@id":"https:\/\/iraurgiberritzen.eus\/es\/1504-turistas-atendidos-en-la-oficina-de-turismo-comarcal-durante-el-periodo-vacacional-de-semana-santa\/","url":"https:\/\/iraurgiberritzen.eus\/es\/1504-turistas-atendidos-en-la-oficina-de-turismo-comarcal-durante-el-periodo-vacacional-de-semana-santa\/","name":"1504 turistas atendidos en la Oficina de Turismo Comarcal durante el periodo vacacional de Semana Santa - Iraurgi Berritzen","isPartOf":{"@id":"https:\/\/iraurgiberritzen.eus\/es\/#website"},"primaryImageOfPage":{"@id":"https:\/\/iraurgiberritzen.eus\/es\/1504-turistas-atendidos-en-la-oficina-de-turismo-comarcal-durante-el-periodo-vacacional-de-semana-santa\/#primaryimage"},"image":{"@id":"https:\/\/iraurgiberritzen.eus\/es\/1504-turistas-atendidos-en-la-oficina-de-turismo-comarcal-durante-el-periodo-vacacional-de-semana-santa\/#primaryimage"},"thumbnailUrl":"https:\/\/iraurgiberritzen.eus\/wp-content\/uploads\/2023\/09\/23da450944f0818162562a06dc761501.jpg","datePublished":"2019-05-06T06:34:59+00:00","breadcrumb":{"@id":"https:\/\/iraurgiberritzen.eus\/es\/1504-turistas-atendidos-en-la-oficina-de-turismo-comarcal-durante-el-periodo-vacacional-de-semana-santa\/#breadcrumb"},"inLanguage":"es","potentialAction":[{"@type":"ReadAction","target":["https:\/\/iraurgiberritzen.eus\/es\/1504-turistas-atendidos-en-la-oficina-de-turismo-comarcal-durante-el-periodo-vacacional-de-semana-santa\/"]}]},{"@type":"ImageObject","inLanguage":"es","@id":"https:\/\/iraurgiberritzen.eus\/es\/1504-turistas-atendidos-en-la-oficina-de-turismo-comarcal-durante-el-periodo-vacacional-de-semana-santa\/#primaryimage","url":"https:\/\/iraurgiberritzen.eus\/wp-content\/uploads\/2023\/09\/23da450944f0818162562a06dc761501.jpg","contentUrl":"https:\/\/iraurgiberritzen.eus\/wp-content\/uploads\/2023\/09\/23da450944f0818162562a06dc761501.jpg","width":600,"height":386},{"@type":"BreadcrumbList","@id":"https:\/\/iraurgiberritzen.eus\/es\/1504-turistas-atendidos-en-la-oficina-de-turismo-comarcal-durante-el-periodo-vacacional-de-semana-santa\/#breadcrumb","itemListElement":[{"@type":"ListItem","position":1,"name":"Home","item":"https:\/\/iraurgiberritzen.eus\/es\/"},{"@type":"ListItem","position":2,"name":"1504 turistas atendidos en la Oficina de Turismo Comarcal durante el periodo vacacional de Semana Santa"}]},{"@type":"WebSite","@id":"https:\/\/iraurgiberritzen.eus\/es\/#website","url":"https:\/\/iraurgiberritzen.eus\/es\/","name":"Iraurgi Berritzen","description":"Urola Erdiko Garapen Agentzia","publisher":{"@id":"https:\/\/iraurgiberritzen.eus\/es\/#organization"},"potentialAction":[{"@type":"SearchAction","target":{"@type":"EntryPoint","urlTemplate":"https:\/\/iraurgiberritzen.eus\/es\/?s={search_term_string}"},"query-input":{"@type":"PropertyValueSpecification","valueRequired":true,"valueName":"search_term_string"}}],"inLanguage":"es"},{"@type":"Organization","@id":"https:\/\/iraurgiberritzen.eus\/es\/#organization","name":"Iraurgi Berritzen","url":"https:\/\/iraurgiberritzen.eus\/es\/","logo":{"@type":"ImageObject","inLanguage":"es","@id":"https:\/\/iraurgiberritzen.eus\/es\/#\/schema\/logo\/image\/","url":"https:\/\/iraurgiberritzen.eus\/wp-content\/uploads\/2024\/02\/IRAURGI-BERRITZEN-logotipoa_2.png","contentUrl":"https:\/\/iraurgiberritzen.eus\/wp-content\/uploads\/2024\/02\/IRAURGI-BERRITZEN-logotipoa_2.png","width":496,"height":190,"caption":"Iraurgi Berritzen"},"image":{"@id":"https:\/\/iraurgiberritzen.eus\/es\/#\/schema\/logo\/image\/"}},{"@type":"Person","@id":"https:\/\/iraurgiberritzen.eus\/es\/#\/schema\/person\/5ab41aaf388a9097177601ebf45738d2","name":"kudeatzailea","sameAs":["https:\/\/iraurgiberritzen.eus"]}]}},"_links":{"self":[{"href":"https:\/\/iraurgiberritzen.eus\/es\/wp-json\/wp\/v2\/posts\/12592","targetHints":{"allow":["GET"]}}],"collection":[{"href":"https:\/\/iraurgiberritzen.eus\/es\/wp-json\/wp\/v2\/posts"}],"about":[{"href":"https:\/\/iraurgiberritzen.eus\/es\/wp-json\/wp\/v2\/types\/post"}],"author":[{"embeddable":true,"href":"https:\/\/iraurgiberritzen.eus\/es\/wp-json\/wp\/v2\/users\/1"}],"replies":[{"embeddable":true,"href":"https:\/\/iraurgiberritzen.eus\/es\/wp-json\/wp\/v2\/comments?post=12592"}],"version-history":[{"count":0,"href":"https:\/\/iraurgiberritzen.eus\/es\/wp-json\/wp\/v2\/posts\/12592\/revisions"}],"wp:featuredmedia":[{"embeddable":true,"href":"https:\/\/iraurgiberritzen.eus\/es\/wp-json\/wp\/v2\/media\/17825"}],"wp:attachment":[{"href":"https:\/\/iraurgiberritzen.eus\/es\/wp-json\/wp\/v2\/media?parent=12592"}],"wp:term":[{"taxonomy":"category","embeddable":true,"href":"https:\/\/iraurgiberritzen.eus\/es\/wp-json\/wp\/v2\/categories?post=12592"},{"taxonomy":"post_tag","embeddable":true,"href":"https:\/\/iraurgiberritzen.eus\/es\/wp-json\/wp\/v2\/tags?post=12592"}],"curies":[{"name":"wp","href":"https:\/\/api.w.org\/{rel}","templated":true}]}}