{"id":12595,"date":"2019-05-01T10:12:18","date_gmt":"2019-05-01T08:12:18","guid":{"rendered":"https:\/\/iraurgiberritzen.eus\/fortaleciendo-las-oportunidades-de-orientacion-en-la-comarca\/"},"modified":"2019-05-01T10:12:18","modified_gmt":"2019-05-01T08:12:18","slug":"fortaleciendo-las-oportunidades-de-orientacion-en-la-comarca","status":"publish","type":"post","link":"https:\/\/iraurgiberritzen.eus\/es\/fortaleciendo-las-oportunidades-de-orientacion-en-la-comarca\/","title":{"rendered":"Fortaleciendo las oportunidades de Orientaci\u00f3n en la comarca"},"content":{"rendered":"<p style=\"text-align: justify;\">Los orientadores de los 5 centros educativos, se reunieron el pasado 5 de abril en el marco de IB Hezkuntza, en la sede del Centro de Formaci\u00f3n Profesional Izarraitz.<\/p>\n<p style=\"text-align: justify;\">Debatieron sobre los proyectos con los cuales estan trabajando y consensuaron los diferentes pasos a dar a corto plazo.<\/p>\n<p style=\"text-align: justify;\">Con el objetivo de estrechar relaciones, tambi\u00e9n tuvieron la oportunidad de conocer las estrategias y retos del Centro a traves de la visita realizada a sus instalaciones, y en base a ello visualizar posibilidades de colaboraci\u00f3n.<\/p>\n<p style=\"text-align: justify;\">Ser\u00e1 necesaria la implicaci\u00f3n de todos los agentes en las din\u00e1micas que se van a poder generar.<\/p>\n","protected":false},"excerpt":{"rendered":"<p>Los orientadores de los 5 centros educativos, se reunieron el pasado 5 de abril en el marco de IB Hezkuntza, en la sede del Centro de Formaci\u00f3n Profesional Izarraitz. Debatieron sobre los proyectos con los cuales estan trabajando y consensuaron los diferentes pasos a dar a corto plazo. Con el objetivo de estrechar relaciones, tambi\u00e9n [&hellip;]<\/p>\n","protected":false},"author":1,"featured_media":17826,"comment_status":"","ping_status":"closed","sticky":false,"template":"","format":"standard","meta":{"_acf_changed":false,"footnotes":""},"categories":[4],"tags":[],"class_list":["post-12595","post","type-post","status-publish","format-standard","has-post-thumbnail","hentry","category-noticias"],"acf":[],"yoast_head":"<!-- This site is optimized with the Yoast SEO plugin v27.4 - https:\/\/yoast.com\/product\/yoast-seo-wordpress\/ -->\n<title>Fortaleciendo las oportunidades de Orientaci\u00f3n en la comarca - Iraurgi Berritzen<\/title>\n<meta name=\"robots\" content=\"index, follow, max-snippet:-1, max-image-preview:large, max-video-preview:-1\" \/>\n<link rel=\"canonical\" href=\"https:\/\/iraurgiberritzen.eus\/es\/fortaleciendo-las-oportunidades-de-orientacion-en-la-comarca\/\" \/>\n<meta property=\"og:locale\" content=\"es_ES\" \/>\n<meta property=\"og:type\" content=\"article\" \/>\n<meta property=\"og:title\" content=\"Fortaleciendo las oportunidades de Orientaci\u00f3n en la comarca - Iraurgi Berritzen\" \/>\n<meta property=\"og:description\" content=\"Los orientadores de los 5 centros educativos, se reunieron el pasado 5 de abril en el marco de IB Hezkuntza, en la sede del Centro de Formaci\u00f3n Profesional Izarraitz. Debatieron sobre los proyectos con los cuales estan trabajando y consensuaron los diferentes pasos a dar a corto plazo. Con el objetivo de estrechar relaciones, tambi\u00e9n [&hellip;]\" \/>\n<meta property=\"og:url\" content=\"https:\/\/iraurgiberritzen.eus\/es\/fortaleciendo-las-oportunidades-de-orientacion-en-la-comarca\/\" \/>\n<meta property=\"og:site_name\" content=\"Iraurgi Berritzen\" \/>\n<meta property=\"article:published_time\" content=\"2019-05-01T08:12:18+00:00\" \/>\n<meta name=\"author\" content=\"kudeatzailea\" \/>\n<meta name=\"twitter:card\" content=\"summary_large_image\" \/>\n<meta name=\"twitter:label1\" content=\"Escrito por\" \/>\n\t<meta name=\"twitter:data1\" content=\"kudeatzailea\" \/>\n\t<meta name=\"twitter:label2\" content=\"Tiempo de lectura\" \/>\n\t<meta name=\"twitter:data2\" content=\"1 minuto\" \/>\n<script type=\"application\/ld+json\" class=\"yoast-schema-graph\">{\"@context\":\"https:\\\/\\\/schema.org\",\"@graph\":[{\"@type\":\"Article\",\"@id\":\"https:\\\/\\\/iraurgiberritzen.eus\\\/es\\\/fortaleciendo-las-oportunidades-de-orientacion-en-la-comarca\\\/#article\",\"isPartOf\":{\"@id\":\"https:\\\/\\\/iraurgiberritzen.eus\\\/es\\\/fortaleciendo-las-oportunidades-de-orientacion-en-la-comarca\\\/\"},\"author\":{\"name\":\"kudeatzailea\",\"@id\":\"https:\\\/\\\/iraurgiberritzen.eus\\\/es\\\/#\\\/schema\\\/person\\\/5ab41aaf388a9097177601ebf45738d2\"},\"headline\":\"Fortaleciendo las oportunidades de Orientaci\u00f3n en la comarca\",\"datePublished\":\"2019-05-01T08:12:18+00:00\",\"mainEntityOfPage\":{\"@id\":\"https:\\\/\\\/iraurgiberritzen.eus\\\/es\\\/fortaleciendo-las-oportunidades-de-orientacion-en-la-comarca\\\/\"},\"wordCount\":113,\"publisher\":{\"@id\":\"https:\\\/\\\/iraurgiberritzen.eus\\\/es\\\/#organization\"},\"image\":{\"@id\":\"https:\\\/\\\/iraurgiberritzen.eus\\\/es\\\/fortaleciendo-las-oportunidades-de-orientacion-en-la-comarca\\\/#primaryimage\"},\"thumbnailUrl\":\"https:\\\/\\\/iraurgiberritzen.eus\\\/wp-content\\\/uploads\\\/2023\\\/09\\\/48b2caa4acdcf286e67d646faa59fcbf.jpg\",\"articleSection\":[\"Noticias\"],\"inLanguage\":\"es\"},{\"@type\":\"WebPage\",\"@id\":\"https:\\\/\\\/iraurgiberritzen.eus\\\/es\\\/fortaleciendo-las-oportunidades-de-orientacion-en-la-comarca\\\/\",\"url\":\"https:\\\/\\\/iraurgiberritzen.eus\\\/es\\\/fortaleciendo-las-oportunidades-de-orientacion-en-la-comarca\\\/\",\"name\":\"Fortaleciendo las oportunidades de Orientaci\u00f3n en la comarca - Iraurgi Berritzen\",\"isPartOf\":{\"@id\":\"https:\\\/\\\/iraurgiberritzen.eus\\\/es\\\/#website\"},\"primaryImageOfPage\":{\"@id\":\"https:\\\/\\\/iraurgiberritzen.eus\\\/es\\\/fortaleciendo-las-oportunidades-de-orientacion-en-la-comarca\\\/#primaryimage\"},\"image\":{\"@id\":\"https:\\\/\\\/iraurgiberritzen.eus\\\/es\\\/fortaleciendo-las-oportunidades-de-orientacion-en-la-comarca\\\/#primaryimage\"},\"thumbnailUrl\":\"https:\\\/\\\/iraurgiberritzen.eus\\\/wp-content\\\/uploads\\\/2023\\\/09\\\/48b2caa4acdcf286e67d646faa59fcbf.jpg\",\"datePublished\":\"2019-05-01T08:12:18+00:00\",\"breadcrumb\":{\"@id\":\"https:\\\/\\\/iraurgiberritzen.eus\\\/es\\\/fortaleciendo-las-oportunidades-de-orientacion-en-la-comarca\\\/#breadcrumb\"},\"inLanguage\":\"es\",\"potentialAction\":[{\"@type\":\"ReadAction\",\"target\":[\"https:\\\/\\\/iraurgiberritzen.eus\\\/es\\\/fortaleciendo-las-oportunidades-de-orientacion-en-la-comarca\\\/\"]}]},{\"@type\":\"ImageObject\",\"inLanguage\":\"es\",\"@id\":\"https:\\\/\\\/iraurgiberritzen.eus\\\/es\\\/fortaleciendo-las-oportunidades-de-orientacion-en-la-comarca\\\/#primaryimage\",\"url\":\"https:\\\/\\\/iraurgiberritzen.eus\\\/wp-content\\\/uploads\\\/2023\\\/09\\\/48b2caa4acdcf286e67d646faa59fcbf.jpg\",\"contentUrl\":\"https:\\\/\\\/iraurgiberritzen.eus\\\/wp-content\\\/uploads\\\/2023\\\/09\\\/48b2caa4acdcf286e67d646faa59fcbf.jpg\",\"width\":600,\"height\":386},{\"@type\":\"BreadcrumbList\",\"@id\":\"https:\\\/\\\/iraurgiberritzen.eus\\\/es\\\/fortaleciendo-las-oportunidades-de-orientacion-en-la-comarca\\\/#breadcrumb\",\"itemListElement\":[{\"@type\":\"ListItem\",\"position\":1,\"name\":\"Home\",\"item\":\"https:\\\/\\\/iraurgiberritzen.eus\\\/es\\\/\"},{\"@type\":\"ListItem\",\"position\":2,\"name\":\"Fortaleciendo las oportunidades de Orientaci\u00f3n en la comarca\"}]},{\"@type\":\"WebSite\",\"@id\":\"https:\\\/\\\/iraurgiberritzen.eus\\\/es\\\/#website\",\"url\":\"https:\\\/\\\/iraurgiberritzen.eus\\\/es\\\/\",\"name\":\"Iraurgi Berritzen\",\"description\":\"Urola Erdiko Garapen Agentzia\",\"publisher\":{\"@id\":\"https:\\\/\\\/iraurgiberritzen.eus\\\/es\\\/#organization\"},\"potentialAction\":[{\"@type\":\"SearchAction\",\"target\":{\"@type\":\"EntryPoint\",\"urlTemplate\":\"https:\\\/\\\/iraurgiberritzen.eus\\\/es\\\/?s={search_term_string}\"},\"query-input\":{\"@type\":\"PropertyValueSpecification\",\"valueRequired\":true,\"valueName\":\"search_term_string\"}}],\"inLanguage\":\"es\"},{\"@type\":\"Organization\",\"@id\":\"https:\\\/\\\/iraurgiberritzen.eus\\\/es\\\/#organization\",\"name\":\"Iraurgi Berritzen\",\"url\":\"https:\\\/\\\/iraurgiberritzen.eus\\\/es\\\/\",\"logo\":{\"@type\":\"ImageObject\",\"inLanguage\":\"es\",\"@id\":\"https:\\\/\\\/iraurgiberritzen.eus\\\/es\\\/#\\\/schema\\\/logo\\\/image\\\/\",\"url\":\"https:\\\/\\\/iraurgiberritzen.eus\\\/wp-content\\\/uploads\\\/2024\\\/02\\\/IRAURGI-BERRITZEN-logotipoa_2.png\",\"contentUrl\":\"https:\\\/\\\/iraurgiberritzen.eus\\\/wp-content\\\/uploads\\\/2024\\\/02\\\/IRAURGI-BERRITZEN-logotipoa_2.png\",\"width\":496,\"height\":190,\"caption\":\"Iraurgi Berritzen\"},\"image\":{\"@id\":\"https:\\\/\\\/iraurgiberritzen.eus\\\/es\\\/#\\\/schema\\\/logo\\\/image\\\/\"}},{\"@type\":\"Person\",\"@id\":\"https:\\\/\\\/iraurgiberritzen.eus\\\/es\\\/#\\\/schema\\\/person\\\/5ab41aaf388a9097177601ebf45738d2\",\"name\":\"kudeatzailea\",\"sameAs\":[\"https:\\\/\\\/iraurgiberritzen.eus\"]}]}<\/script>\n<!-- \/ Yoast SEO plugin. -->","yoast_head_json":{"title":"Fortaleciendo las oportunidades de Orientaci\u00f3n en la comarca - Iraurgi Berritzen","robots":{"index":"index","follow":"follow","max-snippet":"max-snippet:-1","max-image-preview":"max-image-preview:large","max-video-preview":"max-video-preview:-1"},"canonical":"https:\/\/iraurgiberritzen.eus\/es\/fortaleciendo-las-oportunidades-de-orientacion-en-la-comarca\/","og_locale":"es_ES","og_type":"article","og_title":"Fortaleciendo las oportunidades de Orientaci\u00f3n en la comarca - Iraurgi Berritzen","og_description":"Los orientadores de los 5 centros educativos, se reunieron el pasado 5 de abril en el marco de IB Hezkuntza, en la sede del Centro de Formaci\u00f3n Profesional Izarraitz. Debatieron sobre los proyectos con los cuales estan trabajando y consensuaron los diferentes pasos a dar a corto plazo. Con el objetivo de estrechar relaciones, tambi\u00e9n [&hellip;]","og_url":"https:\/\/iraurgiberritzen.eus\/es\/fortaleciendo-las-oportunidades-de-orientacion-en-la-comarca\/","og_site_name":"Iraurgi Berritzen","article_published_time":"2019-05-01T08:12:18+00:00","author":"kudeatzailea","twitter_card":"summary_large_image","twitter_misc":{"Escrito por":"kudeatzailea","Tiempo de lectura":"1 minuto"},"schema":{"@context":"https:\/\/schema.org","@graph":[{"@type":"Article","@id":"https:\/\/iraurgiberritzen.eus\/es\/fortaleciendo-las-oportunidades-de-orientacion-en-la-comarca\/#article","isPartOf":{"@id":"https:\/\/iraurgiberritzen.eus\/es\/fortaleciendo-las-oportunidades-de-orientacion-en-la-comarca\/"},"author":{"name":"kudeatzailea","@id":"https:\/\/iraurgiberritzen.eus\/es\/#\/schema\/person\/5ab41aaf388a9097177601ebf45738d2"},"headline":"Fortaleciendo las oportunidades de Orientaci\u00f3n en la comarca","datePublished":"2019-05-01T08:12:18+00:00","mainEntityOfPage":{"@id":"https:\/\/iraurgiberritzen.eus\/es\/fortaleciendo-las-oportunidades-de-orientacion-en-la-comarca\/"},"wordCount":113,"publisher":{"@id":"https:\/\/iraurgiberritzen.eus\/es\/#organization"},"image":{"@id":"https:\/\/iraurgiberritzen.eus\/es\/fortaleciendo-las-oportunidades-de-orientacion-en-la-comarca\/#primaryimage"},"thumbnailUrl":"https:\/\/iraurgiberritzen.eus\/wp-content\/uploads\/2023\/09\/48b2caa4acdcf286e67d646faa59fcbf.jpg","articleSection":["Noticias"],"inLanguage":"es"},{"@type":"WebPage","@id":"https:\/\/iraurgiberritzen.eus\/es\/fortaleciendo-las-oportunidades-de-orientacion-en-la-comarca\/","url":"https:\/\/iraurgiberritzen.eus\/es\/fortaleciendo-las-oportunidades-de-orientacion-en-la-comarca\/","name":"Fortaleciendo las oportunidades de Orientaci\u00f3n en la comarca - Iraurgi Berritzen","isPartOf":{"@id":"https:\/\/iraurgiberritzen.eus\/es\/#website"},"primaryImageOfPage":{"@id":"https:\/\/iraurgiberritzen.eus\/es\/fortaleciendo-las-oportunidades-de-orientacion-en-la-comarca\/#primaryimage"},"image":{"@id":"https:\/\/iraurgiberritzen.eus\/es\/fortaleciendo-las-oportunidades-de-orientacion-en-la-comarca\/#primaryimage"},"thumbnailUrl":"https:\/\/iraurgiberritzen.eus\/wp-content\/uploads\/2023\/09\/48b2caa4acdcf286e67d646faa59fcbf.jpg","datePublished":"2019-05-01T08:12:18+00:00","breadcrumb":{"@id":"https:\/\/iraurgiberritzen.eus\/es\/fortaleciendo-las-oportunidades-de-orientacion-en-la-comarca\/#breadcrumb"},"inLanguage":"es","potentialAction":[{"@type":"ReadAction","target":["https:\/\/iraurgiberritzen.eus\/es\/fortaleciendo-las-oportunidades-de-orientacion-en-la-comarca\/"]}]},{"@type":"ImageObject","inLanguage":"es","@id":"https:\/\/iraurgiberritzen.eus\/es\/fortaleciendo-las-oportunidades-de-orientacion-en-la-comarca\/#primaryimage","url":"https:\/\/iraurgiberritzen.eus\/wp-content\/uploads\/2023\/09\/48b2caa4acdcf286e67d646faa59fcbf.jpg","contentUrl":"https:\/\/iraurgiberritzen.eus\/wp-content\/uploads\/2023\/09\/48b2caa4acdcf286e67d646faa59fcbf.jpg","width":600,"height":386},{"@type":"BreadcrumbList","@id":"https:\/\/iraurgiberritzen.eus\/es\/fortaleciendo-las-oportunidades-de-orientacion-en-la-comarca\/#breadcrumb","itemListElement":[{"@type":"ListItem","position":1,"name":"Home","item":"https:\/\/iraurgiberritzen.eus\/es\/"},{"@type":"ListItem","position":2,"name":"Fortaleciendo las oportunidades de Orientaci\u00f3n en la comarca"}]},{"@type":"WebSite","@id":"https:\/\/iraurgiberritzen.eus\/es\/#website","url":"https:\/\/iraurgiberritzen.eus\/es\/","name":"Iraurgi Berritzen","description":"Urola Erdiko Garapen Agentzia","publisher":{"@id":"https:\/\/iraurgiberritzen.eus\/es\/#organization"},"potentialAction":[{"@type":"SearchAction","target":{"@type":"EntryPoint","urlTemplate":"https:\/\/iraurgiberritzen.eus\/es\/?s={search_term_string}"},"query-input":{"@type":"PropertyValueSpecification","valueRequired":true,"valueName":"search_term_string"}}],"inLanguage":"es"},{"@type":"Organization","@id":"https:\/\/iraurgiberritzen.eus\/es\/#organization","name":"Iraurgi Berritzen","url":"https:\/\/iraurgiberritzen.eus\/es\/","logo":{"@type":"ImageObject","inLanguage":"es","@id":"https:\/\/iraurgiberritzen.eus\/es\/#\/schema\/logo\/image\/","url":"https:\/\/iraurgiberritzen.eus\/wp-content\/uploads\/2024\/02\/IRAURGI-BERRITZEN-logotipoa_2.png","contentUrl":"https:\/\/iraurgiberritzen.eus\/wp-content\/uploads\/2024\/02\/IRAURGI-BERRITZEN-logotipoa_2.png","width":496,"height":190,"caption":"Iraurgi Berritzen"},"image":{"@id":"https:\/\/iraurgiberritzen.eus\/es\/#\/schema\/logo\/image\/"}},{"@type":"Person","@id":"https:\/\/iraurgiberritzen.eus\/es\/#\/schema\/person\/5ab41aaf388a9097177601ebf45738d2","name":"kudeatzailea","sameAs":["https:\/\/iraurgiberritzen.eus"]}]}},"_links":{"self":[{"href":"https:\/\/iraurgiberritzen.eus\/es\/wp-json\/wp\/v2\/posts\/12595","targetHints":{"allow":["GET"]}}],"collection":[{"href":"https:\/\/iraurgiberritzen.eus\/es\/wp-json\/wp\/v2\/posts"}],"about":[{"href":"https:\/\/iraurgiberritzen.eus\/es\/wp-json\/wp\/v2\/types\/post"}],"author":[{"embeddable":true,"href":"https:\/\/iraurgiberritzen.eus\/es\/wp-json\/wp\/v2\/users\/1"}],"replies":[{"embeddable":true,"href":"https:\/\/iraurgiberritzen.eus\/es\/wp-json\/wp\/v2\/comments?post=12595"}],"version-history":[{"count":0,"href":"https:\/\/iraurgiberritzen.eus\/es\/wp-json\/wp\/v2\/posts\/12595\/revisions"}],"wp:featuredmedia":[{"embeddable":true,"href":"https:\/\/iraurgiberritzen.eus\/es\/wp-json\/wp\/v2\/media\/17826"}],"wp:attachment":[{"href":"https:\/\/iraurgiberritzen.eus\/es\/wp-json\/wp\/v2\/media?parent=12595"}],"wp:term":[{"taxonomy":"category","embeddable":true,"href":"https:\/\/iraurgiberritzen.eus\/es\/wp-json\/wp\/v2\/categories?post=12595"},{"taxonomy":"post_tag","embeddable":true,"href":"https:\/\/iraurgiberritzen.eus\/es\/wp-json\/wp\/v2\/tags?post=12595"}],"curies":[{"name":"wp","href":"https:\/\/api.w.org\/{rel}","templated":true}]}}