{"id":12601,"date":"2019-05-07T10:04:32","date_gmt":"2019-05-07T08:04:32","guid":{"rendered":"https:\/\/iraurgiberritzen.eus\/participacion-en-el-desarrollo-del-modelo-de-gobernanza-de-gipuzkoa\/"},"modified":"2019-05-07T10:04:32","modified_gmt":"2019-05-07T08:04:32","slug":"participacion-en-el-desarrollo-del-modelo-de-gobernanza-de-gipuzkoa","status":"publish","type":"post","link":"https:\/\/iraurgiberritzen.eus\/es\/participacion-en-el-desarrollo-del-modelo-de-gobernanza-de-gipuzkoa\/","title":{"rendered":"Participaci\u00f3n en el Desarrollo del  Modelo de Gobernanza de Gipuzkoa"},"content":{"rendered":"<p style=\"text-align: justify;\">Iraurgi Berritzen, Agencia de Desarrollo e Innovaci\u00f3n de Urola Erdia, ha comenzado a participar el pasado 30 de abril junto con el resto de comarcas, en el proceso de desarrollo de Modelos de Gobernanza de las Comarcas, iniciativa integrada en el programa Etorkizuna Eraikiz e impulsado por la Diputaci\u00f3n Foral de Gipuzkoa.<\/p>\n<p style=\"text-align: justify;\">El objetivo principal del proceso, es tener en marcha en 2020 en GIpuzkoa, un modelo de gobernanza territorial y articulado en las comarcas. Esto requerir\u00e1 construir procesos de articulaci\u00f3n entre las comarcas y la Mesa de Gipuzkoa que integra a todas ellas, en base a dos criterios: integrar el nuevo modelo en aquellos espacios comarcales que ya existen hoy en d\u00eda, y respetando las diversidades adaptarlo a espacios y procedimientos comunes al territorio de Gipuzkoa.<\/p>\n<p style=\"text-align: justify;\">El \u00faltimo objetivo, es consensuar y ejecutar de forma eficiente en todo el territorio de Gipuzkoa diferentes pol\u00edticas de promoci\u00f3n socioecon\u00f3mica, a trav\u00e9s de un modelo articulado de gobernanza.<\/p>\n<p style=\"text-align: justify;\">Urola Erdia, debido al Modelo de gobernanza desarrollado estos \u00faltimos a\u00f1os de la mano de Iraurgi Berritzen, ofrece condiciones muy adecuadas para participar en este proyecto. En esta l\u00ednea, la Diputaci\u00f3n Foral de GIpuzkoa financiar\u00e1 un nuevo proyecto para desarrollar en los pr\u00f3ximos meses.<\/p>\n","protected":false},"excerpt":{"rendered":"<p>Iraurgi Berritzen, Agencia de Desarrollo e Innovaci\u00f3n de Urola Erdia, ha comenzado a participar el pasado 30 de abril junto con el resto de comarcas, en el proceso de desarrollo de Modelos de Gobernanza de las Comarcas, iniciativa integrada en el programa Etorkizuna Eraikiz e impulsado por la Diputaci\u00f3n Foral de Gipuzkoa. El objetivo principal [&hellip;]<\/p>\n","protected":false},"author":1,"featured_media":17808,"comment_status":"","ping_status":"closed","sticky":false,"template":"","format":"standard","meta":{"_acf_changed":false,"footnotes":""},"categories":[4],"tags":[],"class_list":["post-12601","post","type-post","status-publish","format-standard","has-post-thumbnail","hentry","category-noticias"],"acf":[],"yoast_head":"<!-- This site is optimized with the Yoast SEO plugin v27.4 - https:\/\/yoast.com\/product\/yoast-seo-wordpress\/ -->\n<title>Participaci\u00f3n en el Desarrollo del Modelo de Gobernanza de Gipuzkoa - Iraurgi Berritzen<\/title>\n<meta name=\"robots\" content=\"index, follow, max-snippet:-1, max-image-preview:large, max-video-preview:-1\" \/>\n<link rel=\"canonical\" href=\"https:\/\/iraurgiberritzen.eus\/es\/participacion-en-el-desarrollo-del-modelo-de-gobernanza-de-gipuzkoa\/\" \/>\n<meta property=\"og:locale\" content=\"es_ES\" \/>\n<meta property=\"og:type\" content=\"article\" \/>\n<meta property=\"og:title\" content=\"Participaci\u00f3n en el Desarrollo del Modelo de Gobernanza de Gipuzkoa - Iraurgi Berritzen\" \/>\n<meta property=\"og:description\" content=\"Iraurgi Berritzen, Agencia de Desarrollo e Innovaci\u00f3n de Urola Erdia, ha comenzado a participar el pasado 30 de abril junto con el resto de comarcas, en el proceso de desarrollo de Modelos de Gobernanza de las Comarcas, iniciativa integrada en el programa Etorkizuna Eraikiz e impulsado por la Diputaci\u00f3n Foral de Gipuzkoa. El objetivo principal [&hellip;]\" \/>\n<meta property=\"og:url\" content=\"https:\/\/iraurgiberritzen.eus\/es\/participacion-en-el-desarrollo-del-modelo-de-gobernanza-de-gipuzkoa\/\" \/>\n<meta property=\"og:site_name\" content=\"Iraurgi Berritzen\" \/>\n<meta property=\"article:published_time\" content=\"2019-05-07T08:04:32+00:00\" \/>\n<meta name=\"author\" content=\"kudeatzailea\" \/>\n<meta name=\"twitter:card\" content=\"summary_large_image\" \/>\n<meta name=\"twitter:label1\" content=\"Escrito por\" \/>\n\t<meta name=\"twitter:data1\" content=\"kudeatzailea\" \/>\n\t<meta name=\"twitter:label2\" content=\"Tiempo de lectura\" \/>\n\t<meta name=\"twitter:data2\" content=\"1 minuto\" \/>\n<script type=\"application\/ld+json\" class=\"yoast-schema-graph\">{\"@context\":\"https:\\\/\\\/schema.org\",\"@graph\":[{\"@type\":\"Article\",\"@id\":\"https:\\\/\\\/iraurgiberritzen.eus\\\/es\\\/participacion-en-el-desarrollo-del-modelo-de-gobernanza-de-gipuzkoa\\\/#article\",\"isPartOf\":{\"@id\":\"https:\\\/\\\/iraurgiberritzen.eus\\\/es\\\/participacion-en-el-desarrollo-del-modelo-de-gobernanza-de-gipuzkoa\\\/\"},\"author\":{\"name\":\"kudeatzailea\",\"@id\":\"https:\\\/\\\/iraurgiberritzen.eus\\\/es\\\/#\\\/schema\\\/person\\\/5ab41aaf388a9097177601ebf45738d2\"},\"headline\":\"Participaci\u00f3n en el Desarrollo del Modelo de Gobernanza de Gipuzkoa\",\"datePublished\":\"2019-05-07T08:04:32+00:00\",\"mainEntityOfPage\":{\"@id\":\"https:\\\/\\\/iraurgiberritzen.eus\\\/es\\\/participacion-en-el-desarrollo-del-modelo-de-gobernanza-de-gipuzkoa\\\/\"},\"wordCount\":221,\"publisher\":{\"@id\":\"https:\\\/\\\/iraurgiberritzen.eus\\\/es\\\/#organization\"},\"image\":{\"@id\":\"https:\\\/\\\/iraurgiberritzen.eus\\\/es\\\/participacion-en-el-desarrollo-del-modelo-de-gobernanza-de-gipuzkoa\\\/#primaryimage\"},\"thumbnailUrl\":\"https:\\\/\\\/iraurgiberritzen.eus\\\/wp-content\\\/uploads\\\/2023\\\/09\\\/b018fd5ec8f1b90a1c8015900c2c2630.jpg\",\"articleSection\":[\"Noticias\"],\"inLanguage\":\"es\"},{\"@type\":\"WebPage\",\"@id\":\"https:\\\/\\\/iraurgiberritzen.eus\\\/es\\\/participacion-en-el-desarrollo-del-modelo-de-gobernanza-de-gipuzkoa\\\/\",\"url\":\"https:\\\/\\\/iraurgiberritzen.eus\\\/es\\\/participacion-en-el-desarrollo-del-modelo-de-gobernanza-de-gipuzkoa\\\/\",\"name\":\"Participaci\u00f3n en el Desarrollo del Modelo de Gobernanza de Gipuzkoa - Iraurgi Berritzen\",\"isPartOf\":{\"@id\":\"https:\\\/\\\/iraurgiberritzen.eus\\\/es\\\/#website\"},\"primaryImageOfPage\":{\"@id\":\"https:\\\/\\\/iraurgiberritzen.eus\\\/es\\\/participacion-en-el-desarrollo-del-modelo-de-gobernanza-de-gipuzkoa\\\/#primaryimage\"},\"image\":{\"@id\":\"https:\\\/\\\/iraurgiberritzen.eus\\\/es\\\/participacion-en-el-desarrollo-del-modelo-de-gobernanza-de-gipuzkoa\\\/#primaryimage\"},\"thumbnailUrl\":\"https:\\\/\\\/iraurgiberritzen.eus\\\/wp-content\\\/uploads\\\/2023\\\/09\\\/b018fd5ec8f1b90a1c8015900c2c2630.jpg\",\"datePublished\":\"2019-05-07T08:04:32+00:00\",\"breadcrumb\":{\"@id\":\"https:\\\/\\\/iraurgiberritzen.eus\\\/es\\\/participacion-en-el-desarrollo-del-modelo-de-gobernanza-de-gipuzkoa\\\/#breadcrumb\"},\"inLanguage\":\"es\",\"potentialAction\":[{\"@type\":\"ReadAction\",\"target\":[\"https:\\\/\\\/iraurgiberritzen.eus\\\/es\\\/participacion-en-el-desarrollo-del-modelo-de-gobernanza-de-gipuzkoa\\\/\"]}]},{\"@type\":\"ImageObject\",\"inLanguage\":\"es\",\"@id\":\"https:\\\/\\\/iraurgiberritzen.eus\\\/es\\\/participacion-en-el-desarrollo-del-modelo-de-gobernanza-de-gipuzkoa\\\/#primaryimage\",\"url\":\"https:\\\/\\\/iraurgiberritzen.eus\\\/wp-content\\\/uploads\\\/2023\\\/09\\\/b018fd5ec8f1b90a1c8015900c2c2630.jpg\",\"contentUrl\":\"https:\\\/\\\/iraurgiberritzen.eus\\\/wp-content\\\/uploads\\\/2023\\\/09\\\/b018fd5ec8f1b90a1c8015900c2c2630.jpg\",\"width\":600,\"height\":386},{\"@type\":\"BreadcrumbList\",\"@id\":\"https:\\\/\\\/iraurgiberritzen.eus\\\/es\\\/participacion-en-el-desarrollo-del-modelo-de-gobernanza-de-gipuzkoa\\\/#breadcrumb\",\"itemListElement\":[{\"@type\":\"ListItem\",\"position\":1,\"name\":\"Home\",\"item\":\"https:\\\/\\\/iraurgiberritzen.eus\\\/es\\\/\"},{\"@type\":\"ListItem\",\"position\":2,\"name\":\"Participaci\u00f3n en el Desarrollo del Modelo de Gobernanza de Gipuzkoa\"}]},{\"@type\":\"WebSite\",\"@id\":\"https:\\\/\\\/iraurgiberritzen.eus\\\/es\\\/#website\",\"url\":\"https:\\\/\\\/iraurgiberritzen.eus\\\/es\\\/\",\"name\":\"Iraurgi Berritzen\",\"description\":\"Urola Erdiko Garapen Agentzia\",\"publisher\":{\"@id\":\"https:\\\/\\\/iraurgiberritzen.eus\\\/es\\\/#organization\"},\"potentialAction\":[{\"@type\":\"SearchAction\",\"target\":{\"@type\":\"EntryPoint\",\"urlTemplate\":\"https:\\\/\\\/iraurgiberritzen.eus\\\/es\\\/?s={search_term_string}\"},\"query-input\":{\"@type\":\"PropertyValueSpecification\",\"valueRequired\":true,\"valueName\":\"search_term_string\"}}],\"inLanguage\":\"es\"},{\"@type\":\"Organization\",\"@id\":\"https:\\\/\\\/iraurgiberritzen.eus\\\/es\\\/#organization\",\"name\":\"Iraurgi Berritzen\",\"url\":\"https:\\\/\\\/iraurgiberritzen.eus\\\/es\\\/\",\"logo\":{\"@type\":\"ImageObject\",\"inLanguage\":\"es\",\"@id\":\"https:\\\/\\\/iraurgiberritzen.eus\\\/es\\\/#\\\/schema\\\/logo\\\/image\\\/\",\"url\":\"https:\\\/\\\/iraurgiberritzen.eus\\\/wp-content\\\/uploads\\\/2024\\\/02\\\/IRAURGI-BERRITZEN-logotipoa_2.png\",\"contentUrl\":\"https:\\\/\\\/iraurgiberritzen.eus\\\/wp-content\\\/uploads\\\/2024\\\/02\\\/IRAURGI-BERRITZEN-logotipoa_2.png\",\"width\":496,\"height\":190,\"caption\":\"Iraurgi Berritzen\"},\"image\":{\"@id\":\"https:\\\/\\\/iraurgiberritzen.eus\\\/es\\\/#\\\/schema\\\/logo\\\/image\\\/\"}},{\"@type\":\"Person\",\"@id\":\"https:\\\/\\\/iraurgiberritzen.eus\\\/es\\\/#\\\/schema\\\/person\\\/5ab41aaf388a9097177601ebf45738d2\",\"name\":\"kudeatzailea\",\"sameAs\":[\"https:\\\/\\\/iraurgiberritzen.eus\"]}]}<\/script>\n<!-- \/ Yoast SEO plugin. -->","yoast_head_json":{"title":"Participaci\u00f3n en el Desarrollo del Modelo de Gobernanza de Gipuzkoa - Iraurgi Berritzen","robots":{"index":"index","follow":"follow","max-snippet":"max-snippet:-1","max-image-preview":"max-image-preview:large","max-video-preview":"max-video-preview:-1"},"canonical":"https:\/\/iraurgiberritzen.eus\/es\/participacion-en-el-desarrollo-del-modelo-de-gobernanza-de-gipuzkoa\/","og_locale":"es_ES","og_type":"article","og_title":"Participaci\u00f3n en el Desarrollo del Modelo de Gobernanza de Gipuzkoa - Iraurgi Berritzen","og_description":"Iraurgi Berritzen, Agencia de Desarrollo e Innovaci\u00f3n de Urola Erdia, ha comenzado a participar el pasado 30 de abril junto con el resto de comarcas, en el proceso de desarrollo de Modelos de Gobernanza de las Comarcas, iniciativa integrada en el programa Etorkizuna Eraikiz e impulsado por la Diputaci\u00f3n Foral de Gipuzkoa. El objetivo principal [&hellip;]","og_url":"https:\/\/iraurgiberritzen.eus\/es\/participacion-en-el-desarrollo-del-modelo-de-gobernanza-de-gipuzkoa\/","og_site_name":"Iraurgi Berritzen","article_published_time":"2019-05-07T08:04:32+00:00","author":"kudeatzailea","twitter_card":"summary_large_image","twitter_misc":{"Escrito por":"kudeatzailea","Tiempo de lectura":"1 minuto"},"schema":{"@context":"https:\/\/schema.org","@graph":[{"@type":"Article","@id":"https:\/\/iraurgiberritzen.eus\/es\/participacion-en-el-desarrollo-del-modelo-de-gobernanza-de-gipuzkoa\/#article","isPartOf":{"@id":"https:\/\/iraurgiberritzen.eus\/es\/participacion-en-el-desarrollo-del-modelo-de-gobernanza-de-gipuzkoa\/"},"author":{"name":"kudeatzailea","@id":"https:\/\/iraurgiberritzen.eus\/es\/#\/schema\/person\/5ab41aaf388a9097177601ebf45738d2"},"headline":"Participaci\u00f3n en el Desarrollo del Modelo de Gobernanza de Gipuzkoa","datePublished":"2019-05-07T08:04:32+00:00","mainEntityOfPage":{"@id":"https:\/\/iraurgiberritzen.eus\/es\/participacion-en-el-desarrollo-del-modelo-de-gobernanza-de-gipuzkoa\/"},"wordCount":221,"publisher":{"@id":"https:\/\/iraurgiberritzen.eus\/es\/#organization"},"image":{"@id":"https:\/\/iraurgiberritzen.eus\/es\/participacion-en-el-desarrollo-del-modelo-de-gobernanza-de-gipuzkoa\/#primaryimage"},"thumbnailUrl":"https:\/\/iraurgiberritzen.eus\/wp-content\/uploads\/2023\/09\/b018fd5ec8f1b90a1c8015900c2c2630.jpg","articleSection":["Noticias"],"inLanguage":"es"},{"@type":"WebPage","@id":"https:\/\/iraurgiberritzen.eus\/es\/participacion-en-el-desarrollo-del-modelo-de-gobernanza-de-gipuzkoa\/","url":"https:\/\/iraurgiberritzen.eus\/es\/participacion-en-el-desarrollo-del-modelo-de-gobernanza-de-gipuzkoa\/","name":"Participaci\u00f3n en el Desarrollo del Modelo de Gobernanza de Gipuzkoa - Iraurgi Berritzen","isPartOf":{"@id":"https:\/\/iraurgiberritzen.eus\/es\/#website"},"primaryImageOfPage":{"@id":"https:\/\/iraurgiberritzen.eus\/es\/participacion-en-el-desarrollo-del-modelo-de-gobernanza-de-gipuzkoa\/#primaryimage"},"image":{"@id":"https:\/\/iraurgiberritzen.eus\/es\/participacion-en-el-desarrollo-del-modelo-de-gobernanza-de-gipuzkoa\/#primaryimage"},"thumbnailUrl":"https:\/\/iraurgiberritzen.eus\/wp-content\/uploads\/2023\/09\/b018fd5ec8f1b90a1c8015900c2c2630.jpg","datePublished":"2019-05-07T08:04:32+00:00","breadcrumb":{"@id":"https:\/\/iraurgiberritzen.eus\/es\/participacion-en-el-desarrollo-del-modelo-de-gobernanza-de-gipuzkoa\/#breadcrumb"},"inLanguage":"es","potentialAction":[{"@type":"ReadAction","target":["https:\/\/iraurgiberritzen.eus\/es\/participacion-en-el-desarrollo-del-modelo-de-gobernanza-de-gipuzkoa\/"]}]},{"@type":"ImageObject","inLanguage":"es","@id":"https:\/\/iraurgiberritzen.eus\/es\/participacion-en-el-desarrollo-del-modelo-de-gobernanza-de-gipuzkoa\/#primaryimage","url":"https:\/\/iraurgiberritzen.eus\/wp-content\/uploads\/2023\/09\/b018fd5ec8f1b90a1c8015900c2c2630.jpg","contentUrl":"https:\/\/iraurgiberritzen.eus\/wp-content\/uploads\/2023\/09\/b018fd5ec8f1b90a1c8015900c2c2630.jpg","width":600,"height":386},{"@type":"BreadcrumbList","@id":"https:\/\/iraurgiberritzen.eus\/es\/participacion-en-el-desarrollo-del-modelo-de-gobernanza-de-gipuzkoa\/#breadcrumb","itemListElement":[{"@type":"ListItem","position":1,"name":"Home","item":"https:\/\/iraurgiberritzen.eus\/es\/"},{"@type":"ListItem","position":2,"name":"Participaci\u00f3n en el Desarrollo del Modelo de Gobernanza de Gipuzkoa"}]},{"@type":"WebSite","@id":"https:\/\/iraurgiberritzen.eus\/es\/#website","url":"https:\/\/iraurgiberritzen.eus\/es\/","name":"Iraurgi Berritzen","description":"Urola Erdiko Garapen Agentzia","publisher":{"@id":"https:\/\/iraurgiberritzen.eus\/es\/#organization"},"potentialAction":[{"@type":"SearchAction","target":{"@type":"EntryPoint","urlTemplate":"https:\/\/iraurgiberritzen.eus\/es\/?s={search_term_string}"},"query-input":{"@type":"PropertyValueSpecification","valueRequired":true,"valueName":"search_term_string"}}],"inLanguage":"es"},{"@type":"Organization","@id":"https:\/\/iraurgiberritzen.eus\/es\/#organization","name":"Iraurgi Berritzen","url":"https:\/\/iraurgiberritzen.eus\/es\/","logo":{"@type":"ImageObject","inLanguage":"es","@id":"https:\/\/iraurgiberritzen.eus\/es\/#\/schema\/logo\/image\/","url":"https:\/\/iraurgiberritzen.eus\/wp-content\/uploads\/2024\/02\/IRAURGI-BERRITZEN-logotipoa_2.png","contentUrl":"https:\/\/iraurgiberritzen.eus\/wp-content\/uploads\/2024\/02\/IRAURGI-BERRITZEN-logotipoa_2.png","width":496,"height":190,"caption":"Iraurgi Berritzen"},"image":{"@id":"https:\/\/iraurgiberritzen.eus\/es\/#\/schema\/logo\/image\/"}},{"@type":"Person","@id":"https:\/\/iraurgiberritzen.eus\/es\/#\/schema\/person\/5ab41aaf388a9097177601ebf45738d2","name":"kudeatzailea","sameAs":["https:\/\/iraurgiberritzen.eus"]}]}},"_links":{"self":[{"href":"https:\/\/iraurgiberritzen.eus\/es\/wp-json\/wp\/v2\/posts\/12601","targetHints":{"allow":["GET"]}}],"collection":[{"href":"https:\/\/iraurgiberritzen.eus\/es\/wp-json\/wp\/v2\/posts"}],"about":[{"href":"https:\/\/iraurgiberritzen.eus\/es\/wp-json\/wp\/v2\/types\/post"}],"author":[{"embeddable":true,"href":"https:\/\/iraurgiberritzen.eus\/es\/wp-json\/wp\/v2\/users\/1"}],"replies":[{"embeddable":true,"href":"https:\/\/iraurgiberritzen.eus\/es\/wp-json\/wp\/v2\/comments?post=12601"}],"version-history":[{"count":0,"href":"https:\/\/iraurgiberritzen.eus\/es\/wp-json\/wp\/v2\/posts\/12601\/revisions"}],"wp:featuredmedia":[{"embeddable":true,"href":"https:\/\/iraurgiberritzen.eus\/es\/wp-json\/wp\/v2\/media\/17808"}],"wp:attachment":[{"href":"https:\/\/iraurgiberritzen.eus\/es\/wp-json\/wp\/v2\/media?parent=12601"}],"wp:term":[{"taxonomy":"category","embeddable":true,"href":"https:\/\/iraurgiberritzen.eus\/es\/wp-json\/wp\/v2\/categories?post=12601"},{"taxonomy":"post_tag","embeddable":true,"href":"https:\/\/iraurgiberritzen.eus\/es\/wp-json\/wp\/v2\/tags?post=12601"}],"curies":[{"name":"wp","href":"https:\/\/api.w.org\/{rel}","templated":true}]}}