{"id":12622,"date":"2019-05-31T13:48:34","date_gmt":"2019-05-31T11:48:34","guid":{"rendered":"https:\/\/iraurgiberritzen.eus\/el-paro-mantiene-su-evolucion-decreciente-en-urola-erdia\/"},"modified":"2019-05-31T13:48:34","modified_gmt":"2019-05-31T11:48:34","slug":"el-paro-mantiene-su-evolucion-decreciente-en-urola-erdia","status":"publish","type":"post","link":"https:\/\/iraurgiberritzen.eus\/es\/el-paro-mantiene-su-evolucion-decreciente-en-urola-erdia\/","title":{"rendered":"El paro mantiene su evoluci\u00f3n decreciente en Urola Erdia"},"content":{"rendered":"<p style=\"text-align: justify;\">En cuanto a la evoluci\u00f3n socioecon\u00f3mica de la comarca, los distintos indicadores de econom\u00eda y competitividad han registrado notables incidencias desde que estall\u00f3 la crisis econ\u00f3mica en 2008.&nbsp;<\/p>\n<p style=\"text-align: justify;\">En los \u00faltimos a\u00f1os, la agencia de desarrollo e innovaci\u00f3n ha puesto en marcha una nueva l\u00ednea de trabajo denominada como \u00abGarapen Behatokia\u00bb, la cu\u00e1l se encarga de analizar la evoluci\u00f3n de distintos indicadores socioecon\u00f3micos en la comarca.<\/p>\n<p style=\"text-align: justify;\">Durante los a\u00f1os 2008 y 2014 increment\u00f3 considerablemente el n\u00famero de personas desempleadas en Urola Erdia (Aizarnazabal, Azkoitia, Azpeitia, Beizama, Errezil y Zestoa) contabilizando en Octubre de 2014, 2.247 personas en situaci\u00f3n de desempleo. Desde entonces, el paro ha registrado una clara tendencia a la baja en la comarca y en Diciembre de 2018 se registraron 1.359 personas desempleadas.<\/p>\n<p style=\"text-align: justify;\">Seg\u00fan los \u00faltimos datos recogidos, en Mayo del 2019, en la comarca se han contabilizado 1.218 ciudadanos en situaci\u00f3n de desempleo, de los cuales 716 son mujeres. Seg\u00fan las estimaciones de Iraurgi Berritzen, actualmente el \u00edndice de desempleo de Urola Erdia asciende a 7,9%, 0,8% menos que en el territorio hist\u00f3rico de Gipuzkoa (8,7%). En cuanto al g\u00e9nero, el \u00edndice de desempleo masculino es del 6,0% mientras que el \u00edndice de desempleo femenino es 4 puntos mayor, concretamente del 10,1%.<\/p>\n","protected":false},"excerpt":{"rendered":"<p>En cuanto a la evoluci\u00f3n socioecon\u00f3mica de la comarca, los distintos indicadores de econom\u00eda y competitividad han registrado notables incidencias desde que estall\u00f3 la crisis econ\u00f3mica en 2008.&nbsp; En los \u00faltimos a\u00f1os, la agencia de desarrollo e innovaci\u00f3n ha puesto en marcha una nueva l\u00ednea de trabajo denominada como \u00abGarapen Behatokia\u00bb, la cu\u00e1l se encarga [&hellip;]<\/p>\n","protected":false},"author":1,"featured_media":17815,"comment_status":"","ping_status":"closed","sticky":false,"template":"","format":"standard","meta":{"_acf_changed":false,"footnotes":""},"categories":[4],"tags":[],"class_list":["post-12622","post","type-post","status-publish","format-standard","has-post-thumbnail","hentry","category-noticias"],"acf":[],"yoast_head":"<!-- This site is optimized with the Yoast SEO plugin v27.4 - https:\/\/yoast.com\/product\/yoast-seo-wordpress\/ -->\n<title>El paro mantiene su evoluci\u00f3n decreciente en Urola Erdia - Iraurgi Berritzen<\/title>\n<meta name=\"robots\" content=\"index, follow, max-snippet:-1, max-image-preview:large, max-video-preview:-1\" \/>\n<link rel=\"canonical\" href=\"https:\/\/iraurgiberritzen.eus\/es\/el-paro-mantiene-su-evolucion-decreciente-en-urola-erdia\/\" \/>\n<meta property=\"og:locale\" content=\"es_ES\" \/>\n<meta property=\"og:type\" content=\"article\" \/>\n<meta property=\"og:title\" content=\"El paro mantiene su evoluci\u00f3n decreciente en Urola Erdia - Iraurgi Berritzen\" \/>\n<meta property=\"og:description\" content=\"En cuanto a la evoluci\u00f3n socioecon\u00f3mica de la comarca, los distintos indicadores de econom\u00eda y competitividad han registrado notables incidencias desde que estall\u00f3 la crisis econ\u00f3mica en 2008.&nbsp; En los \u00faltimos a\u00f1os, la agencia de desarrollo e innovaci\u00f3n ha puesto en marcha una nueva l\u00ednea de trabajo denominada como \u00abGarapen Behatokia\u00bb, la cu\u00e1l se encarga [&hellip;]\" \/>\n<meta property=\"og:url\" content=\"https:\/\/iraurgiberritzen.eus\/es\/el-paro-mantiene-su-evolucion-decreciente-en-urola-erdia\/\" \/>\n<meta property=\"og:site_name\" content=\"Iraurgi Berritzen\" \/>\n<meta property=\"article:published_time\" content=\"2019-05-31T11:48:34+00:00\" \/>\n<meta name=\"author\" content=\"kudeatzailea\" \/>\n<meta name=\"twitter:card\" content=\"summary_large_image\" \/>\n<meta name=\"twitter:label1\" content=\"Escrito por\" \/>\n\t<meta name=\"twitter:data1\" content=\"kudeatzailea\" \/>\n\t<meta name=\"twitter:label2\" content=\"Tiempo de lectura\" \/>\n\t<meta name=\"twitter:data2\" content=\"1 minuto\" \/>\n<script type=\"application\/ld+json\" class=\"yoast-schema-graph\">{\"@context\":\"https:\\\/\\\/schema.org\",\"@graph\":[{\"@type\":\"Article\",\"@id\":\"https:\\\/\\\/iraurgiberritzen.eus\\\/es\\\/el-paro-mantiene-su-evolucion-decreciente-en-urola-erdia\\\/#article\",\"isPartOf\":{\"@id\":\"https:\\\/\\\/iraurgiberritzen.eus\\\/es\\\/el-paro-mantiene-su-evolucion-decreciente-en-urola-erdia\\\/\"},\"author\":{\"name\":\"kudeatzailea\",\"@id\":\"https:\\\/\\\/iraurgiberritzen.eus\\\/es\\\/#\\\/schema\\\/person\\\/5ab41aaf388a9097177601ebf45738d2\"},\"headline\":\"El paro mantiene su evoluci\u00f3n decreciente en Urola Erdia\",\"datePublished\":\"2019-05-31T11:48:34+00:00\",\"mainEntityOfPage\":{\"@id\":\"https:\\\/\\\/iraurgiberritzen.eus\\\/es\\\/el-paro-mantiene-su-evolucion-decreciente-en-urola-erdia\\\/\"},\"wordCount\":218,\"publisher\":{\"@id\":\"https:\\\/\\\/iraurgiberritzen.eus\\\/es\\\/#organization\"},\"image\":{\"@id\":\"https:\\\/\\\/iraurgiberritzen.eus\\\/es\\\/el-paro-mantiene-su-evolucion-decreciente-en-urola-erdia\\\/#primaryimage\"},\"thumbnailUrl\":\"https:\\\/\\\/iraurgiberritzen.eus\\\/wp-content\\\/uploads\\\/2023\\\/09\\\/2dee5982cbdc2b7b7b3c545e34831370.jpg\",\"articleSection\":[\"Noticias\"],\"inLanguage\":\"es\"},{\"@type\":\"WebPage\",\"@id\":\"https:\\\/\\\/iraurgiberritzen.eus\\\/es\\\/el-paro-mantiene-su-evolucion-decreciente-en-urola-erdia\\\/\",\"url\":\"https:\\\/\\\/iraurgiberritzen.eus\\\/es\\\/el-paro-mantiene-su-evolucion-decreciente-en-urola-erdia\\\/\",\"name\":\"El paro mantiene su evoluci\u00f3n decreciente en Urola Erdia - Iraurgi Berritzen\",\"isPartOf\":{\"@id\":\"https:\\\/\\\/iraurgiberritzen.eus\\\/es\\\/#website\"},\"primaryImageOfPage\":{\"@id\":\"https:\\\/\\\/iraurgiberritzen.eus\\\/es\\\/el-paro-mantiene-su-evolucion-decreciente-en-urola-erdia\\\/#primaryimage\"},\"image\":{\"@id\":\"https:\\\/\\\/iraurgiberritzen.eus\\\/es\\\/el-paro-mantiene-su-evolucion-decreciente-en-urola-erdia\\\/#primaryimage\"},\"thumbnailUrl\":\"https:\\\/\\\/iraurgiberritzen.eus\\\/wp-content\\\/uploads\\\/2023\\\/09\\\/2dee5982cbdc2b7b7b3c545e34831370.jpg\",\"datePublished\":\"2019-05-31T11:48:34+00:00\",\"breadcrumb\":{\"@id\":\"https:\\\/\\\/iraurgiberritzen.eus\\\/es\\\/el-paro-mantiene-su-evolucion-decreciente-en-urola-erdia\\\/#breadcrumb\"},\"inLanguage\":\"es\",\"potentialAction\":[{\"@type\":\"ReadAction\",\"target\":[\"https:\\\/\\\/iraurgiberritzen.eus\\\/es\\\/el-paro-mantiene-su-evolucion-decreciente-en-urola-erdia\\\/\"]}]},{\"@type\":\"ImageObject\",\"inLanguage\":\"es\",\"@id\":\"https:\\\/\\\/iraurgiberritzen.eus\\\/es\\\/el-paro-mantiene-su-evolucion-decreciente-en-urola-erdia\\\/#primaryimage\",\"url\":\"https:\\\/\\\/iraurgiberritzen.eus\\\/wp-content\\\/uploads\\\/2023\\\/09\\\/2dee5982cbdc2b7b7b3c545e34831370.jpg\",\"contentUrl\":\"https:\\\/\\\/iraurgiberritzen.eus\\\/wp-content\\\/uploads\\\/2023\\\/09\\\/2dee5982cbdc2b7b7b3c545e34831370.jpg\",\"width\":600,\"height\":386},{\"@type\":\"BreadcrumbList\",\"@id\":\"https:\\\/\\\/iraurgiberritzen.eus\\\/es\\\/el-paro-mantiene-su-evolucion-decreciente-en-urola-erdia\\\/#breadcrumb\",\"itemListElement\":[{\"@type\":\"ListItem\",\"position\":1,\"name\":\"Home\",\"item\":\"https:\\\/\\\/iraurgiberritzen.eus\\\/es\\\/\"},{\"@type\":\"ListItem\",\"position\":2,\"name\":\"El paro mantiene su evoluci\u00f3n decreciente en Urola Erdia\"}]},{\"@type\":\"WebSite\",\"@id\":\"https:\\\/\\\/iraurgiberritzen.eus\\\/es\\\/#website\",\"url\":\"https:\\\/\\\/iraurgiberritzen.eus\\\/es\\\/\",\"name\":\"Iraurgi Berritzen\",\"description\":\"Urola Erdiko Garapen Agentzia\",\"publisher\":{\"@id\":\"https:\\\/\\\/iraurgiberritzen.eus\\\/es\\\/#organization\"},\"potentialAction\":[{\"@type\":\"SearchAction\",\"target\":{\"@type\":\"EntryPoint\",\"urlTemplate\":\"https:\\\/\\\/iraurgiberritzen.eus\\\/es\\\/?s={search_term_string}\"},\"query-input\":{\"@type\":\"PropertyValueSpecification\",\"valueRequired\":true,\"valueName\":\"search_term_string\"}}],\"inLanguage\":\"es\"},{\"@type\":\"Organization\",\"@id\":\"https:\\\/\\\/iraurgiberritzen.eus\\\/es\\\/#organization\",\"name\":\"Iraurgi Berritzen\",\"url\":\"https:\\\/\\\/iraurgiberritzen.eus\\\/es\\\/\",\"logo\":{\"@type\":\"ImageObject\",\"inLanguage\":\"es\",\"@id\":\"https:\\\/\\\/iraurgiberritzen.eus\\\/es\\\/#\\\/schema\\\/logo\\\/image\\\/\",\"url\":\"https:\\\/\\\/iraurgiberritzen.eus\\\/wp-content\\\/uploads\\\/2024\\\/02\\\/IRAURGI-BERRITZEN-logotipoa_2.png\",\"contentUrl\":\"https:\\\/\\\/iraurgiberritzen.eus\\\/wp-content\\\/uploads\\\/2024\\\/02\\\/IRAURGI-BERRITZEN-logotipoa_2.png\",\"width\":496,\"height\":190,\"caption\":\"Iraurgi Berritzen\"},\"image\":{\"@id\":\"https:\\\/\\\/iraurgiberritzen.eus\\\/es\\\/#\\\/schema\\\/logo\\\/image\\\/\"}},{\"@type\":\"Person\",\"@id\":\"https:\\\/\\\/iraurgiberritzen.eus\\\/es\\\/#\\\/schema\\\/person\\\/5ab41aaf388a9097177601ebf45738d2\",\"name\":\"kudeatzailea\",\"sameAs\":[\"https:\\\/\\\/iraurgiberritzen.eus\"]}]}<\/script>\n<!-- \/ Yoast SEO plugin. -->","yoast_head_json":{"title":"El paro mantiene su evoluci\u00f3n decreciente en Urola Erdia - Iraurgi Berritzen","robots":{"index":"index","follow":"follow","max-snippet":"max-snippet:-1","max-image-preview":"max-image-preview:large","max-video-preview":"max-video-preview:-1"},"canonical":"https:\/\/iraurgiberritzen.eus\/es\/el-paro-mantiene-su-evolucion-decreciente-en-urola-erdia\/","og_locale":"es_ES","og_type":"article","og_title":"El paro mantiene su evoluci\u00f3n decreciente en Urola Erdia - Iraurgi Berritzen","og_description":"En cuanto a la evoluci\u00f3n socioecon\u00f3mica de la comarca, los distintos indicadores de econom\u00eda y competitividad han registrado notables incidencias desde que estall\u00f3 la crisis econ\u00f3mica en 2008.&nbsp; En los \u00faltimos a\u00f1os, la agencia de desarrollo e innovaci\u00f3n ha puesto en marcha una nueva l\u00ednea de trabajo denominada como \u00abGarapen Behatokia\u00bb, la cu\u00e1l se encarga [&hellip;]","og_url":"https:\/\/iraurgiberritzen.eus\/es\/el-paro-mantiene-su-evolucion-decreciente-en-urola-erdia\/","og_site_name":"Iraurgi Berritzen","article_published_time":"2019-05-31T11:48:34+00:00","author":"kudeatzailea","twitter_card":"summary_large_image","twitter_misc":{"Escrito por":"kudeatzailea","Tiempo de lectura":"1 minuto"},"schema":{"@context":"https:\/\/schema.org","@graph":[{"@type":"Article","@id":"https:\/\/iraurgiberritzen.eus\/es\/el-paro-mantiene-su-evolucion-decreciente-en-urola-erdia\/#article","isPartOf":{"@id":"https:\/\/iraurgiberritzen.eus\/es\/el-paro-mantiene-su-evolucion-decreciente-en-urola-erdia\/"},"author":{"name":"kudeatzailea","@id":"https:\/\/iraurgiberritzen.eus\/es\/#\/schema\/person\/5ab41aaf388a9097177601ebf45738d2"},"headline":"El paro mantiene su evoluci\u00f3n decreciente en Urola Erdia","datePublished":"2019-05-31T11:48:34+00:00","mainEntityOfPage":{"@id":"https:\/\/iraurgiberritzen.eus\/es\/el-paro-mantiene-su-evolucion-decreciente-en-urola-erdia\/"},"wordCount":218,"publisher":{"@id":"https:\/\/iraurgiberritzen.eus\/es\/#organization"},"image":{"@id":"https:\/\/iraurgiberritzen.eus\/es\/el-paro-mantiene-su-evolucion-decreciente-en-urola-erdia\/#primaryimage"},"thumbnailUrl":"https:\/\/iraurgiberritzen.eus\/wp-content\/uploads\/2023\/09\/2dee5982cbdc2b7b7b3c545e34831370.jpg","articleSection":["Noticias"],"inLanguage":"es"},{"@type":"WebPage","@id":"https:\/\/iraurgiberritzen.eus\/es\/el-paro-mantiene-su-evolucion-decreciente-en-urola-erdia\/","url":"https:\/\/iraurgiberritzen.eus\/es\/el-paro-mantiene-su-evolucion-decreciente-en-urola-erdia\/","name":"El paro mantiene su evoluci\u00f3n decreciente en Urola Erdia - Iraurgi Berritzen","isPartOf":{"@id":"https:\/\/iraurgiberritzen.eus\/es\/#website"},"primaryImageOfPage":{"@id":"https:\/\/iraurgiberritzen.eus\/es\/el-paro-mantiene-su-evolucion-decreciente-en-urola-erdia\/#primaryimage"},"image":{"@id":"https:\/\/iraurgiberritzen.eus\/es\/el-paro-mantiene-su-evolucion-decreciente-en-urola-erdia\/#primaryimage"},"thumbnailUrl":"https:\/\/iraurgiberritzen.eus\/wp-content\/uploads\/2023\/09\/2dee5982cbdc2b7b7b3c545e34831370.jpg","datePublished":"2019-05-31T11:48:34+00:00","breadcrumb":{"@id":"https:\/\/iraurgiberritzen.eus\/es\/el-paro-mantiene-su-evolucion-decreciente-en-urola-erdia\/#breadcrumb"},"inLanguage":"es","potentialAction":[{"@type":"ReadAction","target":["https:\/\/iraurgiberritzen.eus\/es\/el-paro-mantiene-su-evolucion-decreciente-en-urola-erdia\/"]}]},{"@type":"ImageObject","inLanguage":"es","@id":"https:\/\/iraurgiberritzen.eus\/es\/el-paro-mantiene-su-evolucion-decreciente-en-urola-erdia\/#primaryimage","url":"https:\/\/iraurgiberritzen.eus\/wp-content\/uploads\/2023\/09\/2dee5982cbdc2b7b7b3c545e34831370.jpg","contentUrl":"https:\/\/iraurgiberritzen.eus\/wp-content\/uploads\/2023\/09\/2dee5982cbdc2b7b7b3c545e34831370.jpg","width":600,"height":386},{"@type":"BreadcrumbList","@id":"https:\/\/iraurgiberritzen.eus\/es\/el-paro-mantiene-su-evolucion-decreciente-en-urola-erdia\/#breadcrumb","itemListElement":[{"@type":"ListItem","position":1,"name":"Home","item":"https:\/\/iraurgiberritzen.eus\/es\/"},{"@type":"ListItem","position":2,"name":"El paro mantiene su evoluci\u00f3n decreciente en Urola Erdia"}]},{"@type":"WebSite","@id":"https:\/\/iraurgiberritzen.eus\/es\/#website","url":"https:\/\/iraurgiberritzen.eus\/es\/","name":"Iraurgi Berritzen","description":"Urola Erdiko Garapen Agentzia","publisher":{"@id":"https:\/\/iraurgiberritzen.eus\/es\/#organization"},"potentialAction":[{"@type":"SearchAction","target":{"@type":"EntryPoint","urlTemplate":"https:\/\/iraurgiberritzen.eus\/es\/?s={search_term_string}"},"query-input":{"@type":"PropertyValueSpecification","valueRequired":true,"valueName":"search_term_string"}}],"inLanguage":"es"},{"@type":"Organization","@id":"https:\/\/iraurgiberritzen.eus\/es\/#organization","name":"Iraurgi Berritzen","url":"https:\/\/iraurgiberritzen.eus\/es\/","logo":{"@type":"ImageObject","inLanguage":"es","@id":"https:\/\/iraurgiberritzen.eus\/es\/#\/schema\/logo\/image\/","url":"https:\/\/iraurgiberritzen.eus\/wp-content\/uploads\/2024\/02\/IRAURGI-BERRITZEN-logotipoa_2.png","contentUrl":"https:\/\/iraurgiberritzen.eus\/wp-content\/uploads\/2024\/02\/IRAURGI-BERRITZEN-logotipoa_2.png","width":496,"height":190,"caption":"Iraurgi Berritzen"},"image":{"@id":"https:\/\/iraurgiberritzen.eus\/es\/#\/schema\/logo\/image\/"}},{"@type":"Person","@id":"https:\/\/iraurgiberritzen.eus\/es\/#\/schema\/person\/5ab41aaf388a9097177601ebf45738d2","name":"kudeatzailea","sameAs":["https:\/\/iraurgiberritzen.eus"]}]}},"_links":{"self":[{"href":"https:\/\/iraurgiberritzen.eus\/es\/wp-json\/wp\/v2\/posts\/12622","targetHints":{"allow":["GET"]}}],"collection":[{"href":"https:\/\/iraurgiberritzen.eus\/es\/wp-json\/wp\/v2\/posts"}],"about":[{"href":"https:\/\/iraurgiberritzen.eus\/es\/wp-json\/wp\/v2\/types\/post"}],"author":[{"embeddable":true,"href":"https:\/\/iraurgiberritzen.eus\/es\/wp-json\/wp\/v2\/users\/1"}],"replies":[{"embeddable":true,"href":"https:\/\/iraurgiberritzen.eus\/es\/wp-json\/wp\/v2\/comments?post=12622"}],"version-history":[{"count":0,"href":"https:\/\/iraurgiberritzen.eus\/es\/wp-json\/wp\/v2\/posts\/12622\/revisions"}],"wp:featuredmedia":[{"embeddable":true,"href":"https:\/\/iraurgiberritzen.eus\/es\/wp-json\/wp\/v2\/media\/17815"}],"wp:attachment":[{"href":"https:\/\/iraurgiberritzen.eus\/es\/wp-json\/wp\/v2\/media?parent=12622"}],"wp:term":[{"taxonomy":"category","embeddable":true,"href":"https:\/\/iraurgiberritzen.eus\/es\/wp-json\/wp\/v2\/categories?post=12622"},{"taxonomy":"post_tag","embeddable":true,"href":"https:\/\/iraurgiberritzen.eus\/es\/wp-json\/wp\/v2\/tags?post=12622"}],"curies":[{"name":"wp","href":"https:\/\/api.w.org\/{rel}","templated":true}]}}