{"id":12625,"date":"2019-06-04T07:12:11","date_gmt":"2019-06-04T05:12:11","guid":{"rendered":"https:\/\/iraurgiberritzen.eus\/klink-en-marcha-las-actividades-de-la-temporada-primavera-verano-dirigidas-a-emprendedores\/"},"modified":"2019-06-04T07:12:11","modified_gmt":"2019-06-04T05:12:11","slug":"klink-en-marcha-las-actividades-de-la-temporada-primavera-verano-dirigidas-a-emprendedores","status":"publish","type":"post","link":"https:\/\/iraurgiberritzen.eus\/es\/klink-en-marcha-las-actividades-de-la-temporada-primavera-verano-dirigidas-a-emprendedores\/","title":{"rendered":"KLINK: En marcha las actividades de la temporada primavera-verano dirigidas a emprendedores"},"content":{"rendered":"<p style=\"text-align: justify;\"><span style=\"text-align: justify;\">En el seno de la iniciativa KLINK, Espacio para impulsar el emprendimiento de la comarca, <span style=\"text-align: justify;\">hemos dado comienzo a las actividades de la temporada primavera-verano con esta pregunta: <strong>\u00bfQuieres mejorar la comunicaci\u00f3n de tu empresa?<\/strong><\/span><\/span><\/p>\n<p style=\"text-align: justify;\">De la sesi\u00f3n de contraste realizada en marzo, los emprendedores dise\u00f1aron el modelo de formaci\u00f3n que m\u00e1s se ajustaba a sus necesidades y dando respuesta a esa petici\u00f3n, se ha organizado un m\u00f3dulo en torno al tema de <strong>\u00abMarketing y comunicaci\u00f3n\u00bb<\/strong>.<\/p>\n<p style=\"text-align: justify;\">En la misma, los emprendedores antes de dar inicio a la formaci\u00f3n, han tenido que responder a un cuestionario, para posterior recibir una formaci\u00f3n de 8 horas, dividido en sesiones de 2 horas cada uno. El m\u00f3dulo adem\u00e1s de trabajar los contenidos busca la practicidad, y finalizaremos el mismo, el d\u00eda 3 de Julio, con una sesi\u00f3n de intercambio de experiencias, donde se compartir\u00e1n las experiencias puestas en marcha a ra\u00edz de la formaci\u00f3n recibida.<\/p>\n","protected":false},"excerpt":{"rendered":"<p>En el seno de la iniciativa KLINK, Espacio para impulsar el emprendimiento de la comarca, hemos dado comienzo a las actividades de la temporada primavera-verano con esta pregunta: \u00bfQuieres mejorar la comunicaci\u00f3n de tu empresa? De la sesi\u00f3n de contraste realizada en marzo, los emprendedores dise\u00f1aron el modelo de formaci\u00f3n que m\u00e1s se ajustaba a [&hellip;]<\/p>\n","protected":false},"author":1,"featured_media":17816,"comment_status":"","ping_status":"closed","sticky":false,"template":"","format":"standard","meta":{"_acf_changed":false,"footnotes":""},"categories":[4],"tags":[],"class_list":["post-12625","post","type-post","status-publish","format-standard","has-post-thumbnail","hentry","category-noticias"],"acf":[],"yoast_head":"<!-- This site is optimized with the Yoast SEO plugin v27.4 - https:\/\/yoast.com\/product\/yoast-seo-wordpress\/ -->\n<title>KLINK: En marcha las actividades de la temporada primavera-verano dirigidas a emprendedores - Iraurgi Berritzen<\/title>\n<meta name=\"robots\" content=\"index, follow, max-snippet:-1, max-image-preview:large, max-video-preview:-1\" \/>\n<link rel=\"canonical\" href=\"https:\/\/iraurgiberritzen.eus\/es\/klink-en-marcha-las-actividades-de-la-temporada-primavera-verano-dirigidas-a-emprendedores\/\" \/>\n<meta property=\"og:locale\" content=\"es_ES\" \/>\n<meta property=\"og:type\" content=\"article\" \/>\n<meta property=\"og:title\" content=\"KLINK: En marcha las actividades de la temporada primavera-verano dirigidas a emprendedores - Iraurgi Berritzen\" \/>\n<meta property=\"og:description\" content=\"En el seno de la iniciativa KLINK, Espacio para impulsar el emprendimiento de la comarca, hemos dado comienzo a las actividades de la temporada primavera-verano con esta pregunta: \u00bfQuieres mejorar la comunicaci\u00f3n de tu empresa? De la sesi\u00f3n de contraste realizada en marzo, los emprendedores dise\u00f1aron el modelo de formaci\u00f3n que m\u00e1s se ajustaba a [&hellip;]\" \/>\n<meta property=\"og:url\" content=\"https:\/\/iraurgiberritzen.eus\/es\/klink-en-marcha-las-actividades-de-la-temporada-primavera-verano-dirigidas-a-emprendedores\/\" \/>\n<meta property=\"og:site_name\" content=\"Iraurgi Berritzen\" \/>\n<meta property=\"article:published_time\" content=\"2019-06-04T05:12:11+00:00\" \/>\n<meta name=\"author\" content=\"kudeatzailea\" \/>\n<meta name=\"twitter:card\" content=\"summary_large_image\" \/>\n<meta name=\"twitter:label1\" content=\"Escrito por\" \/>\n\t<meta name=\"twitter:data1\" content=\"kudeatzailea\" \/>\n\t<meta name=\"twitter:label2\" content=\"Tiempo de lectura\" \/>\n\t<meta name=\"twitter:data2\" content=\"1 minuto\" \/>\n<script type=\"application\/ld+json\" class=\"yoast-schema-graph\">{\"@context\":\"https:\\\/\\\/schema.org\",\"@graph\":[{\"@type\":\"Article\",\"@id\":\"https:\\\/\\\/iraurgiberritzen.eus\\\/es\\\/klink-en-marcha-las-actividades-de-la-temporada-primavera-verano-dirigidas-a-emprendedores\\\/#article\",\"isPartOf\":{\"@id\":\"https:\\\/\\\/iraurgiberritzen.eus\\\/es\\\/klink-en-marcha-las-actividades-de-la-temporada-primavera-verano-dirigidas-a-emprendedores\\\/\"},\"author\":{\"name\":\"kudeatzailea\",\"@id\":\"https:\\\/\\\/iraurgiberritzen.eus\\\/es\\\/#\\\/schema\\\/person\\\/5ab41aaf388a9097177601ebf45738d2\"},\"headline\":\"KLINK: En marcha las actividades de la temporada primavera-verano dirigidas a emprendedores\",\"datePublished\":\"2019-06-04T05:12:11+00:00\",\"mainEntityOfPage\":{\"@id\":\"https:\\\/\\\/iraurgiberritzen.eus\\\/es\\\/klink-en-marcha-las-actividades-de-la-temporada-primavera-verano-dirigidas-a-emprendedores\\\/\"},\"wordCount\":177,\"publisher\":{\"@id\":\"https:\\\/\\\/iraurgiberritzen.eus\\\/es\\\/#organization\"},\"image\":{\"@id\":\"https:\\\/\\\/iraurgiberritzen.eus\\\/es\\\/klink-en-marcha-las-actividades-de-la-temporada-primavera-verano-dirigidas-a-emprendedores\\\/#primaryimage\"},\"thumbnailUrl\":\"https:\\\/\\\/iraurgiberritzen.eus\\\/wp-content\\\/uploads\\\/2023\\\/09\\\/6187e8e3b292df4bec7f162543eed86b.jpg\",\"articleSection\":[\"Noticias\"],\"inLanguage\":\"es\"},{\"@type\":\"WebPage\",\"@id\":\"https:\\\/\\\/iraurgiberritzen.eus\\\/es\\\/klink-en-marcha-las-actividades-de-la-temporada-primavera-verano-dirigidas-a-emprendedores\\\/\",\"url\":\"https:\\\/\\\/iraurgiberritzen.eus\\\/es\\\/klink-en-marcha-las-actividades-de-la-temporada-primavera-verano-dirigidas-a-emprendedores\\\/\",\"name\":\"KLINK: En marcha las actividades de la temporada primavera-verano dirigidas a emprendedores - Iraurgi Berritzen\",\"isPartOf\":{\"@id\":\"https:\\\/\\\/iraurgiberritzen.eus\\\/es\\\/#website\"},\"primaryImageOfPage\":{\"@id\":\"https:\\\/\\\/iraurgiberritzen.eus\\\/es\\\/klink-en-marcha-las-actividades-de-la-temporada-primavera-verano-dirigidas-a-emprendedores\\\/#primaryimage\"},\"image\":{\"@id\":\"https:\\\/\\\/iraurgiberritzen.eus\\\/es\\\/klink-en-marcha-las-actividades-de-la-temporada-primavera-verano-dirigidas-a-emprendedores\\\/#primaryimage\"},\"thumbnailUrl\":\"https:\\\/\\\/iraurgiberritzen.eus\\\/wp-content\\\/uploads\\\/2023\\\/09\\\/6187e8e3b292df4bec7f162543eed86b.jpg\",\"datePublished\":\"2019-06-04T05:12:11+00:00\",\"breadcrumb\":{\"@id\":\"https:\\\/\\\/iraurgiberritzen.eus\\\/es\\\/klink-en-marcha-las-actividades-de-la-temporada-primavera-verano-dirigidas-a-emprendedores\\\/#breadcrumb\"},\"inLanguage\":\"es\",\"potentialAction\":[{\"@type\":\"ReadAction\",\"target\":[\"https:\\\/\\\/iraurgiberritzen.eus\\\/es\\\/klink-en-marcha-las-actividades-de-la-temporada-primavera-verano-dirigidas-a-emprendedores\\\/\"]}]},{\"@type\":\"ImageObject\",\"inLanguage\":\"es\",\"@id\":\"https:\\\/\\\/iraurgiberritzen.eus\\\/es\\\/klink-en-marcha-las-actividades-de-la-temporada-primavera-verano-dirigidas-a-emprendedores\\\/#primaryimage\",\"url\":\"https:\\\/\\\/iraurgiberritzen.eus\\\/wp-content\\\/uploads\\\/2023\\\/09\\\/6187e8e3b292df4bec7f162543eed86b.jpg\",\"contentUrl\":\"https:\\\/\\\/iraurgiberritzen.eus\\\/wp-content\\\/uploads\\\/2023\\\/09\\\/6187e8e3b292df4bec7f162543eed86b.jpg\",\"width\":600,\"height\":386},{\"@type\":\"BreadcrumbList\",\"@id\":\"https:\\\/\\\/iraurgiberritzen.eus\\\/es\\\/klink-en-marcha-las-actividades-de-la-temporada-primavera-verano-dirigidas-a-emprendedores\\\/#breadcrumb\",\"itemListElement\":[{\"@type\":\"ListItem\",\"position\":1,\"name\":\"Home\",\"item\":\"https:\\\/\\\/iraurgiberritzen.eus\\\/es\\\/\"},{\"@type\":\"ListItem\",\"position\":2,\"name\":\"KLINK: En marcha las actividades de la temporada primavera-verano dirigidas a emprendedores\"}]},{\"@type\":\"WebSite\",\"@id\":\"https:\\\/\\\/iraurgiberritzen.eus\\\/es\\\/#website\",\"url\":\"https:\\\/\\\/iraurgiberritzen.eus\\\/es\\\/\",\"name\":\"Iraurgi Berritzen\",\"description\":\"Urola Erdiko Garapen Agentzia\",\"publisher\":{\"@id\":\"https:\\\/\\\/iraurgiberritzen.eus\\\/es\\\/#organization\"},\"potentialAction\":[{\"@type\":\"SearchAction\",\"target\":{\"@type\":\"EntryPoint\",\"urlTemplate\":\"https:\\\/\\\/iraurgiberritzen.eus\\\/es\\\/?s={search_term_string}\"},\"query-input\":{\"@type\":\"PropertyValueSpecification\",\"valueRequired\":true,\"valueName\":\"search_term_string\"}}],\"inLanguage\":\"es\"},{\"@type\":\"Organization\",\"@id\":\"https:\\\/\\\/iraurgiberritzen.eus\\\/es\\\/#organization\",\"name\":\"Iraurgi Berritzen\",\"url\":\"https:\\\/\\\/iraurgiberritzen.eus\\\/es\\\/\",\"logo\":{\"@type\":\"ImageObject\",\"inLanguage\":\"es\",\"@id\":\"https:\\\/\\\/iraurgiberritzen.eus\\\/es\\\/#\\\/schema\\\/logo\\\/image\\\/\",\"url\":\"https:\\\/\\\/iraurgiberritzen.eus\\\/wp-content\\\/uploads\\\/2024\\\/02\\\/IRAURGI-BERRITZEN-logotipoa_2.png\",\"contentUrl\":\"https:\\\/\\\/iraurgiberritzen.eus\\\/wp-content\\\/uploads\\\/2024\\\/02\\\/IRAURGI-BERRITZEN-logotipoa_2.png\",\"width\":496,\"height\":190,\"caption\":\"Iraurgi Berritzen\"},\"image\":{\"@id\":\"https:\\\/\\\/iraurgiberritzen.eus\\\/es\\\/#\\\/schema\\\/logo\\\/image\\\/\"}},{\"@type\":\"Person\",\"@id\":\"https:\\\/\\\/iraurgiberritzen.eus\\\/es\\\/#\\\/schema\\\/person\\\/5ab41aaf388a9097177601ebf45738d2\",\"name\":\"kudeatzailea\",\"sameAs\":[\"https:\\\/\\\/iraurgiberritzen.eus\"]}]}<\/script>\n<!-- \/ Yoast SEO plugin. -->","yoast_head_json":{"title":"KLINK: En marcha las actividades de la temporada primavera-verano dirigidas a emprendedores - Iraurgi Berritzen","robots":{"index":"index","follow":"follow","max-snippet":"max-snippet:-1","max-image-preview":"max-image-preview:large","max-video-preview":"max-video-preview:-1"},"canonical":"https:\/\/iraurgiberritzen.eus\/es\/klink-en-marcha-las-actividades-de-la-temporada-primavera-verano-dirigidas-a-emprendedores\/","og_locale":"es_ES","og_type":"article","og_title":"KLINK: En marcha las actividades de la temporada primavera-verano dirigidas a emprendedores - Iraurgi Berritzen","og_description":"En el seno de la iniciativa KLINK, Espacio para impulsar el emprendimiento de la comarca, hemos dado comienzo a las actividades de la temporada primavera-verano con esta pregunta: \u00bfQuieres mejorar la comunicaci\u00f3n de tu empresa? De la sesi\u00f3n de contraste realizada en marzo, los emprendedores dise\u00f1aron el modelo de formaci\u00f3n que m\u00e1s se ajustaba a [&hellip;]","og_url":"https:\/\/iraurgiberritzen.eus\/es\/klink-en-marcha-las-actividades-de-la-temporada-primavera-verano-dirigidas-a-emprendedores\/","og_site_name":"Iraurgi Berritzen","article_published_time":"2019-06-04T05:12:11+00:00","author":"kudeatzailea","twitter_card":"summary_large_image","twitter_misc":{"Escrito por":"kudeatzailea","Tiempo de lectura":"1 minuto"},"schema":{"@context":"https:\/\/schema.org","@graph":[{"@type":"Article","@id":"https:\/\/iraurgiberritzen.eus\/es\/klink-en-marcha-las-actividades-de-la-temporada-primavera-verano-dirigidas-a-emprendedores\/#article","isPartOf":{"@id":"https:\/\/iraurgiberritzen.eus\/es\/klink-en-marcha-las-actividades-de-la-temporada-primavera-verano-dirigidas-a-emprendedores\/"},"author":{"name":"kudeatzailea","@id":"https:\/\/iraurgiberritzen.eus\/es\/#\/schema\/person\/5ab41aaf388a9097177601ebf45738d2"},"headline":"KLINK: En marcha las actividades de la temporada primavera-verano dirigidas a emprendedores","datePublished":"2019-06-04T05:12:11+00:00","mainEntityOfPage":{"@id":"https:\/\/iraurgiberritzen.eus\/es\/klink-en-marcha-las-actividades-de-la-temporada-primavera-verano-dirigidas-a-emprendedores\/"},"wordCount":177,"publisher":{"@id":"https:\/\/iraurgiberritzen.eus\/es\/#organization"},"image":{"@id":"https:\/\/iraurgiberritzen.eus\/es\/klink-en-marcha-las-actividades-de-la-temporada-primavera-verano-dirigidas-a-emprendedores\/#primaryimage"},"thumbnailUrl":"https:\/\/iraurgiberritzen.eus\/wp-content\/uploads\/2023\/09\/6187e8e3b292df4bec7f162543eed86b.jpg","articleSection":["Noticias"],"inLanguage":"es"},{"@type":"WebPage","@id":"https:\/\/iraurgiberritzen.eus\/es\/klink-en-marcha-las-actividades-de-la-temporada-primavera-verano-dirigidas-a-emprendedores\/","url":"https:\/\/iraurgiberritzen.eus\/es\/klink-en-marcha-las-actividades-de-la-temporada-primavera-verano-dirigidas-a-emprendedores\/","name":"KLINK: En marcha las actividades de la temporada primavera-verano dirigidas a emprendedores - Iraurgi Berritzen","isPartOf":{"@id":"https:\/\/iraurgiberritzen.eus\/es\/#website"},"primaryImageOfPage":{"@id":"https:\/\/iraurgiberritzen.eus\/es\/klink-en-marcha-las-actividades-de-la-temporada-primavera-verano-dirigidas-a-emprendedores\/#primaryimage"},"image":{"@id":"https:\/\/iraurgiberritzen.eus\/es\/klink-en-marcha-las-actividades-de-la-temporada-primavera-verano-dirigidas-a-emprendedores\/#primaryimage"},"thumbnailUrl":"https:\/\/iraurgiberritzen.eus\/wp-content\/uploads\/2023\/09\/6187e8e3b292df4bec7f162543eed86b.jpg","datePublished":"2019-06-04T05:12:11+00:00","breadcrumb":{"@id":"https:\/\/iraurgiberritzen.eus\/es\/klink-en-marcha-las-actividades-de-la-temporada-primavera-verano-dirigidas-a-emprendedores\/#breadcrumb"},"inLanguage":"es","potentialAction":[{"@type":"ReadAction","target":["https:\/\/iraurgiberritzen.eus\/es\/klink-en-marcha-las-actividades-de-la-temporada-primavera-verano-dirigidas-a-emprendedores\/"]}]},{"@type":"ImageObject","inLanguage":"es","@id":"https:\/\/iraurgiberritzen.eus\/es\/klink-en-marcha-las-actividades-de-la-temporada-primavera-verano-dirigidas-a-emprendedores\/#primaryimage","url":"https:\/\/iraurgiberritzen.eus\/wp-content\/uploads\/2023\/09\/6187e8e3b292df4bec7f162543eed86b.jpg","contentUrl":"https:\/\/iraurgiberritzen.eus\/wp-content\/uploads\/2023\/09\/6187e8e3b292df4bec7f162543eed86b.jpg","width":600,"height":386},{"@type":"BreadcrumbList","@id":"https:\/\/iraurgiberritzen.eus\/es\/klink-en-marcha-las-actividades-de-la-temporada-primavera-verano-dirigidas-a-emprendedores\/#breadcrumb","itemListElement":[{"@type":"ListItem","position":1,"name":"Home","item":"https:\/\/iraurgiberritzen.eus\/es\/"},{"@type":"ListItem","position":2,"name":"KLINK: En marcha las actividades de la temporada primavera-verano dirigidas a emprendedores"}]},{"@type":"WebSite","@id":"https:\/\/iraurgiberritzen.eus\/es\/#website","url":"https:\/\/iraurgiberritzen.eus\/es\/","name":"Iraurgi Berritzen","description":"Urola Erdiko Garapen Agentzia","publisher":{"@id":"https:\/\/iraurgiberritzen.eus\/es\/#organization"},"potentialAction":[{"@type":"SearchAction","target":{"@type":"EntryPoint","urlTemplate":"https:\/\/iraurgiberritzen.eus\/es\/?s={search_term_string}"},"query-input":{"@type":"PropertyValueSpecification","valueRequired":true,"valueName":"search_term_string"}}],"inLanguage":"es"},{"@type":"Organization","@id":"https:\/\/iraurgiberritzen.eus\/es\/#organization","name":"Iraurgi Berritzen","url":"https:\/\/iraurgiberritzen.eus\/es\/","logo":{"@type":"ImageObject","inLanguage":"es","@id":"https:\/\/iraurgiberritzen.eus\/es\/#\/schema\/logo\/image\/","url":"https:\/\/iraurgiberritzen.eus\/wp-content\/uploads\/2024\/02\/IRAURGI-BERRITZEN-logotipoa_2.png","contentUrl":"https:\/\/iraurgiberritzen.eus\/wp-content\/uploads\/2024\/02\/IRAURGI-BERRITZEN-logotipoa_2.png","width":496,"height":190,"caption":"Iraurgi Berritzen"},"image":{"@id":"https:\/\/iraurgiberritzen.eus\/es\/#\/schema\/logo\/image\/"}},{"@type":"Person","@id":"https:\/\/iraurgiberritzen.eus\/es\/#\/schema\/person\/5ab41aaf388a9097177601ebf45738d2","name":"kudeatzailea","sameAs":["https:\/\/iraurgiberritzen.eus"]}]}},"_links":{"self":[{"href":"https:\/\/iraurgiberritzen.eus\/es\/wp-json\/wp\/v2\/posts\/12625","targetHints":{"allow":["GET"]}}],"collection":[{"href":"https:\/\/iraurgiberritzen.eus\/es\/wp-json\/wp\/v2\/posts"}],"about":[{"href":"https:\/\/iraurgiberritzen.eus\/es\/wp-json\/wp\/v2\/types\/post"}],"author":[{"embeddable":true,"href":"https:\/\/iraurgiberritzen.eus\/es\/wp-json\/wp\/v2\/users\/1"}],"replies":[{"embeddable":true,"href":"https:\/\/iraurgiberritzen.eus\/es\/wp-json\/wp\/v2\/comments?post=12625"}],"version-history":[{"count":0,"href":"https:\/\/iraurgiberritzen.eus\/es\/wp-json\/wp\/v2\/posts\/12625\/revisions"}],"wp:featuredmedia":[{"embeddable":true,"href":"https:\/\/iraurgiberritzen.eus\/es\/wp-json\/wp\/v2\/media\/17816"}],"wp:attachment":[{"href":"https:\/\/iraurgiberritzen.eus\/es\/wp-json\/wp\/v2\/media?parent=12625"}],"wp:term":[{"taxonomy":"category","embeddable":true,"href":"https:\/\/iraurgiberritzen.eus\/es\/wp-json\/wp\/v2\/categories?post=12625"},{"taxonomy":"post_tag","embeddable":true,"href":"https:\/\/iraurgiberritzen.eus\/es\/wp-json\/wp\/v2\/tags?post=12625"}],"curies":[{"name":"wp","href":"https:\/\/api.w.org\/{rel}","templated":true}]}}