{"id":12628,"date":"2019-06-06T07:03:52","date_gmt":"2019-06-06T05:03:52","guid":{"rendered":"https:\/\/iraurgiberritzen.eus\/desarrollada-la-4a-edicion-del-programa-bidelan\/"},"modified":"2019-06-06T07:03:52","modified_gmt":"2019-06-06T05:03:52","slug":"desarrollada-la-4a-edicion-del-programa-bidelan","status":"publish","type":"post","link":"https:\/\/iraurgiberritzen.eus\/es\/desarrollada-la-4a-edicion-del-programa-bidelan\/","title":{"rendered":"Desarrollada la 4\u00aa edici\u00f3n del Programa Bidelan"},"content":{"rendered":"<p style=\"text-align: justify;\">Desde el \u00c1rea de Empleo de Iraurgi Berritzen, del 27 de Mayo al 4 de Junio se ha desarrollado la 4\u00aa edici\u00f3n del programa Bidelan donde han participado 10 mujeres de la comarca de Urola Medio. Haciendo uso de la t\u00e9cnica Coaching, se han realizado distintas din\u00e1micas para que cada participante trabaje sus habilidades personales y profesionales.<\/p>\n<p style=\"text-align: justify;\">Por otro lado, hemos contado con la visita de profesionales de distintos sectores de la comarca:<\/p>\n<ul style=\"text-align: justify;\">\n<li>Del primer sector Igor Domingorena y Virginia Santove\u00f1a (Ederto)<\/li>\n<li>Del sector Industria Aitor Gil (Astigarraga Kit Line)<\/li>\n<li>De Autoempleo Alazne Larra\u00f1aga (Iraurgi Berritzen)<\/li>\n<li>De Dependencia &#8211; 3\u00aa Edad I\u00f1igo Azkue (Izarraitz Lanbide Heziketa)<\/li>\n<\/ul>\n<p style=\"text-align: justify;\">Las personas participantes han valorado muy positivamente el curso y estas visitas ya que han recibido una informaci\u00f3n muy \u00fatil, por ejemplo el tipo de perfil que se requiere para el trabajo. El objetivo de este programa ha sido motivar a estas personas para obtener un trabajo o formaci\u00f3n, y de momento algunas participantes han entregado su CV a la empresa Ederto y Astigarraga Kit Line y se han apuntado a distintos cursos que Izarraitz Lanbide Heziketa va a impartir.<\/p>\n","protected":false},"excerpt":{"rendered":"<p>Desde el \u00c1rea de Empleo de Iraurgi Berritzen, del 27 de Mayo al 4 de Junio se ha desarrollado la 4\u00aa edici\u00f3n del programa Bidelan donde han participado 10 mujeres de la comarca de Urola Medio. Haciendo uso de la t\u00e9cnica Coaching, se han realizado distintas din\u00e1micas para que cada participante trabaje sus habilidades personales [&hellip;]<\/p>\n","protected":false},"author":1,"featured_media":17817,"comment_status":"","ping_status":"closed","sticky":false,"template":"","format":"standard","meta":{"_acf_changed":false,"footnotes":""},"categories":[4],"tags":[],"class_list":["post-12628","post","type-post","status-publish","format-standard","has-post-thumbnail","hentry","category-noticias"],"acf":[],"yoast_head":"<!-- This site is optimized with the Yoast SEO plugin v27.4 - https:\/\/yoast.com\/product\/yoast-seo-wordpress\/ -->\n<title>Desarrollada la 4\u00aa edici\u00f3n del Programa Bidelan - Iraurgi Berritzen<\/title>\n<meta name=\"robots\" content=\"index, follow, max-snippet:-1, max-image-preview:large, max-video-preview:-1\" \/>\n<link rel=\"canonical\" href=\"https:\/\/iraurgiberritzen.eus\/es\/desarrollada-la-4a-edicion-del-programa-bidelan\/\" \/>\n<meta property=\"og:locale\" content=\"es_ES\" \/>\n<meta property=\"og:type\" content=\"article\" \/>\n<meta property=\"og:title\" content=\"Desarrollada la 4\u00aa edici\u00f3n del Programa Bidelan - Iraurgi Berritzen\" \/>\n<meta property=\"og:description\" content=\"Desde el \u00c1rea de Empleo de Iraurgi Berritzen, del 27 de Mayo al 4 de Junio se ha desarrollado la 4\u00aa edici\u00f3n del programa Bidelan donde han participado 10 mujeres de la comarca de Urola Medio. Haciendo uso de la t\u00e9cnica Coaching, se han realizado distintas din\u00e1micas para que cada participante trabaje sus habilidades personales [&hellip;]\" \/>\n<meta property=\"og:url\" content=\"https:\/\/iraurgiberritzen.eus\/es\/desarrollada-la-4a-edicion-del-programa-bidelan\/\" \/>\n<meta property=\"og:site_name\" content=\"Iraurgi Berritzen\" \/>\n<meta property=\"article:published_time\" content=\"2019-06-06T05:03:52+00:00\" \/>\n<meta name=\"author\" content=\"kudeatzailea\" \/>\n<meta name=\"twitter:card\" content=\"summary_large_image\" \/>\n<meta name=\"twitter:label1\" content=\"Escrito por\" \/>\n\t<meta name=\"twitter:data1\" content=\"kudeatzailea\" \/>\n\t<meta name=\"twitter:label2\" content=\"Tiempo de lectura\" \/>\n\t<meta name=\"twitter:data2\" content=\"1 minuto\" \/>\n<script type=\"application\/ld+json\" class=\"yoast-schema-graph\">{\"@context\":\"https:\\\/\\\/schema.org\",\"@graph\":[{\"@type\":\"Article\",\"@id\":\"https:\\\/\\\/iraurgiberritzen.eus\\\/es\\\/desarrollada-la-4a-edicion-del-programa-bidelan\\\/#article\",\"isPartOf\":{\"@id\":\"https:\\\/\\\/iraurgiberritzen.eus\\\/es\\\/desarrollada-la-4a-edicion-del-programa-bidelan\\\/\"},\"author\":{\"name\":\"kudeatzailea\",\"@id\":\"https:\\\/\\\/iraurgiberritzen.eus\\\/es\\\/#\\\/schema\\\/person\\\/5ab41aaf388a9097177601ebf45738d2\"},\"headline\":\"Desarrollada la 4\u00aa edici\u00f3n del Programa Bidelan\",\"datePublished\":\"2019-06-06T05:03:52+00:00\",\"mainEntityOfPage\":{\"@id\":\"https:\\\/\\\/iraurgiberritzen.eus\\\/es\\\/desarrollada-la-4a-edicion-del-programa-bidelan\\\/\"},\"wordCount\":196,\"publisher\":{\"@id\":\"https:\\\/\\\/iraurgiberritzen.eus\\\/es\\\/#organization\"},\"image\":{\"@id\":\"https:\\\/\\\/iraurgiberritzen.eus\\\/es\\\/desarrollada-la-4a-edicion-del-programa-bidelan\\\/#primaryimage\"},\"thumbnailUrl\":\"https:\\\/\\\/iraurgiberritzen.eus\\\/wp-content\\\/uploads\\\/2023\\\/09\\\/f5dbf2c2ce8ec21ce67ae22c254e0091.jpg\",\"articleSection\":[\"Noticias\"],\"inLanguage\":\"es\"},{\"@type\":\"WebPage\",\"@id\":\"https:\\\/\\\/iraurgiberritzen.eus\\\/es\\\/desarrollada-la-4a-edicion-del-programa-bidelan\\\/\",\"url\":\"https:\\\/\\\/iraurgiberritzen.eus\\\/es\\\/desarrollada-la-4a-edicion-del-programa-bidelan\\\/\",\"name\":\"Desarrollada la 4\u00aa edici\u00f3n del Programa Bidelan - Iraurgi Berritzen\",\"isPartOf\":{\"@id\":\"https:\\\/\\\/iraurgiberritzen.eus\\\/es\\\/#website\"},\"primaryImageOfPage\":{\"@id\":\"https:\\\/\\\/iraurgiberritzen.eus\\\/es\\\/desarrollada-la-4a-edicion-del-programa-bidelan\\\/#primaryimage\"},\"image\":{\"@id\":\"https:\\\/\\\/iraurgiberritzen.eus\\\/es\\\/desarrollada-la-4a-edicion-del-programa-bidelan\\\/#primaryimage\"},\"thumbnailUrl\":\"https:\\\/\\\/iraurgiberritzen.eus\\\/wp-content\\\/uploads\\\/2023\\\/09\\\/f5dbf2c2ce8ec21ce67ae22c254e0091.jpg\",\"datePublished\":\"2019-06-06T05:03:52+00:00\",\"breadcrumb\":{\"@id\":\"https:\\\/\\\/iraurgiberritzen.eus\\\/es\\\/desarrollada-la-4a-edicion-del-programa-bidelan\\\/#breadcrumb\"},\"inLanguage\":\"es\",\"potentialAction\":[{\"@type\":\"ReadAction\",\"target\":[\"https:\\\/\\\/iraurgiberritzen.eus\\\/es\\\/desarrollada-la-4a-edicion-del-programa-bidelan\\\/\"]}]},{\"@type\":\"ImageObject\",\"inLanguage\":\"es\",\"@id\":\"https:\\\/\\\/iraurgiberritzen.eus\\\/es\\\/desarrollada-la-4a-edicion-del-programa-bidelan\\\/#primaryimage\",\"url\":\"https:\\\/\\\/iraurgiberritzen.eus\\\/wp-content\\\/uploads\\\/2023\\\/09\\\/f5dbf2c2ce8ec21ce67ae22c254e0091.jpg\",\"contentUrl\":\"https:\\\/\\\/iraurgiberritzen.eus\\\/wp-content\\\/uploads\\\/2023\\\/09\\\/f5dbf2c2ce8ec21ce67ae22c254e0091.jpg\",\"width\":600,\"height\":386},{\"@type\":\"BreadcrumbList\",\"@id\":\"https:\\\/\\\/iraurgiberritzen.eus\\\/es\\\/desarrollada-la-4a-edicion-del-programa-bidelan\\\/#breadcrumb\",\"itemListElement\":[{\"@type\":\"ListItem\",\"position\":1,\"name\":\"Home\",\"item\":\"https:\\\/\\\/iraurgiberritzen.eus\\\/es\\\/\"},{\"@type\":\"ListItem\",\"position\":2,\"name\":\"Desarrollada la 4\u00aa edici\u00f3n del Programa Bidelan\"}]},{\"@type\":\"WebSite\",\"@id\":\"https:\\\/\\\/iraurgiberritzen.eus\\\/es\\\/#website\",\"url\":\"https:\\\/\\\/iraurgiberritzen.eus\\\/es\\\/\",\"name\":\"Iraurgi Berritzen\",\"description\":\"Urola Erdiko Garapen Agentzia\",\"publisher\":{\"@id\":\"https:\\\/\\\/iraurgiberritzen.eus\\\/es\\\/#organization\"},\"potentialAction\":[{\"@type\":\"SearchAction\",\"target\":{\"@type\":\"EntryPoint\",\"urlTemplate\":\"https:\\\/\\\/iraurgiberritzen.eus\\\/es\\\/?s={search_term_string}\"},\"query-input\":{\"@type\":\"PropertyValueSpecification\",\"valueRequired\":true,\"valueName\":\"search_term_string\"}}],\"inLanguage\":\"es\"},{\"@type\":\"Organization\",\"@id\":\"https:\\\/\\\/iraurgiberritzen.eus\\\/es\\\/#organization\",\"name\":\"Iraurgi Berritzen\",\"url\":\"https:\\\/\\\/iraurgiberritzen.eus\\\/es\\\/\",\"logo\":{\"@type\":\"ImageObject\",\"inLanguage\":\"es\",\"@id\":\"https:\\\/\\\/iraurgiberritzen.eus\\\/es\\\/#\\\/schema\\\/logo\\\/image\\\/\",\"url\":\"https:\\\/\\\/iraurgiberritzen.eus\\\/wp-content\\\/uploads\\\/2024\\\/02\\\/IRAURGI-BERRITZEN-logotipoa_2.png\",\"contentUrl\":\"https:\\\/\\\/iraurgiberritzen.eus\\\/wp-content\\\/uploads\\\/2024\\\/02\\\/IRAURGI-BERRITZEN-logotipoa_2.png\",\"width\":496,\"height\":190,\"caption\":\"Iraurgi Berritzen\"},\"image\":{\"@id\":\"https:\\\/\\\/iraurgiberritzen.eus\\\/es\\\/#\\\/schema\\\/logo\\\/image\\\/\"}},{\"@type\":\"Person\",\"@id\":\"https:\\\/\\\/iraurgiberritzen.eus\\\/es\\\/#\\\/schema\\\/person\\\/5ab41aaf388a9097177601ebf45738d2\",\"name\":\"kudeatzailea\",\"sameAs\":[\"https:\\\/\\\/iraurgiberritzen.eus\"]}]}<\/script>\n<!-- \/ Yoast SEO plugin. -->","yoast_head_json":{"title":"Desarrollada la 4\u00aa edici\u00f3n del Programa Bidelan - Iraurgi Berritzen","robots":{"index":"index","follow":"follow","max-snippet":"max-snippet:-1","max-image-preview":"max-image-preview:large","max-video-preview":"max-video-preview:-1"},"canonical":"https:\/\/iraurgiberritzen.eus\/es\/desarrollada-la-4a-edicion-del-programa-bidelan\/","og_locale":"es_ES","og_type":"article","og_title":"Desarrollada la 4\u00aa edici\u00f3n del Programa Bidelan - Iraurgi Berritzen","og_description":"Desde el \u00c1rea de Empleo de Iraurgi Berritzen, del 27 de Mayo al 4 de Junio se ha desarrollado la 4\u00aa edici\u00f3n del programa Bidelan donde han participado 10 mujeres de la comarca de Urola Medio. Haciendo uso de la t\u00e9cnica Coaching, se han realizado distintas din\u00e1micas para que cada participante trabaje sus habilidades personales [&hellip;]","og_url":"https:\/\/iraurgiberritzen.eus\/es\/desarrollada-la-4a-edicion-del-programa-bidelan\/","og_site_name":"Iraurgi Berritzen","article_published_time":"2019-06-06T05:03:52+00:00","author":"kudeatzailea","twitter_card":"summary_large_image","twitter_misc":{"Escrito por":"kudeatzailea","Tiempo de lectura":"1 minuto"},"schema":{"@context":"https:\/\/schema.org","@graph":[{"@type":"Article","@id":"https:\/\/iraurgiberritzen.eus\/es\/desarrollada-la-4a-edicion-del-programa-bidelan\/#article","isPartOf":{"@id":"https:\/\/iraurgiberritzen.eus\/es\/desarrollada-la-4a-edicion-del-programa-bidelan\/"},"author":{"name":"kudeatzailea","@id":"https:\/\/iraurgiberritzen.eus\/es\/#\/schema\/person\/5ab41aaf388a9097177601ebf45738d2"},"headline":"Desarrollada la 4\u00aa edici\u00f3n del Programa Bidelan","datePublished":"2019-06-06T05:03:52+00:00","mainEntityOfPage":{"@id":"https:\/\/iraurgiberritzen.eus\/es\/desarrollada-la-4a-edicion-del-programa-bidelan\/"},"wordCount":196,"publisher":{"@id":"https:\/\/iraurgiberritzen.eus\/es\/#organization"},"image":{"@id":"https:\/\/iraurgiberritzen.eus\/es\/desarrollada-la-4a-edicion-del-programa-bidelan\/#primaryimage"},"thumbnailUrl":"https:\/\/iraurgiberritzen.eus\/wp-content\/uploads\/2023\/09\/f5dbf2c2ce8ec21ce67ae22c254e0091.jpg","articleSection":["Noticias"],"inLanguage":"es"},{"@type":"WebPage","@id":"https:\/\/iraurgiberritzen.eus\/es\/desarrollada-la-4a-edicion-del-programa-bidelan\/","url":"https:\/\/iraurgiberritzen.eus\/es\/desarrollada-la-4a-edicion-del-programa-bidelan\/","name":"Desarrollada la 4\u00aa edici\u00f3n del Programa Bidelan - Iraurgi Berritzen","isPartOf":{"@id":"https:\/\/iraurgiberritzen.eus\/es\/#website"},"primaryImageOfPage":{"@id":"https:\/\/iraurgiberritzen.eus\/es\/desarrollada-la-4a-edicion-del-programa-bidelan\/#primaryimage"},"image":{"@id":"https:\/\/iraurgiberritzen.eus\/es\/desarrollada-la-4a-edicion-del-programa-bidelan\/#primaryimage"},"thumbnailUrl":"https:\/\/iraurgiberritzen.eus\/wp-content\/uploads\/2023\/09\/f5dbf2c2ce8ec21ce67ae22c254e0091.jpg","datePublished":"2019-06-06T05:03:52+00:00","breadcrumb":{"@id":"https:\/\/iraurgiberritzen.eus\/es\/desarrollada-la-4a-edicion-del-programa-bidelan\/#breadcrumb"},"inLanguage":"es","potentialAction":[{"@type":"ReadAction","target":["https:\/\/iraurgiberritzen.eus\/es\/desarrollada-la-4a-edicion-del-programa-bidelan\/"]}]},{"@type":"ImageObject","inLanguage":"es","@id":"https:\/\/iraurgiberritzen.eus\/es\/desarrollada-la-4a-edicion-del-programa-bidelan\/#primaryimage","url":"https:\/\/iraurgiberritzen.eus\/wp-content\/uploads\/2023\/09\/f5dbf2c2ce8ec21ce67ae22c254e0091.jpg","contentUrl":"https:\/\/iraurgiberritzen.eus\/wp-content\/uploads\/2023\/09\/f5dbf2c2ce8ec21ce67ae22c254e0091.jpg","width":600,"height":386},{"@type":"BreadcrumbList","@id":"https:\/\/iraurgiberritzen.eus\/es\/desarrollada-la-4a-edicion-del-programa-bidelan\/#breadcrumb","itemListElement":[{"@type":"ListItem","position":1,"name":"Home","item":"https:\/\/iraurgiberritzen.eus\/es\/"},{"@type":"ListItem","position":2,"name":"Desarrollada la 4\u00aa edici\u00f3n del Programa Bidelan"}]},{"@type":"WebSite","@id":"https:\/\/iraurgiberritzen.eus\/es\/#website","url":"https:\/\/iraurgiberritzen.eus\/es\/","name":"Iraurgi Berritzen","description":"Urola Erdiko Garapen Agentzia","publisher":{"@id":"https:\/\/iraurgiberritzen.eus\/es\/#organization"},"potentialAction":[{"@type":"SearchAction","target":{"@type":"EntryPoint","urlTemplate":"https:\/\/iraurgiberritzen.eus\/es\/?s={search_term_string}"},"query-input":{"@type":"PropertyValueSpecification","valueRequired":true,"valueName":"search_term_string"}}],"inLanguage":"es"},{"@type":"Organization","@id":"https:\/\/iraurgiberritzen.eus\/es\/#organization","name":"Iraurgi Berritzen","url":"https:\/\/iraurgiberritzen.eus\/es\/","logo":{"@type":"ImageObject","inLanguage":"es","@id":"https:\/\/iraurgiberritzen.eus\/es\/#\/schema\/logo\/image\/","url":"https:\/\/iraurgiberritzen.eus\/wp-content\/uploads\/2024\/02\/IRAURGI-BERRITZEN-logotipoa_2.png","contentUrl":"https:\/\/iraurgiberritzen.eus\/wp-content\/uploads\/2024\/02\/IRAURGI-BERRITZEN-logotipoa_2.png","width":496,"height":190,"caption":"Iraurgi Berritzen"},"image":{"@id":"https:\/\/iraurgiberritzen.eus\/es\/#\/schema\/logo\/image\/"}},{"@type":"Person","@id":"https:\/\/iraurgiberritzen.eus\/es\/#\/schema\/person\/5ab41aaf388a9097177601ebf45738d2","name":"kudeatzailea","sameAs":["https:\/\/iraurgiberritzen.eus"]}]}},"_links":{"self":[{"href":"https:\/\/iraurgiberritzen.eus\/es\/wp-json\/wp\/v2\/posts\/12628","targetHints":{"allow":["GET"]}}],"collection":[{"href":"https:\/\/iraurgiberritzen.eus\/es\/wp-json\/wp\/v2\/posts"}],"about":[{"href":"https:\/\/iraurgiberritzen.eus\/es\/wp-json\/wp\/v2\/types\/post"}],"author":[{"embeddable":true,"href":"https:\/\/iraurgiberritzen.eus\/es\/wp-json\/wp\/v2\/users\/1"}],"replies":[{"embeddable":true,"href":"https:\/\/iraurgiberritzen.eus\/es\/wp-json\/wp\/v2\/comments?post=12628"}],"version-history":[{"count":0,"href":"https:\/\/iraurgiberritzen.eus\/es\/wp-json\/wp\/v2\/posts\/12628\/revisions"}],"wp:featuredmedia":[{"embeddable":true,"href":"https:\/\/iraurgiberritzen.eus\/es\/wp-json\/wp\/v2\/media\/17817"}],"wp:attachment":[{"href":"https:\/\/iraurgiberritzen.eus\/es\/wp-json\/wp\/v2\/media?parent=12628"}],"wp:term":[{"taxonomy":"category","embeddable":true,"href":"https:\/\/iraurgiberritzen.eus\/es\/wp-json\/wp\/v2\/categories?post=12628"},{"taxonomy":"post_tag","embeddable":true,"href":"https:\/\/iraurgiberritzen.eus\/es\/wp-json\/wp\/v2\/tags?post=12628"}],"curies":[{"name":"wp","href":"https:\/\/api.w.org\/{rel}","templated":true}]}}