{"id":12631,"date":"2019-06-06T09:50:24","date_gmt":"2019-06-06T07:50:24","guid":{"rendered":"https:\/\/iraurgiberritzen.eus\/abierto-el-plazo-para-inscribirse-en-la-novena-edicion-del-taller-de-la-idea-a-la-empresa\/"},"modified":"2019-06-06T09:50:24","modified_gmt":"2019-06-06T07:50:24","slug":"abierto-el-plazo-para-inscribirse-en-la-novena-edicion-del-taller-de-la-idea-a-la-empresa","status":"publish","type":"post","link":"https:\/\/iraurgiberritzen.eus\/es\/abierto-el-plazo-para-inscribirse-en-la-novena-edicion-del-taller-de-la-idea-a-la-empresa\/","title":{"rendered":"Abierto el plazo para inscribirse en la novena edici\u00f3n del taller DE LA IDEA A LA EMPRESA"},"content":{"rendered":"<p>\u2022 El taller estar\u00e1 dirigido a todo aquel que tiene una idea o proyecto y lo quiere analizar antes de poner en marcha.<br \/>\u2022 Abierto el plazo para inscribirse<\/p>\n<p style=\"text-align: justify;\">El taller estar\u00e1 dirigido a todo aquel que tiene una idea o proyecto y lo quiere analizar antes de poner en marcha. Los emprendedores tendr\u00e1n la ocasi\u00f3n de conocer las pautas a tener en cuenta a la hora de abrir su propio negocio y se les guiar\u00e1 en el an\u00e1lisis de la viabilidad del proyecto. La formaci\u00f3n estar\u00e1 dividida en dos bloques, durante el mes de junio, se desarrollar\u00e1 y validar\u00e1 la idea y se empezar\u00e1 con la planificaci\u00f3n del proyecto (plan de marketing\/comunicaci\u00f3n, an\u00e1lisis econ\u00f3mico, c\u00f3mo promocionar la empresa en internet&#8230;). El segundo bloque se impartir\u00e1 durante el mes de julio. En este segundo bloque, se conocer\u00e1n los conceptos necesarios para poner en marcha la empresa (tr\u00e1mites necesarios, Seguridad Social, informaci\u00f3n acerca de las ayudas, impuestos&#8230;)<\/p>\n<p style=\"text-align: justify;\">La formaci\u00f3n se enmarca dentro del programa LANZITUZ, LAN SOZIETATEAK SORTUZ que busca favorecer la inserci\u00f3n laboral o la reincorporaci\u00f3n al mercado de trabajo de personas desempleadas a trav\u00e9s de la promoci\u00f3n y el apoyo al emprendimiento en Econom\u00eda Social, y en concreto por medio de empresas basadas en la participaci\u00f3n como las sociedades laborales. El proyecto ha sido cofinanciado por el Fondo Social Europeo y participan ASLE (Asociaci\u00f3n de Sociedades Laborales de Euskadi), Iraurgi Berritzen, C\u00e1mara de Gipuzkoa,GEZKI (El Instituto de Estudios Cooperativos y Econom\u00eda Social de la Universidad del Pa\u00eds Vasco) y CCOO de Euskadi.<\/p>\n<p style=\"text-align: justify;\">Para m\u00e1s informaci\u00f3n, contacta con Iraurgi Berritzen a trav\u00e9s de 943 85 11 00 (Ione Eizagirre) o mediante correo electr\u00f3nico <a href=\"mailto:ieizagirre@iraurgiberritzen.eus\">ieizagirre@iraurgiberritzen.eus<\/a><\/p>\n","protected":false},"excerpt":{"rendered":"<p>\u2022 El taller estar\u00e1 dirigido a todo aquel que tiene una idea o proyecto y lo quiere analizar antes de poner en marcha.\u2022 Abierto el plazo para inscribirse El taller estar\u00e1 dirigido a todo aquel que tiene una idea o proyecto y lo quiere analizar antes de poner en marcha. Los emprendedores tendr\u00e1n la ocasi\u00f3n [&hellip;]<\/p>\n","protected":false},"author":1,"featured_media":17799,"comment_status":"","ping_status":"closed","sticky":false,"template":"","format":"standard","meta":{"_acf_changed":false,"footnotes":""},"categories":[4],"tags":[],"class_list":["post-12631","post","type-post","status-publish","format-standard","has-post-thumbnail","hentry","category-noticias"],"acf":[],"yoast_head":"<!-- This site is optimized with the Yoast SEO plugin v27.4 - https:\/\/yoast.com\/product\/yoast-seo-wordpress\/ -->\n<title>Abierto el plazo para inscribirse en la novena edici\u00f3n del taller DE LA IDEA A LA EMPRESA - Iraurgi Berritzen<\/title>\n<meta name=\"robots\" content=\"index, follow, max-snippet:-1, max-image-preview:large, max-video-preview:-1\" \/>\n<link rel=\"canonical\" href=\"https:\/\/iraurgiberritzen.eus\/es\/abierto-el-plazo-para-inscribirse-en-la-novena-edicion-del-taller-de-la-idea-a-la-empresa\/\" \/>\n<meta property=\"og:locale\" content=\"es_ES\" \/>\n<meta property=\"og:type\" content=\"article\" \/>\n<meta property=\"og:title\" content=\"Abierto el plazo para inscribirse en la novena edici\u00f3n del taller DE LA IDEA A LA EMPRESA - Iraurgi Berritzen\" \/>\n<meta property=\"og:description\" content=\"\u2022 El taller estar\u00e1 dirigido a todo aquel que tiene una idea o proyecto y lo quiere analizar antes de poner en marcha.\u2022 Abierto el plazo para inscribirse El taller estar\u00e1 dirigido a todo aquel que tiene una idea o proyecto y lo quiere analizar antes de poner en marcha. Los emprendedores tendr\u00e1n la ocasi\u00f3n [&hellip;]\" \/>\n<meta property=\"og:url\" content=\"https:\/\/iraurgiberritzen.eus\/es\/abierto-el-plazo-para-inscribirse-en-la-novena-edicion-del-taller-de-la-idea-a-la-empresa\/\" \/>\n<meta property=\"og:site_name\" content=\"Iraurgi Berritzen\" \/>\n<meta property=\"article:published_time\" content=\"2019-06-06T07:50:24+00:00\" \/>\n<meta name=\"author\" content=\"kudeatzailea\" \/>\n<meta name=\"twitter:card\" content=\"summary_large_image\" \/>\n<meta name=\"twitter:label1\" content=\"Escrito por\" \/>\n\t<meta name=\"twitter:data1\" content=\"kudeatzailea\" \/>\n\t<meta name=\"twitter:label2\" content=\"Tiempo de lectura\" \/>\n\t<meta name=\"twitter:data2\" content=\"1 minuto\" \/>\n<script type=\"application\/ld+json\" class=\"yoast-schema-graph\">{\"@context\":\"https:\\\/\\\/schema.org\",\"@graph\":[{\"@type\":\"Article\",\"@id\":\"https:\\\/\\\/iraurgiberritzen.eus\\\/es\\\/abierto-el-plazo-para-inscribirse-en-la-novena-edicion-del-taller-de-la-idea-a-la-empresa\\\/#article\",\"isPartOf\":{\"@id\":\"https:\\\/\\\/iraurgiberritzen.eus\\\/es\\\/abierto-el-plazo-para-inscribirse-en-la-novena-edicion-del-taller-de-la-idea-a-la-empresa\\\/\"},\"author\":{\"name\":\"kudeatzailea\",\"@id\":\"https:\\\/\\\/iraurgiberritzen.eus\\\/es\\\/#\\\/schema\\\/person\\\/5ab41aaf388a9097177601ebf45738d2\"},\"headline\":\"Abierto el plazo para inscribirse en la novena edici\u00f3n del taller DE LA IDEA A LA EMPRESA\",\"datePublished\":\"2019-06-06T07:50:24+00:00\",\"mainEntityOfPage\":{\"@id\":\"https:\\\/\\\/iraurgiberritzen.eus\\\/es\\\/abierto-el-plazo-para-inscribirse-en-la-novena-edicion-del-taller-de-la-idea-a-la-empresa\\\/\"},\"wordCount\":317,\"publisher\":{\"@id\":\"https:\\\/\\\/iraurgiberritzen.eus\\\/es\\\/#organization\"},\"image\":{\"@id\":\"https:\\\/\\\/iraurgiberritzen.eus\\\/es\\\/abierto-el-plazo-para-inscribirse-en-la-novena-edicion-del-taller-de-la-idea-a-la-empresa\\\/#primaryimage\"},\"thumbnailUrl\":\"https:\\\/\\\/iraurgiberritzen.eus\\\/wp-content\\\/uploads\\\/2023\\\/09\\\/98401d211546397e2b8c04cfd4ec5a4d.jpg\",\"articleSection\":[\"Noticias\"],\"inLanguage\":\"es\"},{\"@type\":\"WebPage\",\"@id\":\"https:\\\/\\\/iraurgiberritzen.eus\\\/es\\\/abierto-el-plazo-para-inscribirse-en-la-novena-edicion-del-taller-de-la-idea-a-la-empresa\\\/\",\"url\":\"https:\\\/\\\/iraurgiberritzen.eus\\\/es\\\/abierto-el-plazo-para-inscribirse-en-la-novena-edicion-del-taller-de-la-idea-a-la-empresa\\\/\",\"name\":\"Abierto el plazo para inscribirse en la novena edici\u00f3n del taller DE LA IDEA A LA EMPRESA - Iraurgi Berritzen\",\"isPartOf\":{\"@id\":\"https:\\\/\\\/iraurgiberritzen.eus\\\/es\\\/#website\"},\"primaryImageOfPage\":{\"@id\":\"https:\\\/\\\/iraurgiberritzen.eus\\\/es\\\/abierto-el-plazo-para-inscribirse-en-la-novena-edicion-del-taller-de-la-idea-a-la-empresa\\\/#primaryimage\"},\"image\":{\"@id\":\"https:\\\/\\\/iraurgiberritzen.eus\\\/es\\\/abierto-el-plazo-para-inscribirse-en-la-novena-edicion-del-taller-de-la-idea-a-la-empresa\\\/#primaryimage\"},\"thumbnailUrl\":\"https:\\\/\\\/iraurgiberritzen.eus\\\/wp-content\\\/uploads\\\/2023\\\/09\\\/98401d211546397e2b8c04cfd4ec5a4d.jpg\",\"datePublished\":\"2019-06-06T07:50:24+00:00\",\"breadcrumb\":{\"@id\":\"https:\\\/\\\/iraurgiberritzen.eus\\\/es\\\/abierto-el-plazo-para-inscribirse-en-la-novena-edicion-del-taller-de-la-idea-a-la-empresa\\\/#breadcrumb\"},\"inLanguage\":\"es\",\"potentialAction\":[{\"@type\":\"ReadAction\",\"target\":[\"https:\\\/\\\/iraurgiberritzen.eus\\\/es\\\/abierto-el-plazo-para-inscribirse-en-la-novena-edicion-del-taller-de-la-idea-a-la-empresa\\\/\"]}]},{\"@type\":\"ImageObject\",\"inLanguage\":\"es\",\"@id\":\"https:\\\/\\\/iraurgiberritzen.eus\\\/es\\\/abierto-el-plazo-para-inscribirse-en-la-novena-edicion-del-taller-de-la-idea-a-la-empresa\\\/#primaryimage\",\"url\":\"https:\\\/\\\/iraurgiberritzen.eus\\\/wp-content\\\/uploads\\\/2023\\\/09\\\/98401d211546397e2b8c04cfd4ec5a4d.jpg\",\"contentUrl\":\"https:\\\/\\\/iraurgiberritzen.eus\\\/wp-content\\\/uploads\\\/2023\\\/09\\\/98401d211546397e2b8c04cfd4ec5a4d.jpg\",\"width\":600,\"height\":386},{\"@type\":\"BreadcrumbList\",\"@id\":\"https:\\\/\\\/iraurgiberritzen.eus\\\/es\\\/abierto-el-plazo-para-inscribirse-en-la-novena-edicion-del-taller-de-la-idea-a-la-empresa\\\/#breadcrumb\",\"itemListElement\":[{\"@type\":\"ListItem\",\"position\":1,\"name\":\"Home\",\"item\":\"https:\\\/\\\/iraurgiberritzen.eus\\\/es\\\/\"},{\"@type\":\"ListItem\",\"position\":2,\"name\":\"Abierto el plazo para inscribirse en la novena edici\u00f3n del taller DE LA IDEA A LA EMPRESA\"}]},{\"@type\":\"WebSite\",\"@id\":\"https:\\\/\\\/iraurgiberritzen.eus\\\/es\\\/#website\",\"url\":\"https:\\\/\\\/iraurgiberritzen.eus\\\/es\\\/\",\"name\":\"Iraurgi Berritzen\",\"description\":\"Urola Erdiko Garapen Agentzia\",\"publisher\":{\"@id\":\"https:\\\/\\\/iraurgiberritzen.eus\\\/es\\\/#organization\"},\"potentialAction\":[{\"@type\":\"SearchAction\",\"target\":{\"@type\":\"EntryPoint\",\"urlTemplate\":\"https:\\\/\\\/iraurgiberritzen.eus\\\/es\\\/?s={search_term_string}\"},\"query-input\":{\"@type\":\"PropertyValueSpecification\",\"valueRequired\":true,\"valueName\":\"search_term_string\"}}],\"inLanguage\":\"es\"},{\"@type\":\"Organization\",\"@id\":\"https:\\\/\\\/iraurgiberritzen.eus\\\/es\\\/#organization\",\"name\":\"Iraurgi Berritzen\",\"url\":\"https:\\\/\\\/iraurgiberritzen.eus\\\/es\\\/\",\"logo\":{\"@type\":\"ImageObject\",\"inLanguage\":\"es\",\"@id\":\"https:\\\/\\\/iraurgiberritzen.eus\\\/es\\\/#\\\/schema\\\/logo\\\/image\\\/\",\"url\":\"https:\\\/\\\/iraurgiberritzen.eus\\\/wp-content\\\/uploads\\\/2024\\\/02\\\/IRAURGI-BERRITZEN-logotipoa_2.png\",\"contentUrl\":\"https:\\\/\\\/iraurgiberritzen.eus\\\/wp-content\\\/uploads\\\/2024\\\/02\\\/IRAURGI-BERRITZEN-logotipoa_2.png\",\"width\":496,\"height\":190,\"caption\":\"Iraurgi Berritzen\"},\"image\":{\"@id\":\"https:\\\/\\\/iraurgiberritzen.eus\\\/es\\\/#\\\/schema\\\/logo\\\/image\\\/\"}},{\"@type\":\"Person\",\"@id\":\"https:\\\/\\\/iraurgiberritzen.eus\\\/es\\\/#\\\/schema\\\/person\\\/5ab41aaf388a9097177601ebf45738d2\",\"name\":\"kudeatzailea\",\"sameAs\":[\"https:\\\/\\\/iraurgiberritzen.eus\"]}]}<\/script>\n<!-- \/ Yoast SEO plugin. -->","yoast_head_json":{"title":"Abierto el plazo para inscribirse en la novena edici\u00f3n del taller DE LA IDEA A LA EMPRESA - Iraurgi Berritzen","robots":{"index":"index","follow":"follow","max-snippet":"max-snippet:-1","max-image-preview":"max-image-preview:large","max-video-preview":"max-video-preview:-1"},"canonical":"https:\/\/iraurgiberritzen.eus\/es\/abierto-el-plazo-para-inscribirse-en-la-novena-edicion-del-taller-de-la-idea-a-la-empresa\/","og_locale":"es_ES","og_type":"article","og_title":"Abierto el plazo para inscribirse en la novena edici\u00f3n del taller DE LA IDEA A LA EMPRESA - Iraurgi Berritzen","og_description":"\u2022 El taller estar\u00e1 dirigido a todo aquel que tiene una idea o proyecto y lo quiere analizar antes de poner en marcha.\u2022 Abierto el plazo para inscribirse El taller estar\u00e1 dirigido a todo aquel que tiene una idea o proyecto y lo quiere analizar antes de poner en marcha. Los emprendedores tendr\u00e1n la ocasi\u00f3n [&hellip;]","og_url":"https:\/\/iraurgiberritzen.eus\/es\/abierto-el-plazo-para-inscribirse-en-la-novena-edicion-del-taller-de-la-idea-a-la-empresa\/","og_site_name":"Iraurgi Berritzen","article_published_time":"2019-06-06T07:50:24+00:00","author":"kudeatzailea","twitter_card":"summary_large_image","twitter_misc":{"Escrito por":"kudeatzailea","Tiempo de lectura":"1 minuto"},"schema":{"@context":"https:\/\/schema.org","@graph":[{"@type":"Article","@id":"https:\/\/iraurgiberritzen.eus\/es\/abierto-el-plazo-para-inscribirse-en-la-novena-edicion-del-taller-de-la-idea-a-la-empresa\/#article","isPartOf":{"@id":"https:\/\/iraurgiberritzen.eus\/es\/abierto-el-plazo-para-inscribirse-en-la-novena-edicion-del-taller-de-la-idea-a-la-empresa\/"},"author":{"name":"kudeatzailea","@id":"https:\/\/iraurgiberritzen.eus\/es\/#\/schema\/person\/5ab41aaf388a9097177601ebf45738d2"},"headline":"Abierto el plazo para inscribirse en la novena edici\u00f3n del taller DE LA IDEA A LA EMPRESA","datePublished":"2019-06-06T07:50:24+00:00","mainEntityOfPage":{"@id":"https:\/\/iraurgiberritzen.eus\/es\/abierto-el-plazo-para-inscribirse-en-la-novena-edicion-del-taller-de-la-idea-a-la-empresa\/"},"wordCount":317,"publisher":{"@id":"https:\/\/iraurgiberritzen.eus\/es\/#organization"},"image":{"@id":"https:\/\/iraurgiberritzen.eus\/es\/abierto-el-plazo-para-inscribirse-en-la-novena-edicion-del-taller-de-la-idea-a-la-empresa\/#primaryimage"},"thumbnailUrl":"https:\/\/iraurgiberritzen.eus\/wp-content\/uploads\/2023\/09\/98401d211546397e2b8c04cfd4ec5a4d.jpg","articleSection":["Noticias"],"inLanguage":"es"},{"@type":"WebPage","@id":"https:\/\/iraurgiberritzen.eus\/es\/abierto-el-plazo-para-inscribirse-en-la-novena-edicion-del-taller-de-la-idea-a-la-empresa\/","url":"https:\/\/iraurgiberritzen.eus\/es\/abierto-el-plazo-para-inscribirse-en-la-novena-edicion-del-taller-de-la-idea-a-la-empresa\/","name":"Abierto el plazo para inscribirse en la novena edici\u00f3n del taller DE LA IDEA A LA EMPRESA - Iraurgi Berritzen","isPartOf":{"@id":"https:\/\/iraurgiberritzen.eus\/es\/#website"},"primaryImageOfPage":{"@id":"https:\/\/iraurgiberritzen.eus\/es\/abierto-el-plazo-para-inscribirse-en-la-novena-edicion-del-taller-de-la-idea-a-la-empresa\/#primaryimage"},"image":{"@id":"https:\/\/iraurgiberritzen.eus\/es\/abierto-el-plazo-para-inscribirse-en-la-novena-edicion-del-taller-de-la-idea-a-la-empresa\/#primaryimage"},"thumbnailUrl":"https:\/\/iraurgiberritzen.eus\/wp-content\/uploads\/2023\/09\/98401d211546397e2b8c04cfd4ec5a4d.jpg","datePublished":"2019-06-06T07:50:24+00:00","breadcrumb":{"@id":"https:\/\/iraurgiberritzen.eus\/es\/abierto-el-plazo-para-inscribirse-en-la-novena-edicion-del-taller-de-la-idea-a-la-empresa\/#breadcrumb"},"inLanguage":"es","potentialAction":[{"@type":"ReadAction","target":["https:\/\/iraurgiberritzen.eus\/es\/abierto-el-plazo-para-inscribirse-en-la-novena-edicion-del-taller-de-la-idea-a-la-empresa\/"]}]},{"@type":"ImageObject","inLanguage":"es","@id":"https:\/\/iraurgiberritzen.eus\/es\/abierto-el-plazo-para-inscribirse-en-la-novena-edicion-del-taller-de-la-idea-a-la-empresa\/#primaryimage","url":"https:\/\/iraurgiberritzen.eus\/wp-content\/uploads\/2023\/09\/98401d211546397e2b8c04cfd4ec5a4d.jpg","contentUrl":"https:\/\/iraurgiberritzen.eus\/wp-content\/uploads\/2023\/09\/98401d211546397e2b8c04cfd4ec5a4d.jpg","width":600,"height":386},{"@type":"BreadcrumbList","@id":"https:\/\/iraurgiberritzen.eus\/es\/abierto-el-plazo-para-inscribirse-en-la-novena-edicion-del-taller-de-la-idea-a-la-empresa\/#breadcrumb","itemListElement":[{"@type":"ListItem","position":1,"name":"Home","item":"https:\/\/iraurgiberritzen.eus\/es\/"},{"@type":"ListItem","position":2,"name":"Abierto el plazo para inscribirse en la novena edici\u00f3n del taller DE LA IDEA A LA EMPRESA"}]},{"@type":"WebSite","@id":"https:\/\/iraurgiberritzen.eus\/es\/#website","url":"https:\/\/iraurgiberritzen.eus\/es\/","name":"Iraurgi Berritzen","description":"Urola Erdiko Garapen Agentzia","publisher":{"@id":"https:\/\/iraurgiberritzen.eus\/es\/#organization"},"potentialAction":[{"@type":"SearchAction","target":{"@type":"EntryPoint","urlTemplate":"https:\/\/iraurgiberritzen.eus\/es\/?s={search_term_string}"},"query-input":{"@type":"PropertyValueSpecification","valueRequired":true,"valueName":"search_term_string"}}],"inLanguage":"es"},{"@type":"Organization","@id":"https:\/\/iraurgiberritzen.eus\/es\/#organization","name":"Iraurgi Berritzen","url":"https:\/\/iraurgiberritzen.eus\/es\/","logo":{"@type":"ImageObject","inLanguage":"es","@id":"https:\/\/iraurgiberritzen.eus\/es\/#\/schema\/logo\/image\/","url":"https:\/\/iraurgiberritzen.eus\/wp-content\/uploads\/2024\/02\/IRAURGI-BERRITZEN-logotipoa_2.png","contentUrl":"https:\/\/iraurgiberritzen.eus\/wp-content\/uploads\/2024\/02\/IRAURGI-BERRITZEN-logotipoa_2.png","width":496,"height":190,"caption":"Iraurgi Berritzen"},"image":{"@id":"https:\/\/iraurgiberritzen.eus\/es\/#\/schema\/logo\/image\/"}},{"@type":"Person","@id":"https:\/\/iraurgiberritzen.eus\/es\/#\/schema\/person\/5ab41aaf388a9097177601ebf45738d2","name":"kudeatzailea","sameAs":["https:\/\/iraurgiberritzen.eus"]}]}},"_links":{"self":[{"href":"https:\/\/iraurgiberritzen.eus\/es\/wp-json\/wp\/v2\/posts\/12631","targetHints":{"allow":["GET"]}}],"collection":[{"href":"https:\/\/iraurgiberritzen.eus\/es\/wp-json\/wp\/v2\/posts"}],"about":[{"href":"https:\/\/iraurgiberritzen.eus\/es\/wp-json\/wp\/v2\/types\/post"}],"author":[{"embeddable":true,"href":"https:\/\/iraurgiberritzen.eus\/es\/wp-json\/wp\/v2\/users\/1"}],"replies":[{"embeddable":true,"href":"https:\/\/iraurgiberritzen.eus\/es\/wp-json\/wp\/v2\/comments?post=12631"}],"version-history":[{"count":0,"href":"https:\/\/iraurgiberritzen.eus\/es\/wp-json\/wp\/v2\/posts\/12631\/revisions"}],"wp:featuredmedia":[{"embeddable":true,"href":"https:\/\/iraurgiberritzen.eus\/es\/wp-json\/wp\/v2\/media\/17799"}],"wp:attachment":[{"href":"https:\/\/iraurgiberritzen.eus\/es\/wp-json\/wp\/v2\/media?parent=12631"}],"wp:term":[{"taxonomy":"category","embeddable":true,"href":"https:\/\/iraurgiberritzen.eus\/es\/wp-json\/wp\/v2\/categories?post=12631"},{"taxonomy":"post_tag","embeddable":true,"href":"https:\/\/iraurgiberritzen.eus\/es\/wp-json\/wp\/v2\/tags?post=12631"}],"curies":[{"name":"wp","href":"https:\/\/api.w.org\/{rel}","templated":true}]}}