{"id":12634,"date":"2019-06-08T22:01:57","date_gmt":"2019-06-08T20:01:57","guid":{"rendered":"https:\/\/iraurgiberritzen.eus\/se-han-impartido-sesiones-de-orientacion-laboral-en-los-centros-escolares-de-la-comarca\/"},"modified":"2019-06-08T22:01:57","modified_gmt":"2019-06-08T20:01:57","slug":"se-han-impartido-sesiones-de-orientacion-laboral-en-los-centros-escolares-de-la-comarca","status":"publish","type":"post","link":"https:\/\/iraurgiberritzen.eus\/es\/se-han-impartido-sesiones-de-orientacion-laboral-en-los-centros-escolares-de-la-comarca\/","title":{"rendered":"Se han impartido sesiones de orientaci\u00f3n laboral en los centros escolares de la comarca"},"content":{"rendered":"<p style=\"text-align: justify;\">T\u00e9cnicos de las \u00e1reas de educaci\u00f3n y empleo de Iraurgi Berritzen han impartido sesiones de orientaci\u00f3n laboral en los centros formativos de la comarca.<\/p>\n<p style=\"text-align: justify;\">Las sesiones de trabajo se han dirigido a alumnos interesados en llevar a cabo estudios de Formaci\u00f3n Profesional de Grado Medio. En general, los destinatarios de las sesiones de trabajo han sido los alumnos de 4\u00ba de ESO. En total, durante las \u00faltimas semanas se han organizado 6 sesiones de trabajo en 5 centros de la comarca.<\/p>\n<p style=\"text-align: justify;\">La finalidad de estas sesiones de trabajo ha sido reforzar los programas de orientaci\u00f3n acad\u00e9mica que tienen en marcha los centros y han sido tres los objetivos. En primer lugar se pretende sensibilizar a los alumnos sobre la orientaci\u00f3n laboral y la importancia de reflexionar sobre las diferentes posibilidades laborales del futuro. En segundo lugar se presenta la situaci\u00f3n del mercado de trabajo en la comarca y las diferentes posibilidades que \u00e9sta ofrece. Por \u00faltimo, se ha informado de los servicios que Iraurgi Berritzen tiene en marcha para dar respuesta a las necesidades de empleo y orientaci\u00f3n a los ciudadanos de la comarca.<\/p>\n<p style=\"text-align: justify;\">La iniciativa tiene su origen en la red de agentes de Iraurgi Berritzen y en concreto en el grupo de trabajo de los orientadores. Adem\u00e1s de las sesiones impartidas, el grupo de trabajo trabaja en dos l\u00edneas de trabajo adicionales. Por un lado, se ha creado un mapa orientativo para informar sobre la realidad socioecon\u00f3mica de la comarca. Por otra parte, se pretende organizar visitas a distintos agentes de la comarca en funci\u00f3n de las necesidades de orientaci\u00f3n del alumnado.<\/p>\n<p style=\"text-align: justify;\">Para finalizar, de cara al curso 2019\/20, se prev\u00e9n extender las sesiones impartidas al alumnado de bachillerato. Asimismo, con el fin de dar respuesta a las necesidades de orientaci\u00f3n que pueda tener el alumnado, se procurar\u00e1 estrechar relaciones entre diferentes centros y agentes de la comarca.<\/p>\n","protected":false},"excerpt":{"rendered":"<p>T\u00e9cnicos de las \u00e1reas de educaci\u00f3n y empleo de Iraurgi Berritzen han impartido sesiones de orientaci\u00f3n laboral en los centros formativos de la comarca. Las sesiones de trabajo se han dirigido a alumnos interesados en llevar a cabo estudios de Formaci\u00f3n Profesional de Grado Medio. En general, los destinatarios de las sesiones de trabajo han [&hellip;]<\/p>\n","protected":false},"author":1,"featured_media":17800,"comment_status":"","ping_status":"closed","sticky":false,"template":"","format":"standard","meta":{"_acf_changed":false,"footnotes":""},"categories":[4],"tags":[],"class_list":["post-12634","post","type-post","status-publish","format-standard","has-post-thumbnail","hentry","category-noticias"],"acf":[],"yoast_head":"<!-- This site is optimized with the Yoast SEO plugin v27.4 - https:\/\/yoast.com\/product\/yoast-seo-wordpress\/ -->\n<title>Se han impartido sesiones de orientaci\u00f3n laboral en los centros escolares de la comarca - Iraurgi Berritzen<\/title>\n<meta name=\"robots\" content=\"index, follow, max-snippet:-1, max-image-preview:large, max-video-preview:-1\" \/>\n<link rel=\"canonical\" href=\"https:\/\/iraurgiberritzen.eus\/es\/se-han-impartido-sesiones-de-orientacion-laboral-en-los-centros-escolares-de-la-comarca\/\" \/>\n<meta property=\"og:locale\" content=\"es_ES\" \/>\n<meta property=\"og:type\" content=\"article\" \/>\n<meta property=\"og:title\" content=\"Se han impartido sesiones de orientaci\u00f3n laboral en los centros escolares de la comarca - Iraurgi Berritzen\" \/>\n<meta property=\"og:description\" content=\"T\u00e9cnicos de las \u00e1reas de educaci\u00f3n y empleo de Iraurgi Berritzen han impartido sesiones de orientaci\u00f3n laboral en los centros formativos de la comarca. Las sesiones de trabajo se han dirigido a alumnos interesados en llevar a cabo estudios de Formaci\u00f3n Profesional de Grado Medio. En general, los destinatarios de las sesiones de trabajo han [&hellip;]\" \/>\n<meta property=\"og:url\" content=\"https:\/\/iraurgiberritzen.eus\/es\/se-han-impartido-sesiones-de-orientacion-laboral-en-los-centros-escolares-de-la-comarca\/\" \/>\n<meta property=\"og:site_name\" content=\"Iraurgi Berritzen\" \/>\n<meta property=\"article:published_time\" content=\"2019-06-08T20:01:57+00:00\" \/>\n<meta name=\"author\" content=\"kudeatzailea\" \/>\n<meta name=\"twitter:card\" content=\"summary_large_image\" \/>\n<meta name=\"twitter:label1\" content=\"Escrito por\" \/>\n\t<meta name=\"twitter:data1\" content=\"kudeatzailea\" \/>\n\t<meta name=\"twitter:label2\" content=\"Tiempo de lectura\" \/>\n\t<meta name=\"twitter:data2\" content=\"2 minutos\" \/>\n<script type=\"application\/ld+json\" class=\"yoast-schema-graph\">{\"@context\":\"https:\\\/\\\/schema.org\",\"@graph\":[{\"@type\":\"Article\",\"@id\":\"https:\\\/\\\/iraurgiberritzen.eus\\\/es\\\/se-han-impartido-sesiones-de-orientacion-laboral-en-los-centros-escolares-de-la-comarca\\\/#article\",\"isPartOf\":{\"@id\":\"https:\\\/\\\/iraurgiberritzen.eus\\\/es\\\/se-han-impartido-sesiones-de-orientacion-laboral-en-los-centros-escolares-de-la-comarca\\\/\"},\"author\":{\"name\":\"kudeatzailea\",\"@id\":\"https:\\\/\\\/iraurgiberritzen.eus\\\/es\\\/#\\\/schema\\\/person\\\/5ab41aaf388a9097177601ebf45738d2\"},\"headline\":\"Se han impartido sesiones de orientaci\u00f3n laboral en los centros escolares de la comarca\",\"datePublished\":\"2019-06-08T20:01:57+00:00\",\"mainEntityOfPage\":{\"@id\":\"https:\\\/\\\/iraurgiberritzen.eus\\\/es\\\/se-han-impartido-sesiones-de-orientacion-laboral-en-los-centros-escolares-de-la-comarca\\\/\"},\"wordCount\":337,\"publisher\":{\"@id\":\"https:\\\/\\\/iraurgiberritzen.eus\\\/es\\\/#organization\"},\"image\":{\"@id\":\"https:\\\/\\\/iraurgiberritzen.eus\\\/es\\\/se-han-impartido-sesiones-de-orientacion-laboral-en-los-centros-escolares-de-la-comarca\\\/#primaryimage\"},\"thumbnailUrl\":\"https:\\\/\\\/iraurgiberritzen.eus\\\/wp-content\\\/uploads\\\/2023\\\/09\\\/140b52a229a0199a0b5b0f77e425d131.jpg\",\"articleSection\":[\"Noticias\"],\"inLanguage\":\"es\"},{\"@type\":\"WebPage\",\"@id\":\"https:\\\/\\\/iraurgiberritzen.eus\\\/es\\\/se-han-impartido-sesiones-de-orientacion-laboral-en-los-centros-escolares-de-la-comarca\\\/\",\"url\":\"https:\\\/\\\/iraurgiberritzen.eus\\\/es\\\/se-han-impartido-sesiones-de-orientacion-laboral-en-los-centros-escolares-de-la-comarca\\\/\",\"name\":\"Se han impartido sesiones de orientaci\u00f3n laboral en los centros escolares de la comarca - Iraurgi Berritzen\",\"isPartOf\":{\"@id\":\"https:\\\/\\\/iraurgiberritzen.eus\\\/es\\\/#website\"},\"primaryImageOfPage\":{\"@id\":\"https:\\\/\\\/iraurgiberritzen.eus\\\/es\\\/se-han-impartido-sesiones-de-orientacion-laboral-en-los-centros-escolares-de-la-comarca\\\/#primaryimage\"},\"image\":{\"@id\":\"https:\\\/\\\/iraurgiberritzen.eus\\\/es\\\/se-han-impartido-sesiones-de-orientacion-laboral-en-los-centros-escolares-de-la-comarca\\\/#primaryimage\"},\"thumbnailUrl\":\"https:\\\/\\\/iraurgiberritzen.eus\\\/wp-content\\\/uploads\\\/2023\\\/09\\\/140b52a229a0199a0b5b0f77e425d131.jpg\",\"datePublished\":\"2019-06-08T20:01:57+00:00\",\"breadcrumb\":{\"@id\":\"https:\\\/\\\/iraurgiberritzen.eus\\\/es\\\/se-han-impartido-sesiones-de-orientacion-laboral-en-los-centros-escolares-de-la-comarca\\\/#breadcrumb\"},\"inLanguage\":\"es\",\"potentialAction\":[{\"@type\":\"ReadAction\",\"target\":[\"https:\\\/\\\/iraurgiberritzen.eus\\\/es\\\/se-han-impartido-sesiones-de-orientacion-laboral-en-los-centros-escolares-de-la-comarca\\\/\"]}]},{\"@type\":\"ImageObject\",\"inLanguage\":\"es\",\"@id\":\"https:\\\/\\\/iraurgiberritzen.eus\\\/es\\\/se-han-impartido-sesiones-de-orientacion-laboral-en-los-centros-escolares-de-la-comarca\\\/#primaryimage\",\"url\":\"https:\\\/\\\/iraurgiberritzen.eus\\\/wp-content\\\/uploads\\\/2023\\\/09\\\/140b52a229a0199a0b5b0f77e425d131.jpg\",\"contentUrl\":\"https:\\\/\\\/iraurgiberritzen.eus\\\/wp-content\\\/uploads\\\/2023\\\/09\\\/140b52a229a0199a0b5b0f77e425d131.jpg\",\"width\":600,\"height\":386},{\"@type\":\"BreadcrumbList\",\"@id\":\"https:\\\/\\\/iraurgiberritzen.eus\\\/es\\\/se-han-impartido-sesiones-de-orientacion-laboral-en-los-centros-escolares-de-la-comarca\\\/#breadcrumb\",\"itemListElement\":[{\"@type\":\"ListItem\",\"position\":1,\"name\":\"Home\",\"item\":\"https:\\\/\\\/iraurgiberritzen.eus\\\/es\\\/\"},{\"@type\":\"ListItem\",\"position\":2,\"name\":\"Se han impartido sesiones de orientaci\u00f3n laboral en los centros escolares de la comarca\"}]},{\"@type\":\"WebSite\",\"@id\":\"https:\\\/\\\/iraurgiberritzen.eus\\\/es\\\/#website\",\"url\":\"https:\\\/\\\/iraurgiberritzen.eus\\\/es\\\/\",\"name\":\"Iraurgi Berritzen\",\"description\":\"Urola Erdiko Garapen Agentzia\",\"publisher\":{\"@id\":\"https:\\\/\\\/iraurgiberritzen.eus\\\/es\\\/#organization\"},\"potentialAction\":[{\"@type\":\"SearchAction\",\"target\":{\"@type\":\"EntryPoint\",\"urlTemplate\":\"https:\\\/\\\/iraurgiberritzen.eus\\\/es\\\/?s={search_term_string}\"},\"query-input\":{\"@type\":\"PropertyValueSpecification\",\"valueRequired\":true,\"valueName\":\"search_term_string\"}}],\"inLanguage\":\"es\"},{\"@type\":\"Organization\",\"@id\":\"https:\\\/\\\/iraurgiberritzen.eus\\\/es\\\/#organization\",\"name\":\"Iraurgi Berritzen\",\"url\":\"https:\\\/\\\/iraurgiberritzen.eus\\\/es\\\/\",\"logo\":{\"@type\":\"ImageObject\",\"inLanguage\":\"es\",\"@id\":\"https:\\\/\\\/iraurgiberritzen.eus\\\/es\\\/#\\\/schema\\\/logo\\\/image\\\/\",\"url\":\"https:\\\/\\\/iraurgiberritzen.eus\\\/wp-content\\\/uploads\\\/2024\\\/02\\\/IRAURGI-BERRITZEN-logotipoa_2.png\",\"contentUrl\":\"https:\\\/\\\/iraurgiberritzen.eus\\\/wp-content\\\/uploads\\\/2024\\\/02\\\/IRAURGI-BERRITZEN-logotipoa_2.png\",\"width\":496,\"height\":190,\"caption\":\"Iraurgi Berritzen\"},\"image\":{\"@id\":\"https:\\\/\\\/iraurgiberritzen.eus\\\/es\\\/#\\\/schema\\\/logo\\\/image\\\/\"}},{\"@type\":\"Person\",\"@id\":\"https:\\\/\\\/iraurgiberritzen.eus\\\/es\\\/#\\\/schema\\\/person\\\/5ab41aaf388a9097177601ebf45738d2\",\"name\":\"kudeatzailea\",\"sameAs\":[\"https:\\\/\\\/iraurgiberritzen.eus\"]}]}<\/script>\n<!-- \/ Yoast SEO plugin. -->","yoast_head_json":{"title":"Se han impartido sesiones de orientaci\u00f3n laboral en los centros escolares de la comarca - Iraurgi Berritzen","robots":{"index":"index","follow":"follow","max-snippet":"max-snippet:-1","max-image-preview":"max-image-preview:large","max-video-preview":"max-video-preview:-1"},"canonical":"https:\/\/iraurgiberritzen.eus\/es\/se-han-impartido-sesiones-de-orientacion-laboral-en-los-centros-escolares-de-la-comarca\/","og_locale":"es_ES","og_type":"article","og_title":"Se han impartido sesiones de orientaci\u00f3n laboral en los centros escolares de la comarca - Iraurgi Berritzen","og_description":"T\u00e9cnicos de las \u00e1reas de educaci\u00f3n y empleo de Iraurgi Berritzen han impartido sesiones de orientaci\u00f3n laboral en los centros formativos de la comarca. Las sesiones de trabajo se han dirigido a alumnos interesados en llevar a cabo estudios de Formaci\u00f3n Profesional de Grado Medio. En general, los destinatarios de las sesiones de trabajo han [&hellip;]","og_url":"https:\/\/iraurgiberritzen.eus\/es\/se-han-impartido-sesiones-de-orientacion-laboral-en-los-centros-escolares-de-la-comarca\/","og_site_name":"Iraurgi Berritzen","article_published_time":"2019-06-08T20:01:57+00:00","author":"kudeatzailea","twitter_card":"summary_large_image","twitter_misc":{"Escrito por":"kudeatzailea","Tiempo de lectura":"2 minutos"},"schema":{"@context":"https:\/\/schema.org","@graph":[{"@type":"Article","@id":"https:\/\/iraurgiberritzen.eus\/es\/se-han-impartido-sesiones-de-orientacion-laboral-en-los-centros-escolares-de-la-comarca\/#article","isPartOf":{"@id":"https:\/\/iraurgiberritzen.eus\/es\/se-han-impartido-sesiones-de-orientacion-laboral-en-los-centros-escolares-de-la-comarca\/"},"author":{"name":"kudeatzailea","@id":"https:\/\/iraurgiberritzen.eus\/es\/#\/schema\/person\/5ab41aaf388a9097177601ebf45738d2"},"headline":"Se han impartido sesiones de orientaci\u00f3n laboral en los centros escolares de la comarca","datePublished":"2019-06-08T20:01:57+00:00","mainEntityOfPage":{"@id":"https:\/\/iraurgiberritzen.eus\/es\/se-han-impartido-sesiones-de-orientacion-laboral-en-los-centros-escolares-de-la-comarca\/"},"wordCount":337,"publisher":{"@id":"https:\/\/iraurgiberritzen.eus\/es\/#organization"},"image":{"@id":"https:\/\/iraurgiberritzen.eus\/es\/se-han-impartido-sesiones-de-orientacion-laboral-en-los-centros-escolares-de-la-comarca\/#primaryimage"},"thumbnailUrl":"https:\/\/iraurgiberritzen.eus\/wp-content\/uploads\/2023\/09\/140b52a229a0199a0b5b0f77e425d131.jpg","articleSection":["Noticias"],"inLanguage":"es"},{"@type":"WebPage","@id":"https:\/\/iraurgiberritzen.eus\/es\/se-han-impartido-sesiones-de-orientacion-laboral-en-los-centros-escolares-de-la-comarca\/","url":"https:\/\/iraurgiberritzen.eus\/es\/se-han-impartido-sesiones-de-orientacion-laboral-en-los-centros-escolares-de-la-comarca\/","name":"Se han impartido sesiones de orientaci\u00f3n laboral en los centros escolares de la comarca - Iraurgi Berritzen","isPartOf":{"@id":"https:\/\/iraurgiberritzen.eus\/es\/#website"},"primaryImageOfPage":{"@id":"https:\/\/iraurgiberritzen.eus\/es\/se-han-impartido-sesiones-de-orientacion-laboral-en-los-centros-escolares-de-la-comarca\/#primaryimage"},"image":{"@id":"https:\/\/iraurgiberritzen.eus\/es\/se-han-impartido-sesiones-de-orientacion-laboral-en-los-centros-escolares-de-la-comarca\/#primaryimage"},"thumbnailUrl":"https:\/\/iraurgiberritzen.eus\/wp-content\/uploads\/2023\/09\/140b52a229a0199a0b5b0f77e425d131.jpg","datePublished":"2019-06-08T20:01:57+00:00","breadcrumb":{"@id":"https:\/\/iraurgiberritzen.eus\/es\/se-han-impartido-sesiones-de-orientacion-laboral-en-los-centros-escolares-de-la-comarca\/#breadcrumb"},"inLanguage":"es","potentialAction":[{"@type":"ReadAction","target":["https:\/\/iraurgiberritzen.eus\/es\/se-han-impartido-sesiones-de-orientacion-laboral-en-los-centros-escolares-de-la-comarca\/"]}]},{"@type":"ImageObject","inLanguage":"es","@id":"https:\/\/iraurgiberritzen.eus\/es\/se-han-impartido-sesiones-de-orientacion-laboral-en-los-centros-escolares-de-la-comarca\/#primaryimage","url":"https:\/\/iraurgiberritzen.eus\/wp-content\/uploads\/2023\/09\/140b52a229a0199a0b5b0f77e425d131.jpg","contentUrl":"https:\/\/iraurgiberritzen.eus\/wp-content\/uploads\/2023\/09\/140b52a229a0199a0b5b0f77e425d131.jpg","width":600,"height":386},{"@type":"BreadcrumbList","@id":"https:\/\/iraurgiberritzen.eus\/es\/se-han-impartido-sesiones-de-orientacion-laboral-en-los-centros-escolares-de-la-comarca\/#breadcrumb","itemListElement":[{"@type":"ListItem","position":1,"name":"Home","item":"https:\/\/iraurgiberritzen.eus\/es\/"},{"@type":"ListItem","position":2,"name":"Se han impartido sesiones de orientaci\u00f3n laboral en los centros escolares de la comarca"}]},{"@type":"WebSite","@id":"https:\/\/iraurgiberritzen.eus\/es\/#website","url":"https:\/\/iraurgiberritzen.eus\/es\/","name":"Iraurgi Berritzen","description":"Urola Erdiko Garapen Agentzia","publisher":{"@id":"https:\/\/iraurgiberritzen.eus\/es\/#organization"},"potentialAction":[{"@type":"SearchAction","target":{"@type":"EntryPoint","urlTemplate":"https:\/\/iraurgiberritzen.eus\/es\/?s={search_term_string}"},"query-input":{"@type":"PropertyValueSpecification","valueRequired":true,"valueName":"search_term_string"}}],"inLanguage":"es"},{"@type":"Organization","@id":"https:\/\/iraurgiberritzen.eus\/es\/#organization","name":"Iraurgi Berritzen","url":"https:\/\/iraurgiberritzen.eus\/es\/","logo":{"@type":"ImageObject","inLanguage":"es","@id":"https:\/\/iraurgiberritzen.eus\/es\/#\/schema\/logo\/image\/","url":"https:\/\/iraurgiberritzen.eus\/wp-content\/uploads\/2024\/02\/IRAURGI-BERRITZEN-logotipoa_2.png","contentUrl":"https:\/\/iraurgiberritzen.eus\/wp-content\/uploads\/2024\/02\/IRAURGI-BERRITZEN-logotipoa_2.png","width":496,"height":190,"caption":"Iraurgi Berritzen"},"image":{"@id":"https:\/\/iraurgiberritzen.eus\/es\/#\/schema\/logo\/image\/"}},{"@type":"Person","@id":"https:\/\/iraurgiberritzen.eus\/es\/#\/schema\/person\/5ab41aaf388a9097177601ebf45738d2","name":"kudeatzailea","sameAs":["https:\/\/iraurgiberritzen.eus"]}]}},"_links":{"self":[{"href":"https:\/\/iraurgiberritzen.eus\/es\/wp-json\/wp\/v2\/posts\/12634","targetHints":{"allow":["GET"]}}],"collection":[{"href":"https:\/\/iraurgiberritzen.eus\/es\/wp-json\/wp\/v2\/posts"}],"about":[{"href":"https:\/\/iraurgiberritzen.eus\/es\/wp-json\/wp\/v2\/types\/post"}],"author":[{"embeddable":true,"href":"https:\/\/iraurgiberritzen.eus\/es\/wp-json\/wp\/v2\/users\/1"}],"replies":[{"embeddable":true,"href":"https:\/\/iraurgiberritzen.eus\/es\/wp-json\/wp\/v2\/comments?post=12634"}],"version-history":[{"count":0,"href":"https:\/\/iraurgiberritzen.eus\/es\/wp-json\/wp\/v2\/posts\/12634\/revisions"}],"wp:featuredmedia":[{"embeddable":true,"href":"https:\/\/iraurgiberritzen.eus\/es\/wp-json\/wp\/v2\/media\/17800"}],"wp:attachment":[{"href":"https:\/\/iraurgiberritzen.eus\/es\/wp-json\/wp\/v2\/media?parent=12634"}],"wp:term":[{"taxonomy":"category","embeddable":true,"href":"https:\/\/iraurgiberritzen.eus\/es\/wp-json\/wp\/v2\/categories?post=12634"},{"taxonomy":"post_tag","embeddable":true,"href":"https:\/\/iraurgiberritzen.eus\/es\/wp-json\/wp\/v2\/tags?post=12634"}],"curies":[{"name":"wp","href":"https:\/\/api.w.org\/{rel}","templated":true}]}}