{"id":12637,"date":"2019-06-08T22:18:39","date_gmt":"2019-06-08T20:18:39","guid":{"rendered":"https:\/\/iraurgiberritzen.eus\/por-tercer-ano-consecutivo-se-celebrara-la-feria-stem-de-urola-erdia\/"},"modified":"2019-06-08T22:18:39","modified_gmt":"2019-06-08T20:18:39","slug":"por-tercer-ano-consecutivo-se-celebrara-la-feria-stem-de-urola-erdia","status":"publish","type":"post","link":"https:\/\/iraurgiberritzen.eus\/es\/por-tercer-ano-consecutivo-se-celebrara-la-feria-stem-de-urola-erdia\/","title":{"rendered":"Por tercer a\u00f1o consecutivo se celebrar\u00e1 la feria STEM de Urola Erdia"},"content":{"rendered":"<p style=\"text-align: justify;\">La iniciativa ha sido promovida por la red de agentes que articula Iraurgi Berritzen -Agencia de desarrollo e innovaci\u00f3n de Urola Erdia- con el objetivo de fomentar la colaboraci\u00f3n entre agentes de la comarca.<\/p>\n<p style=\"text-align: justify;\">De hecho, la iniciativa ha sido promovida por el \u00c1rea de Educaci\u00f3n y durante su desarrollo han participado los 5 centros formativos de la comarca &#8211; Azkoitia BHI, Floreaga Salestar Ikastetxea, Iraurgi Ikastetxea, Azpeitiko Ikastola Ikasberri eta Urola Ikastola -.<\/p>\n<p style=\"text-align: justify;\">Por tercer a\u00f1o consecutivo, el objetivo del proyecto ha sido fomentar competencias STEM \u2013Science, Technology, Engineering, Mathematics- entre el alumnado de la comarca. Mediante esta iniciativa se pretende dar respuesta a las necesidades identificadas en la red de agentes de Iraurgi Berritzen y por tanto, desde el punto de vista comarcal, se entiende necesario promover las capacidades cient\u00edficas y tecnol\u00f3gicas en los centros formativos de la comarca. Durante el desarrollo del proyecto, se ha contado con la participaci\u00f3n de Elhuyar Fundazioa.<\/p>\n<p style=\"text-align: justify;\">La feria tendr\u00e1 lugar el 14 de Junio en el p\u00f3rtico de la parroquia de Azkoitia. En ella se presentar\u00e1n los proyectos desarrollados por el alumnado de ESO en los distintos centros educativos de la comarca durante el curso escolar. Se prev\u00e9 la participaci\u00f3n de los siguientes proyectos: \u00abVecinos microsc\u00f3picos\u00bb (Biolog\u00eda), \u00abEcolog\u00eda de los R\u00edos\u00bb (Biolog\u00eda), \u00abProgramaci\u00f3n de los Robots\u00bb (Inform\u00e1tica), \u00abLa oxidaci\u00f3n en la Fruta\u00bb (Qu\u00edmica), \u00abQu\u00edmica en las chuches\u00bb (Qu\u00edmica), \u00abPrototipaci\u00f3n\u00bb (Tecnolog\u00eda), \u00abElkar-Maker\u00bb (Tecnolog\u00eda), \u00abCristalograf\u00eda\u00bb (Ciencia Aplicada) e \u00abImpresi\u00f3n 3D\u00bb (Tecnolog\u00eda).<\/p>\n","protected":false},"excerpt":{"rendered":"<p>La iniciativa ha sido promovida por la red de agentes que articula Iraurgi Berritzen -Agencia de desarrollo e innovaci\u00f3n de Urola Erdia- con el objetivo de fomentar la colaboraci\u00f3n entre agentes de la comarca. De hecho, la iniciativa ha sido promovida por el \u00c1rea de Educaci\u00f3n y durante su desarrollo han participado los 5 centros [&hellip;]<\/p>\n","protected":false},"author":1,"featured_media":17801,"comment_status":"","ping_status":"closed","sticky":false,"template":"","format":"standard","meta":{"_acf_changed":false,"footnotes":""},"categories":[4],"tags":[],"class_list":["post-12637","post","type-post","status-publish","format-standard","has-post-thumbnail","hentry","category-noticias"],"acf":[],"yoast_head":"<!-- This site is optimized with the Yoast SEO plugin v27.4 - https:\/\/yoast.com\/product\/yoast-seo-wordpress\/ -->\n<title>Por tercer a\u00f1o consecutivo se celebrar\u00e1 la feria STEM de Urola Erdia - Iraurgi Berritzen<\/title>\n<meta name=\"robots\" content=\"index, follow, max-snippet:-1, max-image-preview:large, max-video-preview:-1\" \/>\n<link rel=\"canonical\" href=\"https:\/\/iraurgiberritzen.eus\/es\/por-tercer-ano-consecutivo-se-celebrara-la-feria-stem-de-urola-erdia\/\" \/>\n<meta property=\"og:locale\" content=\"es_ES\" \/>\n<meta property=\"og:type\" content=\"article\" \/>\n<meta property=\"og:title\" content=\"Por tercer a\u00f1o consecutivo se celebrar\u00e1 la feria STEM de Urola Erdia - Iraurgi Berritzen\" \/>\n<meta property=\"og:description\" content=\"La iniciativa ha sido promovida por la red de agentes que articula Iraurgi Berritzen -Agencia de desarrollo e innovaci\u00f3n de Urola Erdia- con el objetivo de fomentar la colaboraci\u00f3n entre agentes de la comarca. De hecho, la iniciativa ha sido promovida por el \u00c1rea de Educaci\u00f3n y durante su desarrollo han participado los 5 centros [&hellip;]\" \/>\n<meta property=\"og:url\" content=\"https:\/\/iraurgiberritzen.eus\/es\/por-tercer-ano-consecutivo-se-celebrara-la-feria-stem-de-urola-erdia\/\" \/>\n<meta property=\"og:site_name\" content=\"Iraurgi Berritzen\" \/>\n<meta property=\"article:published_time\" content=\"2019-06-08T20:18:39+00:00\" \/>\n<meta name=\"author\" content=\"kudeatzailea\" \/>\n<meta name=\"twitter:card\" content=\"summary_large_image\" \/>\n<meta name=\"twitter:label1\" content=\"Escrito por\" \/>\n\t<meta name=\"twitter:data1\" content=\"kudeatzailea\" \/>\n\t<meta name=\"twitter:label2\" content=\"Tiempo de lectura\" \/>\n\t<meta name=\"twitter:data2\" content=\"1 minuto\" \/>\n<script type=\"application\/ld+json\" class=\"yoast-schema-graph\">{\"@context\":\"https:\\\/\\\/schema.org\",\"@graph\":[{\"@type\":\"Article\",\"@id\":\"https:\\\/\\\/iraurgiberritzen.eus\\\/es\\\/por-tercer-ano-consecutivo-se-celebrara-la-feria-stem-de-urola-erdia\\\/#article\",\"isPartOf\":{\"@id\":\"https:\\\/\\\/iraurgiberritzen.eus\\\/es\\\/por-tercer-ano-consecutivo-se-celebrara-la-feria-stem-de-urola-erdia\\\/\"},\"author\":{\"name\":\"kudeatzailea\",\"@id\":\"https:\\\/\\\/iraurgiberritzen.eus\\\/es\\\/#\\\/schema\\\/person\\\/5ab41aaf388a9097177601ebf45738d2\"},\"headline\":\"Por tercer a\u00f1o consecutivo se celebrar\u00e1 la feria STEM de Urola Erdia\",\"datePublished\":\"2019-06-08T20:18:39+00:00\",\"mainEntityOfPage\":{\"@id\":\"https:\\\/\\\/iraurgiberritzen.eus\\\/es\\\/por-tercer-ano-consecutivo-se-celebrara-la-feria-stem-de-urola-erdia\\\/\"},\"wordCount\":276,\"publisher\":{\"@id\":\"https:\\\/\\\/iraurgiberritzen.eus\\\/es\\\/#organization\"},\"image\":{\"@id\":\"https:\\\/\\\/iraurgiberritzen.eus\\\/es\\\/por-tercer-ano-consecutivo-se-celebrara-la-feria-stem-de-urola-erdia\\\/#primaryimage\"},\"thumbnailUrl\":\"https:\\\/\\\/iraurgiberritzen.eus\\\/wp-content\\\/uploads\\\/2023\\\/09\\\/1990ac324e26b7e716caf3c87ed6c195.jpg\",\"articleSection\":[\"Noticias\"],\"inLanguage\":\"es\"},{\"@type\":\"WebPage\",\"@id\":\"https:\\\/\\\/iraurgiberritzen.eus\\\/es\\\/por-tercer-ano-consecutivo-se-celebrara-la-feria-stem-de-urola-erdia\\\/\",\"url\":\"https:\\\/\\\/iraurgiberritzen.eus\\\/es\\\/por-tercer-ano-consecutivo-se-celebrara-la-feria-stem-de-urola-erdia\\\/\",\"name\":\"Por tercer a\u00f1o consecutivo se celebrar\u00e1 la feria STEM de Urola Erdia - Iraurgi Berritzen\",\"isPartOf\":{\"@id\":\"https:\\\/\\\/iraurgiberritzen.eus\\\/es\\\/#website\"},\"primaryImageOfPage\":{\"@id\":\"https:\\\/\\\/iraurgiberritzen.eus\\\/es\\\/por-tercer-ano-consecutivo-se-celebrara-la-feria-stem-de-urola-erdia\\\/#primaryimage\"},\"image\":{\"@id\":\"https:\\\/\\\/iraurgiberritzen.eus\\\/es\\\/por-tercer-ano-consecutivo-se-celebrara-la-feria-stem-de-urola-erdia\\\/#primaryimage\"},\"thumbnailUrl\":\"https:\\\/\\\/iraurgiberritzen.eus\\\/wp-content\\\/uploads\\\/2023\\\/09\\\/1990ac324e26b7e716caf3c87ed6c195.jpg\",\"datePublished\":\"2019-06-08T20:18:39+00:00\",\"breadcrumb\":{\"@id\":\"https:\\\/\\\/iraurgiberritzen.eus\\\/es\\\/por-tercer-ano-consecutivo-se-celebrara-la-feria-stem-de-urola-erdia\\\/#breadcrumb\"},\"inLanguage\":\"es\",\"potentialAction\":[{\"@type\":\"ReadAction\",\"target\":[\"https:\\\/\\\/iraurgiberritzen.eus\\\/es\\\/por-tercer-ano-consecutivo-se-celebrara-la-feria-stem-de-urola-erdia\\\/\"]}]},{\"@type\":\"ImageObject\",\"inLanguage\":\"es\",\"@id\":\"https:\\\/\\\/iraurgiberritzen.eus\\\/es\\\/por-tercer-ano-consecutivo-se-celebrara-la-feria-stem-de-urola-erdia\\\/#primaryimage\",\"url\":\"https:\\\/\\\/iraurgiberritzen.eus\\\/wp-content\\\/uploads\\\/2023\\\/09\\\/1990ac324e26b7e716caf3c87ed6c195.jpg\",\"contentUrl\":\"https:\\\/\\\/iraurgiberritzen.eus\\\/wp-content\\\/uploads\\\/2023\\\/09\\\/1990ac324e26b7e716caf3c87ed6c195.jpg\",\"width\":600,\"height\":386},{\"@type\":\"BreadcrumbList\",\"@id\":\"https:\\\/\\\/iraurgiberritzen.eus\\\/es\\\/por-tercer-ano-consecutivo-se-celebrara-la-feria-stem-de-urola-erdia\\\/#breadcrumb\",\"itemListElement\":[{\"@type\":\"ListItem\",\"position\":1,\"name\":\"Home\",\"item\":\"https:\\\/\\\/iraurgiberritzen.eus\\\/es\\\/\"},{\"@type\":\"ListItem\",\"position\":2,\"name\":\"Por tercer a\u00f1o consecutivo se celebrar\u00e1 la feria STEM de Urola Erdia\"}]},{\"@type\":\"WebSite\",\"@id\":\"https:\\\/\\\/iraurgiberritzen.eus\\\/es\\\/#website\",\"url\":\"https:\\\/\\\/iraurgiberritzen.eus\\\/es\\\/\",\"name\":\"Iraurgi Berritzen\",\"description\":\"Urola Erdiko Garapen Agentzia\",\"publisher\":{\"@id\":\"https:\\\/\\\/iraurgiberritzen.eus\\\/es\\\/#organization\"},\"potentialAction\":[{\"@type\":\"SearchAction\",\"target\":{\"@type\":\"EntryPoint\",\"urlTemplate\":\"https:\\\/\\\/iraurgiberritzen.eus\\\/es\\\/?s={search_term_string}\"},\"query-input\":{\"@type\":\"PropertyValueSpecification\",\"valueRequired\":true,\"valueName\":\"search_term_string\"}}],\"inLanguage\":\"es\"},{\"@type\":\"Organization\",\"@id\":\"https:\\\/\\\/iraurgiberritzen.eus\\\/es\\\/#organization\",\"name\":\"Iraurgi Berritzen\",\"url\":\"https:\\\/\\\/iraurgiberritzen.eus\\\/es\\\/\",\"logo\":{\"@type\":\"ImageObject\",\"inLanguage\":\"es\",\"@id\":\"https:\\\/\\\/iraurgiberritzen.eus\\\/es\\\/#\\\/schema\\\/logo\\\/image\\\/\",\"url\":\"https:\\\/\\\/iraurgiberritzen.eus\\\/wp-content\\\/uploads\\\/2024\\\/02\\\/IRAURGI-BERRITZEN-logotipoa_2.png\",\"contentUrl\":\"https:\\\/\\\/iraurgiberritzen.eus\\\/wp-content\\\/uploads\\\/2024\\\/02\\\/IRAURGI-BERRITZEN-logotipoa_2.png\",\"width\":496,\"height\":190,\"caption\":\"Iraurgi Berritzen\"},\"image\":{\"@id\":\"https:\\\/\\\/iraurgiberritzen.eus\\\/es\\\/#\\\/schema\\\/logo\\\/image\\\/\"}},{\"@type\":\"Person\",\"@id\":\"https:\\\/\\\/iraurgiberritzen.eus\\\/es\\\/#\\\/schema\\\/person\\\/5ab41aaf388a9097177601ebf45738d2\",\"name\":\"kudeatzailea\",\"sameAs\":[\"https:\\\/\\\/iraurgiberritzen.eus\"]}]}<\/script>\n<!-- \/ Yoast SEO plugin. -->","yoast_head_json":{"title":"Por tercer a\u00f1o consecutivo se celebrar\u00e1 la feria STEM de Urola Erdia - Iraurgi Berritzen","robots":{"index":"index","follow":"follow","max-snippet":"max-snippet:-1","max-image-preview":"max-image-preview:large","max-video-preview":"max-video-preview:-1"},"canonical":"https:\/\/iraurgiberritzen.eus\/es\/por-tercer-ano-consecutivo-se-celebrara-la-feria-stem-de-urola-erdia\/","og_locale":"es_ES","og_type":"article","og_title":"Por tercer a\u00f1o consecutivo se celebrar\u00e1 la feria STEM de Urola Erdia - Iraurgi Berritzen","og_description":"La iniciativa ha sido promovida por la red de agentes que articula Iraurgi Berritzen -Agencia de desarrollo e innovaci\u00f3n de Urola Erdia- con el objetivo de fomentar la colaboraci\u00f3n entre agentes de la comarca. De hecho, la iniciativa ha sido promovida por el \u00c1rea de Educaci\u00f3n y durante su desarrollo han participado los 5 centros [&hellip;]","og_url":"https:\/\/iraurgiberritzen.eus\/es\/por-tercer-ano-consecutivo-se-celebrara-la-feria-stem-de-urola-erdia\/","og_site_name":"Iraurgi Berritzen","article_published_time":"2019-06-08T20:18:39+00:00","author":"kudeatzailea","twitter_card":"summary_large_image","twitter_misc":{"Escrito por":"kudeatzailea","Tiempo de lectura":"1 minuto"},"schema":{"@context":"https:\/\/schema.org","@graph":[{"@type":"Article","@id":"https:\/\/iraurgiberritzen.eus\/es\/por-tercer-ano-consecutivo-se-celebrara-la-feria-stem-de-urola-erdia\/#article","isPartOf":{"@id":"https:\/\/iraurgiberritzen.eus\/es\/por-tercer-ano-consecutivo-se-celebrara-la-feria-stem-de-urola-erdia\/"},"author":{"name":"kudeatzailea","@id":"https:\/\/iraurgiberritzen.eus\/es\/#\/schema\/person\/5ab41aaf388a9097177601ebf45738d2"},"headline":"Por tercer a\u00f1o consecutivo se celebrar\u00e1 la feria STEM de Urola Erdia","datePublished":"2019-06-08T20:18:39+00:00","mainEntityOfPage":{"@id":"https:\/\/iraurgiberritzen.eus\/es\/por-tercer-ano-consecutivo-se-celebrara-la-feria-stem-de-urola-erdia\/"},"wordCount":276,"publisher":{"@id":"https:\/\/iraurgiberritzen.eus\/es\/#organization"},"image":{"@id":"https:\/\/iraurgiberritzen.eus\/es\/por-tercer-ano-consecutivo-se-celebrara-la-feria-stem-de-urola-erdia\/#primaryimage"},"thumbnailUrl":"https:\/\/iraurgiberritzen.eus\/wp-content\/uploads\/2023\/09\/1990ac324e26b7e716caf3c87ed6c195.jpg","articleSection":["Noticias"],"inLanguage":"es"},{"@type":"WebPage","@id":"https:\/\/iraurgiberritzen.eus\/es\/por-tercer-ano-consecutivo-se-celebrara-la-feria-stem-de-urola-erdia\/","url":"https:\/\/iraurgiberritzen.eus\/es\/por-tercer-ano-consecutivo-se-celebrara-la-feria-stem-de-urola-erdia\/","name":"Por tercer a\u00f1o consecutivo se celebrar\u00e1 la feria STEM de Urola Erdia - Iraurgi Berritzen","isPartOf":{"@id":"https:\/\/iraurgiberritzen.eus\/es\/#website"},"primaryImageOfPage":{"@id":"https:\/\/iraurgiberritzen.eus\/es\/por-tercer-ano-consecutivo-se-celebrara-la-feria-stem-de-urola-erdia\/#primaryimage"},"image":{"@id":"https:\/\/iraurgiberritzen.eus\/es\/por-tercer-ano-consecutivo-se-celebrara-la-feria-stem-de-urola-erdia\/#primaryimage"},"thumbnailUrl":"https:\/\/iraurgiberritzen.eus\/wp-content\/uploads\/2023\/09\/1990ac324e26b7e716caf3c87ed6c195.jpg","datePublished":"2019-06-08T20:18:39+00:00","breadcrumb":{"@id":"https:\/\/iraurgiberritzen.eus\/es\/por-tercer-ano-consecutivo-se-celebrara-la-feria-stem-de-urola-erdia\/#breadcrumb"},"inLanguage":"es","potentialAction":[{"@type":"ReadAction","target":["https:\/\/iraurgiberritzen.eus\/es\/por-tercer-ano-consecutivo-se-celebrara-la-feria-stem-de-urola-erdia\/"]}]},{"@type":"ImageObject","inLanguage":"es","@id":"https:\/\/iraurgiberritzen.eus\/es\/por-tercer-ano-consecutivo-se-celebrara-la-feria-stem-de-urola-erdia\/#primaryimage","url":"https:\/\/iraurgiberritzen.eus\/wp-content\/uploads\/2023\/09\/1990ac324e26b7e716caf3c87ed6c195.jpg","contentUrl":"https:\/\/iraurgiberritzen.eus\/wp-content\/uploads\/2023\/09\/1990ac324e26b7e716caf3c87ed6c195.jpg","width":600,"height":386},{"@type":"BreadcrumbList","@id":"https:\/\/iraurgiberritzen.eus\/es\/por-tercer-ano-consecutivo-se-celebrara-la-feria-stem-de-urola-erdia\/#breadcrumb","itemListElement":[{"@type":"ListItem","position":1,"name":"Home","item":"https:\/\/iraurgiberritzen.eus\/es\/"},{"@type":"ListItem","position":2,"name":"Por tercer a\u00f1o consecutivo se celebrar\u00e1 la feria STEM de Urola Erdia"}]},{"@type":"WebSite","@id":"https:\/\/iraurgiberritzen.eus\/es\/#website","url":"https:\/\/iraurgiberritzen.eus\/es\/","name":"Iraurgi Berritzen","description":"Urola Erdiko Garapen Agentzia","publisher":{"@id":"https:\/\/iraurgiberritzen.eus\/es\/#organization"},"potentialAction":[{"@type":"SearchAction","target":{"@type":"EntryPoint","urlTemplate":"https:\/\/iraurgiberritzen.eus\/es\/?s={search_term_string}"},"query-input":{"@type":"PropertyValueSpecification","valueRequired":true,"valueName":"search_term_string"}}],"inLanguage":"es"},{"@type":"Organization","@id":"https:\/\/iraurgiberritzen.eus\/es\/#organization","name":"Iraurgi Berritzen","url":"https:\/\/iraurgiberritzen.eus\/es\/","logo":{"@type":"ImageObject","inLanguage":"es","@id":"https:\/\/iraurgiberritzen.eus\/es\/#\/schema\/logo\/image\/","url":"https:\/\/iraurgiberritzen.eus\/wp-content\/uploads\/2024\/02\/IRAURGI-BERRITZEN-logotipoa_2.png","contentUrl":"https:\/\/iraurgiberritzen.eus\/wp-content\/uploads\/2024\/02\/IRAURGI-BERRITZEN-logotipoa_2.png","width":496,"height":190,"caption":"Iraurgi Berritzen"},"image":{"@id":"https:\/\/iraurgiberritzen.eus\/es\/#\/schema\/logo\/image\/"}},{"@type":"Person","@id":"https:\/\/iraurgiberritzen.eus\/es\/#\/schema\/person\/5ab41aaf388a9097177601ebf45738d2","name":"kudeatzailea","sameAs":["https:\/\/iraurgiberritzen.eus"]}]}},"_links":{"self":[{"href":"https:\/\/iraurgiberritzen.eus\/es\/wp-json\/wp\/v2\/posts\/12637","targetHints":{"allow":["GET"]}}],"collection":[{"href":"https:\/\/iraurgiberritzen.eus\/es\/wp-json\/wp\/v2\/posts"}],"about":[{"href":"https:\/\/iraurgiberritzen.eus\/es\/wp-json\/wp\/v2\/types\/post"}],"author":[{"embeddable":true,"href":"https:\/\/iraurgiberritzen.eus\/es\/wp-json\/wp\/v2\/users\/1"}],"replies":[{"embeddable":true,"href":"https:\/\/iraurgiberritzen.eus\/es\/wp-json\/wp\/v2\/comments?post=12637"}],"version-history":[{"count":0,"href":"https:\/\/iraurgiberritzen.eus\/es\/wp-json\/wp\/v2\/posts\/12637\/revisions"}],"wp:featuredmedia":[{"embeddable":true,"href":"https:\/\/iraurgiberritzen.eus\/es\/wp-json\/wp\/v2\/media\/17801"}],"wp:attachment":[{"href":"https:\/\/iraurgiberritzen.eus\/es\/wp-json\/wp\/v2\/media?parent=12637"}],"wp:term":[{"taxonomy":"category","embeddable":true,"href":"https:\/\/iraurgiberritzen.eus\/es\/wp-json\/wp\/v2\/categories?post=12637"},{"taxonomy":"post_tag","embeddable":true,"href":"https:\/\/iraurgiberritzen.eus\/es\/wp-json\/wp\/v2\/tags?post=12637"}],"curies":[{"name":"wp","href":"https:\/\/api.w.org\/{rel}","templated":true}]}}