{"id":12646,"date":"2019-06-17T10:33:52","date_gmt":"2019-06-17T08:33:52","guid":{"rendered":"https:\/\/iraurgiberritzen.eus\/abierto-plazo-de-inscripcion-de-la-4a-edicion-del-programa-hazilan\/"},"modified":"2019-06-17T10:33:52","modified_gmt":"2019-06-17T08:33:52","slug":"abierto-plazo-de-inscripcion-de-la-4a-edicion-del-programa-hazilan","status":"publish","type":"post","link":"https:\/\/iraurgiberritzen.eus\/es\/abierto-plazo-de-inscripcion-de-la-4a-edicion-del-programa-hazilan\/","title":{"rendered":"Abierto plazo de inscripci\u00f3n de la 4\u00aa edici\u00f3n del programa Hazilan"},"content":{"rendered":"<p style=\"text-align: justify;\">\u00bfTienes titulaci\u00f3n Universitaria, Ciclo Medio o Ciclo Superior de Formaci\u00f3n Profesional? \u00bfTienes entre 20 y 44 a\u00f1os de edad? \u00bfTe encuentras en desempleo o trabajando a media jornada en un trabajo diferente a tu perfil? \u00bfTienes inter\u00e9s por hacer pr\u00e1cticas relacionadas con tu perfil en empresas de la zona?<\/p>\n<p>Si la respuesta es s\u00ed, HAZILAN te da la oportunidad.<\/p>\n<p>Para m\u00e1s informaci\u00f3n sobre el programa, puedes llamar a Iraurgi Berritzen al 943 85 11 00 y preguntar por Sandra, o acceder al siguiente <a href=\"index.php\/es\/proiektuak\/item\/835-hazilan\" target=\"_blank\" rel=\"noopener\">enlace<\/a>.&nbsp;<\/p>\n","protected":false},"excerpt":{"rendered":"<p>\u00bfTienes titulaci\u00f3n Universitaria, Ciclo Medio o Ciclo Superior de Formaci\u00f3n Profesional? \u00bfTienes entre 20 y 44 a\u00f1os de edad? \u00bfTe encuentras en desempleo o trabajando a media jornada en un trabajo diferente a tu perfil? \u00bfTienes inter\u00e9s por hacer pr\u00e1cticas relacionadas con tu perfil en empresas de la zona? Si la respuesta es s\u00ed, HAZILAN [&hellip;]<\/p>\n","protected":false},"author":1,"featured_media":17804,"comment_status":"","ping_status":"closed","sticky":false,"template":"","format":"standard","meta":{"_acf_changed":false,"footnotes":""},"categories":[4],"tags":[],"class_list":["post-12646","post","type-post","status-publish","format-standard","has-post-thumbnail","hentry","category-noticias"],"acf":[],"yoast_head":"<!-- This site is optimized with the Yoast SEO plugin v27.4 - https:\/\/yoast.com\/product\/yoast-seo-wordpress\/ -->\n<title>Abierto plazo de inscripci\u00f3n de la 4\u00aa edici\u00f3n del programa Hazilan - Iraurgi Berritzen<\/title>\n<meta name=\"robots\" content=\"index, follow, max-snippet:-1, max-image-preview:large, max-video-preview:-1\" \/>\n<link rel=\"canonical\" href=\"https:\/\/iraurgiberritzen.eus\/es\/abierto-plazo-de-inscripcion-de-la-4a-edicion-del-programa-hazilan\/\" \/>\n<meta property=\"og:locale\" content=\"es_ES\" \/>\n<meta property=\"og:type\" content=\"article\" \/>\n<meta property=\"og:title\" content=\"Abierto plazo de inscripci\u00f3n de la 4\u00aa edici\u00f3n del programa Hazilan - Iraurgi Berritzen\" \/>\n<meta property=\"og:description\" content=\"\u00bfTienes titulaci\u00f3n Universitaria, Ciclo Medio o Ciclo Superior de Formaci\u00f3n Profesional? \u00bfTienes entre 20 y 44 a\u00f1os de edad? \u00bfTe encuentras en desempleo o trabajando a media jornada en un trabajo diferente a tu perfil? \u00bfTienes inter\u00e9s por hacer pr\u00e1cticas relacionadas con tu perfil en empresas de la zona? Si la respuesta es s\u00ed, HAZILAN [&hellip;]\" \/>\n<meta property=\"og:url\" content=\"https:\/\/iraurgiberritzen.eus\/es\/abierto-plazo-de-inscripcion-de-la-4a-edicion-del-programa-hazilan\/\" \/>\n<meta property=\"og:site_name\" content=\"Iraurgi Berritzen\" \/>\n<meta property=\"article:published_time\" content=\"2019-06-17T08:33:52+00:00\" \/>\n<meta name=\"author\" content=\"kudeatzailea\" \/>\n<meta name=\"twitter:card\" content=\"summary_large_image\" \/>\n<meta name=\"twitter:label1\" content=\"Escrito por\" \/>\n\t<meta name=\"twitter:data1\" content=\"kudeatzailea\" \/>\n<script type=\"application\/ld+json\" class=\"yoast-schema-graph\">{\"@context\":\"https:\\\/\\\/schema.org\",\"@graph\":[{\"@type\":\"Article\",\"@id\":\"https:\\\/\\\/iraurgiberritzen.eus\\\/es\\\/abierto-plazo-de-inscripcion-de-la-4a-edicion-del-programa-hazilan\\\/#article\",\"isPartOf\":{\"@id\":\"https:\\\/\\\/iraurgiberritzen.eus\\\/es\\\/abierto-plazo-de-inscripcion-de-la-4a-edicion-del-programa-hazilan\\\/\"},\"author\":{\"name\":\"kudeatzailea\",\"@id\":\"https:\\\/\\\/iraurgiberritzen.eus\\\/es\\\/#\\\/schema\\\/person\\\/5ab41aaf388a9097177601ebf45738d2\"},\"headline\":\"Abierto plazo de inscripci\u00f3n de la 4\u00aa edici\u00f3n del programa Hazilan\",\"datePublished\":\"2019-06-17T08:33:52+00:00\",\"mainEntityOfPage\":{\"@id\":\"https:\\\/\\\/iraurgiberritzen.eus\\\/es\\\/abierto-plazo-de-inscripcion-de-la-4a-edicion-del-programa-hazilan\\\/\"},\"wordCount\":98,\"publisher\":{\"@id\":\"https:\\\/\\\/iraurgiberritzen.eus\\\/es\\\/#organization\"},\"image\":{\"@id\":\"https:\\\/\\\/iraurgiberritzen.eus\\\/es\\\/abierto-plazo-de-inscripcion-de-la-4a-edicion-del-programa-hazilan\\\/#primaryimage\"},\"thumbnailUrl\":\"https:\\\/\\\/iraurgiberritzen.eus\\\/wp-content\\\/uploads\\\/2023\\\/09\\\/7586bcdd7a745d843a3897512742ccdb.jpg\",\"articleSection\":[\"Noticias\"],\"inLanguage\":\"es\"},{\"@type\":\"WebPage\",\"@id\":\"https:\\\/\\\/iraurgiberritzen.eus\\\/es\\\/abierto-plazo-de-inscripcion-de-la-4a-edicion-del-programa-hazilan\\\/\",\"url\":\"https:\\\/\\\/iraurgiberritzen.eus\\\/es\\\/abierto-plazo-de-inscripcion-de-la-4a-edicion-del-programa-hazilan\\\/\",\"name\":\"Abierto plazo de inscripci\u00f3n de la 4\u00aa edici\u00f3n del programa Hazilan - Iraurgi Berritzen\",\"isPartOf\":{\"@id\":\"https:\\\/\\\/iraurgiberritzen.eus\\\/es\\\/#website\"},\"primaryImageOfPage\":{\"@id\":\"https:\\\/\\\/iraurgiberritzen.eus\\\/es\\\/abierto-plazo-de-inscripcion-de-la-4a-edicion-del-programa-hazilan\\\/#primaryimage\"},\"image\":{\"@id\":\"https:\\\/\\\/iraurgiberritzen.eus\\\/es\\\/abierto-plazo-de-inscripcion-de-la-4a-edicion-del-programa-hazilan\\\/#primaryimage\"},\"thumbnailUrl\":\"https:\\\/\\\/iraurgiberritzen.eus\\\/wp-content\\\/uploads\\\/2023\\\/09\\\/7586bcdd7a745d843a3897512742ccdb.jpg\",\"datePublished\":\"2019-06-17T08:33:52+00:00\",\"breadcrumb\":{\"@id\":\"https:\\\/\\\/iraurgiberritzen.eus\\\/es\\\/abierto-plazo-de-inscripcion-de-la-4a-edicion-del-programa-hazilan\\\/#breadcrumb\"},\"inLanguage\":\"es\",\"potentialAction\":[{\"@type\":\"ReadAction\",\"target\":[\"https:\\\/\\\/iraurgiberritzen.eus\\\/es\\\/abierto-plazo-de-inscripcion-de-la-4a-edicion-del-programa-hazilan\\\/\"]}]},{\"@type\":\"ImageObject\",\"inLanguage\":\"es\",\"@id\":\"https:\\\/\\\/iraurgiberritzen.eus\\\/es\\\/abierto-plazo-de-inscripcion-de-la-4a-edicion-del-programa-hazilan\\\/#primaryimage\",\"url\":\"https:\\\/\\\/iraurgiberritzen.eus\\\/wp-content\\\/uploads\\\/2023\\\/09\\\/7586bcdd7a745d843a3897512742ccdb.jpg\",\"contentUrl\":\"https:\\\/\\\/iraurgiberritzen.eus\\\/wp-content\\\/uploads\\\/2023\\\/09\\\/7586bcdd7a745d843a3897512742ccdb.jpg\",\"width\":600,\"height\":386},{\"@type\":\"BreadcrumbList\",\"@id\":\"https:\\\/\\\/iraurgiberritzen.eus\\\/es\\\/abierto-plazo-de-inscripcion-de-la-4a-edicion-del-programa-hazilan\\\/#breadcrumb\",\"itemListElement\":[{\"@type\":\"ListItem\",\"position\":1,\"name\":\"Home\",\"item\":\"https:\\\/\\\/iraurgiberritzen.eus\\\/es\\\/\"},{\"@type\":\"ListItem\",\"position\":2,\"name\":\"Abierto plazo de inscripci\u00f3n de la 4\u00aa edici\u00f3n del programa Hazilan\"}]},{\"@type\":\"WebSite\",\"@id\":\"https:\\\/\\\/iraurgiberritzen.eus\\\/es\\\/#website\",\"url\":\"https:\\\/\\\/iraurgiberritzen.eus\\\/es\\\/\",\"name\":\"Iraurgi Berritzen\",\"description\":\"Urola Erdiko Garapen Agentzia\",\"publisher\":{\"@id\":\"https:\\\/\\\/iraurgiberritzen.eus\\\/es\\\/#organization\"},\"potentialAction\":[{\"@type\":\"SearchAction\",\"target\":{\"@type\":\"EntryPoint\",\"urlTemplate\":\"https:\\\/\\\/iraurgiberritzen.eus\\\/es\\\/?s={search_term_string}\"},\"query-input\":{\"@type\":\"PropertyValueSpecification\",\"valueRequired\":true,\"valueName\":\"search_term_string\"}}],\"inLanguage\":\"es\"},{\"@type\":\"Organization\",\"@id\":\"https:\\\/\\\/iraurgiberritzen.eus\\\/es\\\/#organization\",\"name\":\"Iraurgi Berritzen\",\"url\":\"https:\\\/\\\/iraurgiberritzen.eus\\\/es\\\/\",\"logo\":{\"@type\":\"ImageObject\",\"inLanguage\":\"es\",\"@id\":\"https:\\\/\\\/iraurgiberritzen.eus\\\/es\\\/#\\\/schema\\\/logo\\\/image\\\/\",\"url\":\"https:\\\/\\\/iraurgiberritzen.eus\\\/wp-content\\\/uploads\\\/2024\\\/02\\\/IRAURGI-BERRITZEN-logotipoa_2.png\",\"contentUrl\":\"https:\\\/\\\/iraurgiberritzen.eus\\\/wp-content\\\/uploads\\\/2024\\\/02\\\/IRAURGI-BERRITZEN-logotipoa_2.png\",\"width\":496,\"height\":190,\"caption\":\"Iraurgi Berritzen\"},\"image\":{\"@id\":\"https:\\\/\\\/iraurgiberritzen.eus\\\/es\\\/#\\\/schema\\\/logo\\\/image\\\/\"}},{\"@type\":\"Person\",\"@id\":\"https:\\\/\\\/iraurgiberritzen.eus\\\/es\\\/#\\\/schema\\\/person\\\/5ab41aaf388a9097177601ebf45738d2\",\"name\":\"kudeatzailea\",\"sameAs\":[\"https:\\\/\\\/iraurgiberritzen.eus\"]}]}<\/script>\n<!-- \/ Yoast SEO plugin. -->","yoast_head_json":{"title":"Abierto plazo de inscripci\u00f3n de la 4\u00aa edici\u00f3n del programa Hazilan - Iraurgi Berritzen","robots":{"index":"index","follow":"follow","max-snippet":"max-snippet:-1","max-image-preview":"max-image-preview:large","max-video-preview":"max-video-preview:-1"},"canonical":"https:\/\/iraurgiberritzen.eus\/es\/abierto-plazo-de-inscripcion-de-la-4a-edicion-del-programa-hazilan\/","og_locale":"es_ES","og_type":"article","og_title":"Abierto plazo de inscripci\u00f3n de la 4\u00aa edici\u00f3n del programa Hazilan - Iraurgi Berritzen","og_description":"\u00bfTienes titulaci\u00f3n Universitaria, Ciclo Medio o Ciclo Superior de Formaci\u00f3n Profesional? \u00bfTienes entre 20 y 44 a\u00f1os de edad? \u00bfTe encuentras en desempleo o trabajando a media jornada en un trabajo diferente a tu perfil? \u00bfTienes inter\u00e9s por hacer pr\u00e1cticas relacionadas con tu perfil en empresas de la zona? Si la respuesta es s\u00ed, HAZILAN [&hellip;]","og_url":"https:\/\/iraurgiberritzen.eus\/es\/abierto-plazo-de-inscripcion-de-la-4a-edicion-del-programa-hazilan\/","og_site_name":"Iraurgi Berritzen","article_published_time":"2019-06-17T08:33:52+00:00","author":"kudeatzailea","twitter_card":"summary_large_image","twitter_misc":{"Escrito por":"kudeatzailea"},"schema":{"@context":"https:\/\/schema.org","@graph":[{"@type":"Article","@id":"https:\/\/iraurgiberritzen.eus\/es\/abierto-plazo-de-inscripcion-de-la-4a-edicion-del-programa-hazilan\/#article","isPartOf":{"@id":"https:\/\/iraurgiberritzen.eus\/es\/abierto-plazo-de-inscripcion-de-la-4a-edicion-del-programa-hazilan\/"},"author":{"name":"kudeatzailea","@id":"https:\/\/iraurgiberritzen.eus\/es\/#\/schema\/person\/5ab41aaf388a9097177601ebf45738d2"},"headline":"Abierto plazo de inscripci\u00f3n de la 4\u00aa edici\u00f3n del programa Hazilan","datePublished":"2019-06-17T08:33:52+00:00","mainEntityOfPage":{"@id":"https:\/\/iraurgiberritzen.eus\/es\/abierto-plazo-de-inscripcion-de-la-4a-edicion-del-programa-hazilan\/"},"wordCount":98,"publisher":{"@id":"https:\/\/iraurgiberritzen.eus\/es\/#organization"},"image":{"@id":"https:\/\/iraurgiberritzen.eus\/es\/abierto-plazo-de-inscripcion-de-la-4a-edicion-del-programa-hazilan\/#primaryimage"},"thumbnailUrl":"https:\/\/iraurgiberritzen.eus\/wp-content\/uploads\/2023\/09\/7586bcdd7a745d843a3897512742ccdb.jpg","articleSection":["Noticias"],"inLanguage":"es"},{"@type":"WebPage","@id":"https:\/\/iraurgiberritzen.eus\/es\/abierto-plazo-de-inscripcion-de-la-4a-edicion-del-programa-hazilan\/","url":"https:\/\/iraurgiberritzen.eus\/es\/abierto-plazo-de-inscripcion-de-la-4a-edicion-del-programa-hazilan\/","name":"Abierto plazo de inscripci\u00f3n de la 4\u00aa edici\u00f3n del programa Hazilan - Iraurgi Berritzen","isPartOf":{"@id":"https:\/\/iraurgiberritzen.eus\/es\/#website"},"primaryImageOfPage":{"@id":"https:\/\/iraurgiberritzen.eus\/es\/abierto-plazo-de-inscripcion-de-la-4a-edicion-del-programa-hazilan\/#primaryimage"},"image":{"@id":"https:\/\/iraurgiberritzen.eus\/es\/abierto-plazo-de-inscripcion-de-la-4a-edicion-del-programa-hazilan\/#primaryimage"},"thumbnailUrl":"https:\/\/iraurgiberritzen.eus\/wp-content\/uploads\/2023\/09\/7586bcdd7a745d843a3897512742ccdb.jpg","datePublished":"2019-06-17T08:33:52+00:00","breadcrumb":{"@id":"https:\/\/iraurgiberritzen.eus\/es\/abierto-plazo-de-inscripcion-de-la-4a-edicion-del-programa-hazilan\/#breadcrumb"},"inLanguage":"es","potentialAction":[{"@type":"ReadAction","target":["https:\/\/iraurgiberritzen.eus\/es\/abierto-plazo-de-inscripcion-de-la-4a-edicion-del-programa-hazilan\/"]}]},{"@type":"ImageObject","inLanguage":"es","@id":"https:\/\/iraurgiberritzen.eus\/es\/abierto-plazo-de-inscripcion-de-la-4a-edicion-del-programa-hazilan\/#primaryimage","url":"https:\/\/iraurgiberritzen.eus\/wp-content\/uploads\/2023\/09\/7586bcdd7a745d843a3897512742ccdb.jpg","contentUrl":"https:\/\/iraurgiberritzen.eus\/wp-content\/uploads\/2023\/09\/7586bcdd7a745d843a3897512742ccdb.jpg","width":600,"height":386},{"@type":"BreadcrumbList","@id":"https:\/\/iraurgiberritzen.eus\/es\/abierto-plazo-de-inscripcion-de-la-4a-edicion-del-programa-hazilan\/#breadcrumb","itemListElement":[{"@type":"ListItem","position":1,"name":"Home","item":"https:\/\/iraurgiberritzen.eus\/es\/"},{"@type":"ListItem","position":2,"name":"Abierto plazo de inscripci\u00f3n de la 4\u00aa edici\u00f3n del programa Hazilan"}]},{"@type":"WebSite","@id":"https:\/\/iraurgiberritzen.eus\/es\/#website","url":"https:\/\/iraurgiberritzen.eus\/es\/","name":"Iraurgi Berritzen","description":"Urola Erdiko Garapen Agentzia","publisher":{"@id":"https:\/\/iraurgiberritzen.eus\/es\/#organization"},"potentialAction":[{"@type":"SearchAction","target":{"@type":"EntryPoint","urlTemplate":"https:\/\/iraurgiberritzen.eus\/es\/?s={search_term_string}"},"query-input":{"@type":"PropertyValueSpecification","valueRequired":true,"valueName":"search_term_string"}}],"inLanguage":"es"},{"@type":"Organization","@id":"https:\/\/iraurgiberritzen.eus\/es\/#organization","name":"Iraurgi Berritzen","url":"https:\/\/iraurgiberritzen.eus\/es\/","logo":{"@type":"ImageObject","inLanguage":"es","@id":"https:\/\/iraurgiberritzen.eus\/es\/#\/schema\/logo\/image\/","url":"https:\/\/iraurgiberritzen.eus\/wp-content\/uploads\/2024\/02\/IRAURGI-BERRITZEN-logotipoa_2.png","contentUrl":"https:\/\/iraurgiberritzen.eus\/wp-content\/uploads\/2024\/02\/IRAURGI-BERRITZEN-logotipoa_2.png","width":496,"height":190,"caption":"Iraurgi Berritzen"},"image":{"@id":"https:\/\/iraurgiberritzen.eus\/es\/#\/schema\/logo\/image\/"}},{"@type":"Person","@id":"https:\/\/iraurgiberritzen.eus\/es\/#\/schema\/person\/5ab41aaf388a9097177601ebf45738d2","name":"kudeatzailea","sameAs":["https:\/\/iraurgiberritzen.eus"]}]}},"_links":{"self":[{"href":"https:\/\/iraurgiberritzen.eus\/es\/wp-json\/wp\/v2\/posts\/12646","targetHints":{"allow":["GET"]}}],"collection":[{"href":"https:\/\/iraurgiberritzen.eus\/es\/wp-json\/wp\/v2\/posts"}],"about":[{"href":"https:\/\/iraurgiberritzen.eus\/es\/wp-json\/wp\/v2\/types\/post"}],"author":[{"embeddable":true,"href":"https:\/\/iraurgiberritzen.eus\/es\/wp-json\/wp\/v2\/users\/1"}],"replies":[{"embeddable":true,"href":"https:\/\/iraurgiberritzen.eus\/es\/wp-json\/wp\/v2\/comments?post=12646"}],"version-history":[{"count":0,"href":"https:\/\/iraurgiberritzen.eus\/es\/wp-json\/wp\/v2\/posts\/12646\/revisions"}],"wp:featuredmedia":[{"embeddable":true,"href":"https:\/\/iraurgiberritzen.eus\/es\/wp-json\/wp\/v2\/media\/17804"}],"wp:attachment":[{"href":"https:\/\/iraurgiberritzen.eus\/es\/wp-json\/wp\/v2\/media?parent=12646"}],"wp:term":[{"taxonomy":"category","embeddable":true,"href":"https:\/\/iraurgiberritzen.eus\/es\/wp-json\/wp\/v2\/categories?post=12646"},{"taxonomy":"post_tag","embeddable":true,"href":"https:\/\/iraurgiberritzen.eus\/es\/wp-json\/wp\/v2\/tags?post=12646"}],"curies":[{"name":"wp","href":"https:\/\/api.w.org\/{rel}","templated":true}]}}