{"id":12654,"date":"2019-06-21T10:28:33","date_gmt":"2019-06-21T08:28:33","guid":{"rendered":"https:\/\/iraurgiberritzen.eus\/el-alumnado-conoce-por-iniciativa-propia-la-realidad-socioeconomica-de-la-comarca\/"},"modified":"2019-06-21T10:28:33","modified_gmt":"2019-06-21T08:28:33","slug":"el-alumnado-conoce-por-iniciativa-propia-la-realidad-socioeconomica-de-la-comarca","status":"publish","type":"post","link":"https:\/\/iraurgiberritzen.eus\/es\/el-alumnado-conoce-por-iniciativa-propia-la-realidad-socioeconomica-de-la-comarca\/","title":{"rendered":"El alumnado, conoce por iniciativa propia la realidad socioecon\u00f3mica de la comarca"},"content":{"rendered":"<p style=\"text-align: justify;\">El proyecto nace en el seno de IB Sarea, red de colaboraci\u00f3n entre agentes dinamizada por Iraurgi Berritzen y adem\u00e1s de los 5 colegios de la comarca han participado otros numerosos agentes en el desarrollo del mismo.<\/p>\n<p style=\"text-align: justify;\">Esta sexta edici\u00f3n del proyecto ha concluido con la jornada de visibilizaci\u00f3n el 19 de Junio en el palacio \u00abBasazabal\u00bb de Azpeitia.<\/p>\n<p style=\"text-align: justify;\">Durante el desarrollo del proyecto Elkarrekin Eraikitzen, el alumno es protagonista de su propio proceso de aprendizaje y pretende dar respuesta a 3 objetivos principales. En primer lugar, tiene como objetivo promover los valores y capacidades vinculados al emprendimiento, entre otras, la iniciativa o la capacidad de comunicaci\u00f3n. En segundo lugar, el proyecto ofrece a los profesores la posibilidad de experimentar con nuevas metodolog\u00edas de ense\u00f1anza. En tercer lugar, el proyecto pretende ofrecer informaci\u00f3n a los alumnos de la situaci\u00f3n socioecon\u00f3mica de la comarca, para que tomen sus decisiones con la mayor informaci\u00f3n posible, antes de entrar en el mundo laboral.<\/p>\n<p style=\"text-align: justify;\">Durante el proceso ha participado el alumnado de 3\u00ba y 4\u00ba de la ESO, organizados en peque\u00f1os grupos de trabajo y han realizado trabajos basados en 9 retos reales propuestos por Iraurgi Berritzen.<\/p>\n<p style=\"text-align: justify;\">Han participado los 5 colegios de la comarca (Azkoitia BHI, Floreaga Salestar Ikastetxea, Iraurgi Ikastetxea, Ikasberri Azpeitiko Ikastola y Urola Ikastola), junto con varios de los agentes que componen la misma (Enpresas, comercio, salud, primer sector, administraci\u00f3n&#8230;).<\/p>\n<p style=\"text-align: justify;\">La jornada estuvo estructurada en dos partes principales. Por un lado, los jovenes presentaron los retos que han trabajado durante el curso escolar (El propio proceso, creaci\u00f3n de una empresa, proceso de ventas, incorporaci\u00f3n al mercado laboral, sector de la salud&#8230;), y en concreto exponieron los conceptos aprendidos durante el proceso y sus propias vivencias. Por otro lado, se celebr\u00f3 un coloquio en el cual participaron diferentes alumnos de los 5 colegios. Entre otras cuestiones, esto es lo que dec\u00edan:<\/p>\n<p style=\"text-align: center;\">\u00abEl proyecto nos ha dado la posibilidad de conocer el d\u00eda a d\u00eda de los diferentes agentes socioecon\u00f3micos de la comarca\u00bb.<\/p>\n<p style=\"text-align: center;\">\u00abHa sido muy positibo el hacer relaciones con los diferentes agentes. En las visitas que hemos realizado, nos han recibido con los brazos abiertos. Hemos aprendido mucho en estas visitas\u00bb.<\/p>\n<p style=\"text-align: center;\">\u00abLa manera de trabajar ha sido muy diferente e innovadora para nosotras, hemos trabajado con mucha autonom\u00eda y al principio nos costo un poquito arrancar\u00bb.<\/p>\n<p style=\"text-align: center;\">\u00abDurante el desarrollo del proyecto hemos trabajado con total autonom\u00eda y nos ha permitido trabajar en equipo\u00bb.<\/p>\n<p style=\"text-align: center;\">\u00abM\u00e1s all\u00e1 de los retos con los que hemos trabajado, hemos trabajado diferentes competencias como por ejemplo las habilidades comunicativas. Llamar por telefono al agente, preparar las entrevistas y acordar reuniones&#8230; ha sido una esperiencia muy bonita\u00bb.<\/p>\n<p style=\"text-align: center;\">\u00abEl proyecto nos ha obligado a trabajar en un entorno donde no estamos acostumbrados\u00bb.<\/p>\n<p style=\"text-align: justify;\">En general, la valoraci\u00f3n del proyecto ha sido muy positiva y los datos de participaci\u00f3n han sido exitosas. Durante el proyecto han participado, 5 colegios, 12 profesores y m\u00e1s de 200 alumnos. Adem\u00e1s, en las entrevistas y estudios realizados por los alumnos, han participado m\u00e1s de 40 agentes de la comarca. Por \u00faltimo, durante el pr\u00f3ximo curso escolar se prev\u00e9 continuar estrechando relaciones entre centros formativos y agentes socioecon\u00f3micos de la comarca.<\/p>\n<p style=\"text-align: center;\"><span style=\"font-family: Arial, Helvetica, sans-serif; font-size: 12.0097px; text-align: center; background-color: #f9f9f9;\"><span style=\"font-family: Arial, Helvetica, sans-serif; font-size: 12.0097px; text-align: center; background-color: #f9f9f9;\">&nbsp;{myFlickr}photoset_id=72157709228366976{\/myFlickr}&nbsp;<\/span><\/span><\/p>\n","protected":false},"excerpt":{"rendered":"<p>El proyecto nace en el seno de IB Sarea, red de colaboraci\u00f3n entre agentes dinamizada por Iraurgi Berritzen y adem\u00e1s de los 5 colegios de la comarca han participado otros numerosos agentes en el desarrollo del mismo. Esta sexta edici\u00f3n del proyecto ha concluido con la jornada de visibilizaci\u00f3n el 19 de Junio en el [&hellip;]<\/p>\n","protected":false},"author":1,"featured_media":17806,"comment_status":"","ping_status":"closed","sticky":false,"template":"","format":"standard","meta":{"_acf_changed":false,"footnotes":""},"categories":[4],"tags":[],"class_list":["post-12654","post","type-post","status-publish","format-standard","has-post-thumbnail","hentry","category-noticias"],"acf":[],"yoast_head":"<!-- This site is optimized with the Yoast SEO plugin v27.4 - https:\/\/yoast.com\/product\/yoast-seo-wordpress\/ -->\n<title>El alumnado, conoce por iniciativa propia la realidad socioecon\u00f3mica de la comarca - Iraurgi Berritzen<\/title>\n<meta name=\"robots\" content=\"index, follow, max-snippet:-1, max-image-preview:large, max-video-preview:-1\" \/>\n<link rel=\"canonical\" href=\"https:\/\/iraurgiberritzen.eus\/es\/el-alumnado-conoce-por-iniciativa-propia-la-realidad-socioeconomica-de-la-comarca\/\" \/>\n<meta property=\"og:locale\" content=\"es_ES\" \/>\n<meta property=\"og:type\" content=\"article\" \/>\n<meta property=\"og:title\" content=\"El alumnado, conoce por iniciativa propia la realidad socioecon\u00f3mica de la comarca - Iraurgi Berritzen\" \/>\n<meta property=\"og:description\" content=\"El proyecto nace en el seno de IB Sarea, red de colaboraci\u00f3n entre agentes dinamizada por Iraurgi Berritzen y adem\u00e1s de los 5 colegios de la comarca han participado otros numerosos agentes en el desarrollo del mismo. Esta sexta edici\u00f3n del proyecto ha concluido con la jornada de visibilizaci\u00f3n el 19 de Junio en el [&hellip;]\" \/>\n<meta property=\"og:url\" content=\"https:\/\/iraurgiberritzen.eus\/es\/el-alumnado-conoce-por-iniciativa-propia-la-realidad-socioeconomica-de-la-comarca\/\" \/>\n<meta property=\"og:site_name\" content=\"Iraurgi Berritzen\" \/>\n<meta property=\"article:published_time\" content=\"2019-06-21T08:28:33+00:00\" \/>\n<meta name=\"author\" content=\"kudeatzailea\" \/>\n<meta name=\"twitter:card\" content=\"summary_large_image\" \/>\n<meta name=\"twitter:label1\" content=\"Escrito por\" \/>\n\t<meta name=\"twitter:data1\" content=\"kudeatzailea\" \/>\n\t<meta name=\"twitter:label2\" content=\"Tiempo de lectura\" \/>\n\t<meta name=\"twitter:data2\" content=\"3 minutos\" \/>\n<script type=\"application\/ld+json\" class=\"yoast-schema-graph\">{\"@context\":\"https:\\\/\\\/schema.org\",\"@graph\":[{\"@type\":\"Article\",\"@id\":\"https:\\\/\\\/iraurgiberritzen.eus\\\/es\\\/el-alumnado-conoce-por-iniciativa-propia-la-realidad-socioeconomica-de-la-comarca\\\/#article\",\"isPartOf\":{\"@id\":\"https:\\\/\\\/iraurgiberritzen.eus\\\/es\\\/el-alumnado-conoce-por-iniciativa-propia-la-realidad-socioeconomica-de-la-comarca\\\/\"},\"author\":{\"name\":\"kudeatzailea\",\"@id\":\"https:\\\/\\\/iraurgiberritzen.eus\\\/es\\\/#\\\/schema\\\/person\\\/5ab41aaf388a9097177601ebf45738d2\"},\"headline\":\"El alumnado, conoce por iniciativa propia la realidad socioecon\u00f3mica de la comarca\",\"datePublished\":\"2019-06-21T08:28:33+00:00\",\"mainEntityOfPage\":{\"@id\":\"https:\\\/\\\/iraurgiberritzen.eus\\\/es\\\/el-alumnado-conoce-por-iniciativa-propia-la-realidad-socioeconomica-de-la-comarca\\\/\"},\"wordCount\":562,\"publisher\":{\"@id\":\"https:\\\/\\\/iraurgiberritzen.eus\\\/es\\\/#organization\"},\"image\":{\"@id\":\"https:\\\/\\\/iraurgiberritzen.eus\\\/es\\\/el-alumnado-conoce-por-iniciativa-propia-la-realidad-socioeconomica-de-la-comarca\\\/#primaryimage\"},\"thumbnailUrl\":\"https:\\\/\\\/iraurgiberritzen.eus\\\/wp-content\\\/uploads\\\/2023\\\/09\\\/755a09762452d6eb5c314d532540d319.jpg\",\"articleSection\":[\"Noticias\"],\"inLanguage\":\"es\"},{\"@type\":\"WebPage\",\"@id\":\"https:\\\/\\\/iraurgiberritzen.eus\\\/es\\\/el-alumnado-conoce-por-iniciativa-propia-la-realidad-socioeconomica-de-la-comarca\\\/\",\"url\":\"https:\\\/\\\/iraurgiberritzen.eus\\\/es\\\/el-alumnado-conoce-por-iniciativa-propia-la-realidad-socioeconomica-de-la-comarca\\\/\",\"name\":\"El alumnado, conoce por iniciativa propia la realidad socioecon\u00f3mica de la comarca - Iraurgi Berritzen\",\"isPartOf\":{\"@id\":\"https:\\\/\\\/iraurgiberritzen.eus\\\/es\\\/#website\"},\"primaryImageOfPage\":{\"@id\":\"https:\\\/\\\/iraurgiberritzen.eus\\\/es\\\/el-alumnado-conoce-por-iniciativa-propia-la-realidad-socioeconomica-de-la-comarca\\\/#primaryimage\"},\"image\":{\"@id\":\"https:\\\/\\\/iraurgiberritzen.eus\\\/es\\\/el-alumnado-conoce-por-iniciativa-propia-la-realidad-socioeconomica-de-la-comarca\\\/#primaryimage\"},\"thumbnailUrl\":\"https:\\\/\\\/iraurgiberritzen.eus\\\/wp-content\\\/uploads\\\/2023\\\/09\\\/755a09762452d6eb5c314d532540d319.jpg\",\"datePublished\":\"2019-06-21T08:28:33+00:00\",\"breadcrumb\":{\"@id\":\"https:\\\/\\\/iraurgiberritzen.eus\\\/es\\\/el-alumnado-conoce-por-iniciativa-propia-la-realidad-socioeconomica-de-la-comarca\\\/#breadcrumb\"},\"inLanguage\":\"es\",\"potentialAction\":[{\"@type\":\"ReadAction\",\"target\":[\"https:\\\/\\\/iraurgiberritzen.eus\\\/es\\\/el-alumnado-conoce-por-iniciativa-propia-la-realidad-socioeconomica-de-la-comarca\\\/\"]}]},{\"@type\":\"ImageObject\",\"inLanguage\":\"es\",\"@id\":\"https:\\\/\\\/iraurgiberritzen.eus\\\/es\\\/el-alumnado-conoce-por-iniciativa-propia-la-realidad-socioeconomica-de-la-comarca\\\/#primaryimage\",\"url\":\"https:\\\/\\\/iraurgiberritzen.eus\\\/wp-content\\\/uploads\\\/2023\\\/09\\\/755a09762452d6eb5c314d532540d319.jpg\",\"contentUrl\":\"https:\\\/\\\/iraurgiberritzen.eus\\\/wp-content\\\/uploads\\\/2023\\\/09\\\/755a09762452d6eb5c314d532540d319.jpg\",\"width\":600,\"height\":386},{\"@type\":\"BreadcrumbList\",\"@id\":\"https:\\\/\\\/iraurgiberritzen.eus\\\/es\\\/el-alumnado-conoce-por-iniciativa-propia-la-realidad-socioeconomica-de-la-comarca\\\/#breadcrumb\",\"itemListElement\":[{\"@type\":\"ListItem\",\"position\":1,\"name\":\"Home\",\"item\":\"https:\\\/\\\/iraurgiberritzen.eus\\\/es\\\/\"},{\"@type\":\"ListItem\",\"position\":2,\"name\":\"El alumnado, conoce por iniciativa propia la realidad socioecon\u00f3mica de la comarca\"}]},{\"@type\":\"WebSite\",\"@id\":\"https:\\\/\\\/iraurgiberritzen.eus\\\/es\\\/#website\",\"url\":\"https:\\\/\\\/iraurgiberritzen.eus\\\/es\\\/\",\"name\":\"Iraurgi Berritzen\",\"description\":\"Urola Erdiko Garapen Agentzia\",\"publisher\":{\"@id\":\"https:\\\/\\\/iraurgiberritzen.eus\\\/es\\\/#organization\"},\"potentialAction\":[{\"@type\":\"SearchAction\",\"target\":{\"@type\":\"EntryPoint\",\"urlTemplate\":\"https:\\\/\\\/iraurgiberritzen.eus\\\/es\\\/?s={search_term_string}\"},\"query-input\":{\"@type\":\"PropertyValueSpecification\",\"valueRequired\":true,\"valueName\":\"search_term_string\"}}],\"inLanguage\":\"es\"},{\"@type\":\"Organization\",\"@id\":\"https:\\\/\\\/iraurgiberritzen.eus\\\/es\\\/#organization\",\"name\":\"Iraurgi Berritzen\",\"url\":\"https:\\\/\\\/iraurgiberritzen.eus\\\/es\\\/\",\"logo\":{\"@type\":\"ImageObject\",\"inLanguage\":\"es\",\"@id\":\"https:\\\/\\\/iraurgiberritzen.eus\\\/es\\\/#\\\/schema\\\/logo\\\/image\\\/\",\"url\":\"https:\\\/\\\/iraurgiberritzen.eus\\\/wp-content\\\/uploads\\\/2024\\\/02\\\/IRAURGI-BERRITZEN-logotipoa_2.png\",\"contentUrl\":\"https:\\\/\\\/iraurgiberritzen.eus\\\/wp-content\\\/uploads\\\/2024\\\/02\\\/IRAURGI-BERRITZEN-logotipoa_2.png\",\"width\":496,\"height\":190,\"caption\":\"Iraurgi Berritzen\"},\"image\":{\"@id\":\"https:\\\/\\\/iraurgiberritzen.eus\\\/es\\\/#\\\/schema\\\/logo\\\/image\\\/\"}},{\"@type\":\"Person\",\"@id\":\"https:\\\/\\\/iraurgiberritzen.eus\\\/es\\\/#\\\/schema\\\/person\\\/5ab41aaf388a9097177601ebf45738d2\",\"name\":\"kudeatzailea\",\"sameAs\":[\"https:\\\/\\\/iraurgiberritzen.eus\"]}]}<\/script>\n<!-- \/ Yoast SEO plugin. -->","yoast_head_json":{"title":"El alumnado, conoce por iniciativa propia la realidad socioecon\u00f3mica de la comarca - Iraurgi Berritzen","robots":{"index":"index","follow":"follow","max-snippet":"max-snippet:-1","max-image-preview":"max-image-preview:large","max-video-preview":"max-video-preview:-1"},"canonical":"https:\/\/iraurgiberritzen.eus\/es\/el-alumnado-conoce-por-iniciativa-propia-la-realidad-socioeconomica-de-la-comarca\/","og_locale":"es_ES","og_type":"article","og_title":"El alumnado, conoce por iniciativa propia la realidad socioecon\u00f3mica de la comarca - Iraurgi Berritzen","og_description":"El proyecto nace en el seno de IB Sarea, red de colaboraci\u00f3n entre agentes dinamizada por Iraurgi Berritzen y adem\u00e1s de los 5 colegios de la comarca han participado otros numerosos agentes en el desarrollo del mismo. Esta sexta edici\u00f3n del proyecto ha concluido con la jornada de visibilizaci\u00f3n el 19 de Junio en el [&hellip;]","og_url":"https:\/\/iraurgiberritzen.eus\/es\/el-alumnado-conoce-por-iniciativa-propia-la-realidad-socioeconomica-de-la-comarca\/","og_site_name":"Iraurgi Berritzen","article_published_time":"2019-06-21T08:28:33+00:00","author":"kudeatzailea","twitter_card":"summary_large_image","twitter_misc":{"Escrito por":"kudeatzailea","Tiempo de lectura":"3 minutos"},"schema":{"@context":"https:\/\/schema.org","@graph":[{"@type":"Article","@id":"https:\/\/iraurgiberritzen.eus\/es\/el-alumnado-conoce-por-iniciativa-propia-la-realidad-socioeconomica-de-la-comarca\/#article","isPartOf":{"@id":"https:\/\/iraurgiberritzen.eus\/es\/el-alumnado-conoce-por-iniciativa-propia-la-realidad-socioeconomica-de-la-comarca\/"},"author":{"name":"kudeatzailea","@id":"https:\/\/iraurgiberritzen.eus\/es\/#\/schema\/person\/5ab41aaf388a9097177601ebf45738d2"},"headline":"El alumnado, conoce por iniciativa propia la realidad socioecon\u00f3mica de la comarca","datePublished":"2019-06-21T08:28:33+00:00","mainEntityOfPage":{"@id":"https:\/\/iraurgiberritzen.eus\/es\/el-alumnado-conoce-por-iniciativa-propia-la-realidad-socioeconomica-de-la-comarca\/"},"wordCount":562,"publisher":{"@id":"https:\/\/iraurgiberritzen.eus\/es\/#organization"},"image":{"@id":"https:\/\/iraurgiberritzen.eus\/es\/el-alumnado-conoce-por-iniciativa-propia-la-realidad-socioeconomica-de-la-comarca\/#primaryimage"},"thumbnailUrl":"https:\/\/iraurgiberritzen.eus\/wp-content\/uploads\/2023\/09\/755a09762452d6eb5c314d532540d319.jpg","articleSection":["Noticias"],"inLanguage":"es"},{"@type":"WebPage","@id":"https:\/\/iraurgiberritzen.eus\/es\/el-alumnado-conoce-por-iniciativa-propia-la-realidad-socioeconomica-de-la-comarca\/","url":"https:\/\/iraurgiberritzen.eus\/es\/el-alumnado-conoce-por-iniciativa-propia-la-realidad-socioeconomica-de-la-comarca\/","name":"El alumnado, conoce por iniciativa propia la realidad socioecon\u00f3mica de la comarca - Iraurgi Berritzen","isPartOf":{"@id":"https:\/\/iraurgiberritzen.eus\/es\/#website"},"primaryImageOfPage":{"@id":"https:\/\/iraurgiberritzen.eus\/es\/el-alumnado-conoce-por-iniciativa-propia-la-realidad-socioeconomica-de-la-comarca\/#primaryimage"},"image":{"@id":"https:\/\/iraurgiberritzen.eus\/es\/el-alumnado-conoce-por-iniciativa-propia-la-realidad-socioeconomica-de-la-comarca\/#primaryimage"},"thumbnailUrl":"https:\/\/iraurgiberritzen.eus\/wp-content\/uploads\/2023\/09\/755a09762452d6eb5c314d532540d319.jpg","datePublished":"2019-06-21T08:28:33+00:00","breadcrumb":{"@id":"https:\/\/iraurgiberritzen.eus\/es\/el-alumnado-conoce-por-iniciativa-propia-la-realidad-socioeconomica-de-la-comarca\/#breadcrumb"},"inLanguage":"es","potentialAction":[{"@type":"ReadAction","target":["https:\/\/iraurgiberritzen.eus\/es\/el-alumnado-conoce-por-iniciativa-propia-la-realidad-socioeconomica-de-la-comarca\/"]}]},{"@type":"ImageObject","inLanguage":"es","@id":"https:\/\/iraurgiberritzen.eus\/es\/el-alumnado-conoce-por-iniciativa-propia-la-realidad-socioeconomica-de-la-comarca\/#primaryimage","url":"https:\/\/iraurgiberritzen.eus\/wp-content\/uploads\/2023\/09\/755a09762452d6eb5c314d532540d319.jpg","contentUrl":"https:\/\/iraurgiberritzen.eus\/wp-content\/uploads\/2023\/09\/755a09762452d6eb5c314d532540d319.jpg","width":600,"height":386},{"@type":"BreadcrumbList","@id":"https:\/\/iraurgiberritzen.eus\/es\/el-alumnado-conoce-por-iniciativa-propia-la-realidad-socioeconomica-de-la-comarca\/#breadcrumb","itemListElement":[{"@type":"ListItem","position":1,"name":"Home","item":"https:\/\/iraurgiberritzen.eus\/es\/"},{"@type":"ListItem","position":2,"name":"El alumnado, conoce por iniciativa propia la realidad socioecon\u00f3mica de la comarca"}]},{"@type":"WebSite","@id":"https:\/\/iraurgiberritzen.eus\/es\/#website","url":"https:\/\/iraurgiberritzen.eus\/es\/","name":"Iraurgi Berritzen","description":"Urola Erdiko Garapen Agentzia","publisher":{"@id":"https:\/\/iraurgiberritzen.eus\/es\/#organization"},"potentialAction":[{"@type":"SearchAction","target":{"@type":"EntryPoint","urlTemplate":"https:\/\/iraurgiberritzen.eus\/es\/?s={search_term_string}"},"query-input":{"@type":"PropertyValueSpecification","valueRequired":true,"valueName":"search_term_string"}}],"inLanguage":"es"},{"@type":"Organization","@id":"https:\/\/iraurgiberritzen.eus\/es\/#organization","name":"Iraurgi Berritzen","url":"https:\/\/iraurgiberritzen.eus\/es\/","logo":{"@type":"ImageObject","inLanguage":"es","@id":"https:\/\/iraurgiberritzen.eus\/es\/#\/schema\/logo\/image\/","url":"https:\/\/iraurgiberritzen.eus\/wp-content\/uploads\/2024\/02\/IRAURGI-BERRITZEN-logotipoa_2.png","contentUrl":"https:\/\/iraurgiberritzen.eus\/wp-content\/uploads\/2024\/02\/IRAURGI-BERRITZEN-logotipoa_2.png","width":496,"height":190,"caption":"Iraurgi Berritzen"},"image":{"@id":"https:\/\/iraurgiberritzen.eus\/es\/#\/schema\/logo\/image\/"}},{"@type":"Person","@id":"https:\/\/iraurgiberritzen.eus\/es\/#\/schema\/person\/5ab41aaf388a9097177601ebf45738d2","name":"kudeatzailea","sameAs":["https:\/\/iraurgiberritzen.eus"]}]}},"_links":{"self":[{"href":"https:\/\/iraurgiberritzen.eus\/es\/wp-json\/wp\/v2\/posts\/12654","targetHints":{"allow":["GET"]}}],"collection":[{"href":"https:\/\/iraurgiberritzen.eus\/es\/wp-json\/wp\/v2\/posts"}],"about":[{"href":"https:\/\/iraurgiberritzen.eus\/es\/wp-json\/wp\/v2\/types\/post"}],"author":[{"embeddable":true,"href":"https:\/\/iraurgiberritzen.eus\/es\/wp-json\/wp\/v2\/users\/1"}],"replies":[{"embeddable":true,"href":"https:\/\/iraurgiberritzen.eus\/es\/wp-json\/wp\/v2\/comments?post=12654"}],"version-history":[{"count":0,"href":"https:\/\/iraurgiberritzen.eus\/es\/wp-json\/wp\/v2\/posts\/12654\/revisions"}],"wp:featuredmedia":[{"embeddable":true,"href":"https:\/\/iraurgiberritzen.eus\/es\/wp-json\/wp\/v2\/media\/17806"}],"wp:attachment":[{"href":"https:\/\/iraurgiberritzen.eus\/es\/wp-json\/wp\/v2\/media?parent=12654"}],"wp:term":[{"taxonomy":"category","embeddable":true,"href":"https:\/\/iraurgiberritzen.eus\/es\/wp-json\/wp\/v2\/categories?post=12654"},{"taxonomy":"post_tag","embeddable":true,"href":"https:\/\/iraurgiberritzen.eus\/es\/wp-json\/wp\/v2\/tags?post=12654"}],"curies":[{"name":"wp","href":"https:\/\/api.w.org\/{rel}","templated":true}]}}