{"id":12657,"date":"2019-06-24T06:47:38","date_gmt":"2019-06-24T04:47:38","guid":{"rendered":"https:\/\/iraurgiberritzen.eus\/celebrado-el-encuentro-del-foro-de-urolanprest\/"},"modified":"2019-06-24T06:47:38","modified_gmt":"2019-06-24T04:47:38","slug":"celebrado-el-encuentro-del-foro-de-urolanprest","status":"publish","type":"post","link":"https:\/\/iraurgiberritzen.eus\/es\/celebrado-el-encuentro-del-foro-de-urolanprest\/","title":{"rendered":"Celebrado el Encuentro del Foro de UrolanPrest"},"content":{"rendered":"<p style=\"text-align: justify;\">UrolanPrest, Foro de agentes de empleo y formaci\u00f3n de Urola Erdia ha celebrado un nuevo encuentro el pasado 21 de junio en el Palacio Basazabal de Azpeitia de la mano de Iraurgi Berritzen.<\/p>\n<p style=\"text-align: justify;\">En el encuentro, 11 agentes de empleo de formaci\u00f3n y empleo han compartido la oferta de formaci\u00f3n\/orientaci\u00f3n que ofertan, analizado los datos de desempleo de la comarca, y compartido los datos de evoluci\u00f3n del portal de empleo urolanprest.<\/p>\n<p style=\"text-align: justify;\">Se ha subrayado la trayectoria positiva de la evoluci\u00f3n del desempleo de Urola Erdia, con una reducci\u00f3n de 11% respecto a mayo del a\u00f1o pasado analizando las caracter\u00edsticas concretas de las personas actualmente en desempleo. Los \u00faltimos datos de mayo, arroja un 7,9% de desempleo, un total de 1218 personas en desempleo.<\/p>\n<p style=\"text-align: justify;\">A continuaci\u00f3n los participantes han analizado la empleabilidad de las personas en exclusi\u00f3n social o en riesgo de exclusi\u00f3n y se ha presentado la propuesta de conformar una red de agentes de inclusi\u00f3n social. Esta iniciativa se alinear\u00e1 con la iniciativa ElkarEkin que se est\u00e1 desarrollando a nivel de Gipuzkoa, con el objetivo de impulsar la coordinaci\u00f3n de los diferentes agentes en torno a planes de acci\u00f3n concretos dirigidos a fomentar la empleabilidad de estas personas.<\/p>\n<p style=\"text-align: justify;\">Participantes en el foro:<\/p>\n<p style=\"text-align: justify;\">Esther Sudupe (Azkoitiko Gazte Bulegoa); Izarraitz Lanbide Heziketa (Eduardo Sudupe); Sartu (Marta Senz); Cepa (Joxelu SanSebastian, Amaia Navarro); Katealegaia (Maite Beroiz); KZ Gunea (Berex Ortiz); Lanbide (M\u00aa Jesus Etxaniz, Arantxa Azpiazu); Azpeitiko Gazte Bulegoa (Oihana Sudupe); Iraurgi Berritzen (Maite Etxezarreta, Ainara Oiarzabal, Bego\u00f1a Beobide, Itziar Abarisketa).<\/p>\n","protected":false},"excerpt":{"rendered":"<p>UrolanPrest, Foro de agentes de empleo y formaci\u00f3n de Urola Erdia ha celebrado un nuevo encuentro el pasado 21 de junio en el Palacio Basazabal de Azpeitia de la mano de Iraurgi Berritzen. En el encuentro, 11 agentes de empleo de formaci\u00f3n y empleo han compartido la oferta de formaci\u00f3n\/orientaci\u00f3n que ofertan, analizado los datos [&hellip;]<\/p>\n","protected":false},"author":1,"featured_media":17807,"comment_status":"","ping_status":"closed","sticky":false,"template":"","format":"standard","meta":{"_acf_changed":false,"footnotes":""},"categories":[4],"tags":[],"class_list":["post-12657","post","type-post","status-publish","format-standard","has-post-thumbnail","hentry","category-noticias"],"acf":[],"yoast_head":"<!-- This site is optimized with the Yoast SEO plugin v27.4 - https:\/\/yoast.com\/product\/yoast-seo-wordpress\/ -->\n<title>Celebrado el Encuentro del Foro de UrolanPrest - Iraurgi Berritzen<\/title>\n<meta name=\"robots\" content=\"index, follow, max-snippet:-1, max-image-preview:large, max-video-preview:-1\" \/>\n<link rel=\"canonical\" href=\"https:\/\/iraurgiberritzen.eus\/es\/celebrado-el-encuentro-del-foro-de-urolanprest\/\" \/>\n<meta property=\"og:locale\" content=\"es_ES\" \/>\n<meta property=\"og:type\" content=\"article\" \/>\n<meta property=\"og:title\" content=\"Celebrado el Encuentro del Foro de UrolanPrest - Iraurgi Berritzen\" \/>\n<meta property=\"og:description\" content=\"UrolanPrest, Foro de agentes de empleo y formaci\u00f3n de Urola Erdia ha celebrado un nuevo encuentro el pasado 21 de junio en el Palacio Basazabal de Azpeitia de la mano de Iraurgi Berritzen. En el encuentro, 11 agentes de empleo de formaci\u00f3n y empleo han compartido la oferta de formaci\u00f3n\/orientaci\u00f3n que ofertan, analizado los datos [&hellip;]\" \/>\n<meta property=\"og:url\" content=\"https:\/\/iraurgiberritzen.eus\/es\/celebrado-el-encuentro-del-foro-de-urolanprest\/\" \/>\n<meta property=\"og:site_name\" content=\"Iraurgi Berritzen\" \/>\n<meta property=\"article:published_time\" content=\"2019-06-24T04:47:38+00:00\" \/>\n<meta name=\"author\" content=\"kudeatzailea\" \/>\n<meta name=\"twitter:card\" content=\"summary_large_image\" \/>\n<meta name=\"twitter:label1\" content=\"Escrito por\" \/>\n\t<meta name=\"twitter:data1\" content=\"kudeatzailea\" \/>\n\t<meta name=\"twitter:label2\" content=\"Tiempo de lectura\" \/>\n\t<meta name=\"twitter:data2\" content=\"1 minuto\" \/>\n<script type=\"application\/ld+json\" class=\"yoast-schema-graph\">{\"@context\":\"https:\\\/\\\/schema.org\",\"@graph\":[{\"@type\":\"Article\",\"@id\":\"https:\\\/\\\/iraurgiberritzen.eus\\\/es\\\/celebrado-el-encuentro-del-foro-de-urolanprest\\\/#article\",\"isPartOf\":{\"@id\":\"https:\\\/\\\/iraurgiberritzen.eus\\\/es\\\/celebrado-el-encuentro-del-foro-de-urolanprest\\\/\"},\"author\":{\"name\":\"kudeatzailea\",\"@id\":\"https:\\\/\\\/iraurgiberritzen.eus\\\/es\\\/#\\\/schema\\\/person\\\/5ab41aaf388a9097177601ebf45738d2\"},\"headline\":\"Celebrado el Encuentro del Foro de UrolanPrest\",\"datePublished\":\"2019-06-24T04:47:38+00:00\",\"mainEntityOfPage\":{\"@id\":\"https:\\\/\\\/iraurgiberritzen.eus\\\/es\\\/celebrado-el-encuentro-del-foro-de-urolanprest\\\/\"},\"wordCount\":268,\"publisher\":{\"@id\":\"https:\\\/\\\/iraurgiberritzen.eus\\\/es\\\/#organization\"},\"image\":{\"@id\":\"https:\\\/\\\/iraurgiberritzen.eus\\\/es\\\/celebrado-el-encuentro-del-foro-de-urolanprest\\\/#primaryimage\"},\"thumbnailUrl\":\"https:\\\/\\\/iraurgiberritzen.eus\\\/wp-content\\\/uploads\\\/2023\\\/09\\\/3d105248b10b0d962a881701f9482c8d.jpg\",\"articleSection\":[\"Noticias\"],\"inLanguage\":\"es\"},{\"@type\":\"WebPage\",\"@id\":\"https:\\\/\\\/iraurgiberritzen.eus\\\/es\\\/celebrado-el-encuentro-del-foro-de-urolanprest\\\/\",\"url\":\"https:\\\/\\\/iraurgiberritzen.eus\\\/es\\\/celebrado-el-encuentro-del-foro-de-urolanprest\\\/\",\"name\":\"Celebrado el Encuentro del Foro de UrolanPrest - Iraurgi Berritzen\",\"isPartOf\":{\"@id\":\"https:\\\/\\\/iraurgiberritzen.eus\\\/es\\\/#website\"},\"primaryImageOfPage\":{\"@id\":\"https:\\\/\\\/iraurgiberritzen.eus\\\/es\\\/celebrado-el-encuentro-del-foro-de-urolanprest\\\/#primaryimage\"},\"image\":{\"@id\":\"https:\\\/\\\/iraurgiberritzen.eus\\\/es\\\/celebrado-el-encuentro-del-foro-de-urolanprest\\\/#primaryimage\"},\"thumbnailUrl\":\"https:\\\/\\\/iraurgiberritzen.eus\\\/wp-content\\\/uploads\\\/2023\\\/09\\\/3d105248b10b0d962a881701f9482c8d.jpg\",\"datePublished\":\"2019-06-24T04:47:38+00:00\",\"breadcrumb\":{\"@id\":\"https:\\\/\\\/iraurgiberritzen.eus\\\/es\\\/celebrado-el-encuentro-del-foro-de-urolanprest\\\/#breadcrumb\"},\"inLanguage\":\"es\",\"potentialAction\":[{\"@type\":\"ReadAction\",\"target\":[\"https:\\\/\\\/iraurgiberritzen.eus\\\/es\\\/celebrado-el-encuentro-del-foro-de-urolanprest\\\/\"]}]},{\"@type\":\"ImageObject\",\"inLanguage\":\"es\",\"@id\":\"https:\\\/\\\/iraurgiberritzen.eus\\\/es\\\/celebrado-el-encuentro-del-foro-de-urolanprest\\\/#primaryimage\",\"url\":\"https:\\\/\\\/iraurgiberritzen.eus\\\/wp-content\\\/uploads\\\/2023\\\/09\\\/3d105248b10b0d962a881701f9482c8d.jpg\",\"contentUrl\":\"https:\\\/\\\/iraurgiberritzen.eus\\\/wp-content\\\/uploads\\\/2023\\\/09\\\/3d105248b10b0d962a881701f9482c8d.jpg\",\"width\":600,\"height\":386},{\"@type\":\"BreadcrumbList\",\"@id\":\"https:\\\/\\\/iraurgiberritzen.eus\\\/es\\\/celebrado-el-encuentro-del-foro-de-urolanprest\\\/#breadcrumb\",\"itemListElement\":[{\"@type\":\"ListItem\",\"position\":1,\"name\":\"Home\",\"item\":\"https:\\\/\\\/iraurgiberritzen.eus\\\/es\\\/\"},{\"@type\":\"ListItem\",\"position\":2,\"name\":\"Celebrado el Encuentro del Foro de UrolanPrest\"}]},{\"@type\":\"WebSite\",\"@id\":\"https:\\\/\\\/iraurgiberritzen.eus\\\/es\\\/#website\",\"url\":\"https:\\\/\\\/iraurgiberritzen.eus\\\/es\\\/\",\"name\":\"Iraurgi Berritzen\",\"description\":\"Urola Erdiko Garapen Agentzia\",\"publisher\":{\"@id\":\"https:\\\/\\\/iraurgiberritzen.eus\\\/es\\\/#organization\"},\"potentialAction\":[{\"@type\":\"SearchAction\",\"target\":{\"@type\":\"EntryPoint\",\"urlTemplate\":\"https:\\\/\\\/iraurgiberritzen.eus\\\/es\\\/?s={search_term_string}\"},\"query-input\":{\"@type\":\"PropertyValueSpecification\",\"valueRequired\":true,\"valueName\":\"search_term_string\"}}],\"inLanguage\":\"es\"},{\"@type\":\"Organization\",\"@id\":\"https:\\\/\\\/iraurgiberritzen.eus\\\/es\\\/#organization\",\"name\":\"Iraurgi Berritzen\",\"url\":\"https:\\\/\\\/iraurgiberritzen.eus\\\/es\\\/\",\"logo\":{\"@type\":\"ImageObject\",\"inLanguage\":\"es\",\"@id\":\"https:\\\/\\\/iraurgiberritzen.eus\\\/es\\\/#\\\/schema\\\/logo\\\/image\\\/\",\"url\":\"https:\\\/\\\/iraurgiberritzen.eus\\\/wp-content\\\/uploads\\\/2024\\\/02\\\/IRAURGI-BERRITZEN-logotipoa_2.png\",\"contentUrl\":\"https:\\\/\\\/iraurgiberritzen.eus\\\/wp-content\\\/uploads\\\/2024\\\/02\\\/IRAURGI-BERRITZEN-logotipoa_2.png\",\"width\":496,\"height\":190,\"caption\":\"Iraurgi Berritzen\"},\"image\":{\"@id\":\"https:\\\/\\\/iraurgiberritzen.eus\\\/es\\\/#\\\/schema\\\/logo\\\/image\\\/\"}},{\"@type\":\"Person\",\"@id\":\"https:\\\/\\\/iraurgiberritzen.eus\\\/es\\\/#\\\/schema\\\/person\\\/5ab41aaf388a9097177601ebf45738d2\",\"name\":\"kudeatzailea\",\"sameAs\":[\"https:\\\/\\\/iraurgiberritzen.eus\"]}]}<\/script>\n<!-- \/ Yoast SEO plugin. -->","yoast_head_json":{"title":"Celebrado el Encuentro del Foro de UrolanPrest - Iraurgi Berritzen","robots":{"index":"index","follow":"follow","max-snippet":"max-snippet:-1","max-image-preview":"max-image-preview:large","max-video-preview":"max-video-preview:-1"},"canonical":"https:\/\/iraurgiberritzen.eus\/es\/celebrado-el-encuentro-del-foro-de-urolanprest\/","og_locale":"es_ES","og_type":"article","og_title":"Celebrado el Encuentro del Foro de UrolanPrest - Iraurgi Berritzen","og_description":"UrolanPrest, Foro de agentes de empleo y formaci\u00f3n de Urola Erdia ha celebrado un nuevo encuentro el pasado 21 de junio en el Palacio Basazabal de Azpeitia de la mano de Iraurgi Berritzen. En el encuentro, 11 agentes de empleo de formaci\u00f3n y empleo han compartido la oferta de formaci\u00f3n\/orientaci\u00f3n que ofertan, analizado los datos [&hellip;]","og_url":"https:\/\/iraurgiberritzen.eus\/es\/celebrado-el-encuentro-del-foro-de-urolanprest\/","og_site_name":"Iraurgi Berritzen","article_published_time":"2019-06-24T04:47:38+00:00","author":"kudeatzailea","twitter_card":"summary_large_image","twitter_misc":{"Escrito por":"kudeatzailea","Tiempo de lectura":"1 minuto"},"schema":{"@context":"https:\/\/schema.org","@graph":[{"@type":"Article","@id":"https:\/\/iraurgiberritzen.eus\/es\/celebrado-el-encuentro-del-foro-de-urolanprest\/#article","isPartOf":{"@id":"https:\/\/iraurgiberritzen.eus\/es\/celebrado-el-encuentro-del-foro-de-urolanprest\/"},"author":{"name":"kudeatzailea","@id":"https:\/\/iraurgiberritzen.eus\/es\/#\/schema\/person\/5ab41aaf388a9097177601ebf45738d2"},"headline":"Celebrado el Encuentro del Foro de UrolanPrest","datePublished":"2019-06-24T04:47:38+00:00","mainEntityOfPage":{"@id":"https:\/\/iraurgiberritzen.eus\/es\/celebrado-el-encuentro-del-foro-de-urolanprest\/"},"wordCount":268,"publisher":{"@id":"https:\/\/iraurgiberritzen.eus\/es\/#organization"},"image":{"@id":"https:\/\/iraurgiberritzen.eus\/es\/celebrado-el-encuentro-del-foro-de-urolanprest\/#primaryimage"},"thumbnailUrl":"https:\/\/iraurgiberritzen.eus\/wp-content\/uploads\/2023\/09\/3d105248b10b0d962a881701f9482c8d.jpg","articleSection":["Noticias"],"inLanguage":"es"},{"@type":"WebPage","@id":"https:\/\/iraurgiberritzen.eus\/es\/celebrado-el-encuentro-del-foro-de-urolanprest\/","url":"https:\/\/iraurgiberritzen.eus\/es\/celebrado-el-encuentro-del-foro-de-urolanprest\/","name":"Celebrado el Encuentro del Foro de UrolanPrest - Iraurgi Berritzen","isPartOf":{"@id":"https:\/\/iraurgiberritzen.eus\/es\/#website"},"primaryImageOfPage":{"@id":"https:\/\/iraurgiberritzen.eus\/es\/celebrado-el-encuentro-del-foro-de-urolanprest\/#primaryimage"},"image":{"@id":"https:\/\/iraurgiberritzen.eus\/es\/celebrado-el-encuentro-del-foro-de-urolanprest\/#primaryimage"},"thumbnailUrl":"https:\/\/iraurgiberritzen.eus\/wp-content\/uploads\/2023\/09\/3d105248b10b0d962a881701f9482c8d.jpg","datePublished":"2019-06-24T04:47:38+00:00","breadcrumb":{"@id":"https:\/\/iraurgiberritzen.eus\/es\/celebrado-el-encuentro-del-foro-de-urolanprest\/#breadcrumb"},"inLanguage":"es","potentialAction":[{"@type":"ReadAction","target":["https:\/\/iraurgiberritzen.eus\/es\/celebrado-el-encuentro-del-foro-de-urolanprest\/"]}]},{"@type":"ImageObject","inLanguage":"es","@id":"https:\/\/iraurgiberritzen.eus\/es\/celebrado-el-encuentro-del-foro-de-urolanprest\/#primaryimage","url":"https:\/\/iraurgiberritzen.eus\/wp-content\/uploads\/2023\/09\/3d105248b10b0d962a881701f9482c8d.jpg","contentUrl":"https:\/\/iraurgiberritzen.eus\/wp-content\/uploads\/2023\/09\/3d105248b10b0d962a881701f9482c8d.jpg","width":600,"height":386},{"@type":"BreadcrumbList","@id":"https:\/\/iraurgiberritzen.eus\/es\/celebrado-el-encuentro-del-foro-de-urolanprest\/#breadcrumb","itemListElement":[{"@type":"ListItem","position":1,"name":"Home","item":"https:\/\/iraurgiberritzen.eus\/es\/"},{"@type":"ListItem","position":2,"name":"Celebrado el Encuentro del Foro de UrolanPrest"}]},{"@type":"WebSite","@id":"https:\/\/iraurgiberritzen.eus\/es\/#website","url":"https:\/\/iraurgiberritzen.eus\/es\/","name":"Iraurgi Berritzen","description":"Urola Erdiko Garapen Agentzia","publisher":{"@id":"https:\/\/iraurgiberritzen.eus\/es\/#organization"},"potentialAction":[{"@type":"SearchAction","target":{"@type":"EntryPoint","urlTemplate":"https:\/\/iraurgiberritzen.eus\/es\/?s={search_term_string}"},"query-input":{"@type":"PropertyValueSpecification","valueRequired":true,"valueName":"search_term_string"}}],"inLanguage":"es"},{"@type":"Organization","@id":"https:\/\/iraurgiberritzen.eus\/es\/#organization","name":"Iraurgi Berritzen","url":"https:\/\/iraurgiberritzen.eus\/es\/","logo":{"@type":"ImageObject","inLanguage":"es","@id":"https:\/\/iraurgiberritzen.eus\/es\/#\/schema\/logo\/image\/","url":"https:\/\/iraurgiberritzen.eus\/wp-content\/uploads\/2024\/02\/IRAURGI-BERRITZEN-logotipoa_2.png","contentUrl":"https:\/\/iraurgiberritzen.eus\/wp-content\/uploads\/2024\/02\/IRAURGI-BERRITZEN-logotipoa_2.png","width":496,"height":190,"caption":"Iraurgi Berritzen"},"image":{"@id":"https:\/\/iraurgiberritzen.eus\/es\/#\/schema\/logo\/image\/"}},{"@type":"Person","@id":"https:\/\/iraurgiberritzen.eus\/es\/#\/schema\/person\/5ab41aaf388a9097177601ebf45738d2","name":"kudeatzailea","sameAs":["https:\/\/iraurgiberritzen.eus"]}]}},"_links":{"self":[{"href":"https:\/\/iraurgiberritzen.eus\/es\/wp-json\/wp\/v2\/posts\/12657","targetHints":{"allow":["GET"]}}],"collection":[{"href":"https:\/\/iraurgiberritzen.eus\/es\/wp-json\/wp\/v2\/posts"}],"about":[{"href":"https:\/\/iraurgiberritzen.eus\/es\/wp-json\/wp\/v2\/types\/post"}],"author":[{"embeddable":true,"href":"https:\/\/iraurgiberritzen.eus\/es\/wp-json\/wp\/v2\/users\/1"}],"replies":[{"embeddable":true,"href":"https:\/\/iraurgiberritzen.eus\/es\/wp-json\/wp\/v2\/comments?post=12657"}],"version-history":[{"count":0,"href":"https:\/\/iraurgiberritzen.eus\/es\/wp-json\/wp\/v2\/posts\/12657\/revisions"}],"wp:featuredmedia":[{"embeddable":true,"href":"https:\/\/iraurgiberritzen.eus\/es\/wp-json\/wp\/v2\/media\/17807"}],"wp:attachment":[{"href":"https:\/\/iraurgiberritzen.eus\/es\/wp-json\/wp\/v2\/media?parent=12657"}],"wp:term":[{"taxonomy":"category","embeddable":true,"href":"https:\/\/iraurgiberritzen.eus\/es\/wp-json\/wp\/v2\/categories?post=12657"},{"taxonomy":"post_tag","embeddable":true,"href":"https:\/\/iraurgiberritzen.eus\/es\/wp-json\/wp\/v2\/tags?post=12657"}],"curies":[{"name":"wp","href":"https:\/\/api.w.org\/{rel}","templated":true}]}}