{"id":12660,"date":"2019-06-28T11:03:52","date_gmt":"2019-06-28T09:03:52","guid":{"rendered":"https:\/\/iraurgiberritzen.eus\/encuentro-de-enpresa-gunea-empresas-promoviendo-en-cooperacion-nuevos-proyectos\/"},"modified":"2019-06-28T11:03:52","modified_gmt":"2019-06-28T09:03:52","slug":"encuentro-de-enpresa-gunea-empresas-promoviendo-en-cooperacion-nuevos-proyectos","status":"publish","type":"post","link":"https:\/\/iraurgiberritzen.eus\/es\/encuentro-de-enpresa-gunea-empresas-promoviendo-en-cooperacion-nuevos-proyectos\/","title":{"rendered":"Encuentro de Enpresa Gunea: Empresas promoviendo en cooperaci\u00f3n nuevos proyectos"},"content":{"rendered":"<p style=\"text-align: justify;\">El pasado 28 de junio, se ha celebrado el encuentro del Foro de Empresas de Urola Erdia, para realizar el seguimiento de proyectos que se est\u00e1n desarrollando con las empresas, as\u00ed como promover nuevas iniciativas.<\/p>\n<p style=\"text-align: justify;\">En los pr\u00f3ximos meses, desde IB Empresa, se seguir\u00e1n impulsando proyectos dirigidos a las empresas de la comarca:<\/p>\n<ol style=\"text-align: justify;\">\n<li>Jornadas de sensibilizaci\u00f3n y compartici\u00f3n de experiencias en torno a diferentes temas (transformaci\u00f3n y estrategia digital, ciberseguridad, impulso de igualdad de g\u00e9nero).<\/li>\n<li>Nuevas actividades y grupos de trabajo para la promoci\u00f3n de nuevas tecnolog\u00edas.<\/li>\n<li>Capacitaci\u00f3n de trabajadores de empresas, a trav\u00e9s de formaci\u00f3n orientada a implantaci\u00f3n de proyectos piloto en \u00e1mbitos identificados por las empresas (ventas, estrategia, innovaci\u00f3n, personas..).<\/li>\n<\/ol>\n<p style=\"text-align: justify;\">En el encuentro fueron tambi\u00e9n objeto de an\u00e1lisis, la aprobaci\u00f3n de considerar Enpresa Gunea, la Mesa de Promoci\u00f3n Econ\u00f3mica de Urola Erdia, en el marco de la gobernanza que impulsa la Diputaci\u00f3n Foral de Gipuzkoa, y factores que se est\u00e1n impulsando y se deben incentivar para la mejora de la calidad de empleo en la comarca.<\/p>\n<p style=\"text-align: justify;\">Por otra parte, siendo cr\u00edtico fomentar la cooperaci\u00f3n con otros agentes, se realiz\u00f3 el seguimiento y la valoraci\u00f3n positiva de las diferentes iniciativas que est\u00e1n en marcha en cooperaci\u00f3n con la Formaci\u00f3n Profesional Izarraitz, (cursos de compromiso de contrataci\u00f3n); centros educativos (Elkarrekin Eraikitzen, Gerolan) y los ayuntamientos.<\/p>\n<p style=\"text-align: center;\"><img decoding=\"async\" style=\"text-align: center;\" src=\"images\/Enpresa_Gunea_2019_Logoak.png\" alt=\"Enpresa_Gunea_2019_Logoak.png\" \/><\/p>\n","protected":false},"excerpt":{"rendered":"<p>El pasado 28 de junio, se ha celebrado el encuentro del Foro de Empresas de Urola Erdia, para realizar el seguimiento de proyectos que se est\u00e1n desarrollando con las empresas, as\u00ed como promover nuevas iniciativas. En los pr\u00f3ximos meses, desde IB Empresa, se seguir\u00e1n impulsando proyectos dirigidos a las empresas de la comarca: Jornadas de [&hellip;]<\/p>\n","protected":false},"author":1,"featured_media":17789,"comment_status":"","ping_status":"closed","sticky":false,"template":"","format":"standard","meta":{"_acf_changed":false,"footnotes":""},"categories":[4],"tags":[],"class_list":["post-12660","post","type-post","status-publish","format-standard","has-post-thumbnail","hentry","category-noticias"],"acf":[],"yoast_head":"<!-- This site is optimized with the Yoast SEO plugin v27.4 - https:\/\/yoast.com\/product\/yoast-seo-wordpress\/ -->\n<title>Encuentro de Enpresa Gunea: Empresas promoviendo en cooperaci\u00f3n nuevos proyectos - Iraurgi Berritzen<\/title>\n<meta name=\"robots\" content=\"index, follow, max-snippet:-1, max-image-preview:large, max-video-preview:-1\" \/>\n<link rel=\"canonical\" href=\"https:\/\/iraurgiberritzen.eus\/es\/encuentro-de-enpresa-gunea-empresas-promoviendo-en-cooperacion-nuevos-proyectos\/\" \/>\n<meta property=\"og:locale\" content=\"es_ES\" \/>\n<meta property=\"og:type\" content=\"article\" \/>\n<meta property=\"og:title\" content=\"Encuentro de Enpresa Gunea: Empresas promoviendo en cooperaci\u00f3n nuevos proyectos - Iraurgi Berritzen\" \/>\n<meta property=\"og:description\" content=\"El pasado 28 de junio, se ha celebrado el encuentro del Foro de Empresas de Urola Erdia, para realizar el seguimiento de proyectos que se est\u00e1n desarrollando con las empresas, as\u00ed como promover nuevas iniciativas. En los pr\u00f3ximos meses, desde IB Empresa, se seguir\u00e1n impulsando proyectos dirigidos a las empresas de la comarca: Jornadas de [&hellip;]\" \/>\n<meta property=\"og:url\" content=\"https:\/\/iraurgiberritzen.eus\/es\/encuentro-de-enpresa-gunea-empresas-promoviendo-en-cooperacion-nuevos-proyectos\/\" \/>\n<meta property=\"og:site_name\" content=\"Iraurgi Berritzen\" \/>\n<meta property=\"article:published_time\" content=\"2019-06-28T09:03:52+00:00\" \/>\n<meta name=\"author\" content=\"kudeatzailea\" \/>\n<meta name=\"twitter:card\" content=\"summary_large_image\" \/>\n<meta name=\"twitter:label1\" content=\"Escrito por\" \/>\n\t<meta name=\"twitter:data1\" content=\"kudeatzailea\" \/>\n\t<meta name=\"twitter:label2\" content=\"Tiempo de lectura\" \/>\n\t<meta name=\"twitter:data2\" content=\"1 minuto\" \/>\n<script type=\"application\/ld+json\" class=\"yoast-schema-graph\">{\"@context\":\"https:\\\/\\\/schema.org\",\"@graph\":[{\"@type\":\"Article\",\"@id\":\"https:\\\/\\\/iraurgiberritzen.eus\\\/es\\\/encuentro-de-enpresa-gunea-empresas-promoviendo-en-cooperacion-nuevos-proyectos\\\/#article\",\"isPartOf\":{\"@id\":\"https:\\\/\\\/iraurgiberritzen.eus\\\/es\\\/encuentro-de-enpresa-gunea-empresas-promoviendo-en-cooperacion-nuevos-proyectos\\\/\"},\"author\":{\"name\":\"kudeatzailea\",\"@id\":\"https:\\\/\\\/iraurgiberritzen.eus\\\/es\\\/#\\\/schema\\\/person\\\/5ab41aaf388a9097177601ebf45738d2\"},\"headline\":\"Encuentro de Enpresa Gunea: Empresas promoviendo en cooperaci\u00f3n nuevos proyectos\",\"datePublished\":\"2019-06-28T09:03:52+00:00\",\"mainEntityOfPage\":{\"@id\":\"https:\\\/\\\/iraurgiberritzen.eus\\\/es\\\/encuentro-de-enpresa-gunea-empresas-promoviendo-en-cooperacion-nuevos-proyectos\\\/\"},\"wordCount\":253,\"publisher\":{\"@id\":\"https:\\\/\\\/iraurgiberritzen.eus\\\/es\\\/#organization\"},\"image\":{\"@id\":\"https:\\\/\\\/iraurgiberritzen.eus\\\/es\\\/encuentro-de-enpresa-gunea-empresas-promoviendo-en-cooperacion-nuevos-proyectos\\\/#primaryimage\"},\"thumbnailUrl\":\"https:\\\/\\\/iraurgiberritzen.eus\\\/wp-content\\\/uploads\\\/2023\\\/09\\\/1e8d6dc02986e7e13576b16a6f372759.jpg\",\"articleSection\":[\"Noticias\"],\"inLanguage\":\"es\"},{\"@type\":\"WebPage\",\"@id\":\"https:\\\/\\\/iraurgiberritzen.eus\\\/es\\\/encuentro-de-enpresa-gunea-empresas-promoviendo-en-cooperacion-nuevos-proyectos\\\/\",\"url\":\"https:\\\/\\\/iraurgiberritzen.eus\\\/es\\\/encuentro-de-enpresa-gunea-empresas-promoviendo-en-cooperacion-nuevos-proyectos\\\/\",\"name\":\"Encuentro de Enpresa Gunea: Empresas promoviendo en cooperaci\u00f3n nuevos proyectos - Iraurgi Berritzen\",\"isPartOf\":{\"@id\":\"https:\\\/\\\/iraurgiberritzen.eus\\\/es\\\/#website\"},\"primaryImageOfPage\":{\"@id\":\"https:\\\/\\\/iraurgiberritzen.eus\\\/es\\\/encuentro-de-enpresa-gunea-empresas-promoviendo-en-cooperacion-nuevos-proyectos\\\/#primaryimage\"},\"image\":{\"@id\":\"https:\\\/\\\/iraurgiberritzen.eus\\\/es\\\/encuentro-de-enpresa-gunea-empresas-promoviendo-en-cooperacion-nuevos-proyectos\\\/#primaryimage\"},\"thumbnailUrl\":\"https:\\\/\\\/iraurgiberritzen.eus\\\/wp-content\\\/uploads\\\/2023\\\/09\\\/1e8d6dc02986e7e13576b16a6f372759.jpg\",\"datePublished\":\"2019-06-28T09:03:52+00:00\",\"breadcrumb\":{\"@id\":\"https:\\\/\\\/iraurgiberritzen.eus\\\/es\\\/encuentro-de-enpresa-gunea-empresas-promoviendo-en-cooperacion-nuevos-proyectos\\\/#breadcrumb\"},\"inLanguage\":\"es\",\"potentialAction\":[{\"@type\":\"ReadAction\",\"target\":[\"https:\\\/\\\/iraurgiberritzen.eus\\\/es\\\/encuentro-de-enpresa-gunea-empresas-promoviendo-en-cooperacion-nuevos-proyectos\\\/\"]}]},{\"@type\":\"ImageObject\",\"inLanguage\":\"es\",\"@id\":\"https:\\\/\\\/iraurgiberritzen.eus\\\/es\\\/encuentro-de-enpresa-gunea-empresas-promoviendo-en-cooperacion-nuevos-proyectos\\\/#primaryimage\",\"url\":\"https:\\\/\\\/iraurgiberritzen.eus\\\/wp-content\\\/uploads\\\/2023\\\/09\\\/1e8d6dc02986e7e13576b16a6f372759.jpg\",\"contentUrl\":\"https:\\\/\\\/iraurgiberritzen.eus\\\/wp-content\\\/uploads\\\/2023\\\/09\\\/1e8d6dc02986e7e13576b16a6f372759.jpg\",\"width\":600,\"height\":386},{\"@type\":\"BreadcrumbList\",\"@id\":\"https:\\\/\\\/iraurgiberritzen.eus\\\/es\\\/encuentro-de-enpresa-gunea-empresas-promoviendo-en-cooperacion-nuevos-proyectos\\\/#breadcrumb\",\"itemListElement\":[{\"@type\":\"ListItem\",\"position\":1,\"name\":\"Home\",\"item\":\"https:\\\/\\\/iraurgiberritzen.eus\\\/es\\\/\"},{\"@type\":\"ListItem\",\"position\":2,\"name\":\"Encuentro de Enpresa Gunea: Empresas promoviendo en cooperaci\u00f3n nuevos proyectos\"}]},{\"@type\":\"WebSite\",\"@id\":\"https:\\\/\\\/iraurgiberritzen.eus\\\/es\\\/#website\",\"url\":\"https:\\\/\\\/iraurgiberritzen.eus\\\/es\\\/\",\"name\":\"Iraurgi Berritzen\",\"description\":\"Urola Erdiko Garapen Agentzia\",\"publisher\":{\"@id\":\"https:\\\/\\\/iraurgiberritzen.eus\\\/es\\\/#organization\"},\"potentialAction\":[{\"@type\":\"SearchAction\",\"target\":{\"@type\":\"EntryPoint\",\"urlTemplate\":\"https:\\\/\\\/iraurgiberritzen.eus\\\/es\\\/?s={search_term_string}\"},\"query-input\":{\"@type\":\"PropertyValueSpecification\",\"valueRequired\":true,\"valueName\":\"search_term_string\"}}],\"inLanguage\":\"es\"},{\"@type\":\"Organization\",\"@id\":\"https:\\\/\\\/iraurgiberritzen.eus\\\/es\\\/#organization\",\"name\":\"Iraurgi Berritzen\",\"url\":\"https:\\\/\\\/iraurgiberritzen.eus\\\/es\\\/\",\"logo\":{\"@type\":\"ImageObject\",\"inLanguage\":\"es\",\"@id\":\"https:\\\/\\\/iraurgiberritzen.eus\\\/es\\\/#\\\/schema\\\/logo\\\/image\\\/\",\"url\":\"https:\\\/\\\/iraurgiberritzen.eus\\\/wp-content\\\/uploads\\\/2024\\\/02\\\/IRAURGI-BERRITZEN-logotipoa_2.png\",\"contentUrl\":\"https:\\\/\\\/iraurgiberritzen.eus\\\/wp-content\\\/uploads\\\/2024\\\/02\\\/IRAURGI-BERRITZEN-logotipoa_2.png\",\"width\":496,\"height\":190,\"caption\":\"Iraurgi Berritzen\"},\"image\":{\"@id\":\"https:\\\/\\\/iraurgiberritzen.eus\\\/es\\\/#\\\/schema\\\/logo\\\/image\\\/\"}},{\"@type\":\"Person\",\"@id\":\"https:\\\/\\\/iraurgiberritzen.eus\\\/es\\\/#\\\/schema\\\/person\\\/5ab41aaf388a9097177601ebf45738d2\",\"name\":\"kudeatzailea\",\"sameAs\":[\"https:\\\/\\\/iraurgiberritzen.eus\"]}]}<\/script>\n<!-- \/ Yoast SEO plugin. -->","yoast_head_json":{"title":"Encuentro de Enpresa Gunea: Empresas promoviendo en cooperaci\u00f3n nuevos proyectos - Iraurgi Berritzen","robots":{"index":"index","follow":"follow","max-snippet":"max-snippet:-1","max-image-preview":"max-image-preview:large","max-video-preview":"max-video-preview:-1"},"canonical":"https:\/\/iraurgiberritzen.eus\/es\/encuentro-de-enpresa-gunea-empresas-promoviendo-en-cooperacion-nuevos-proyectos\/","og_locale":"es_ES","og_type":"article","og_title":"Encuentro de Enpresa Gunea: Empresas promoviendo en cooperaci\u00f3n nuevos proyectos - Iraurgi Berritzen","og_description":"El pasado 28 de junio, se ha celebrado el encuentro del Foro de Empresas de Urola Erdia, para realizar el seguimiento de proyectos que se est\u00e1n desarrollando con las empresas, as\u00ed como promover nuevas iniciativas. En los pr\u00f3ximos meses, desde IB Empresa, se seguir\u00e1n impulsando proyectos dirigidos a las empresas de la comarca: Jornadas de [&hellip;]","og_url":"https:\/\/iraurgiberritzen.eus\/es\/encuentro-de-enpresa-gunea-empresas-promoviendo-en-cooperacion-nuevos-proyectos\/","og_site_name":"Iraurgi Berritzen","article_published_time":"2019-06-28T09:03:52+00:00","author":"kudeatzailea","twitter_card":"summary_large_image","twitter_misc":{"Escrito por":"kudeatzailea","Tiempo de lectura":"1 minuto"},"schema":{"@context":"https:\/\/schema.org","@graph":[{"@type":"Article","@id":"https:\/\/iraurgiberritzen.eus\/es\/encuentro-de-enpresa-gunea-empresas-promoviendo-en-cooperacion-nuevos-proyectos\/#article","isPartOf":{"@id":"https:\/\/iraurgiberritzen.eus\/es\/encuentro-de-enpresa-gunea-empresas-promoviendo-en-cooperacion-nuevos-proyectos\/"},"author":{"name":"kudeatzailea","@id":"https:\/\/iraurgiberritzen.eus\/es\/#\/schema\/person\/5ab41aaf388a9097177601ebf45738d2"},"headline":"Encuentro de Enpresa Gunea: Empresas promoviendo en cooperaci\u00f3n nuevos proyectos","datePublished":"2019-06-28T09:03:52+00:00","mainEntityOfPage":{"@id":"https:\/\/iraurgiberritzen.eus\/es\/encuentro-de-enpresa-gunea-empresas-promoviendo-en-cooperacion-nuevos-proyectos\/"},"wordCount":253,"publisher":{"@id":"https:\/\/iraurgiberritzen.eus\/es\/#organization"},"image":{"@id":"https:\/\/iraurgiberritzen.eus\/es\/encuentro-de-enpresa-gunea-empresas-promoviendo-en-cooperacion-nuevos-proyectos\/#primaryimage"},"thumbnailUrl":"https:\/\/iraurgiberritzen.eus\/wp-content\/uploads\/2023\/09\/1e8d6dc02986e7e13576b16a6f372759.jpg","articleSection":["Noticias"],"inLanguage":"es"},{"@type":"WebPage","@id":"https:\/\/iraurgiberritzen.eus\/es\/encuentro-de-enpresa-gunea-empresas-promoviendo-en-cooperacion-nuevos-proyectos\/","url":"https:\/\/iraurgiberritzen.eus\/es\/encuentro-de-enpresa-gunea-empresas-promoviendo-en-cooperacion-nuevos-proyectos\/","name":"Encuentro de Enpresa Gunea: Empresas promoviendo en cooperaci\u00f3n nuevos proyectos - Iraurgi Berritzen","isPartOf":{"@id":"https:\/\/iraurgiberritzen.eus\/es\/#website"},"primaryImageOfPage":{"@id":"https:\/\/iraurgiberritzen.eus\/es\/encuentro-de-enpresa-gunea-empresas-promoviendo-en-cooperacion-nuevos-proyectos\/#primaryimage"},"image":{"@id":"https:\/\/iraurgiberritzen.eus\/es\/encuentro-de-enpresa-gunea-empresas-promoviendo-en-cooperacion-nuevos-proyectos\/#primaryimage"},"thumbnailUrl":"https:\/\/iraurgiberritzen.eus\/wp-content\/uploads\/2023\/09\/1e8d6dc02986e7e13576b16a6f372759.jpg","datePublished":"2019-06-28T09:03:52+00:00","breadcrumb":{"@id":"https:\/\/iraurgiberritzen.eus\/es\/encuentro-de-enpresa-gunea-empresas-promoviendo-en-cooperacion-nuevos-proyectos\/#breadcrumb"},"inLanguage":"es","potentialAction":[{"@type":"ReadAction","target":["https:\/\/iraurgiberritzen.eus\/es\/encuentro-de-enpresa-gunea-empresas-promoviendo-en-cooperacion-nuevos-proyectos\/"]}]},{"@type":"ImageObject","inLanguage":"es","@id":"https:\/\/iraurgiberritzen.eus\/es\/encuentro-de-enpresa-gunea-empresas-promoviendo-en-cooperacion-nuevos-proyectos\/#primaryimage","url":"https:\/\/iraurgiberritzen.eus\/wp-content\/uploads\/2023\/09\/1e8d6dc02986e7e13576b16a6f372759.jpg","contentUrl":"https:\/\/iraurgiberritzen.eus\/wp-content\/uploads\/2023\/09\/1e8d6dc02986e7e13576b16a6f372759.jpg","width":600,"height":386},{"@type":"BreadcrumbList","@id":"https:\/\/iraurgiberritzen.eus\/es\/encuentro-de-enpresa-gunea-empresas-promoviendo-en-cooperacion-nuevos-proyectos\/#breadcrumb","itemListElement":[{"@type":"ListItem","position":1,"name":"Home","item":"https:\/\/iraurgiberritzen.eus\/es\/"},{"@type":"ListItem","position":2,"name":"Encuentro de Enpresa Gunea: Empresas promoviendo en cooperaci\u00f3n nuevos proyectos"}]},{"@type":"WebSite","@id":"https:\/\/iraurgiberritzen.eus\/es\/#website","url":"https:\/\/iraurgiberritzen.eus\/es\/","name":"Iraurgi Berritzen","description":"Urola Erdiko Garapen Agentzia","publisher":{"@id":"https:\/\/iraurgiberritzen.eus\/es\/#organization"},"potentialAction":[{"@type":"SearchAction","target":{"@type":"EntryPoint","urlTemplate":"https:\/\/iraurgiberritzen.eus\/es\/?s={search_term_string}"},"query-input":{"@type":"PropertyValueSpecification","valueRequired":true,"valueName":"search_term_string"}}],"inLanguage":"es"},{"@type":"Organization","@id":"https:\/\/iraurgiberritzen.eus\/es\/#organization","name":"Iraurgi Berritzen","url":"https:\/\/iraurgiberritzen.eus\/es\/","logo":{"@type":"ImageObject","inLanguage":"es","@id":"https:\/\/iraurgiberritzen.eus\/es\/#\/schema\/logo\/image\/","url":"https:\/\/iraurgiberritzen.eus\/wp-content\/uploads\/2024\/02\/IRAURGI-BERRITZEN-logotipoa_2.png","contentUrl":"https:\/\/iraurgiberritzen.eus\/wp-content\/uploads\/2024\/02\/IRAURGI-BERRITZEN-logotipoa_2.png","width":496,"height":190,"caption":"Iraurgi Berritzen"},"image":{"@id":"https:\/\/iraurgiberritzen.eus\/es\/#\/schema\/logo\/image\/"}},{"@type":"Person","@id":"https:\/\/iraurgiberritzen.eus\/es\/#\/schema\/person\/5ab41aaf388a9097177601ebf45738d2","name":"kudeatzailea","sameAs":["https:\/\/iraurgiberritzen.eus"]}]}},"_links":{"self":[{"href":"https:\/\/iraurgiberritzen.eus\/es\/wp-json\/wp\/v2\/posts\/12660","targetHints":{"allow":["GET"]}}],"collection":[{"href":"https:\/\/iraurgiberritzen.eus\/es\/wp-json\/wp\/v2\/posts"}],"about":[{"href":"https:\/\/iraurgiberritzen.eus\/es\/wp-json\/wp\/v2\/types\/post"}],"author":[{"embeddable":true,"href":"https:\/\/iraurgiberritzen.eus\/es\/wp-json\/wp\/v2\/users\/1"}],"replies":[{"embeddable":true,"href":"https:\/\/iraurgiberritzen.eus\/es\/wp-json\/wp\/v2\/comments?post=12660"}],"version-history":[{"count":0,"href":"https:\/\/iraurgiberritzen.eus\/es\/wp-json\/wp\/v2\/posts\/12660\/revisions"}],"wp:featuredmedia":[{"embeddable":true,"href":"https:\/\/iraurgiberritzen.eus\/es\/wp-json\/wp\/v2\/media\/17789"}],"wp:attachment":[{"href":"https:\/\/iraurgiberritzen.eus\/es\/wp-json\/wp\/v2\/media?parent=12660"}],"wp:term":[{"taxonomy":"category","embeddable":true,"href":"https:\/\/iraurgiberritzen.eus\/es\/wp-json\/wp\/v2\/categories?post=12660"},{"taxonomy":"post_tag","embeddable":true,"href":"https:\/\/iraurgiberritzen.eus\/es\/wp-json\/wp\/v2\/tags?post=12660"}],"curies":[{"name":"wp","href":"https:\/\/api.w.org\/{rel}","templated":true}]}}