{"id":12666,"date":"2019-06-26T06:00:30","date_gmt":"2019-06-26T04:00:30","guid":{"rendered":"https:\/\/iraurgiberritzen.eus\/jornadas-de-informacion-y-sensibilizacion-dirigidas-a-los-establecimientos-turisticos-de-urola-erdia\/"},"modified":"2019-06-26T06:00:30","modified_gmt":"2019-06-26T04:00:30","slug":"jornadas-de-informacion-y-sensibilizacion-dirigidas-a-los-establecimientos-turisticos-de-urola-erdia","status":"publish","type":"post","link":"https:\/\/iraurgiberritzen.eus\/es\/jornadas-de-informacion-y-sensibilizacion-dirigidas-a-los-establecimientos-turisticos-de-urola-erdia\/","title":{"rendered":"Jornadas de informaci\u00f3n y sensibilizaci\u00f3n dirigidas a los establecimientos tur\u00edsticos de Urola Erdia"},"content":{"rendered":"<p style=\"text-align: justify;\">Han sido 11 los establecimientos tur\u00edsticos de Urola Erdia que han participado en las jornadas de informaci\u00f3n y sensibilizaci\u00f3n organizados por Iraurgi Berritzen en el Palacio Intsausti el 18 de Junio, y en el Palacio Basazabal el d\u00eda 20.<\/p>\n<p style=\"text-align: justify;\">El objeto de estas jornadas ha sido dar cumplida cuenta a los diversos agentes tur\u00edsticos de la comarca acerca de la oferta tur\u00edstica del lugar, con el objetivo de:<\/p>\n<ul>\n<li style=\"text-align: justify;\">Sensibilizar a los establecimientos sobre la oferta y actividad tur\u00edstica de la comarca.<\/li>\n<li style=\"text-align: justify;\">Tejer una red de prescriptores y colaboradores entre ellos.<\/li>\n<\/ul>\n<p style=\"text-align: justify;\">Los participantes han valorado de manera positiva el desarrollo de estas jornadas, haciendo hincapi\u00e9 en la importancia de seguir organizando actividades de este tipo en aras de fortalecer esta red de colaboraci\u00f3n.<\/p>\n","protected":false},"excerpt":{"rendered":"<p>Han sido 11 los establecimientos tur\u00edsticos de Urola Erdia que han participado en las jornadas de informaci\u00f3n y sensibilizaci\u00f3n organizados por Iraurgi Berritzen en el Palacio Intsausti el 18 de Junio, y en el Palacio Basazabal el d\u00eda 20. El objeto de estas jornadas ha sido dar cumplida cuenta a los diversos agentes tur\u00edsticos de [&hellip;]<\/p>\n","protected":false},"author":1,"featured_media":17791,"comment_status":"","ping_status":"closed","sticky":false,"template":"","format":"standard","meta":{"_acf_changed":false,"footnotes":""},"categories":[4],"tags":[],"class_list":["post-12666","post","type-post","status-publish","format-standard","has-post-thumbnail","hentry","category-noticias"],"acf":[],"yoast_head":"<!-- This site is optimized with the Yoast SEO plugin v27.4 - https:\/\/yoast.com\/product\/yoast-seo-wordpress\/ -->\n<title>Jornadas de informaci\u00f3n y sensibilizaci\u00f3n dirigidas a los establecimientos tur\u00edsticos de Urola Erdia - Iraurgi Berritzen<\/title>\n<meta name=\"robots\" content=\"index, follow, max-snippet:-1, max-image-preview:large, max-video-preview:-1\" \/>\n<link rel=\"canonical\" href=\"https:\/\/iraurgiberritzen.eus\/es\/jornadas-de-informacion-y-sensibilizacion-dirigidas-a-los-establecimientos-turisticos-de-urola-erdia\/\" \/>\n<meta property=\"og:locale\" content=\"es_ES\" \/>\n<meta property=\"og:type\" content=\"article\" \/>\n<meta property=\"og:title\" content=\"Jornadas de informaci\u00f3n y sensibilizaci\u00f3n dirigidas a los establecimientos tur\u00edsticos de Urola Erdia - Iraurgi Berritzen\" \/>\n<meta property=\"og:description\" content=\"Han sido 11 los establecimientos tur\u00edsticos de Urola Erdia que han participado en las jornadas de informaci\u00f3n y sensibilizaci\u00f3n organizados por Iraurgi Berritzen en el Palacio Intsausti el 18 de Junio, y en el Palacio Basazabal el d\u00eda 20. El objeto de estas jornadas ha sido dar cumplida cuenta a los diversos agentes tur\u00edsticos de [&hellip;]\" \/>\n<meta property=\"og:url\" content=\"https:\/\/iraurgiberritzen.eus\/es\/jornadas-de-informacion-y-sensibilizacion-dirigidas-a-los-establecimientos-turisticos-de-urola-erdia\/\" \/>\n<meta property=\"og:site_name\" content=\"Iraurgi Berritzen\" \/>\n<meta property=\"article:published_time\" content=\"2019-06-26T04:00:30+00:00\" \/>\n<meta name=\"author\" content=\"kudeatzailea\" \/>\n<meta name=\"twitter:card\" content=\"summary_large_image\" \/>\n<meta name=\"twitter:label1\" content=\"Escrito por\" \/>\n\t<meta name=\"twitter:data1\" content=\"kudeatzailea\" \/>\n\t<meta name=\"twitter:label2\" content=\"Tiempo de lectura\" \/>\n\t<meta name=\"twitter:data2\" content=\"1 minuto\" \/>\n<script type=\"application\/ld+json\" class=\"yoast-schema-graph\">{\"@context\":\"https:\\\/\\\/schema.org\",\"@graph\":[{\"@type\":\"Article\",\"@id\":\"https:\\\/\\\/iraurgiberritzen.eus\\\/es\\\/jornadas-de-informacion-y-sensibilizacion-dirigidas-a-los-establecimientos-turisticos-de-urola-erdia\\\/#article\",\"isPartOf\":{\"@id\":\"https:\\\/\\\/iraurgiberritzen.eus\\\/es\\\/jornadas-de-informacion-y-sensibilizacion-dirigidas-a-los-establecimientos-turisticos-de-urola-erdia\\\/\"},\"author\":{\"name\":\"kudeatzailea\",\"@id\":\"https:\\\/\\\/iraurgiberritzen.eus\\\/es\\\/#\\\/schema\\\/person\\\/5ab41aaf388a9097177601ebf45738d2\"},\"headline\":\"Jornadas de informaci\u00f3n y sensibilizaci\u00f3n dirigidas a los establecimientos tur\u00edsticos de Urola Erdia\",\"datePublished\":\"2019-06-26T04:00:30+00:00\",\"mainEntityOfPage\":{\"@id\":\"https:\\\/\\\/iraurgiberritzen.eus\\\/es\\\/jornadas-de-informacion-y-sensibilizacion-dirigidas-a-los-establecimientos-turisticos-de-urola-erdia\\\/\"},\"wordCount\":143,\"publisher\":{\"@id\":\"https:\\\/\\\/iraurgiberritzen.eus\\\/es\\\/#organization\"},\"image\":{\"@id\":\"https:\\\/\\\/iraurgiberritzen.eus\\\/es\\\/jornadas-de-informacion-y-sensibilizacion-dirigidas-a-los-establecimientos-turisticos-de-urola-erdia\\\/#primaryimage\"},\"thumbnailUrl\":\"https:\\\/\\\/iraurgiberritzen.eus\\\/wp-content\\\/uploads\\\/2023\\\/09\\\/4602f2f5153477027a754713438bf3d0.jpg\",\"articleSection\":[\"Noticias\"],\"inLanguage\":\"es\"},{\"@type\":\"WebPage\",\"@id\":\"https:\\\/\\\/iraurgiberritzen.eus\\\/es\\\/jornadas-de-informacion-y-sensibilizacion-dirigidas-a-los-establecimientos-turisticos-de-urola-erdia\\\/\",\"url\":\"https:\\\/\\\/iraurgiberritzen.eus\\\/es\\\/jornadas-de-informacion-y-sensibilizacion-dirigidas-a-los-establecimientos-turisticos-de-urola-erdia\\\/\",\"name\":\"Jornadas de informaci\u00f3n y sensibilizaci\u00f3n dirigidas a los establecimientos tur\u00edsticos de Urola Erdia - Iraurgi Berritzen\",\"isPartOf\":{\"@id\":\"https:\\\/\\\/iraurgiberritzen.eus\\\/es\\\/#website\"},\"primaryImageOfPage\":{\"@id\":\"https:\\\/\\\/iraurgiberritzen.eus\\\/es\\\/jornadas-de-informacion-y-sensibilizacion-dirigidas-a-los-establecimientos-turisticos-de-urola-erdia\\\/#primaryimage\"},\"image\":{\"@id\":\"https:\\\/\\\/iraurgiberritzen.eus\\\/es\\\/jornadas-de-informacion-y-sensibilizacion-dirigidas-a-los-establecimientos-turisticos-de-urola-erdia\\\/#primaryimage\"},\"thumbnailUrl\":\"https:\\\/\\\/iraurgiberritzen.eus\\\/wp-content\\\/uploads\\\/2023\\\/09\\\/4602f2f5153477027a754713438bf3d0.jpg\",\"datePublished\":\"2019-06-26T04:00:30+00:00\",\"breadcrumb\":{\"@id\":\"https:\\\/\\\/iraurgiberritzen.eus\\\/es\\\/jornadas-de-informacion-y-sensibilizacion-dirigidas-a-los-establecimientos-turisticos-de-urola-erdia\\\/#breadcrumb\"},\"inLanguage\":\"es\",\"potentialAction\":[{\"@type\":\"ReadAction\",\"target\":[\"https:\\\/\\\/iraurgiberritzen.eus\\\/es\\\/jornadas-de-informacion-y-sensibilizacion-dirigidas-a-los-establecimientos-turisticos-de-urola-erdia\\\/\"]}]},{\"@type\":\"ImageObject\",\"inLanguage\":\"es\",\"@id\":\"https:\\\/\\\/iraurgiberritzen.eus\\\/es\\\/jornadas-de-informacion-y-sensibilizacion-dirigidas-a-los-establecimientos-turisticos-de-urola-erdia\\\/#primaryimage\",\"url\":\"https:\\\/\\\/iraurgiberritzen.eus\\\/wp-content\\\/uploads\\\/2023\\\/09\\\/4602f2f5153477027a754713438bf3d0.jpg\",\"contentUrl\":\"https:\\\/\\\/iraurgiberritzen.eus\\\/wp-content\\\/uploads\\\/2023\\\/09\\\/4602f2f5153477027a754713438bf3d0.jpg\",\"width\":600,\"height\":386},{\"@type\":\"BreadcrumbList\",\"@id\":\"https:\\\/\\\/iraurgiberritzen.eus\\\/es\\\/jornadas-de-informacion-y-sensibilizacion-dirigidas-a-los-establecimientos-turisticos-de-urola-erdia\\\/#breadcrumb\",\"itemListElement\":[{\"@type\":\"ListItem\",\"position\":1,\"name\":\"Home\",\"item\":\"https:\\\/\\\/iraurgiberritzen.eus\\\/es\\\/\"},{\"@type\":\"ListItem\",\"position\":2,\"name\":\"Jornadas de informaci\u00f3n y sensibilizaci\u00f3n dirigidas a los establecimientos tur\u00edsticos de Urola Erdia\"}]},{\"@type\":\"WebSite\",\"@id\":\"https:\\\/\\\/iraurgiberritzen.eus\\\/es\\\/#website\",\"url\":\"https:\\\/\\\/iraurgiberritzen.eus\\\/es\\\/\",\"name\":\"Iraurgi Berritzen\",\"description\":\"Urola Erdiko Garapen Agentzia\",\"publisher\":{\"@id\":\"https:\\\/\\\/iraurgiberritzen.eus\\\/es\\\/#organization\"},\"potentialAction\":[{\"@type\":\"SearchAction\",\"target\":{\"@type\":\"EntryPoint\",\"urlTemplate\":\"https:\\\/\\\/iraurgiberritzen.eus\\\/es\\\/?s={search_term_string}\"},\"query-input\":{\"@type\":\"PropertyValueSpecification\",\"valueRequired\":true,\"valueName\":\"search_term_string\"}}],\"inLanguage\":\"es\"},{\"@type\":\"Organization\",\"@id\":\"https:\\\/\\\/iraurgiberritzen.eus\\\/es\\\/#organization\",\"name\":\"Iraurgi Berritzen\",\"url\":\"https:\\\/\\\/iraurgiberritzen.eus\\\/es\\\/\",\"logo\":{\"@type\":\"ImageObject\",\"inLanguage\":\"es\",\"@id\":\"https:\\\/\\\/iraurgiberritzen.eus\\\/es\\\/#\\\/schema\\\/logo\\\/image\\\/\",\"url\":\"https:\\\/\\\/iraurgiberritzen.eus\\\/wp-content\\\/uploads\\\/2024\\\/02\\\/IRAURGI-BERRITZEN-logotipoa_2.png\",\"contentUrl\":\"https:\\\/\\\/iraurgiberritzen.eus\\\/wp-content\\\/uploads\\\/2024\\\/02\\\/IRAURGI-BERRITZEN-logotipoa_2.png\",\"width\":496,\"height\":190,\"caption\":\"Iraurgi Berritzen\"},\"image\":{\"@id\":\"https:\\\/\\\/iraurgiberritzen.eus\\\/es\\\/#\\\/schema\\\/logo\\\/image\\\/\"}},{\"@type\":\"Person\",\"@id\":\"https:\\\/\\\/iraurgiberritzen.eus\\\/es\\\/#\\\/schema\\\/person\\\/5ab41aaf388a9097177601ebf45738d2\",\"name\":\"kudeatzailea\",\"sameAs\":[\"https:\\\/\\\/iraurgiberritzen.eus\"]}]}<\/script>\n<!-- \/ Yoast SEO plugin. -->","yoast_head_json":{"title":"Jornadas de informaci\u00f3n y sensibilizaci\u00f3n dirigidas a los establecimientos tur\u00edsticos de Urola Erdia - Iraurgi Berritzen","robots":{"index":"index","follow":"follow","max-snippet":"max-snippet:-1","max-image-preview":"max-image-preview:large","max-video-preview":"max-video-preview:-1"},"canonical":"https:\/\/iraurgiberritzen.eus\/es\/jornadas-de-informacion-y-sensibilizacion-dirigidas-a-los-establecimientos-turisticos-de-urola-erdia\/","og_locale":"es_ES","og_type":"article","og_title":"Jornadas de informaci\u00f3n y sensibilizaci\u00f3n dirigidas a los establecimientos tur\u00edsticos de Urola Erdia - Iraurgi Berritzen","og_description":"Han sido 11 los establecimientos tur\u00edsticos de Urola Erdia que han participado en las jornadas de informaci\u00f3n y sensibilizaci\u00f3n organizados por Iraurgi Berritzen en el Palacio Intsausti el 18 de Junio, y en el Palacio Basazabal el d\u00eda 20. El objeto de estas jornadas ha sido dar cumplida cuenta a los diversos agentes tur\u00edsticos de [&hellip;]","og_url":"https:\/\/iraurgiberritzen.eus\/es\/jornadas-de-informacion-y-sensibilizacion-dirigidas-a-los-establecimientos-turisticos-de-urola-erdia\/","og_site_name":"Iraurgi Berritzen","article_published_time":"2019-06-26T04:00:30+00:00","author":"kudeatzailea","twitter_card":"summary_large_image","twitter_misc":{"Escrito por":"kudeatzailea","Tiempo de lectura":"1 minuto"},"schema":{"@context":"https:\/\/schema.org","@graph":[{"@type":"Article","@id":"https:\/\/iraurgiberritzen.eus\/es\/jornadas-de-informacion-y-sensibilizacion-dirigidas-a-los-establecimientos-turisticos-de-urola-erdia\/#article","isPartOf":{"@id":"https:\/\/iraurgiberritzen.eus\/es\/jornadas-de-informacion-y-sensibilizacion-dirigidas-a-los-establecimientos-turisticos-de-urola-erdia\/"},"author":{"name":"kudeatzailea","@id":"https:\/\/iraurgiberritzen.eus\/es\/#\/schema\/person\/5ab41aaf388a9097177601ebf45738d2"},"headline":"Jornadas de informaci\u00f3n y sensibilizaci\u00f3n dirigidas a los establecimientos tur\u00edsticos de Urola Erdia","datePublished":"2019-06-26T04:00:30+00:00","mainEntityOfPage":{"@id":"https:\/\/iraurgiberritzen.eus\/es\/jornadas-de-informacion-y-sensibilizacion-dirigidas-a-los-establecimientos-turisticos-de-urola-erdia\/"},"wordCount":143,"publisher":{"@id":"https:\/\/iraurgiberritzen.eus\/es\/#organization"},"image":{"@id":"https:\/\/iraurgiberritzen.eus\/es\/jornadas-de-informacion-y-sensibilizacion-dirigidas-a-los-establecimientos-turisticos-de-urola-erdia\/#primaryimage"},"thumbnailUrl":"https:\/\/iraurgiberritzen.eus\/wp-content\/uploads\/2023\/09\/4602f2f5153477027a754713438bf3d0.jpg","articleSection":["Noticias"],"inLanguage":"es"},{"@type":"WebPage","@id":"https:\/\/iraurgiberritzen.eus\/es\/jornadas-de-informacion-y-sensibilizacion-dirigidas-a-los-establecimientos-turisticos-de-urola-erdia\/","url":"https:\/\/iraurgiberritzen.eus\/es\/jornadas-de-informacion-y-sensibilizacion-dirigidas-a-los-establecimientos-turisticos-de-urola-erdia\/","name":"Jornadas de informaci\u00f3n y sensibilizaci\u00f3n dirigidas a los establecimientos tur\u00edsticos de Urola Erdia - Iraurgi Berritzen","isPartOf":{"@id":"https:\/\/iraurgiberritzen.eus\/es\/#website"},"primaryImageOfPage":{"@id":"https:\/\/iraurgiberritzen.eus\/es\/jornadas-de-informacion-y-sensibilizacion-dirigidas-a-los-establecimientos-turisticos-de-urola-erdia\/#primaryimage"},"image":{"@id":"https:\/\/iraurgiberritzen.eus\/es\/jornadas-de-informacion-y-sensibilizacion-dirigidas-a-los-establecimientos-turisticos-de-urola-erdia\/#primaryimage"},"thumbnailUrl":"https:\/\/iraurgiberritzen.eus\/wp-content\/uploads\/2023\/09\/4602f2f5153477027a754713438bf3d0.jpg","datePublished":"2019-06-26T04:00:30+00:00","breadcrumb":{"@id":"https:\/\/iraurgiberritzen.eus\/es\/jornadas-de-informacion-y-sensibilizacion-dirigidas-a-los-establecimientos-turisticos-de-urola-erdia\/#breadcrumb"},"inLanguage":"es","potentialAction":[{"@type":"ReadAction","target":["https:\/\/iraurgiberritzen.eus\/es\/jornadas-de-informacion-y-sensibilizacion-dirigidas-a-los-establecimientos-turisticos-de-urola-erdia\/"]}]},{"@type":"ImageObject","inLanguage":"es","@id":"https:\/\/iraurgiberritzen.eus\/es\/jornadas-de-informacion-y-sensibilizacion-dirigidas-a-los-establecimientos-turisticos-de-urola-erdia\/#primaryimage","url":"https:\/\/iraurgiberritzen.eus\/wp-content\/uploads\/2023\/09\/4602f2f5153477027a754713438bf3d0.jpg","contentUrl":"https:\/\/iraurgiberritzen.eus\/wp-content\/uploads\/2023\/09\/4602f2f5153477027a754713438bf3d0.jpg","width":600,"height":386},{"@type":"BreadcrumbList","@id":"https:\/\/iraurgiberritzen.eus\/es\/jornadas-de-informacion-y-sensibilizacion-dirigidas-a-los-establecimientos-turisticos-de-urola-erdia\/#breadcrumb","itemListElement":[{"@type":"ListItem","position":1,"name":"Home","item":"https:\/\/iraurgiberritzen.eus\/es\/"},{"@type":"ListItem","position":2,"name":"Jornadas de informaci\u00f3n y sensibilizaci\u00f3n dirigidas a los establecimientos tur\u00edsticos de Urola Erdia"}]},{"@type":"WebSite","@id":"https:\/\/iraurgiberritzen.eus\/es\/#website","url":"https:\/\/iraurgiberritzen.eus\/es\/","name":"Iraurgi Berritzen","description":"Urola Erdiko Garapen Agentzia","publisher":{"@id":"https:\/\/iraurgiberritzen.eus\/es\/#organization"},"potentialAction":[{"@type":"SearchAction","target":{"@type":"EntryPoint","urlTemplate":"https:\/\/iraurgiberritzen.eus\/es\/?s={search_term_string}"},"query-input":{"@type":"PropertyValueSpecification","valueRequired":true,"valueName":"search_term_string"}}],"inLanguage":"es"},{"@type":"Organization","@id":"https:\/\/iraurgiberritzen.eus\/es\/#organization","name":"Iraurgi Berritzen","url":"https:\/\/iraurgiberritzen.eus\/es\/","logo":{"@type":"ImageObject","inLanguage":"es","@id":"https:\/\/iraurgiberritzen.eus\/es\/#\/schema\/logo\/image\/","url":"https:\/\/iraurgiberritzen.eus\/wp-content\/uploads\/2024\/02\/IRAURGI-BERRITZEN-logotipoa_2.png","contentUrl":"https:\/\/iraurgiberritzen.eus\/wp-content\/uploads\/2024\/02\/IRAURGI-BERRITZEN-logotipoa_2.png","width":496,"height":190,"caption":"Iraurgi Berritzen"},"image":{"@id":"https:\/\/iraurgiberritzen.eus\/es\/#\/schema\/logo\/image\/"}},{"@type":"Person","@id":"https:\/\/iraurgiberritzen.eus\/es\/#\/schema\/person\/5ab41aaf388a9097177601ebf45738d2","name":"kudeatzailea","sameAs":["https:\/\/iraurgiberritzen.eus"]}]}},"_links":{"self":[{"href":"https:\/\/iraurgiberritzen.eus\/es\/wp-json\/wp\/v2\/posts\/12666","targetHints":{"allow":["GET"]}}],"collection":[{"href":"https:\/\/iraurgiberritzen.eus\/es\/wp-json\/wp\/v2\/posts"}],"about":[{"href":"https:\/\/iraurgiberritzen.eus\/es\/wp-json\/wp\/v2\/types\/post"}],"author":[{"embeddable":true,"href":"https:\/\/iraurgiberritzen.eus\/es\/wp-json\/wp\/v2\/users\/1"}],"replies":[{"embeddable":true,"href":"https:\/\/iraurgiberritzen.eus\/es\/wp-json\/wp\/v2\/comments?post=12666"}],"version-history":[{"count":0,"href":"https:\/\/iraurgiberritzen.eus\/es\/wp-json\/wp\/v2\/posts\/12666\/revisions"}],"wp:featuredmedia":[{"embeddable":true,"href":"https:\/\/iraurgiberritzen.eus\/es\/wp-json\/wp\/v2\/media\/17791"}],"wp:attachment":[{"href":"https:\/\/iraurgiberritzen.eus\/es\/wp-json\/wp\/v2\/media?parent=12666"}],"wp:term":[{"taxonomy":"category","embeddable":true,"href":"https:\/\/iraurgiberritzen.eus\/es\/wp-json\/wp\/v2\/categories?post=12666"},{"taxonomy":"post_tag","embeddable":true,"href":"https:\/\/iraurgiberritzen.eus\/es\/wp-json\/wp\/v2\/tags?post=12666"}],"curies":[{"name":"wp","href":"https:\/\/api.w.org\/{rel}","templated":true}]}}