{"id":12675,"date":"2019-06-13T21:39:11","date_gmt":"2019-06-13T19:39:11","guid":{"rendered":"https:\/\/iraurgiberritzen.eus\/visita-de-la-delegacion-de-cartagena\/"},"modified":"2019-06-13T21:39:11","modified_gmt":"2019-06-13T19:39:11","slug":"visita-de-la-delegacion-de-cartagena","status":"publish","type":"post","link":"https:\/\/iraurgiberritzen.eus\/es\/visita-de-la-delegacion-de-cartagena\/","title":{"rendered":"Visita de la Delegaci\u00f3n de Cartagena"},"content":{"rendered":"<p style=\"text-align: justify;\">La Agencia de Desarrollo Local y Empleo del Ayuntamiento de Cartagena recientemente incorporado a REDEL, ( Red de Entidades para el Desarrollo Local) a trav\u00e9s de GARAPEN, (Asociaci\u00f3n de Agencias de Desarrollo del Pa\u00eds Vasco) solicit\u00f3 organizar una visita con el objetivo de conocer c\u00f3mo trabajan las agencias de desarrollo del Pa\u00eds Vasco la promoci\u00f3n empresarial y, m\u00e1s en concreto, en IRAURGI BERRITZEN, la articulaci\u00f3n con los agentes comarcales para la mejora de la competitividad y el desarrollo local (empleo, centros de formaci\u00f3n, asociaciones empresariales..).<\/p>\n<p style=\"text-align: justify;\">Iraurgi Berritzen, el pasado 12 de junio, recibi\u00f3 la visita de una delegaci\u00f3n compuesta por 5 personas: Antonio Arroyo Director, Centro Integrado de Formaci\u00f3n Profesional Hesp\u00e9rides; Rosa Laborda Directora, Centro Integrado de Formaci\u00f3n Profesional Polit\u00e9cnico; Prudencio Jos\u00e9 Riquelme Decano de la Facultad de Ciencias del Trabajo de la Universidad de Murcia y Director de la Empresa de Base tecnol\u00f3gica Ideas para el territorio; Jos\u00e9 Tom\u00e1s Pi\u00f1era Lucas, Subdirector de Formaci\u00f3n del Servicio Regional de Empleo y Formaci\u00f3n de la Regi\u00f3n de Murcia; Luis Eduardo L\u00f3pez Esp\u00edn, Jefe de Servicio de Formaci\u00f3n Profesional de la Consejer\u00eda de Educaci\u00f3n de la Regi\u00f3n de Murcia; Fulgencio Luis Cer\u00f3n Mora, Gerente de la Agencia de Desarrollo Local y Empleo del Ayuntamiento de Cartagena.<\/p>\n<p style=\"text-align: justify;\">La reuni\u00f3n tuvo como objetivo compartir las experiencias de ambas Agencias de Desarrollo y por parte de Iraurgi Berritzen, adem\u00e1s de la estructura econ\u00f3mica de la comarca, en particular, presentar el modelo de articulaci\u00f3n y colaboraci\u00f3n entre agentes que impulsa la Agencia, as\u00ed como las principales l\u00edneas de trabajo que se desarrollan en cooperaci\u00f3n entre agentes para el fomento del empleo y formaci\u00f3n adecuada a las necesidades de empresas.<\/p>\n","protected":false},"excerpt":{"rendered":"<p>La Agencia de Desarrollo Local y Empleo del Ayuntamiento de Cartagena recientemente incorporado a REDEL, ( Red de Entidades para el Desarrollo Local) a trav\u00e9s de GARAPEN, (Asociaci\u00f3n de Agencias de Desarrollo del Pa\u00eds Vasco) solicit\u00f3 organizar una visita con el objetivo de conocer c\u00f3mo trabajan las agencias de desarrollo del Pa\u00eds Vasco la promoci\u00f3n [&hellip;]<\/p>\n","protected":false},"author":1,"featured_media":17794,"comment_status":"","ping_status":"closed","sticky":false,"template":"","format":"standard","meta":{"_acf_changed":false,"footnotes":""},"categories":[4],"tags":[],"class_list":["post-12675","post","type-post","status-publish","format-standard","has-post-thumbnail","hentry","category-noticias"],"acf":[],"yoast_head":"<!-- This site is optimized with the Yoast SEO plugin v27.4 - https:\/\/yoast.com\/product\/yoast-seo-wordpress\/ -->\n<title>Visita de la Delegaci\u00f3n de Cartagena - Iraurgi Berritzen<\/title>\n<meta name=\"robots\" content=\"index, follow, max-snippet:-1, max-image-preview:large, max-video-preview:-1\" \/>\n<link rel=\"canonical\" href=\"https:\/\/iraurgiberritzen.eus\/es\/visita-de-la-delegacion-de-cartagena\/\" \/>\n<meta property=\"og:locale\" content=\"es_ES\" \/>\n<meta property=\"og:type\" content=\"article\" \/>\n<meta property=\"og:title\" content=\"Visita de la Delegaci\u00f3n de Cartagena - Iraurgi Berritzen\" \/>\n<meta property=\"og:description\" content=\"La Agencia de Desarrollo Local y Empleo del Ayuntamiento de Cartagena recientemente incorporado a REDEL, ( Red de Entidades para el Desarrollo Local) a trav\u00e9s de GARAPEN, (Asociaci\u00f3n de Agencias de Desarrollo del Pa\u00eds Vasco) solicit\u00f3 organizar una visita con el objetivo de conocer c\u00f3mo trabajan las agencias de desarrollo del Pa\u00eds Vasco la promoci\u00f3n [&hellip;]\" \/>\n<meta property=\"og:url\" content=\"https:\/\/iraurgiberritzen.eus\/es\/visita-de-la-delegacion-de-cartagena\/\" \/>\n<meta property=\"og:site_name\" content=\"Iraurgi Berritzen\" \/>\n<meta property=\"article:published_time\" content=\"2019-06-13T19:39:11+00:00\" \/>\n<meta name=\"author\" content=\"kudeatzailea\" \/>\n<meta name=\"twitter:card\" content=\"summary_large_image\" \/>\n<meta name=\"twitter:label1\" content=\"Escrito por\" \/>\n\t<meta name=\"twitter:data1\" content=\"kudeatzailea\" \/>\n\t<meta name=\"twitter:label2\" content=\"Tiempo de lectura\" \/>\n\t<meta name=\"twitter:data2\" content=\"2 minutos\" \/>\n<script type=\"application\/ld+json\" class=\"yoast-schema-graph\">{\"@context\":\"https:\\\/\\\/schema.org\",\"@graph\":[{\"@type\":\"Article\",\"@id\":\"https:\\\/\\\/iraurgiberritzen.eus\\\/es\\\/visita-de-la-delegacion-de-cartagena\\\/#article\",\"isPartOf\":{\"@id\":\"https:\\\/\\\/iraurgiberritzen.eus\\\/es\\\/visita-de-la-delegacion-de-cartagena\\\/\"},\"author\":{\"name\":\"kudeatzailea\",\"@id\":\"https:\\\/\\\/iraurgiberritzen.eus\\\/es\\\/#\\\/schema\\\/person\\\/5ab41aaf388a9097177601ebf45738d2\"},\"headline\":\"Visita de la Delegaci\u00f3n de Cartagena\",\"datePublished\":\"2019-06-13T19:39:11+00:00\",\"mainEntityOfPage\":{\"@id\":\"https:\\\/\\\/iraurgiberritzen.eus\\\/es\\\/visita-de-la-delegacion-de-cartagena\\\/\"},\"wordCount\":312,\"publisher\":{\"@id\":\"https:\\\/\\\/iraurgiberritzen.eus\\\/es\\\/#organization\"},\"image\":{\"@id\":\"https:\\\/\\\/iraurgiberritzen.eus\\\/es\\\/visita-de-la-delegacion-de-cartagena\\\/#primaryimage\"},\"thumbnailUrl\":\"https:\\\/\\\/iraurgiberritzen.eus\\\/wp-content\\\/uploads\\\/2023\\\/09\\\/b003cb6a8c5828399d548e534fa42cc6.jpg\",\"articleSection\":[\"Noticias\"],\"inLanguage\":\"es\"},{\"@type\":\"WebPage\",\"@id\":\"https:\\\/\\\/iraurgiberritzen.eus\\\/es\\\/visita-de-la-delegacion-de-cartagena\\\/\",\"url\":\"https:\\\/\\\/iraurgiberritzen.eus\\\/es\\\/visita-de-la-delegacion-de-cartagena\\\/\",\"name\":\"Visita de la Delegaci\u00f3n de Cartagena - Iraurgi Berritzen\",\"isPartOf\":{\"@id\":\"https:\\\/\\\/iraurgiberritzen.eus\\\/es\\\/#website\"},\"primaryImageOfPage\":{\"@id\":\"https:\\\/\\\/iraurgiberritzen.eus\\\/es\\\/visita-de-la-delegacion-de-cartagena\\\/#primaryimage\"},\"image\":{\"@id\":\"https:\\\/\\\/iraurgiberritzen.eus\\\/es\\\/visita-de-la-delegacion-de-cartagena\\\/#primaryimage\"},\"thumbnailUrl\":\"https:\\\/\\\/iraurgiberritzen.eus\\\/wp-content\\\/uploads\\\/2023\\\/09\\\/b003cb6a8c5828399d548e534fa42cc6.jpg\",\"datePublished\":\"2019-06-13T19:39:11+00:00\",\"breadcrumb\":{\"@id\":\"https:\\\/\\\/iraurgiberritzen.eus\\\/es\\\/visita-de-la-delegacion-de-cartagena\\\/#breadcrumb\"},\"inLanguage\":\"es\",\"potentialAction\":[{\"@type\":\"ReadAction\",\"target\":[\"https:\\\/\\\/iraurgiberritzen.eus\\\/es\\\/visita-de-la-delegacion-de-cartagena\\\/\"]}]},{\"@type\":\"ImageObject\",\"inLanguage\":\"es\",\"@id\":\"https:\\\/\\\/iraurgiberritzen.eus\\\/es\\\/visita-de-la-delegacion-de-cartagena\\\/#primaryimage\",\"url\":\"https:\\\/\\\/iraurgiberritzen.eus\\\/wp-content\\\/uploads\\\/2023\\\/09\\\/b003cb6a8c5828399d548e534fa42cc6.jpg\",\"contentUrl\":\"https:\\\/\\\/iraurgiberritzen.eus\\\/wp-content\\\/uploads\\\/2023\\\/09\\\/b003cb6a8c5828399d548e534fa42cc6.jpg\",\"width\":600,\"height\":386},{\"@type\":\"BreadcrumbList\",\"@id\":\"https:\\\/\\\/iraurgiberritzen.eus\\\/es\\\/visita-de-la-delegacion-de-cartagena\\\/#breadcrumb\",\"itemListElement\":[{\"@type\":\"ListItem\",\"position\":1,\"name\":\"Home\",\"item\":\"https:\\\/\\\/iraurgiberritzen.eus\\\/es\\\/\"},{\"@type\":\"ListItem\",\"position\":2,\"name\":\"Visita de la Delegaci\u00f3n de Cartagena\"}]},{\"@type\":\"WebSite\",\"@id\":\"https:\\\/\\\/iraurgiberritzen.eus\\\/es\\\/#website\",\"url\":\"https:\\\/\\\/iraurgiberritzen.eus\\\/es\\\/\",\"name\":\"Iraurgi Berritzen\",\"description\":\"Urola Erdiko Garapen Agentzia\",\"publisher\":{\"@id\":\"https:\\\/\\\/iraurgiberritzen.eus\\\/es\\\/#organization\"},\"potentialAction\":[{\"@type\":\"SearchAction\",\"target\":{\"@type\":\"EntryPoint\",\"urlTemplate\":\"https:\\\/\\\/iraurgiberritzen.eus\\\/es\\\/?s={search_term_string}\"},\"query-input\":{\"@type\":\"PropertyValueSpecification\",\"valueRequired\":true,\"valueName\":\"search_term_string\"}}],\"inLanguage\":\"es\"},{\"@type\":\"Organization\",\"@id\":\"https:\\\/\\\/iraurgiberritzen.eus\\\/es\\\/#organization\",\"name\":\"Iraurgi Berritzen\",\"url\":\"https:\\\/\\\/iraurgiberritzen.eus\\\/es\\\/\",\"logo\":{\"@type\":\"ImageObject\",\"inLanguage\":\"es\",\"@id\":\"https:\\\/\\\/iraurgiberritzen.eus\\\/es\\\/#\\\/schema\\\/logo\\\/image\\\/\",\"url\":\"https:\\\/\\\/iraurgiberritzen.eus\\\/wp-content\\\/uploads\\\/2024\\\/02\\\/IRAURGI-BERRITZEN-logotipoa_2.png\",\"contentUrl\":\"https:\\\/\\\/iraurgiberritzen.eus\\\/wp-content\\\/uploads\\\/2024\\\/02\\\/IRAURGI-BERRITZEN-logotipoa_2.png\",\"width\":496,\"height\":190,\"caption\":\"Iraurgi Berritzen\"},\"image\":{\"@id\":\"https:\\\/\\\/iraurgiberritzen.eus\\\/es\\\/#\\\/schema\\\/logo\\\/image\\\/\"}},{\"@type\":\"Person\",\"@id\":\"https:\\\/\\\/iraurgiberritzen.eus\\\/es\\\/#\\\/schema\\\/person\\\/5ab41aaf388a9097177601ebf45738d2\",\"name\":\"kudeatzailea\",\"sameAs\":[\"https:\\\/\\\/iraurgiberritzen.eus\"]}]}<\/script>\n<!-- \/ Yoast SEO plugin. -->","yoast_head_json":{"title":"Visita de la Delegaci\u00f3n de Cartagena - Iraurgi Berritzen","robots":{"index":"index","follow":"follow","max-snippet":"max-snippet:-1","max-image-preview":"max-image-preview:large","max-video-preview":"max-video-preview:-1"},"canonical":"https:\/\/iraurgiberritzen.eus\/es\/visita-de-la-delegacion-de-cartagena\/","og_locale":"es_ES","og_type":"article","og_title":"Visita de la Delegaci\u00f3n de Cartagena - Iraurgi Berritzen","og_description":"La Agencia de Desarrollo Local y Empleo del Ayuntamiento de Cartagena recientemente incorporado a REDEL, ( Red de Entidades para el Desarrollo Local) a trav\u00e9s de GARAPEN, (Asociaci\u00f3n de Agencias de Desarrollo del Pa\u00eds Vasco) solicit\u00f3 organizar una visita con el objetivo de conocer c\u00f3mo trabajan las agencias de desarrollo del Pa\u00eds Vasco la promoci\u00f3n [&hellip;]","og_url":"https:\/\/iraurgiberritzen.eus\/es\/visita-de-la-delegacion-de-cartagena\/","og_site_name":"Iraurgi Berritzen","article_published_time":"2019-06-13T19:39:11+00:00","author":"kudeatzailea","twitter_card":"summary_large_image","twitter_misc":{"Escrito por":"kudeatzailea","Tiempo de lectura":"2 minutos"},"schema":{"@context":"https:\/\/schema.org","@graph":[{"@type":"Article","@id":"https:\/\/iraurgiberritzen.eus\/es\/visita-de-la-delegacion-de-cartagena\/#article","isPartOf":{"@id":"https:\/\/iraurgiberritzen.eus\/es\/visita-de-la-delegacion-de-cartagena\/"},"author":{"name":"kudeatzailea","@id":"https:\/\/iraurgiberritzen.eus\/es\/#\/schema\/person\/5ab41aaf388a9097177601ebf45738d2"},"headline":"Visita de la Delegaci\u00f3n de Cartagena","datePublished":"2019-06-13T19:39:11+00:00","mainEntityOfPage":{"@id":"https:\/\/iraurgiberritzen.eus\/es\/visita-de-la-delegacion-de-cartagena\/"},"wordCount":312,"publisher":{"@id":"https:\/\/iraurgiberritzen.eus\/es\/#organization"},"image":{"@id":"https:\/\/iraurgiberritzen.eus\/es\/visita-de-la-delegacion-de-cartagena\/#primaryimage"},"thumbnailUrl":"https:\/\/iraurgiberritzen.eus\/wp-content\/uploads\/2023\/09\/b003cb6a8c5828399d548e534fa42cc6.jpg","articleSection":["Noticias"],"inLanguage":"es"},{"@type":"WebPage","@id":"https:\/\/iraurgiberritzen.eus\/es\/visita-de-la-delegacion-de-cartagena\/","url":"https:\/\/iraurgiberritzen.eus\/es\/visita-de-la-delegacion-de-cartagena\/","name":"Visita de la Delegaci\u00f3n de Cartagena - Iraurgi Berritzen","isPartOf":{"@id":"https:\/\/iraurgiberritzen.eus\/es\/#website"},"primaryImageOfPage":{"@id":"https:\/\/iraurgiberritzen.eus\/es\/visita-de-la-delegacion-de-cartagena\/#primaryimage"},"image":{"@id":"https:\/\/iraurgiberritzen.eus\/es\/visita-de-la-delegacion-de-cartagena\/#primaryimage"},"thumbnailUrl":"https:\/\/iraurgiberritzen.eus\/wp-content\/uploads\/2023\/09\/b003cb6a8c5828399d548e534fa42cc6.jpg","datePublished":"2019-06-13T19:39:11+00:00","breadcrumb":{"@id":"https:\/\/iraurgiberritzen.eus\/es\/visita-de-la-delegacion-de-cartagena\/#breadcrumb"},"inLanguage":"es","potentialAction":[{"@type":"ReadAction","target":["https:\/\/iraurgiberritzen.eus\/es\/visita-de-la-delegacion-de-cartagena\/"]}]},{"@type":"ImageObject","inLanguage":"es","@id":"https:\/\/iraurgiberritzen.eus\/es\/visita-de-la-delegacion-de-cartagena\/#primaryimage","url":"https:\/\/iraurgiberritzen.eus\/wp-content\/uploads\/2023\/09\/b003cb6a8c5828399d548e534fa42cc6.jpg","contentUrl":"https:\/\/iraurgiberritzen.eus\/wp-content\/uploads\/2023\/09\/b003cb6a8c5828399d548e534fa42cc6.jpg","width":600,"height":386},{"@type":"BreadcrumbList","@id":"https:\/\/iraurgiberritzen.eus\/es\/visita-de-la-delegacion-de-cartagena\/#breadcrumb","itemListElement":[{"@type":"ListItem","position":1,"name":"Home","item":"https:\/\/iraurgiberritzen.eus\/es\/"},{"@type":"ListItem","position":2,"name":"Visita de la Delegaci\u00f3n de Cartagena"}]},{"@type":"WebSite","@id":"https:\/\/iraurgiberritzen.eus\/es\/#website","url":"https:\/\/iraurgiberritzen.eus\/es\/","name":"Iraurgi Berritzen","description":"Urola Erdiko Garapen Agentzia","publisher":{"@id":"https:\/\/iraurgiberritzen.eus\/es\/#organization"},"potentialAction":[{"@type":"SearchAction","target":{"@type":"EntryPoint","urlTemplate":"https:\/\/iraurgiberritzen.eus\/es\/?s={search_term_string}"},"query-input":{"@type":"PropertyValueSpecification","valueRequired":true,"valueName":"search_term_string"}}],"inLanguage":"es"},{"@type":"Organization","@id":"https:\/\/iraurgiberritzen.eus\/es\/#organization","name":"Iraurgi Berritzen","url":"https:\/\/iraurgiberritzen.eus\/es\/","logo":{"@type":"ImageObject","inLanguage":"es","@id":"https:\/\/iraurgiberritzen.eus\/es\/#\/schema\/logo\/image\/","url":"https:\/\/iraurgiberritzen.eus\/wp-content\/uploads\/2024\/02\/IRAURGI-BERRITZEN-logotipoa_2.png","contentUrl":"https:\/\/iraurgiberritzen.eus\/wp-content\/uploads\/2024\/02\/IRAURGI-BERRITZEN-logotipoa_2.png","width":496,"height":190,"caption":"Iraurgi Berritzen"},"image":{"@id":"https:\/\/iraurgiberritzen.eus\/es\/#\/schema\/logo\/image\/"}},{"@type":"Person","@id":"https:\/\/iraurgiberritzen.eus\/es\/#\/schema\/person\/5ab41aaf388a9097177601ebf45738d2","name":"kudeatzailea","sameAs":["https:\/\/iraurgiberritzen.eus"]}]}},"_links":{"self":[{"href":"https:\/\/iraurgiberritzen.eus\/es\/wp-json\/wp\/v2\/posts\/12675","targetHints":{"allow":["GET"]}}],"collection":[{"href":"https:\/\/iraurgiberritzen.eus\/es\/wp-json\/wp\/v2\/posts"}],"about":[{"href":"https:\/\/iraurgiberritzen.eus\/es\/wp-json\/wp\/v2\/types\/post"}],"author":[{"embeddable":true,"href":"https:\/\/iraurgiberritzen.eus\/es\/wp-json\/wp\/v2\/users\/1"}],"replies":[{"embeddable":true,"href":"https:\/\/iraurgiberritzen.eus\/es\/wp-json\/wp\/v2\/comments?post=12675"}],"version-history":[{"count":0,"href":"https:\/\/iraurgiberritzen.eus\/es\/wp-json\/wp\/v2\/posts\/12675\/revisions"}],"wp:featuredmedia":[{"embeddable":true,"href":"https:\/\/iraurgiberritzen.eus\/es\/wp-json\/wp\/v2\/media\/17794"}],"wp:attachment":[{"href":"https:\/\/iraurgiberritzen.eus\/es\/wp-json\/wp\/v2\/media?parent=12675"}],"wp:term":[{"taxonomy":"category","embeddable":true,"href":"https:\/\/iraurgiberritzen.eus\/es\/wp-json\/wp\/v2\/categories?post=12675"},{"taxonomy":"post_tag","embeddable":true,"href":"https:\/\/iraurgiberritzen.eus\/es\/wp-json\/wp\/v2\/tags?post=12675"}],"curies":[{"name":"wp","href":"https:\/\/api.w.org\/{rel}","templated":true}]}}