{"id":12678,"date":"2019-07-04T10:56:42","date_gmt":"2019-07-04T08:56:42","guid":{"rendered":"https:\/\/iraurgiberritzen.eus\/los-comerciantes-apostando-por-la-innovacion-comercial\/"},"modified":"2019-07-04T10:56:42","modified_gmt":"2019-07-04T08:56:42","slug":"los-comerciantes-apostando-por-la-innovacion-comercial","status":"publish","type":"post","link":"https:\/\/iraurgiberritzen.eus\/es\/los-comerciantes-apostando-por-la-innovacion-comercial\/","title":{"rendered":"Los comerciantes apostando por la innovaci\u00f3n comercial"},"content":{"rendered":"<p style=\"text-align: justify;\">El pasado d\u00eda 2 de Julio, los comerciantes de la comarca celebraron una jornada informativa en Basazabal sobre los diagn\u00f3sticos de innovaci\u00f3n comercial de la mano de la C\u00e1mara de Comercio de Gipuzkoa en colaboraci\u00f3n con Dendartean, Bertan, Herrixen, Zestoan e Iraurgi Berritzen.<\/p>\n<p style=\"text-align: justify;\">En la misma, se present\u00f3 la herramienta de diagn\u00f3stico, que analiza los aspectos estrat\u00e9gicos, tecnol\u00f3gicos y de gesti\u00f3n de la empresa con el objetivo \u00faltimo de optimizar la gesti\u00f3n de la empresa. De ese an\u00e1lisis, cada establecimiento obtiene un informe detallado de posibles recomendaciones o acciones de mejora en el \u00e1mbito tecnol\u00f3gico y estrat\u00e9gico y de gesti\u00f3n.<\/p>\n<p style=\"text-align: justify;\">Los establecimientos participantes, en torno a 30, mostraron su inter\u00e9s en la herramienta y cabe la posibilidad de que muchos de ellos se animen a realizar el diagn\u00f3stico. La operativa del diagnostico parte de la recopilaci\u00f3n de datos econ\u00f3micos del establecimiento y posterior visita al establecimiento en varias ocasiones. Para poder acceder a este diagnostico, cuyo coste est\u00e1 financiado al 100%, el requisito que se exige es el de tener una actividad comercial, utilizando para ello como referencia el CNAE.<\/p>\n","protected":false},"excerpt":{"rendered":"<p>El pasado d\u00eda 2 de Julio, los comerciantes de la comarca celebraron una jornada informativa en Basazabal sobre los diagn\u00f3sticos de innovaci\u00f3n comercial de la mano de la C\u00e1mara de Comercio de Gipuzkoa en colaboraci\u00f3n con Dendartean, Bertan, Herrixen, Zestoan e Iraurgi Berritzen. En la misma, se present\u00f3 la herramienta de diagn\u00f3stico, que analiza los [&hellip;]<\/p>\n","protected":false},"author":1,"featured_media":17795,"comment_status":"","ping_status":"closed","sticky":false,"template":"","format":"standard","meta":{"_acf_changed":false,"footnotes":""},"categories":[4],"tags":[],"class_list":["post-12678","post","type-post","status-publish","format-standard","has-post-thumbnail","hentry","category-noticias"],"acf":[],"yoast_head":"<!-- This site is optimized with the Yoast SEO plugin v27.4 - https:\/\/yoast.com\/product\/yoast-seo-wordpress\/ -->\n<title>Los comerciantes apostando por la innovaci\u00f3n comercial - Iraurgi Berritzen<\/title>\n<meta name=\"robots\" content=\"index, follow, max-snippet:-1, max-image-preview:large, max-video-preview:-1\" \/>\n<link rel=\"canonical\" href=\"https:\/\/iraurgiberritzen.eus\/es\/los-comerciantes-apostando-por-la-innovacion-comercial\/\" \/>\n<meta property=\"og:locale\" content=\"es_ES\" \/>\n<meta property=\"og:type\" content=\"article\" \/>\n<meta property=\"og:title\" content=\"Los comerciantes apostando por la innovaci\u00f3n comercial - Iraurgi Berritzen\" \/>\n<meta property=\"og:description\" content=\"El pasado d\u00eda 2 de Julio, los comerciantes de la comarca celebraron una jornada informativa en Basazabal sobre los diagn\u00f3sticos de innovaci\u00f3n comercial de la mano de la C\u00e1mara de Comercio de Gipuzkoa en colaboraci\u00f3n con Dendartean, Bertan, Herrixen, Zestoan e Iraurgi Berritzen. En la misma, se present\u00f3 la herramienta de diagn\u00f3stico, que analiza los [&hellip;]\" \/>\n<meta property=\"og:url\" content=\"https:\/\/iraurgiberritzen.eus\/es\/los-comerciantes-apostando-por-la-innovacion-comercial\/\" \/>\n<meta property=\"og:site_name\" content=\"Iraurgi Berritzen\" \/>\n<meta property=\"article:published_time\" content=\"2019-07-04T08:56:42+00:00\" \/>\n<meta name=\"author\" content=\"kudeatzailea\" \/>\n<meta name=\"twitter:card\" content=\"summary_large_image\" \/>\n<meta name=\"twitter:label1\" content=\"Escrito por\" \/>\n\t<meta name=\"twitter:data1\" content=\"kudeatzailea\" \/>\n\t<meta name=\"twitter:label2\" content=\"Tiempo de lectura\" \/>\n\t<meta name=\"twitter:data2\" content=\"1 minuto\" \/>\n<script type=\"application\/ld+json\" class=\"yoast-schema-graph\">{\"@context\":\"https:\\\/\\\/schema.org\",\"@graph\":[{\"@type\":\"Article\",\"@id\":\"https:\\\/\\\/iraurgiberritzen.eus\\\/es\\\/los-comerciantes-apostando-por-la-innovacion-comercial\\\/#article\",\"isPartOf\":{\"@id\":\"https:\\\/\\\/iraurgiberritzen.eus\\\/es\\\/los-comerciantes-apostando-por-la-innovacion-comercial\\\/\"},\"author\":{\"name\":\"kudeatzailea\",\"@id\":\"https:\\\/\\\/iraurgiberritzen.eus\\\/es\\\/#\\\/schema\\\/person\\\/5ab41aaf388a9097177601ebf45738d2\"},\"headline\":\"Los comerciantes apostando por la innovaci\u00f3n comercial\",\"datePublished\":\"2019-07-04T08:56:42+00:00\",\"mainEntityOfPage\":{\"@id\":\"https:\\\/\\\/iraurgiberritzen.eus\\\/es\\\/los-comerciantes-apostando-por-la-innovacion-comercial\\\/\"},\"wordCount\":203,\"publisher\":{\"@id\":\"https:\\\/\\\/iraurgiberritzen.eus\\\/es\\\/#organization\"},\"image\":{\"@id\":\"https:\\\/\\\/iraurgiberritzen.eus\\\/es\\\/los-comerciantes-apostando-por-la-innovacion-comercial\\\/#primaryimage\"},\"thumbnailUrl\":\"https:\\\/\\\/iraurgiberritzen.eus\\\/wp-content\\\/uploads\\\/2023\\\/09\\\/0aa2526f21d94ec0cf0dfc24eb7661b7.jpg\",\"articleSection\":[\"Noticias\"],\"inLanguage\":\"es\"},{\"@type\":\"WebPage\",\"@id\":\"https:\\\/\\\/iraurgiberritzen.eus\\\/es\\\/los-comerciantes-apostando-por-la-innovacion-comercial\\\/\",\"url\":\"https:\\\/\\\/iraurgiberritzen.eus\\\/es\\\/los-comerciantes-apostando-por-la-innovacion-comercial\\\/\",\"name\":\"Los comerciantes apostando por la innovaci\u00f3n comercial - Iraurgi Berritzen\",\"isPartOf\":{\"@id\":\"https:\\\/\\\/iraurgiberritzen.eus\\\/es\\\/#website\"},\"primaryImageOfPage\":{\"@id\":\"https:\\\/\\\/iraurgiberritzen.eus\\\/es\\\/los-comerciantes-apostando-por-la-innovacion-comercial\\\/#primaryimage\"},\"image\":{\"@id\":\"https:\\\/\\\/iraurgiberritzen.eus\\\/es\\\/los-comerciantes-apostando-por-la-innovacion-comercial\\\/#primaryimage\"},\"thumbnailUrl\":\"https:\\\/\\\/iraurgiberritzen.eus\\\/wp-content\\\/uploads\\\/2023\\\/09\\\/0aa2526f21d94ec0cf0dfc24eb7661b7.jpg\",\"datePublished\":\"2019-07-04T08:56:42+00:00\",\"breadcrumb\":{\"@id\":\"https:\\\/\\\/iraurgiberritzen.eus\\\/es\\\/los-comerciantes-apostando-por-la-innovacion-comercial\\\/#breadcrumb\"},\"inLanguage\":\"es\",\"potentialAction\":[{\"@type\":\"ReadAction\",\"target\":[\"https:\\\/\\\/iraurgiberritzen.eus\\\/es\\\/los-comerciantes-apostando-por-la-innovacion-comercial\\\/\"]}]},{\"@type\":\"ImageObject\",\"inLanguage\":\"es\",\"@id\":\"https:\\\/\\\/iraurgiberritzen.eus\\\/es\\\/los-comerciantes-apostando-por-la-innovacion-comercial\\\/#primaryimage\",\"url\":\"https:\\\/\\\/iraurgiberritzen.eus\\\/wp-content\\\/uploads\\\/2023\\\/09\\\/0aa2526f21d94ec0cf0dfc24eb7661b7.jpg\",\"contentUrl\":\"https:\\\/\\\/iraurgiberritzen.eus\\\/wp-content\\\/uploads\\\/2023\\\/09\\\/0aa2526f21d94ec0cf0dfc24eb7661b7.jpg\",\"width\":600,\"height\":386},{\"@type\":\"BreadcrumbList\",\"@id\":\"https:\\\/\\\/iraurgiberritzen.eus\\\/es\\\/los-comerciantes-apostando-por-la-innovacion-comercial\\\/#breadcrumb\",\"itemListElement\":[{\"@type\":\"ListItem\",\"position\":1,\"name\":\"Home\",\"item\":\"https:\\\/\\\/iraurgiberritzen.eus\\\/es\\\/\"},{\"@type\":\"ListItem\",\"position\":2,\"name\":\"Los comerciantes apostando por la innovaci\u00f3n comercial\"}]},{\"@type\":\"WebSite\",\"@id\":\"https:\\\/\\\/iraurgiberritzen.eus\\\/es\\\/#website\",\"url\":\"https:\\\/\\\/iraurgiberritzen.eus\\\/es\\\/\",\"name\":\"Iraurgi Berritzen\",\"description\":\"Urola Erdiko Garapen Agentzia\",\"publisher\":{\"@id\":\"https:\\\/\\\/iraurgiberritzen.eus\\\/es\\\/#organization\"},\"potentialAction\":[{\"@type\":\"SearchAction\",\"target\":{\"@type\":\"EntryPoint\",\"urlTemplate\":\"https:\\\/\\\/iraurgiberritzen.eus\\\/es\\\/?s={search_term_string}\"},\"query-input\":{\"@type\":\"PropertyValueSpecification\",\"valueRequired\":true,\"valueName\":\"search_term_string\"}}],\"inLanguage\":\"es\"},{\"@type\":\"Organization\",\"@id\":\"https:\\\/\\\/iraurgiberritzen.eus\\\/es\\\/#organization\",\"name\":\"Iraurgi Berritzen\",\"url\":\"https:\\\/\\\/iraurgiberritzen.eus\\\/es\\\/\",\"logo\":{\"@type\":\"ImageObject\",\"inLanguage\":\"es\",\"@id\":\"https:\\\/\\\/iraurgiberritzen.eus\\\/es\\\/#\\\/schema\\\/logo\\\/image\\\/\",\"url\":\"https:\\\/\\\/iraurgiberritzen.eus\\\/wp-content\\\/uploads\\\/2024\\\/02\\\/IRAURGI-BERRITZEN-logotipoa_2.png\",\"contentUrl\":\"https:\\\/\\\/iraurgiberritzen.eus\\\/wp-content\\\/uploads\\\/2024\\\/02\\\/IRAURGI-BERRITZEN-logotipoa_2.png\",\"width\":496,\"height\":190,\"caption\":\"Iraurgi Berritzen\"},\"image\":{\"@id\":\"https:\\\/\\\/iraurgiberritzen.eus\\\/es\\\/#\\\/schema\\\/logo\\\/image\\\/\"}},{\"@type\":\"Person\",\"@id\":\"https:\\\/\\\/iraurgiberritzen.eus\\\/es\\\/#\\\/schema\\\/person\\\/5ab41aaf388a9097177601ebf45738d2\",\"name\":\"kudeatzailea\",\"sameAs\":[\"https:\\\/\\\/iraurgiberritzen.eus\"]}]}<\/script>\n<!-- \/ Yoast SEO plugin. -->","yoast_head_json":{"title":"Los comerciantes apostando por la innovaci\u00f3n comercial - Iraurgi Berritzen","robots":{"index":"index","follow":"follow","max-snippet":"max-snippet:-1","max-image-preview":"max-image-preview:large","max-video-preview":"max-video-preview:-1"},"canonical":"https:\/\/iraurgiberritzen.eus\/es\/los-comerciantes-apostando-por-la-innovacion-comercial\/","og_locale":"es_ES","og_type":"article","og_title":"Los comerciantes apostando por la innovaci\u00f3n comercial - Iraurgi Berritzen","og_description":"El pasado d\u00eda 2 de Julio, los comerciantes de la comarca celebraron una jornada informativa en Basazabal sobre los diagn\u00f3sticos de innovaci\u00f3n comercial de la mano de la C\u00e1mara de Comercio de Gipuzkoa en colaboraci\u00f3n con Dendartean, Bertan, Herrixen, Zestoan e Iraurgi Berritzen. En la misma, se present\u00f3 la herramienta de diagn\u00f3stico, que analiza los [&hellip;]","og_url":"https:\/\/iraurgiberritzen.eus\/es\/los-comerciantes-apostando-por-la-innovacion-comercial\/","og_site_name":"Iraurgi Berritzen","article_published_time":"2019-07-04T08:56:42+00:00","author":"kudeatzailea","twitter_card":"summary_large_image","twitter_misc":{"Escrito por":"kudeatzailea","Tiempo de lectura":"1 minuto"},"schema":{"@context":"https:\/\/schema.org","@graph":[{"@type":"Article","@id":"https:\/\/iraurgiberritzen.eus\/es\/los-comerciantes-apostando-por-la-innovacion-comercial\/#article","isPartOf":{"@id":"https:\/\/iraurgiberritzen.eus\/es\/los-comerciantes-apostando-por-la-innovacion-comercial\/"},"author":{"name":"kudeatzailea","@id":"https:\/\/iraurgiberritzen.eus\/es\/#\/schema\/person\/5ab41aaf388a9097177601ebf45738d2"},"headline":"Los comerciantes apostando por la innovaci\u00f3n comercial","datePublished":"2019-07-04T08:56:42+00:00","mainEntityOfPage":{"@id":"https:\/\/iraurgiberritzen.eus\/es\/los-comerciantes-apostando-por-la-innovacion-comercial\/"},"wordCount":203,"publisher":{"@id":"https:\/\/iraurgiberritzen.eus\/es\/#organization"},"image":{"@id":"https:\/\/iraurgiberritzen.eus\/es\/los-comerciantes-apostando-por-la-innovacion-comercial\/#primaryimage"},"thumbnailUrl":"https:\/\/iraurgiberritzen.eus\/wp-content\/uploads\/2023\/09\/0aa2526f21d94ec0cf0dfc24eb7661b7.jpg","articleSection":["Noticias"],"inLanguage":"es"},{"@type":"WebPage","@id":"https:\/\/iraurgiberritzen.eus\/es\/los-comerciantes-apostando-por-la-innovacion-comercial\/","url":"https:\/\/iraurgiberritzen.eus\/es\/los-comerciantes-apostando-por-la-innovacion-comercial\/","name":"Los comerciantes apostando por la innovaci\u00f3n comercial - Iraurgi Berritzen","isPartOf":{"@id":"https:\/\/iraurgiberritzen.eus\/es\/#website"},"primaryImageOfPage":{"@id":"https:\/\/iraurgiberritzen.eus\/es\/los-comerciantes-apostando-por-la-innovacion-comercial\/#primaryimage"},"image":{"@id":"https:\/\/iraurgiberritzen.eus\/es\/los-comerciantes-apostando-por-la-innovacion-comercial\/#primaryimage"},"thumbnailUrl":"https:\/\/iraurgiberritzen.eus\/wp-content\/uploads\/2023\/09\/0aa2526f21d94ec0cf0dfc24eb7661b7.jpg","datePublished":"2019-07-04T08:56:42+00:00","breadcrumb":{"@id":"https:\/\/iraurgiberritzen.eus\/es\/los-comerciantes-apostando-por-la-innovacion-comercial\/#breadcrumb"},"inLanguage":"es","potentialAction":[{"@type":"ReadAction","target":["https:\/\/iraurgiberritzen.eus\/es\/los-comerciantes-apostando-por-la-innovacion-comercial\/"]}]},{"@type":"ImageObject","inLanguage":"es","@id":"https:\/\/iraurgiberritzen.eus\/es\/los-comerciantes-apostando-por-la-innovacion-comercial\/#primaryimage","url":"https:\/\/iraurgiberritzen.eus\/wp-content\/uploads\/2023\/09\/0aa2526f21d94ec0cf0dfc24eb7661b7.jpg","contentUrl":"https:\/\/iraurgiberritzen.eus\/wp-content\/uploads\/2023\/09\/0aa2526f21d94ec0cf0dfc24eb7661b7.jpg","width":600,"height":386},{"@type":"BreadcrumbList","@id":"https:\/\/iraurgiberritzen.eus\/es\/los-comerciantes-apostando-por-la-innovacion-comercial\/#breadcrumb","itemListElement":[{"@type":"ListItem","position":1,"name":"Home","item":"https:\/\/iraurgiberritzen.eus\/es\/"},{"@type":"ListItem","position":2,"name":"Los comerciantes apostando por la innovaci\u00f3n comercial"}]},{"@type":"WebSite","@id":"https:\/\/iraurgiberritzen.eus\/es\/#website","url":"https:\/\/iraurgiberritzen.eus\/es\/","name":"Iraurgi Berritzen","description":"Urola Erdiko Garapen Agentzia","publisher":{"@id":"https:\/\/iraurgiberritzen.eus\/es\/#organization"},"potentialAction":[{"@type":"SearchAction","target":{"@type":"EntryPoint","urlTemplate":"https:\/\/iraurgiberritzen.eus\/es\/?s={search_term_string}"},"query-input":{"@type":"PropertyValueSpecification","valueRequired":true,"valueName":"search_term_string"}}],"inLanguage":"es"},{"@type":"Organization","@id":"https:\/\/iraurgiberritzen.eus\/es\/#organization","name":"Iraurgi Berritzen","url":"https:\/\/iraurgiberritzen.eus\/es\/","logo":{"@type":"ImageObject","inLanguage":"es","@id":"https:\/\/iraurgiberritzen.eus\/es\/#\/schema\/logo\/image\/","url":"https:\/\/iraurgiberritzen.eus\/wp-content\/uploads\/2024\/02\/IRAURGI-BERRITZEN-logotipoa_2.png","contentUrl":"https:\/\/iraurgiberritzen.eus\/wp-content\/uploads\/2024\/02\/IRAURGI-BERRITZEN-logotipoa_2.png","width":496,"height":190,"caption":"Iraurgi Berritzen"},"image":{"@id":"https:\/\/iraurgiberritzen.eus\/es\/#\/schema\/logo\/image\/"}},{"@type":"Person","@id":"https:\/\/iraurgiberritzen.eus\/es\/#\/schema\/person\/5ab41aaf388a9097177601ebf45738d2","name":"kudeatzailea","sameAs":["https:\/\/iraurgiberritzen.eus"]}]}},"_links":{"self":[{"href":"https:\/\/iraurgiberritzen.eus\/es\/wp-json\/wp\/v2\/posts\/12678","targetHints":{"allow":["GET"]}}],"collection":[{"href":"https:\/\/iraurgiberritzen.eus\/es\/wp-json\/wp\/v2\/posts"}],"about":[{"href":"https:\/\/iraurgiberritzen.eus\/es\/wp-json\/wp\/v2\/types\/post"}],"author":[{"embeddable":true,"href":"https:\/\/iraurgiberritzen.eus\/es\/wp-json\/wp\/v2\/users\/1"}],"replies":[{"embeddable":true,"href":"https:\/\/iraurgiberritzen.eus\/es\/wp-json\/wp\/v2\/comments?post=12678"}],"version-history":[{"count":0,"href":"https:\/\/iraurgiberritzen.eus\/es\/wp-json\/wp\/v2\/posts\/12678\/revisions"}],"wp:featuredmedia":[{"embeddable":true,"href":"https:\/\/iraurgiberritzen.eus\/es\/wp-json\/wp\/v2\/media\/17795"}],"wp:attachment":[{"href":"https:\/\/iraurgiberritzen.eus\/es\/wp-json\/wp\/v2\/media?parent=12678"}],"wp:term":[{"taxonomy":"category","embeddable":true,"href":"https:\/\/iraurgiberritzen.eus\/es\/wp-json\/wp\/v2\/categories?post=12678"},{"taxonomy":"post_tag","embeddable":true,"href":"https:\/\/iraurgiberritzen.eus\/es\/wp-json\/wp\/v2\/tags?post=12678"}],"curies":[{"name":"wp","href":"https:\/\/api.w.org\/{rel}","templated":true}]}}