{"id":12681,"date":"2019-07-13T07:04:50","date_gmt":"2019-07-13T05:04:50","guid":{"rendered":"https:\/\/iraurgiberritzen.eus\/se-reune-el-nuevo-consejo-de-gestion-de-ib\/"},"modified":"2019-07-13T07:04:50","modified_gmt":"2019-07-13T05:04:50","slug":"se-reune-el-nuevo-consejo-de-gestion-de-ib","status":"publish","type":"post","link":"https:\/\/iraurgiberritzen.eus\/es\/se-reune-el-nuevo-consejo-de-gestion-de-ib\/","title":{"rendered":"Se re\u00fane el nuevo Consejo de Gesti\u00f3n de IB"},"content":{"rendered":"<p style=\"text-align: justify;\">El Consejo de Gesti\u00f3n de la Red de agentes IB se ha reunido este 11 de Julio en el Palacio Intsausti de Azkoitia.<\/p>\n<p style=\"text-align: justify;\">En ella han participado representantes municipales de Urola Erdia, Empresa, Educaci\u00f3n, y Empleo. Tras iniciar una nueva legislatura en los ayuntamientos de la comarca, se han sumado nuevos miembros a la estructura habitual. Asimismo, por primera vez, se suma la representaci\u00f3n de los agentes de empleo.<\/p>\n<p style=\"text-align: justify;\">El objetivo principal del Consejo es impulsar la colaboraci\u00f3n entre los diferentes agentes de la comarca y dar respuesta a las necesidades identificadas mediante el desarrollo de diferentes proyectos.<\/p>\n<p style=\"text-align: justify;\">Durante la reuni\u00f3n de trabajo, adem\u00e1s de informar de los diferentes espacios de colaboraci\u00f3n existentes en la red de agentes que dinamiza Iraurgi Berritzen, se ha realizado el seguimiento de los proyectos actuales y se han analizado nuevas propuestas de colaboraci\u00f3n.<\/p>\n<p style=\"text-align: justify;\">En la primera parte de la reuni\u00f3n, se han presentado los avances realizados en las \u00faltimas semanas en las \u00e1reas de Empresa, Educaci\u00f3n, Empleo y Desarrollo. Asimismo, se ha realizado un seguimiento de los diferentes proyectos de colaboraci\u00f3n que est\u00e1n en marcha entre diferentes espacios. Entre otras iniciativas de colaboraci\u00f3n, se han mencionado el programa de orientaci\u00f3n \u00abGerolan\u00bb, el servicio de intermediaci\u00f3n que tiene en marcha el \u00e1rea de empleo para cubrir las necesidades de empleo de las empresas de la comarca o los certificados profesionales con compromiso de contrataci\u00f3n que est\u00e1 impartiendo Izarraitz Lanbide Heziketa en colaboraci\u00f3n con las diferentes empresas de la comarca.<\/p>\n<p style=\"text-align: justify;\">Los miembros del Consejo, en la segunda parte de la reuni\u00f3n, han analizado tres cuestiones. En primer lugar, se ha reflexionado acerca de las v\u00edas de colaboraci\u00f3n existentes entre la Diputaci\u00f3n Foral de Gipuzkoa y las agencias de Desarrollo e Innovaci\u00f3n. En segundo lugar, se ha reflexionado sobre la calidad del empleo y sus respectivos indicadores. Por \u00faltimo, se ha debatido sobre la atracci\u00f3n y desarrollo del talento en la comarca. Los miembros del consejo se han comprometido a poner en marcha nuevas l\u00edneas de trabajo en \u00e1mbitos como la \u00abpromoci\u00f3n y atracci\u00f3n del talento\u00bb y el \u00abfomento de la calidad de empleo\u00bb.<\/p>\n<p style=\"text-align: justify;\">En la actualidad el consejo est\u00e1 formado por: Cruz Alberdi (Sidenor), Karlos Korta (Berritek), Ana Azkoitia (Concejal del Ayuntamiento de Azkoitia), Leire Goenaga (Concejal del Ayuntamiento de Azpeitia), Mikel Arregi (Alcalde del Ayuntamiento de Zestoa), M\u00aa Jesus Etxaniz (Lanbide), Eduardo Sudupe (Izarraitz Lanbide Heziketa), Jon Osinalde (Azkoitia BHI) y el equipo t\u00e9cnico de Iraurgi Berritzen.<\/p>\n","protected":false},"excerpt":{"rendered":"<p>El Consejo de Gesti\u00f3n de la Red de agentes IB se ha reunido este 11 de Julio en el Palacio Intsausti de Azkoitia. En ella han participado representantes municipales de Urola Erdia, Empresa, Educaci\u00f3n, y Empleo. Tras iniciar una nueva legislatura en los ayuntamientos de la comarca, se han sumado nuevos miembros a la estructura [&hellip;]<\/p>\n","protected":false},"author":1,"featured_media":17796,"comment_status":"","ping_status":"closed","sticky":false,"template":"","format":"standard","meta":{"_acf_changed":false,"footnotes":""},"categories":[4],"tags":[],"class_list":["post-12681","post","type-post","status-publish","format-standard","has-post-thumbnail","hentry","category-noticias"],"acf":[],"yoast_head":"<!-- This site is optimized with the Yoast SEO plugin v27.4 - https:\/\/yoast.com\/product\/yoast-seo-wordpress\/ -->\n<title>Se re\u00fane el nuevo Consejo de Gesti\u00f3n de IB - Iraurgi Berritzen<\/title>\n<meta name=\"robots\" content=\"index, follow, max-snippet:-1, max-image-preview:large, max-video-preview:-1\" \/>\n<link rel=\"canonical\" href=\"https:\/\/iraurgiberritzen.eus\/es\/se-reune-el-nuevo-consejo-de-gestion-de-ib\/\" \/>\n<meta property=\"og:locale\" content=\"es_ES\" \/>\n<meta property=\"og:type\" content=\"article\" \/>\n<meta property=\"og:title\" content=\"Se re\u00fane el nuevo Consejo de Gesti\u00f3n de IB - Iraurgi Berritzen\" \/>\n<meta property=\"og:description\" content=\"El Consejo de Gesti\u00f3n de la Red de agentes IB se ha reunido este 11 de Julio en el Palacio Intsausti de Azkoitia. En ella han participado representantes municipales de Urola Erdia, Empresa, Educaci\u00f3n, y Empleo. Tras iniciar una nueva legislatura en los ayuntamientos de la comarca, se han sumado nuevos miembros a la estructura [&hellip;]\" \/>\n<meta property=\"og:url\" content=\"https:\/\/iraurgiberritzen.eus\/es\/se-reune-el-nuevo-consejo-de-gestion-de-ib\/\" \/>\n<meta property=\"og:site_name\" content=\"Iraurgi Berritzen\" \/>\n<meta property=\"article:published_time\" content=\"2019-07-13T05:04:50+00:00\" \/>\n<meta name=\"author\" content=\"kudeatzailea\" \/>\n<meta name=\"twitter:card\" content=\"summary_large_image\" \/>\n<meta name=\"twitter:label1\" content=\"Escrito por\" \/>\n\t<meta name=\"twitter:data1\" content=\"kudeatzailea\" \/>\n\t<meta name=\"twitter:label2\" content=\"Tiempo de lectura\" \/>\n\t<meta name=\"twitter:data2\" content=\"2 minutos\" \/>\n<script type=\"application\/ld+json\" class=\"yoast-schema-graph\">{\"@context\":\"https:\\\/\\\/schema.org\",\"@graph\":[{\"@type\":\"Article\",\"@id\":\"https:\\\/\\\/iraurgiberritzen.eus\\\/es\\\/se-reune-el-nuevo-consejo-de-gestion-de-ib\\\/#article\",\"isPartOf\":{\"@id\":\"https:\\\/\\\/iraurgiberritzen.eus\\\/es\\\/se-reune-el-nuevo-consejo-de-gestion-de-ib\\\/\"},\"author\":{\"name\":\"kudeatzailea\",\"@id\":\"https:\\\/\\\/iraurgiberritzen.eus\\\/es\\\/#\\\/schema\\\/person\\\/5ab41aaf388a9097177601ebf45738d2\"},\"headline\":\"Se re\u00fane el nuevo Consejo de Gesti\u00f3n de IB\",\"datePublished\":\"2019-07-13T05:04:50+00:00\",\"mainEntityOfPage\":{\"@id\":\"https:\\\/\\\/iraurgiberritzen.eus\\\/es\\\/se-reune-el-nuevo-consejo-de-gestion-de-ib\\\/\"},\"wordCount\":439,\"publisher\":{\"@id\":\"https:\\\/\\\/iraurgiberritzen.eus\\\/es\\\/#organization\"},\"image\":{\"@id\":\"https:\\\/\\\/iraurgiberritzen.eus\\\/es\\\/se-reune-el-nuevo-consejo-de-gestion-de-ib\\\/#primaryimage\"},\"thumbnailUrl\":\"https:\\\/\\\/iraurgiberritzen.eus\\\/wp-content\\\/uploads\\\/2023\\\/09\\\/f6e095e44349bba4e0775cb7dacd0d59.jpg\",\"articleSection\":[\"Noticias\"],\"inLanguage\":\"es\"},{\"@type\":\"WebPage\",\"@id\":\"https:\\\/\\\/iraurgiberritzen.eus\\\/es\\\/se-reune-el-nuevo-consejo-de-gestion-de-ib\\\/\",\"url\":\"https:\\\/\\\/iraurgiberritzen.eus\\\/es\\\/se-reune-el-nuevo-consejo-de-gestion-de-ib\\\/\",\"name\":\"Se re\u00fane el nuevo Consejo de Gesti\u00f3n de IB - Iraurgi Berritzen\",\"isPartOf\":{\"@id\":\"https:\\\/\\\/iraurgiberritzen.eus\\\/es\\\/#website\"},\"primaryImageOfPage\":{\"@id\":\"https:\\\/\\\/iraurgiberritzen.eus\\\/es\\\/se-reune-el-nuevo-consejo-de-gestion-de-ib\\\/#primaryimage\"},\"image\":{\"@id\":\"https:\\\/\\\/iraurgiberritzen.eus\\\/es\\\/se-reune-el-nuevo-consejo-de-gestion-de-ib\\\/#primaryimage\"},\"thumbnailUrl\":\"https:\\\/\\\/iraurgiberritzen.eus\\\/wp-content\\\/uploads\\\/2023\\\/09\\\/f6e095e44349bba4e0775cb7dacd0d59.jpg\",\"datePublished\":\"2019-07-13T05:04:50+00:00\",\"breadcrumb\":{\"@id\":\"https:\\\/\\\/iraurgiberritzen.eus\\\/es\\\/se-reune-el-nuevo-consejo-de-gestion-de-ib\\\/#breadcrumb\"},\"inLanguage\":\"es\",\"potentialAction\":[{\"@type\":\"ReadAction\",\"target\":[\"https:\\\/\\\/iraurgiberritzen.eus\\\/es\\\/se-reune-el-nuevo-consejo-de-gestion-de-ib\\\/\"]}]},{\"@type\":\"ImageObject\",\"inLanguage\":\"es\",\"@id\":\"https:\\\/\\\/iraurgiberritzen.eus\\\/es\\\/se-reune-el-nuevo-consejo-de-gestion-de-ib\\\/#primaryimage\",\"url\":\"https:\\\/\\\/iraurgiberritzen.eus\\\/wp-content\\\/uploads\\\/2023\\\/09\\\/f6e095e44349bba4e0775cb7dacd0d59.jpg\",\"contentUrl\":\"https:\\\/\\\/iraurgiberritzen.eus\\\/wp-content\\\/uploads\\\/2023\\\/09\\\/f6e095e44349bba4e0775cb7dacd0d59.jpg\",\"width\":600,\"height\":386},{\"@type\":\"BreadcrumbList\",\"@id\":\"https:\\\/\\\/iraurgiberritzen.eus\\\/es\\\/se-reune-el-nuevo-consejo-de-gestion-de-ib\\\/#breadcrumb\",\"itemListElement\":[{\"@type\":\"ListItem\",\"position\":1,\"name\":\"Home\",\"item\":\"https:\\\/\\\/iraurgiberritzen.eus\\\/es\\\/\"},{\"@type\":\"ListItem\",\"position\":2,\"name\":\"Se re\u00fane el nuevo Consejo de Gesti\u00f3n de IB\"}]},{\"@type\":\"WebSite\",\"@id\":\"https:\\\/\\\/iraurgiberritzen.eus\\\/es\\\/#website\",\"url\":\"https:\\\/\\\/iraurgiberritzen.eus\\\/es\\\/\",\"name\":\"Iraurgi Berritzen\",\"description\":\"Urola Erdiko Garapen Agentzia\",\"publisher\":{\"@id\":\"https:\\\/\\\/iraurgiberritzen.eus\\\/es\\\/#organization\"},\"potentialAction\":[{\"@type\":\"SearchAction\",\"target\":{\"@type\":\"EntryPoint\",\"urlTemplate\":\"https:\\\/\\\/iraurgiberritzen.eus\\\/es\\\/?s={search_term_string}\"},\"query-input\":{\"@type\":\"PropertyValueSpecification\",\"valueRequired\":true,\"valueName\":\"search_term_string\"}}],\"inLanguage\":\"es\"},{\"@type\":\"Organization\",\"@id\":\"https:\\\/\\\/iraurgiberritzen.eus\\\/es\\\/#organization\",\"name\":\"Iraurgi Berritzen\",\"url\":\"https:\\\/\\\/iraurgiberritzen.eus\\\/es\\\/\",\"logo\":{\"@type\":\"ImageObject\",\"inLanguage\":\"es\",\"@id\":\"https:\\\/\\\/iraurgiberritzen.eus\\\/es\\\/#\\\/schema\\\/logo\\\/image\\\/\",\"url\":\"https:\\\/\\\/iraurgiberritzen.eus\\\/wp-content\\\/uploads\\\/2024\\\/02\\\/IRAURGI-BERRITZEN-logotipoa_2.png\",\"contentUrl\":\"https:\\\/\\\/iraurgiberritzen.eus\\\/wp-content\\\/uploads\\\/2024\\\/02\\\/IRAURGI-BERRITZEN-logotipoa_2.png\",\"width\":496,\"height\":190,\"caption\":\"Iraurgi Berritzen\"},\"image\":{\"@id\":\"https:\\\/\\\/iraurgiberritzen.eus\\\/es\\\/#\\\/schema\\\/logo\\\/image\\\/\"}},{\"@type\":\"Person\",\"@id\":\"https:\\\/\\\/iraurgiberritzen.eus\\\/es\\\/#\\\/schema\\\/person\\\/5ab41aaf388a9097177601ebf45738d2\",\"name\":\"kudeatzailea\",\"sameAs\":[\"https:\\\/\\\/iraurgiberritzen.eus\"]}]}<\/script>\n<!-- \/ Yoast SEO plugin. -->","yoast_head_json":{"title":"Se re\u00fane el nuevo Consejo de Gesti\u00f3n de IB - Iraurgi Berritzen","robots":{"index":"index","follow":"follow","max-snippet":"max-snippet:-1","max-image-preview":"max-image-preview:large","max-video-preview":"max-video-preview:-1"},"canonical":"https:\/\/iraurgiberritzen.eus\/es\/se-reune-el-nuevo-consejo-de-gestion-de-ib\/","og_locale":"es_ES","og_type":"article","og_title":"Se re\u00fane el nuevo Consejo de Gesti\u00f3n de IB - Iraurgi Berritzen","og_description":"El Consejo de Gesti\u00f3n de la Red de agentes IB se ha reunido este 11 de Julio en el Palacio Intsausti de Azkoitia. En ella han participado representantes municipales de Urola Erdia, Empresa, Educaci\u00f3n, y Empleo. Tras iniciar una nueva legislatura en los ayuntamientos de la comarca, se han sumado nuevos miembros a la estructura [&hellip;]","og_url":"https:\/\/iraurgiberritzen.eus\/es\/se-reune-el-nuevo-consejo-de-gestion-de-ib\/","og_site_name":"Iraurgi Berritzen","article_published_time":"2019-07-13T05:04:50+00:00","author":"kudeatzailea","twitter_card":"summary_large_image","twitter_misc":{"Escrito por":"kudeatzailea","Tiempo de lectura":"2 minutos"},"schema":{"@context":"https:\/\/schema.org","@graph":[{"@type":"Article","@id":"https:\/\/iraurgiberritzen.eus\/es\/se-reune-el-nuevo-consejo-de-gestion-de-ib\/#article","isPartOf":{"@id":"https:\/\/iraurgiberritzen.eus\/es\/se-reune-el-nuevo-consejo-de-gestion-de-ib\/"},"author":{"name":"kudeatzailea","@id":"https:\/\/iraurgiberritzen.eus\/es\/#\/schema\/person\/5ab41aaf388a9097177601ebf45738d2"},"headline":"Se re\u00fane el nuevo Consejo de Gesti\u00f3n de IB","datePublished":"2019-07-13T05:04:50+00:00","mainEntityOfPage":{"@id":"https:\/\/iraurgiberritzen.eus\/es\/se-reune-el-nuevo-consejo-de-gestion-de-ib\/"},"wordCount":439,"publisher":{"@id":"https:\/\/iraurgiberritzen.eus\/es\/#organization"},"image":{"@id":"https:\/\/iraurgiberritzen.eus\/es\/se-reune-el-nuevo-consejo-de-gestion-de-ib\/#primaryimage"},"thumbnailUrl":"https:\/\/iraurgiberritzen.eus\/wp-content\/uploads\/2023\/09\/f6e095e44349bba4e0775cb7dacd0d59.jpg","articleSection":["Noticias"],"inLanguage":"es"},{"@type":"WebPage","@id":"https:\/\/iraurgiberritzen.eus\/es\/se-reune-el-nuevo-consejo-de-gestion-de-ib\/","url":"https:\/\/iraurgiberritzen.eus\/es\/se-reune-el-nuevo-consejo-de-gestion-de-ib\/","name":"Se re\u00fane el nuevo Consejo de Gesti\u00f3n de IB - Iraurgi Berritzen","isPartOf":{"@id":"https:\/\/iraurgiberritzen.eus\/es\/#website"},"primaryImageOfPage":{"@id":"https:\/\/iraurgiberritzen.eus\/es\/se-reune-el-nuevo-consejo-de-gestion-de-ib\/#primaryimage"},"image":{"@id":"https:\/\/iraurgiberritzen.eus\/es\/se-reune-el-nuevo-consejo-de-gestion-de-ib\/#primaryimage"},"thumbnailUrl":"https:\/\/iraurgiberritzen.eus\/wp-content\/uploads\/2023\/09\/f6e095e44349bba4e0775cb7dacd0d59.jpg","datePublished":"2019-07-13T05:04:50+00:00","breadcrumb":{"@id":"https:\/\/iraurgiberritzen.eus\/es\/se-reune-el-nuevo-consejo-de-gestion-de-ib\/#breadcrumb"},"inLanguage":"es","potentialAction":[{"@type":"ReadAction","target":["https:\/\/iraurgiberritzen.eus\/es\/se-reune-el-nuevo-consejo-de-gestion-de-ib\/"]}]},{"@type":"ImageObject","inLanguage":"es","@id":"https:\/\/iraurgiberritzen.eus\/es\/se-reune-el-nuevo-consejo-de-gestion-de-ib\/#primaryimage","url":"https:\/\/iraurgiberritzen.eus\/wp-content\/uploads\/2023\/09\/f6e095e44349bba4e0775cb7dacd0d59.jpg","contentUrl":"https:\/\/iraurgiberritzen.eus\/wp-content\/uploads\/2023\/09\/f6e095e44349bba4e0775cb7dacd0d59.jpg","width":600,"height":386},{"@type":"BreadcrumbList","@id":"https:\/\/iraurgiberritzen.eus\/es\/se-reune-el-nuevo-consejo-de-gestion-de-ib\/#breadcrumb","itemListElement":[{"@type":"ListItem","position":1,"name":"Home","item":"https:\/\/iraurgiberritzen.eus\/es\/"},{"@type":"ListItem","position":2,"name":"Se re\u00fane el nuevo Consejo de Gesti\u00f3n de IB"}]},{"@type":"WebSite","@id":"https:\/\/iraurgiberritzen.eus\/es\/#website","url":"https:\/\/iraurgiberritzen.eus\/es\/","name":"Iraurgi Berritzen","description":"Urola Erdiko Garapen Agentzia","publisher":{"@id":"https:\/\/iraurgiberritzen.eus\/es\/#organization"},"potentialAction":[{"@type":"SearchAction","target":{"@type":"EntryPoint","urlTemplate":"https:\/\/iraurgiberritzen.eus\/es\/?s={search_term_string}"},"query-input":{"@type":"PropertyValueSpecification","valueRequired":true,"valueName":"search_term_string"}}],"inLanguage":"es"},{"@type":"Organization","@id":"https:\/\/iraurgiberritzen.eus\/es\/#organization","name":"Iraurgi Berritzen","url":"https:\/\/iraurgiberritzen.eus\/es\/","logo":{"@type":"ImageObject","inLanguage":"es","@id":"https:\/\/iraurgiberritzen.eus\/es\/#\/schema\/logo\/image\/","url":"https:\/\/iraurgiberritzen.eus\/wp-content\/uploads\/2024\/02\/IRAURGI-BERRITZEN-logotipoa_2.png","contentUrl":"https:\/\/iraurgiberritzen.eus\/wp-content\/uploads\/2024\/02\/IRAURGI-BERRITZEN-logotipoa_2.png","width":496,"height":190,"caption":"Iraurgi Berritzen"},"image":{"@id":"https:\/\/iraurgiberritzen.eus\/es\/#\/schema\/logo\/image\/"}},{"@type":"Person","@id":"https:\/\/iraurgiberritzen.eus\/es\/#\/schema\/person\/5ab41aaf388a9097177601ebf45738d2","name":"kudeatzailea","sameAs":["https:\/\/iraurgiberritzen.eus"]}]}},"_links":{"self":[{"href":"https:\/\/iraurgiberritzen.eus\/es\/wp-json\/wp\/v2\/posts\/12681","targetHints":{"allow":["GET"]}}],"collection":[{"href":"https:\/\/iraurgiberritzen.eus\/es\/wp-json\/wp\/v2\/posts"}],"about":[{"href":"https:\/\/iraurgiberritzen.eus\/es\/wp-json\/wp\/v2\/types\/post"}],"author":[{"embeddable":true,"href":"https:\/\/iraurgiberritzen.eus\/es\/wp-json\/wp\/v2\/users\/1"}],"replies":[{"embeddable":true,"href":"https:\/\/iraurgiberritzen.eus\/es\/wp-json\/wp\/v2\/comments?post=12681"}],"version-history":[{"count":0,"href":"https:\/\/iraurgiberritzen.eus\/es\/wp-json\/wp\/v2\/posts\/12681\/revisions"}],"wp:featuredmedia":[{"embeddable":true,"href":"https:\/\/iraurgiberritzen.eus\/es\/wp-json\/wp\/v2\/media\/17796"}],"wp:attachment":[{"href":"https:\/\/iraurgiberritzen.eus\/es\/wp-json\/wp\/v2\/media?parent=12681"}],"wp:term":[{"taxonomy":"category","embeddable":true,"href":"https:\/\/iraurgiberritzen.eus\/es\/wp-json\/wp\/v2\/categories?post=12681"},{"taxonomy":"post_tag","embeddable":true,"href":"https:\/\/iraurgiberritzen.eus\/es\/wp-json\/wp\/v2\/tags?post=12681"}],"curies":[{"name":"wp","href":"https:\/\/api.w.org\/{rel}","templated":true}]}}