{"id":12687,"date":"2019-07-17T11:17:56","date_gmt":"2019-07-17T09:17:56","guid":{"rendered":"https:\/\/iraurgiberritzen.eus\/reunion-de-sensibilizacion-el-cliente-como-eje-de-la-estrategia-entre-las-empresas-de-la-red-ib\/"},"modified":"2019-07-17T11:17:56","modified_gmt":"2019-07-17T09:17:56","slug":"reunion-de-sensibilizacion-el-cliente-como-eje-de-la-estrategia-entre-las-empresas-de-la-red-ib","status":"publish","type":"post","link":"https:\/\/iraurgiberritzen.eus\/es\/reunion-de-sensibilizacion-el-cliente-como-eje-de-la-estrategia-entre-las-empresas-de-la-red-ib\/","title":{"rendered":"Reuni\u00f3n de sensibilizaci\u00f3n \u201cEl CLIENTE como eje de la estrategia\u201d entre las empresas de la red IB"},"content":{"rendered":"<p style=\"text-align: justify;\">El 16 de julio se han reunido en el Palacio Intxausti, varios representantes de las empresas que componen la red de IB.<\/p>\n<p style=\"text-align: justify;\">Ha sido una reuni\u00f3n de sensibilizaci\u00f3n, dende se ha trabajado el tema <strong>\u00abCLIENTES<\/strong>\u00ab, y se enmarca dentro del proyecto IKASEKIN.<\/p>\n<p style=\"text-align: justify;\">El objetivo de la reuni\u00f3n ha sido la de ir sensibilizando a los representantes de las empresas en base a unas competencias concretas. Desde el enfoque tanto de la gesti\u00f3n comercial del cliente y como la del posicionamiento en el mercado, recabar inputs en base a unos aspectos clave, compartir experiencias, debatir y reflexionar desde la realidad de cada uno. Otro de los objetivos es el de seguir reforzando las relaciones de confianza entre las propias empresas de la red.<\/p>\n<p style=\"text-align: justify;\">Entre los conceptos que salieron a debate, la importancia de la reflexi\u00f3n por parte de cada empresa orientada a la identificaci\u00f3n y definici\u00f3n de su propuesta de valor, la importancia de un posicionamiento proactivo en el mercado o los modelos de relaci\u00f3n con el cliente&#8230;<\/p>\n<p style=\"text-align: justify;\">La reuni\u00f3n la ha dinamizado Grupo Bentas, una reuni\u00f3n muy din\u00e1mica e informal, donde la valoraci\u00f3n de las empresas ha sido muy buena tanto de la perspectiva de contenidos como de formato.<\/p>\n<p style=\"text-align: justify;\">A partir de Septiembre cada empresa tendr\u00e1 la oportunidad de trabajar sobre un proyecto personalizado orientado a la mejora o optimizaci\u00f3n de su proceso comercial.<\/p>\n<hr \/>\n<p style=\"text-align: justify;\">&nbsp;<\/p>\n<p style=\"text-align: justify;\"><strong>Proyecto Ikasekin<\/strong><\/p>\n<p style=\"text-align: justify;\">El proyecto tiene 2 objetivos principales.<\/p>\n<ul>\n<li style=\"text-align: justify;\"><strong>Sensibilizaci\u00f3n y capacitaci\u00f3n<\/strong>: Sensibilizar a los representantes de las empresas de IB en base a unas competencias concretas identificadas de manera conjunta, abstraernos del d\u00eda a d\u00eda y compartir experiencias con las dem\u00e1s empresas.<\/li>\n<li style=\"text-align: justify;\"><strong>Desarrollo de proyectos piloto<\/strong>: Definici\u00f3n, planificaci\u00f3n y desarrollo de proyectos piloto individuales, en base a las necesidades que cada uno pueda identificar desde una perspectiva estrat\u00e9gica. Impulsar la capacitaci\u00f3n de las personas a traves de la aplicaci\u00f3n de dichos proyectos.<\/li>\n<\/ul>\n","protected":false},"excerpt":{"rendered":"<p>El 16 de julio se han reunido en el Palacio Intxausti, varios representantes de las empresas que componen la red de IB. Ha sido una reuni\u00f3n de sensibilizaci\u00f3n, dende se ha trabajado el tema \u00abCLIENTES\u00ab, y se enmarca dentro del proyecto IKASEKIN. El objetivo de la reuni\u00f3n ha sido la de ir sensibilizando a los [&hellip;]<\/p>\n","protected":false},"author":1,"featured_media":17798,"comment_status":"","ping_status":"closed","sticky":false,"template":"","format":"standard","meta":{"_acf_changed":false,"footnotes":""},"categories":[4],"tags":[],"class_list":["post-12687","post","type-post","status-publish","format-standard","has-post-thumbnail","hentry","category-noticias"],"acf":[],"yoast_head":"<!-- This site is optimized with the Yoast SEO plugin v27.4 - https:\/\/yoast.com\/product\/yoast-seo-wordpress\/ -->\n<title>Reuni\u00f3n de sensibilizaci\u00f3n \u201cEl CLIENTE como eje de la estrategia\u201d entre las empresas de la red IB - Iraurgi Berritzen<\/title>\n<meta name=\"robots\" content=\"index, follow, max-snippet:-1, max-image-preview:large, max-video-preview:-1\" \/>\n<link rel=\"canonical\" href=\"https:\/\/iraurgiberritzen.eus\/es\/reunion-de-sensibilizacion-el-cliente-como-eje-de-la-estrategia-entre-las-empresas-de-la-red-ib\/\" \/>\n<meta property=\"og:locale\" content=\"es_ES\" \/>\n<meta property=\"og:type\" content=\"article\" \/>\n<meta property=\"og:title\" content=\"Reuni\u00f3n de sensibilizaci\u00f3n \u201cEl CLIENTE como eje de la estrategia\u201d entre las empresas de la red IB - Iraurgi Berritzen\" \/>\n<meta property=\"og:description\" content=\"El 16 de julio se han reunido en el Palacio Intxausti, varios representantes de las empresas que componen la red de IB. Ha sido una reuni\u00f3n de sensibilizaci\u00f3n, dende se ha trabajado el tema \u00abCLIENTES\u00ab, y se enmarca dentro del proyecto IKASEKIN. El objetivo de la reuni\u00f3n ha sido la de ir sensibilizando a los [&hellip;]\" \/>\n<meta property=\"og:url\" content=\"https:\/\/iraurgiberritzen.eus\/es\/reunion-de-sensibilizacion-el-cliente-como-eje-de-la-estrategia-entre-las-empresas-de-la-red-ib\/\" \/>\n<meta property=\"og:site_name\" content=\"Iraurgi Berritzen\" \/>\n<meta property=\"article:published_time\" content=\"2019-07-17T09:17:56+00:00\" \/>\n<meta name=\"author\" content=\"kudeatzailea\" \/>\n<meta name=\"twitter:card\" content=\"summary_large_image\" \/>\n<meta name=\"twitter:label1\" content=\"Escrito por\" \/>\n\t<meta name=\"twitter:data1\" content=\"kudeatzailea\" \/>\n\t<meta name=\"twitter:label2\" content=\"Tiempo de lectura\" \/>\n\t<meta name=\"twitter:data2\" content=\"2 minutos\" \/>\n<script type=\"application\/ld+json\" class=\"yoast-schema-graph\">{\"@context\":\"https:\\\/\\\/schema.org\",\"@graph\":[{\"@type\":\"Article\",\"@id\":\"https:\\\/\\\/iraurgiberritzen.eus\\\/es\\\/reunion-de-sensibilizacion-el-cliente-como-eje-de-la-estrategia-entre-las-empresas-de-la-red-ib\\\/#article\",\"isPartOf\":{\"@id\":\"https:\\\/\\\/iraurgiberritzen.eus\\\/es\\\/reunion-de-sensibilizacion-el-cliente-como-eje-de-la-estrategia-entre-las-empresas-de-la-red-ib\\\/\"},\"author\":{\"name\":\"kudeatzailea\",\"@id\":\"https:\\\/\\\/iraurgiberritzen.eus\\\/es\\\/#\\\/schema\\\/person\\\/5ab41aaf388a9097177601ebf45738d2\"},\"headline\":\"Reuni\u00f3n de sensibilizaci\u00f3n \u201cEl CLIENTE como eje de la estrategia\u201d entre las empresas de la red IB\",\"datePublished\":\"2019-07-17T09:17:56+00:00\",\"mainEntityOfPage\":{\"@id\":\"https:\\\/\\\/iraurgiberritzen.eus\\\/es\\\/reunion-de-sensibilizacion-el-cliente-como-eje-de-la-estrategia-entre-las-empresas-de-la-red-ib\\\/\"},\"wordCount\":347,\"publisher\":{\"@id\":\"https:\\\/\\\/iraurgiberritzen.eus\\\/es\\\/#organization\"},\"image\":{\"@id\":\"https:\\\/\\\/iraurgiberritzen.eus\\\/es\\\/reunion-de-sensibilizacion-el-cliente-como-eje-de-la-estrategia-entre-las-empresas-de-la-red-ib\\\/#primaryimage\"},\"thumbnailUrl\":\"https:\\\/\\\/iraurgiberritzen.eus\\\/wp-content\\\/uploads\\\/2023\\\/09\\\/84dcf8a8cba0259cf11299c1eef358f9.jpg\",\"articleSection\":[\"Noticias\"],\"inLanguage\":\"es\"},{\"@type\":\"WebPage\",\"@id\":\"https:\\\/\\\/iraurgiberritzen.eus\\\/es\\\/reunion-de-sensibilizacion-el-cliente-como-eje-de-la-estrategia-entre-las-empresas-de-la-red-ib\\\/\",\"url\":\"https:\\\/\\\/iraurgiberritzen.eus\\\/es\\\/reunion-de-sensibilizacion-el-cliente-como-eje-de-la-estrategia-entre-las-empresas-de-la-red-ib\\\/\",\"name\":\"Reuni\u00f3n de sensibilizaci\u00f3n \u201cEl CLIENTE como eje de la estrategia\u201d entre las empresas de la red IB - Iraurgi Berritzen\",\"isPartOf\":{\"@id\":\"https:\\\/\\\/iraurgiberritzen.eus\\\/es\\\/#website\"},\"primaryImageOfPage\":{\"@id\":\"https:\\\/\\\/iraurgiberritzen.eus\\\/es\\\/reunion-de-sensibilizacion-el-cliente-como-eje-de-la-estrategia-entre-las-empresas-de-la-red-ib\\\/#primaryimage\"},\"image\":{\"@id\":\"https:\\\/\\\/iraurgiberritzen.eus\\\/es\\\/reunion-de-sensibilizacion-el-cliente-como-eje-de-la-estrategia-entre-las-empresas-de-la-red-ib\\\/#primaryimage\"},\"thumbnailUrl\":\"https:\\\/\\\/iraurgiberritzen.eus\\\/wp-content\\\/uploads\\\/2023\\\/09\\\/84dcf8a8cba0259cf11299c1eef358f9.jpg\",\"datePublished\":\"2019-07-17T09:17:56+00:00\",\"breadcrumb\":{\"@id\":\"https:\\\/\\\/iraurgiberritzen.eus\\\/es\\\/reunion-de-sensibilizacion-el-cliente-como-eje-de-la-estrategia-entre-las-empresas-de-la-red-ib\\\/#breadcrumb\"},\"inLanguage\":\"es\",\"potentialAction\":[{\"@type\":\"ReadAction\",\"target\":[\"https:\\\/\\\/iraurgiberritzen.eus\\\/es\\\/reunion-de-sensibilizacion-el-cliente-como-eje-de-la-estrategia-entre-las-empresas-de-la-red-ib\\\/\"]}]},{\"@type\":\"ImageObject\",\"inLanguage\":\"es\",\"@id\":\"https:\\\/\\\/iraurgiberritzen.eus\\\/es\\\/reunion-de-sensibilizacion-el-cliente-como-eje-de-la-estrategia-entre-las-empresas-de-la-red-ib\\\/#primaryimage\",\"url\":\"https:\\\/\\\/iraurgiberritzen.eus\\\/wp-content\\\/uploads\\\/2023\\\/09\\\/84dcf8a8cba0259cf11299c1eef358f9.jpg\",\"contentUrl\":\"https:\\\/\\\/iraurgiberritzen.eus\\\/wp-content\\\/uploads\\\/2023\\\/09\\\/84dcf8a8cba0259cf11299c1eef358f9.jpg\",\"width\":600,\"height\":386},{\"@type\":\"BreadcrumbList\",\"@id\":\"https:\\\/\\\/iraurgiberritzen.eus\\\/es\\\/reunion-de-sensibilizacion-el-cliente-como-eje-de-la-estrategia-entre-las-empresas-de-la-red-ib\\\/#breadcrumb\",\"itemListElement\":[{\"@type\":\"ListItem\",\"position\":1,\"name\":\"Home\",\"item\":\"https:\\\/\\\/iraurgiberritzen.eus\\\/es\\\/\"},{\"@type\":\"ListItem\",\"position\":2,\"name\":\"Reuni\u00f3n de sensibilizaci\u00f3n \u201cEl CLIENTE como eje de la estrategia\u201d entre las empresas de la red IB\"}]},{\"@type\":\"WebSite\",\"@id\":\"https:\\\/\\\/iraurgiberritzen.eus\\\/es\\\/#website\",\"url\":\"https:\\\/\\\/iraurgiberritzen.eus\\\/es\\\/\",\"name\":\"Iraurgi Berritzen\",\"description\":\"Urola Erdiko Garapen Agentzia\",\"publisher\":{\"@id\":\"https:\\\/\\\/iraurgiberritzen.eus\\\/es\\\/#organization\"},\"potentialAction\":[{\"@type\":\"SearchAction\",\"target\":{\"@type\":\"EntryPoint\",\"urlTemplate\":\"https:\\\/\\\/iraurgiberritzen.eus\\\/es\\\/?s={search_term_string}\"},\"query-input\":{\"@type\":\"PropertyValueSpecification\",\"valueRequired\":true,\"valueName\":\"search_term_string\"}}],\"inLanguage\":\"es\"},{\"@type\":\"Organization\",\"@id\":\"https:\\\/\\\/iraurgiberritzen.eus\\\/es\\\/#organization\",\"name\":\"Iraurgi Berritzen\",\"url\":\"https:\\\/\\\/iraurgiberritzen.eus\\\/es\\\/\",\"logo\":{\"@type\":\"ImageObject\",\"inLanguage\":\"es\",\"@id\":\"https:\\\/\\\/iraurgiberritzen.eus\\\/es\\\/#\\\/schema\\\/logo\\\/image\\\/\",\"url\":\"https:\\\/\\\/iraurgiberritzen.eus\\\/wp-content\\\/uploads\\\/2024\\\/02\\\/IRAURGI-BERRITZEN-logotipoa_2.png\",\"contentUrl\":\"https:\\\/\\\/iraurgiberritzen.eus\\\/wp-content\\\/uploads\\\/2024\\\/02\\\/IRAURGI-BERRITZEN-logotipoa_2.png\",\"width\":496,\"height\":190,\"caption\":\"Iraurgi Berritzen\"},\"image\":{\"@id\":\"https:\\\/\\\/iraurgiberritzen.eus\\\/es\\\/#\\\/schema\\\/logo\\\/image\\\/\"}},{\"@type\":\"Person\",\"@id\":\"https:\\\/\\\/iraurgiberritzen.eus\\\/es\\\/#\\\/schema\\\/person\\\/5ab41aaf388a9097177601ebf45738d2\",\"name\":\"kudeatzailea\",\"sameAs\":[\"https:\\\/\\\/iraurgiberritzen.eus\"]}]}<\/script>\n<!-- \/ Yoast SEO plugin. -->","yoast_head_json":{"title":"Reuni\u00f3n de sensibilizaci\u00f3n \u201cEl CLIENTE como eje de la estrategia\u201d entre las empresas de la red IB - Iraurgi Berritzen","robots":{"index":"index","follow":"follow","max-snippet":"max-snippet:-1","max-image-preview":"max-image-preview:large","max-video-preview":"max-video-preview:-1"},"canonical":"https:\/\/iraurgiberritzen.eus\/es\/reunion-de-sensibilizacion-el-cliente-como-eje-de-la-estrategia-entre-las-empresas-de-la-red-ib\/","og_locale":"es_ES","og_type":"article","og_title":"Reuni\u00f3n de sensibilizaci\u00f3n \u201cEl CLIENTE como eje de la estrategia\u201d entre las empresas de la red IB - Iraurgi Berritzen","og_description":"El 16 de julio se han reunido en el Palacio Intxausti, varios representantes de las empresas que componen la red de IB. Ha sido una reuni\u00f3n de sensibilizaci\u00f3n, dende se ha trabajado el tema \u00abCLIENTES\u00ab, y se enmarca dentro del proyecto IKASEKIN. El objetivo de la reuni\u00f3n ha sido la de ir sensibilizando a los [&hellip;]","og_url":"https:\/\/iraurgiberritzen.eus\/es\/reunion-de-sensibilizacion-el-cliente-como-eje-de-la-estrategia-entre-las-empresas-de-la-red-ib\/","og_site_name":"Iraurgi Berritzen","article_published_time":"2019-07-17T09:17:56+00:00","author":"kudeatzailea","twitter_card":"summary_large_image","twitter_misc":{"Escrito por":"kudeatzailea","Tiempo de lectura":"2 minutos"},"schema":{"@context":"https:\/\/schema.org","@graph":[{"@type":"Article","@id":"https:\/\/iraurgiberritzen.eus\/es\/reunion-de-sensibilizacion-el-cliente-como-eje-de-la-estrategia-entre-las-empresas-de-la-red-ib\/#article","isPartOf":{"@id":"https:\/\/iraurgiberritzen.eus\/es\/reunion-de-sensibilizacion-el-cliente-como-eje-de-la-estrategia-entre-las-empresas-de-la-red-ib\/"},"author":{"name":"kudeatzailea","@id":"https:\/\/iraurgiberritzen.eus\/es\/#\/schema\/person\/5ab41aaf388a9097177601ebf45738d2"},"headline":"Reuni\u00f3n de sensibilizaci\u00f3n \u201cEl CLIENTE como eje de la estrategia\u201d entre las empresas de la red IB","datePublished":"2019-07-17T09:17:56+00:00","mainEntityOfPage":{"@id":"https:\/\/iraurgiberritzen.eus\/es\/reunion-de-sensibilizacion-el-cliente-como-eje-de-la-estrategia-entre-las-empresas-de-la-red-ib\/"},"wordCount":347,"publisher":{"@id":"https:\/\/iraurgiberritzen.eus\/es\/#organization"},"image":{"@id":"https:\/\/iraurgiberritzen.eus\/es\/reunion-de-sensibilizacion-el-cliente-como-eje-de-la-estrategia-entre-las-empresas-de-la-red-ib\/#primaryimage"},"thumbnailUrl":"https:\/\/iraurgiberritzen.eus\/wp-content\/uploads\/2023\/09\/84dcf8a8cba0259cf11299c1eef358f9.jpg","articleSection":["Noticias"],"inLanguage":"es"},{"@type":"WebPage","@id":"https:\/\/iraurgiberritzen.eus\/es\/reunion-de-sensibilizacion-el-cliente-como-eje-de-la-estrategia-entre-las-empresas-de-la-red-ib\/","url":"https:\/\/iraurgiberritzen.eus\/es\/reunion-de-sensibilizacion-el-cliente-como-eje-de-la-estrategia-entre-las-empresas-de-la-red-ib\/","name":"Reuni\u00f3n de sensibilizaci\u00f3n \u201cEl CLIENTE como eje de la estrategia\u201d entre las empresas de la red IB - Iraurgi Berritzen","isPartOf":{"@id":"https:\/\/iraurgiberritzen.eus\/es\/#website"},"primaryImageOfPage":{"@id":"https:\/\/iraurgiberritzen.eus\/es\/reunion-de-sensibilizacion-el-cliente-como-eje-de-la-estrategia-entre-las-empresas-de-la-red-ib\/#primaryimage"},"image":{"@id":"https:\/\/iraurgiberritzen.eus\/es\/reunion-de-sensibilizacion-el-cliente-como-eje-de-la-estrategia-entre-las-empresas-de-la-red-ib\/#primaryimage"},"thumbnailUrl":"https:\/\/iraurgiberritzen.eus\/wp-content\/uploads\/2023\/09\/84dcf8a8cba0259cf11299c1eef358f9.jpg","datePublished":"2019-07-17T09:17:56+00:00","breadcrumb":{"@id":"https:\/\/iraurgiberritzen.eus\/es\/reunion-de-sensibilizacion-el-cliente-como-eje-de-la-estrategia-entre-las-empresas-de-la-red-ib\/#breadcrumb"},"inLanguage":"es","potentialAction":[{"@type":"ReadAction","target":["https:\/\/iraurgiberritzen.eus\/es\/reunion-de-sensibilizacion-el-cliente-como-eje-de-la-estrategia-entre-las-empresas-de-la-red-ib\/"]}]},{"@type":"ImageObject","inLanguage":"es","@id":"https:\/\/iraurgiberritzen.eus\/es\/reunion-de-sensibilizacion-el-cliente-como-eje-de-la-estrategia-entre-las-empresas-de-la-red-ib\/#primaryimage","url":"https:\/\/iraurgiberritzen.eus\/wp-content\/uploads\/2023\/09\/84dcf8a8cba0259cf11299c1eef358f9.jpg","contentUrl":"https:\/\/iraurgiberritzen.eus\/wp-content\/uploads\/2023\/09\/84dcf8a8cba0259cf11299c1eef358f9.jpg","width":600,"height":386},{"@type":"BreadcrumbList","@id":"https:\/\/iraurgiberritzen.eus\/es\/reunion-de-sensibilizacion-el-cliente-como-eje-de-la-estrategia-entre-las-empresas-de-la-red-ib\/#breadcrumb","itemListElement":[{"@type":"ListItem","position":1,"name":"Home","item":"https:\/\/iraurgiberritzen.eus\/es\/"},{"@type":"ListItem","position":2,"name":"Reuni\u00f3n de sensibilizaci\u00f3n \u201cEl CLIENTE como eje de la estrategia\u201d entre las empresas de la red IB"}]},{"@type":"WebSite","@id":"https:\/\/iraurgiberritzen.eus\/es\/#website","url":"https:\/\/iraurgiberritzen.eus\/es\/","name":"Iraurgi Berritzen","description":"Urola Erdiko Garapen Agentzia","publisher":{"@id":"https:\/\/iraurgiberritzen.eus\/es\/#organization"},"potentialAction":[{"@type":"SearchAction","target":{"@type":"EntryPoint","urlTemplate":"https:\/\/iraurgiberritzen.eus\/es\/?s={search_term_string}"},"query-input":{"@type":"PropertyValueSpecification","valueRequired":true,"valueName":"search_term_string"}}],"inLanguage":"es"},{"@type":"Organization","@id":"https:\/\/iraurgiberritzen.eus\/es\/#organization","name":"Iraurgi Berritzen","url":"https:\/\/iraurgiberritzen.eus\/es\/","logo":{"@type":"ImageObject","inLanguage":"es","@id":"https:\/\/iraurgiberritzen.eus\/es\/#\/schema\/logo\/image\/","url":"https:\/\/iraurgiberritzen.eus\/wp-content\/uploads\/2024\/02\/IRAURGI-BERRITZEN-logotipoa_2.png","contentUrl":"https:\/\/iraurgiberritzen.eus\/wp-content\/uploads\/2024\/02\/IRAURGI-BERRITZEN-logotipoa_2.png","width":496,"height":190,"caption":"Iraurgi Berritzen"},"image":{"@id":"https:\/\/iraurgiberritzen.eus\/es\/#\/schema\/logo\/image\/"}},{"@type":"Person","@id":"https:\/\/iraurgiberritzen.eus\/es\/#\/schema\/person\/5ab41aaf388a9097177601ebf45738d2","name":"kudeatzailea","sameAs":["https:\/\/iraurgiberritzen.eus"]}]}},"_links":{"self":[{"href":"https:\/\/iraurgiberritzen.eus\/es\/wp-json\/wp\/v2\/posts\/12687","targetHints":{"allow":["GET"]}}],"collection":[{"href":"https:\/\/iraurgiberritzen.eus\/es\/wp-json\/wp\/v2\/posts"}],"about":[{"href":"https:\/\/iraurgiberritzen.eus\/es\/wp-json\/wp\/v2\/types\/post"}],"author":[{"embeddable":true,"href":"https:\/\/iraurgiberritzen.eus\/es\/wp-json\/wp\/v2\/users\/1"}],"replies":[{"embeddable":true,"href":"https:\/\/iraurgiberritzen.eus\/es\/wp-json\/wp\/v2\/comments?post=12687"}],"version-history":[{"count":0,"href":"https:\/\/iraurgiberritzen.eus\/es\/wp-json\/wp\/v2\/posts\/12687\/revisions"}],"wp:featuredmedia":[{"embeddable":true,"href":"https:\/\/iraurgiberritzen.eus\/es\/wp-json\/wp\/v2\/media\/17798"}],"wp:attachment":[{"href":"https:\/\/iraurgiberritzen.eus\/es\/wp-json\/wp\/v2\/media?parent=12687"}],"wp:term":[{"taxonomy":"category","embeddable":true,"href":"https:\/\/iraurgiberritzen.eus\/es\/wp-json\/wp\/v2\/categories?post=12687"},{"taxonomy":"post_tag","embeddable":true,"href":"https:\/\/iraurgiberritzen.eus\/es\/wp-json\/wp\/v2\/tags?post=12687"}],"curies":[{"name":"wp","href":"https:\/\/api.w.org\/{rel}","templated":true}]}}