{"id":12690,"date":"2019-07-23T14:12:06","date_gmt":"2019-07-23T12:12:06","guid":{"rendered":"https:\/\/iraurgiberritzen.eus\/ha-finalizado-la-1a-fase-del-programa-hazilan-en-su-4a-edcion\/"},"modified":"2019-07-23T14:12:06","modified_gmt":"2019-07-23T12:12:06","slug":"ha-finalizado-la-1a-fase-del-programa-hazilan-en-su-4a-edcion","status":"publish","type":"post","link":"https:\/\/iraurgiberritzen.eus\/es\/ha-finalizado-la-1a-fase-del-programa-hazilan-en-su-4a-edcion\/","title":{"rendered":"Ha finalizado la 1\u00aa Fase del Programa Hazilan en su 4\u00aa Edci\u00f3n"},"content":{"rendered":"<p style=\"text-align: justify;\">Bajo la coordinaci\u00f3n de Iraurgi Berritzen, el 27 de junio arranc\u00f3 la 4\u00aa edici\u00f3n del programa Hazilan con la participaci\u00f3n de 10 personas participantes. De entre ellas, dos ha encontrado empleo durante este tiempo.<\/p>\n<p style=\"text-align: justify;\">El programa Hazilan se desarrolla por fases. Acaban de culminar la primera, la denominada \u00abAktibatu\u00bb y ahora comenzar\u00e1n a realizar pr\u00e1cticas de 200h de duraci\u00f3n en empresas de la zona.<\/p>\n<p style=\"text-align: justify;\">En la edici\u00f3n del pasado a\u00f1o, de las 17 personas participantes, 14 de ellas est\u00e1n trabajando.<\/p>\n<p style=\"text-align: justify;\">El objetivo del programa Hazilan es mejorar la empleabilidad y dotarlos de recursos para facilitarles la inserci\u00f3n laboral.<\/p>\n<p style=\"text-align: justify;\">M\u00e1s informaci\u00f3n del programa Hazilan en la web <a href=\"http:\/\/www.hazilan.eus\">www.hazilan.eus<\/a>&nbsp;o llamando al tel\u00e9fono de <strong>Iraurgi Berritzen 943851100<\/strong> y preguntando por <strong>Sandra Fern\u00e1ndez<\/strong>.<\/p>\n","protected":false},"excerpt":{"rendered":"<p>Bajo la coordinaci\u00f3n de Iraurgi Berritzen, el 27 de junio arranc\u00f3 la 4\u00aa edici\u00f3n del programa Hazilan con la participaci\u00f3n de 10 personas participantes. De entre ellas, dos ha encontrado empleo durante este tiempo. El programa Hazilan se desarrolla por fases. Acaban de culminar la primera, la denominada \u00abAktibatu\u00bb y ahora comenzar\u00e1n a realizar pr\u00e1cticas [&hellip;]<\/p>\n","protected":false},"author":1,"featured_media":17779,"comment_status":"","ping_status":"closed","sticky":false,"template":"","format":"standard","meta":{"_acf_changed":false,"footnotes":""},"categories":[4],"tags":[],"class_list":["post-12690","post","type-post","status-publish","format-standard","has-post-thumbnail","hentry","category-noticias"],"acf":[],"yoast_head":"<!-- This site is optimized with the Yoast SEO plugin v27.4 - https:\/\/yoast.com\/product\/yoast-seo-wordpress\/ -->\n<title>Ha finalizado la 1\u00aa Fase del Programa Hazilan en su 4\u00aa Edci\u00f3n - Iraurgi Berritzen<\/title>\n<meta name=\"robots\" content=\"index, follow, max-snippet:-1, max-image-preview:large, max-video-preview:-1\" \/>\n<link rel=\"canonical\" href=\"https:\/\/iraurgiberritzen.eus\/es\/ha-finalizado-la-1a-fase-del-programa-hazilan-en-su-4a-edcion\/\" \/>\n<meta property=\"og:locale\" content=\"es_ES\" \/>\n<meta property=\"og:type\" content=\"article\" \/>\n<meta property=\"og:title\" content=\"Ha finalizado la 1\u00aa Fase del Programa Hazilan en su 4\u00aa Edci\u00f3n - Iraurgi Berritzen\" \/>\n<meta property=\"og:description\" content=\"Bajo la coordinaci\u00f3n de Iraurgi Berritzen, el 27 de junio arranc\u00f3 la 4\u00aa edici\u00f3n del programa Hazilan con la participaci\u00f3n de 10 personas participantes. De entre ellas, dos ha encontrado empleo durante este tiempo. El programa Hazilan se desarrolla por fases. Acaban de culminar la primera, la denominada \u00abAktibatu\u00bb y ahora comenzar\u00e1n a realizar pr\u00e1cticas [&hellip;]\" \/>\n<meta property=\"og:url\" content=\"https:\/\/iraurgiberritzen.eus\/es\/ha-finalizado-la-1a-fase-del-programa-hazilan-en-su-4a-edcion\/\" \/>\n<meta property=\"og:site_name\" content=\"Iraurgi Berritzen\" \/>\n<meta property=\"article:published_time\" content=\"2019-07-23T12:12:06+00:00\" \/>\n<meta name=\"author\" content=\"kudeatzailea\" \/>\n<meta name=\"twitter:card\" content=\"summary_large_image\" \/>\n<meta name=\"twitter:label1\" content=\"Escrito por\" \/>\n\t<meta name=\"twitter:data1\" content=\"kudeatzailea\" \/>\n\t<meta name=\"twitter:label2\" content=\"Tiempo de lectura\" \/>\n\t<meta name=\"twitter:data2\" content=\"1 minuto\" \/>\n<script type=\"application\/ld+json\" class=\"yoast-schema-graph\">{\"@context\":\"https:\\\/\\\/schema.org\",\"@graph\":[{\"@type\":\"Article\",\"@id\":\"https:\\\/\\\/iraurgiberritzen.eus\\\/es\\\/ha-finalizado-la-1a-fase-del-programa-hazilan-en-su-4a-edcion\\\/#article\",\"isPartOf\":{\"@id\":\"https:\\\/\\\/iraurgiberritzen.eus\\\/es\\\/ha-finalizado-la-1a-fase-del-programa-hazilan-en-su-4a-edcion\\\/\"},\"author\":{\"name\":\"kudeatzailea\",\"@id\":\"https:\\\/\\\/iraurgiberritzen.eus\\\/es\\\/#\\\/schema\\\/person\\\/5ab41aaf388a9097177601ebf45738d2\"},\"headline\":\"Ha finalizado la 1\u00aa Fase del Programa Hazilan en su 4\u00aa Edci\u00f3n\",\"datePublished\":\"2019-07-23T12:12:06+00:00\",\"mainEntityOfPage\":{\"@id\":\"https:\\\/\\\/iraurgiberritzen.eus\\\/es\\\/ha-finalizado-la-1a-fase-del-programa-hazilan-en-su-4a-edcion\\\/\"},\"wordCount\":142,\"publisher\":{\"@id\":\"https:\\\/\\\/iraurgiberritzen.eus\\\/es\\\/#organization\"},\"image\":{\"@id\":\"https:\\\/\\\/iraurgiberritzen.eus\\\/es\\\/ha-finalizado-la-1a-fase-del-programa-hazilan-en-su-4a-edcion\\\/#primaryimage\"},\"thumbnailUrl\":\"https:\\\/\\\/iraurgiberritzen.eus\\\/wp-content\\\/uploads\\\/2023\\\/09\\\/7b0257640dc77a55cf753ae766e7db69.jpg\",\"articleSection\":[\"Noticias\"],\"inLanguage\":\"es\"},{\"@type\":\"WebPage\",\"@id\":\"https:\\\/\\\/iraurgiberritzen.eus\\\/es\\\/ha-finalizado-la-1a-fase-del-programa-hazilan-en-su-4a-edcion\\\/\",\"url\":\"https:\\\/\\\/iraurgiberritzen.eus\\\/es\\\/ha-finalizado-la-1a-fase-del-programa-hazilan-en-su-4a-edcion\\\/\",\"name\":\"Ha finalizado la 1\u00aa Fase del Programa Hazilan en su 4\u00aa Edci\u00f3n - Iraurgi Berritzen\",\"isPartOf\":{\"@id\":\"https:\\\/\\\/iraurgiberritzen.eus\\\/es\\\/#website\"},\"primaryImageOfPage\":{\"@id\":\"https:\\\/\\\/iraurgiberritzen.eus\\\/es\\\/ha-finalizado-la-1a-fase-del-programa-hazilan-en-su-4a-edcion\\\/#primaryimage\"},\"image\":{\"@id\":\"https:\\\/\\\/iraurgiberritzen.eus\\\/es\\\/ha-finalizado-la-1a-fase-del-programa-hazilan-en-su-4a-edcion\\\/#primaryimage\"},\"thumbnailUrl\":\"https:\\\/\\\/iraurgiberritzen.eus\\\/wp-content\\\/uploads\\\/2023\\\/09\\\/7b0257640dc77a55cf753ae766e7db69.jpg\",\"datePublished\":\"2019-07-23T12:12:06+00:00\",\"breadcrumb\":{\"@id\":\"https:\\\/\\\/iraurgiberritzen.eus\\\/es\\\/ha-finalizado-la-1a-fase-del-programa-hazilan-en-su-4a-edcion\\\/#breadcrumb\"},\"inLanguage\":\"es\",\"potentialAction\":[{\"@type\":\"ReadAction\",\"target\":[\"https:\\\/\\\/iraurgiberritzen.eus\\\/es\\\/ha-finalizado-la-1a-fase-del-programa-hazilan-en-su-4a-edcion\\\/\"]}]},{\"@type\":\"ImageObject\",\"inLanguage\":\"es\",\"@id\":\"https:\\\/\\\/iraurgiberritzen.eus\\\/es\\\/ha-finalizado-la-1a-fase-del-programa-hazilan-en-su-4a-edcion\\\/#primaryimage\",\"url\":\"https:\\\/\\\/iraurgiberritzen.eus\\\/wp-content\\\/uploads\\\/2023\\\/09\\\/7b0257640dc77a55cf753ae766e7db69.jpg\",\"contentUrl\":\"https:\\\/\\\/iraurgiberritzen.eus\\\/wp-content\\\/uploads\\\/2023\\\/09\\\/7b0257640dc77a55cf753ae766e7db69.jpg\",\"width\":600,\"height\":386},{\"@type\":\"BreadcrumbList\",\"@id\":\"https:\\\/\\\/iraurgiberritzen.eus\\\/es\\\/ha-finalizado-la-1a-fase-del-programa-hazilan-en-su-4a-edcion\\\/#breadcrumb\",\"itemListElement\":[{\"@type\":\"ListItem\",\"position\":1,\"name\":\"Home\",\"item\":\"https:\\\/\\\/iraurgiberritzen.eus\\\/es\\\/\"},{\"@type\":\"ListItem\",\"position\":2,\"name\":\"Ha finalizado la 1\u00aa Fase del Programa Hazilan en su 4\u00aa Edci\u00f3n\"}]},{\"@type\":\"WebSite\",\"@id\":\"https:\\\/\\\/iraurgiberritzen.eus\\\/es\\\/#website\",\"url\":\"https:\\\/\\\/iraurgiberritzen.eus\\\/es\\\/\",\"name\":\"Iraurgi Berritzen\",\"description\":\"Urola Erdiko Garapen Agentzia\",\"publisher\":{\"@id\":\"https:\\\/\\\/iraurgiberritzen.eus\\\/es\\\/#organization\"},\"potentialAction\":[{\"@type\":\"SearchAction\",\"target\":{\"@type\":\"EntryPoint\",\"urlTemplate\":\"https:\\\/\\\/iraurgiberritzen.eus\\\/es\\\/?s={search_term_string}\"},\"query-input\":{\"@type\":\"PropertyValueSpecification\",\"valueRequired\":true,\"valueName\":\"search_term_string\"}}],\"inLanguage\":\"es\"},{\"@type\":\"Organization\",\"@id\":\"https:\\\/\\\/iraurgiberritzen.eus\\\/es\\\/#organization\",\"name\":\"Iraurgi Berritzen\",\"url\":\"https:\\\/\\\/iraurgiberritzen.eus\\\/es\\\/\",\"logo\":{\"@type\":\"ImageObject\",\"inLanguage\":\"es\",\"@id\":\"https:\\\/\\\/iraurgiberritzen.eus\\\/es\\\/#\\\/schema\\\/logo\\\/image\\\/\",\"url\":\"https:\\\/\\\/iraurgiberritzen.eus\\\/wp-content\\\/uploads\\\/2024\\\/02\\\/IRAURGI-BERRITZEN-logotipoa_2.png\",\"contentUrl\":\"https:\\\/\\\/iraurgiberritzen.eus\\\/wp-content\\\/uploads\\\/2024\\\/02\\\/IRAURGI-BERRITZEN-logotipoa_2.png\",\"width\":496,\"height\":190,\"caption\":\"Iraurgi Berritzen\"},\"image\":{\"@id\":\"https:\\\/\\\/iraurgiberritzen.eus\\\/es\\\/#\\\/schema\\\/logo\\\/image\\\/\"}},{\"@type\":\"Person\",\"@id\":\"https:\\\/\\\/iraurgiberritzen.eus\\\/es\\\/#\\\/schema\\\/person\\\/5ab41aaf388a9097177601ebf45738d2\",\"name\":\"kudeatzailea\",\"sameAs\":[\"https:\\\/\\\/iraurgiberritzen.eus\"]}]}<\/script>\n<!-- \/ Yoast SEO plugin. -->","yoast_head_json":{"title":"Ha finalizado la 1\u00aa Fase del Programa Hazilan en su 4\u00aa Edci\u00f3n - Iraurgi Berritzen","robots":{"index":"index","follow":"follow","max-snippet":"max-snippet:-1","max-image-preview":"max-image-preview:large","max-video-preview":"max-video-preview:-1"},"canonical":"https:\/\/iraurgiberritzen.eus\/es\/ha-finalizado-la-1a-fase-del-programa-hazilan-en-su-4a-edcion\/","og_locale":"es_ES","og_type":"article","og_title":"Ha finalizado la 1\u00aa Fase del Programa Hazilan en su 4\u00aa Edci\u00f3n - Iraurgi Berritzen","og_description":"Bajo la coordinaci\u00f3n de Iraurgi Berritzen, el 27 de junio arranc\u00f3 la 4\u00aa edici\u00f3n del programa Hazilan con la participaci\u00f3n de 10 personas participantes. De entre ellas, dos ha encontrado empleo durante este tiempo. El programa Hazilan se desarrolla por fases. Acaban de culminar la primera, la denominada \u00abAktibatu\u00bb y ahora comenzar\u00e1n a realizar pr\u00e1cticas [&hellip;]","og_url":"https:\/\/iraurgiberritzen.eus\/es\/ha-finalizado-la-1a-fase-del-programa-hazilan-en-su-4a-edcion\/","og_site_name":"Iraurgi Berritzen","article_published_time":"2019-07-23T12:12:06+00:00","author":"kudeatzailea","twitter_card":"summary_large_image","twitter_misc":{"Escrito por":"kudeatzailea","Tiempo de lectura":"1 minuto"},"schema":{"@context":"https:\/\/schema.org","@graph":[{"@type":"Article","@id":"https:\/\/iraurgiberritzen.eus\/es\/ha-finalizado-la-1a-fase-del-programa-hazilan-en-su-4a-edcion\/#article","isPartOf":{"@id":"https:\/\/iraurgiberritzen.eus\/es\/ha-finalizado-la-1a-fase-del-programa-hazilan-en-su-4a-edcion\/"},"author":{"name":"kudeatzailea","@id":"https:\/\/iraurgiberritzen.eus\/es\/#\/schema\/person\/5ab41aaf388a9097177601ebf45738d2"},"headline":"Ha finalizado la 1\u00aa Fase del Programa Hazilan en su 4\u00aa Edci\u00f3n","datePublished":"2019-07-23T12:12:06+00:00","mainEntityOfPage":{"@id":"https:\/\/iraurgiberritzen.eus\/es\/ha-finalizado-la-1a-fase-del-programa-hazilan-en-su-4a-edcion\/"},"wordCount":142,"publisher":{"@id":"https:\/\/iraurgiberritzen.eus\/es\/#organization"},"image":{"@id":"https:\/\/iraurgiberritzen.eus\/es\/ha-finalizado-la-1a-fase-del-programa-hazilan-en-su-4a-edcion\/#primaryimage"},"thumbnailUrl":"https:\/\/iraurgiberritzen.eus\/wp-content\/uploads\/2023\/09\/7b0257640dc77a55cf753ae766e7db69.jpg","articleSection":["Noticias"],"inLanguage":"es"},{"@type":"WebPage","@id":"https:\/\/iraurgiberritzen.eus\/es\/ha-finalizado-la-1a-fase-del-programa-hazilan-en-su-4a-edcion\/","url":"https:\/\/iraurgiberritzen.eus\/es\/ha-finalizado-la-1a-fase-del-programa-hazilan-en-su-4a-edcion\/","name":"Ha finalizado la 1\u00aa Fase del Programa Hazilan en su 4\u00aa Edci\u00f3n - Iraurgi Berritzen","isPartOf":{"@id":"https:\/\/iraurgiberritzen.eus\/es\/#website"},"primaryImageOfPage":{"@id":"https:\/\/iraurgiberritzen.eus\/es\/ha-finalizado-la-1a-fase-del-programa-hazilan-en-su-4a-edcion\/#primaryimage"},"image":{"@id":"https:\/\/iraurgiberritzen.eus\/es\/ha-finalizado-la-1a-fase-del-programa-hazilan-en-su-4a-edcion\/#primaryimage"},"thumbnailUrl":"https:\/\/iraurgiberritzen.eus\/wp-content\/uploads\/2023\/09\/7b0257640dc77a55cf753ae766e7db69.jpg","datePublished":"2019-07-23T12:12:06+00:00","breadcrumb":{"@id":"https:\/\/iraurgiberritzen.eus\/es\/ha-finalizado-la-1a-fase-del-programa-hazilan-en-su-4a-edcion\/#breadcrumb"},"inLanguage":"es","potentialAction":[{"@type":"ReadAction","target":["https:\/\/iraurgiberritzen.eus\/es\/ha-finalizado-la-1a-fase-del-programa-hazilan-en-su-4a-edcion\/"]}]},{"@type":"ImageObject","inLanguage":"es","@id":"https:\/\/iraurgiberritzen.eus\/es\/ha-finalizado-la-1a-fase-del-programa-hazilan-en-su-4a-edcion\/#primaryimage","url":"https:\/\/iraurgiberritzen.eus\/wp-content\/uploads\/2023\/09\/7b0257640dc77a55cf753ae766e7db69.jpg","contentUrl":"https:\/\/iraurgiberritzen.eus\/wp-content\/uploads\/2023\/09\/7b0257640dc77a55cf753ae766e7db69.jpg","width":600,"height":386},{"@type":"BreadcrumbList","@id":"https:\/\/iraurgiberritzen.eus\/es\/ha-finalizado-la-1a-fase-del-programa-hazilan-en-su-4a-edcion\/#breadcrumb","itemListElement":[{"@type":"ListItem","position":1,"name":"Home","item":"https:\/\/iraurgiberritzen.eus\/es\/"},{"@type":"ListItem","position":2,"name":"Ha finalizado la 1\u00aa Fase del Programa Hazilan en su 4\u00aa Edci\u00f3n"}]},{"@type":"WebSite","@id":"https:\/\/iraurgiberritzen.eus\/es\/#website","url":"https:\/\/iraurgiberritzen.eus\/es\/","name":"Iraurgi Berritzen","description":"Urola Erdiko Garapen Agentzia","publisher":{"@id":"https:\/\/iraurgiberritzen.eus\/es\/#organization"},"potentialAction":[{"@type":"SearchAction","target":{"@type":"EntryPoint","urlTemplate":"https:\/\/iraurgiberritzen.eus\/es\/?s={search_term_string}"},"query-input":{"@type":"PropertyValueSpecification","valueRequired":true,"valueName":"search_term_string"}}],"inLanguage":"es"},{"@type":"Organization","@id":"https:\/\/iraurgiberritzen.eus\/es\/#organization","name":"Iraurgi Berritzen","url":"https:\/\/iraurgiberritzen.eus\/es\/","logo":{"@type":"ImageObject","inLanguage":"es","@id":"https:\/\/iraurgiberritzen.eus\/es\/#\/schema\/logo\/image\/","url":"https:\/\/iraurgiberritzen.eus\/wp-content\/uploads\/2024\/02\/IRAURGI-BERRITZEN-logotipoa_2.png","contentUrl":"https:\/\/iraurgiberritzen.eus\/wp-content\/uploads\/2024\/02\/IRAURGI-BERRITZEN-logotipoa_2.png","width":496,"height":190,"caption":"Iraurgi Berritzen"},"image":{"@id":"https:\/\/iraurgiberritzen.eus\/es\/#\/schema\/logo\/image\/"}},{"@type":"Person","@id":"https:\/\/iraurgiberritzen.eus\/es\/#\/schema\/person\/5ab41aaf388a9097177601ebf45738d2","name":"kudeatzailea","sameAs":["https:\/\/iraurgiberritzen.eus"]}]}},"_links":{"self":[{"href":"https:\/\/iraurgiberritzen.eus\/es\/wp-json\/wp\/v2\/posts\/12690","targetHints":{"allow":["GET"]}}],"collection":[{"href":"https:\/\/iraurgiberritzen.eus\/es\/wp-json\/wp\/v2\/posts"}],"about":[{"href":"https:\/\/iraurgiberritzen.eus\/es\/wp-json\/wp\/v2\/types\/post"}],"author":[{"embeddable":true,"href":"https:\/\/iraurgiberritzen.eus\/es\/wp-json\/wp\/v2\/users\/1"}],"replies":[{"embeddable":true,"href":"https:\/\/iraurgiberritzen.eus\/es\/wp-json\/wp\/v2\/comments?post=12690"}],"version-history":[{"count":0,"href":"https:\/\/iraurgiberritzen.eus\/es\/wp-json\/wp\/v2\/posts\/12690\/revisions"}],"wp:featuredmedia":[{"embeddable":true,"href":"https:\/\/iraurgiberritzen.eus\/es\/wp-json\/wp\/v2\/media\/17779"}],"wp:attachment":[{"href":"https:\/\/iraurgiberritzen.eus\/es\/wp-json\/wp\/v2\/media?parent=12690"}],"wp:term":[{"taxonomy":"category","embeddable":true,"href":"https:\/\/iraurgiberritzen.eus\/es\/wp-json\/wp\/v2\/categories?post=12690"},{"taxonomy":"post_tag","embeddable":true,"href":"https:\/\/iraurgiberritzen.eus\/es\/wp-json\/wp\/v2\/tags?post=12690"}],"curies":[{"name":"wp","href":"https:\/\/api.w.org\/{rel}","templated":true}]}}