{"id":12696,"date":"2019-08-01T08:45:50","date_gmt":"2019-08-01T06:45:50","guid":{"rendered":"https:\/\/iraurgiberritzen.eus\/fomentando-la-empleabilidad-de-las-personas-en-situacion-de-exclusion\/"},"modified":"2019-08-01T08:45:50","modified_gmt":"2019-08-01T06:45:50","slug":"fomentando-la-empleabilidad-de-las-personas-en-situacion-de-exclusion","status":"publish","type":"post","link":"https:\/\/iraurgiberritzen.eus\/es\/fomentando-la-empleabilidad-de-las-personas-en-situacion-de-exclusion\/","title":{"rendered":"Fomentando la empleabilidad de las personas en situaci\u00f3n de exclusi\u00f3n"},"content":{"rendered":"<p style=\"text-align: justify;\">El pasado 18 de julio, el <strong>\u00c1rea de Empleo y Formaci\u00f3n<\/strong> de Iraurgi Berritzen, se reuni\u00f3 con los nuevos representantes municipales de la comarca para realizar el seguimiento del proyecto UrolanEkin puesta en marcha con el objetivo de fomentar la empleabilidad de personas en situaci\u00f3n o riesgo de exclusi\u00f3n social.<\/p>\n<p style=\"text-align: justify;\">El objetivo de esta iniciativa es ofrecer en la comarca un servicio integral de orientaci\u00f3n laboral adaptado al perfil y situaci\u00f3n de este colectivo: servicio de orientaci\u00f3n laboral, formaci\u00f3n b\u00e1sica y t\u00e9cnica para de facilitar la inserci\u00f3n laboral y creaci\u00f3n de empresas de inserci\u00f3n en el mercado laboral.<\/p>\n<p style=\"text-align: justify;\">Adem\u00e1s de realizar el mapa de agentes que trabajan en este \u00e1mbito en la comarca, se ha aceptado la propuesta de formar un grupo de trabajo en red, y tambi\u00e9n se ha realizado un diagn\u00f3stico de formaci\u00f3n y servicios dirigidos a este colectivo.<\/p>\n<p style=\"text-align: justify;\">Esta iniciativa se enmarca dentro del <strong>Programa Elkar-EKIN<\/strong> de Gipuzkoa y en los pr\u00f3ximos meses se ejecutar\u00e1n nuevas acciones.<\/p>\n<p style=\"text-align: justify;\">Los representantes municipales ratificaron el compromiso para el desarrollo de este proyecto, para promover la empleabilidad de las personas con m\u00e1s dificultades y as\u00ed reforzar la inclusi\u00f3n social en la comarca.<\/p>\n","protected":false},"excerpt":{"rendered":"<p>El pasado 18 de julio, el \u00c1rea de Empleo y Formaci\u00f3n de Iraurgi Berritzen, se reuni\u00f3 con los nuevos representantes municipales de la comarca para realizar el seguimiento del proyecto UrolanEkin puesta en marcha con el objetivo de fomentar la empleabilidad de personas en situaci\u00f3n o riesgo de exclusi\u00f3n social. El objetivo de esta iniciativa [&hellip;]<\/p>\n","protected":false},"author":1,"featured_media":17781,"comment_status":"","ping_status":"closed","sticky":false,"template":"","format":"standard","meta":{"_acf_changed":false,"footnotes":""},"categories":[4],"tags":[],"class_list":["post-12696","post","type-post","status-publish","format-standard","has-post-thumbnail","hentry","category-noticias"],"acf":[],"yoast_head":"<!-- This site is optimized with the Yoast SEO plugin v27.4 - https:\/\/yoast.com\/product\/yoast-seo-wordpress\/ -->\n<title>Fomentando la empleabilidad de las personas en situaci\u00f3n de exclusi\u00f3n - Iraurgi Berritzen<\/title>\n<meta name=\"robots\" content=\"index, follow, max-snippet:-1, max-image-preview:large, max-video-preview:-1\" \/>\n<link rel=\"canonical\" href=\"https:\/\/iraurgiberritzen.eus\/es\/fomentando-la-empleabilidad-de-las-personas-en-situacion-de-exclusion\/\" \/>\n<meta property=\"og:locale\" content=\"es_ES\" \/>\n<meta property=\"og:type\" content=\"article\" \/>\n<meta property=\"og:title\" content=\"Fomentando la empleabilidad de las personas en situaci\u00f3n de exclusi\u00f3n - Iraurgi Berritzen\" \/>\n<meta property=\"og:description\" content=\"El pasado 18 de julio, el \u00c1rea de Empleo y Formaci\u00f3n de Iraurgi Berritzen, se reuni\u00f3 con los nuevos representantes municipales de la comarca para realizar el seguimiento del proyecto UrolanEkin puesta en marcha con el objetivo de fomentar la empleabilidad de personas en situaci\u00f3n o riesgo de exclusi\u00f3n social. El objetivo de esta iniciativa [&hellip;]\" \/>\n<meta property=\"og:url\" content=\"https:\/\/iraurgiberritzen.eus\/es\/fomentando-la-empleabilidad-de-las-personas-en-situacion-de-exclusion\/\" \/>\n<meta property=\"og:site_name\" content=\"Iraurgi Berritzen\" \/>\n<meta property=\"article:published_time\" content=\"2019-08-01T06:45:50+00:00\" \/>\n<meta name=\"author\" content=\"kudeatzailea\" \/>\n<meta name=\"twitter:card\" content=\"summary_large_image\" \/>\n<meta name=\"twitter:label1\" content=\"Escrito por\" \/>\n\t<meta name=\"twitter:data1\" content=\"kudeatzailea\" \/>\n\t<meta name=\"twitter:label2\" content=\"Tiempo de lectura\" \/>\n\t<meta name=\"twitter:data2\" content=\"1 minuto\" \/>\n<script type=\"application\/ld+json\" class=\"yoast-schema-graph\">{\"@context\":\"https:\\\/\\\/schema.org\",\"@graph\":[{\"@type\":\"Article\",\"@id\":\"https:\\\/\\\/iraurgiberritzen.eus\\\/es\\\/fomentando-la-empleabilidad-de-las-personas-en-situacion-de-exclusion\\\/#article\",\"isPartOf\":{\"@id\":\"https:\\\/\\\/iraurgiberritzen.eus\\\/es\\\/fomentando-la-empleabilidad-de-las-personas-en-situacion-de-exclusion\\\/\"},\"author\":{\"name\":\"kudeatzailea\",\"@id\":\"https:\\\/\\\/iraurgiberritzen.eus\\\/es\\\/#\\\/schema\\\/person\\\/5ab41aaf388a9097177601ebf45738d2\"},\"headline\":\"Fomentando la empleabilidad de las personas en situaci\u00f3n de exclusi\u00f3n\",\"datePublished\":\"2019-08-01T06:45:50+00:00\",\"mainEntityOfPage\":{\"@id\":\"https:\\\/\\\/iraurgiberritzen.eus\\\/es\\\/fomentando-la-empleabilidad-de-las-personas-en-situacion-de-exclusion\\\/\"},\"wordCount\":222,\"publisher\":{\"@id\":\"https:\\\/\\\/iraurgiberritzen.eus\\\/es\\\/#organization\"},\"image\":{\"@id\":\"https:\\\/\\\/iraurgiberritzen.eus\\\/es\\\/fomentando-la-empleabilidad-de-las-personas-en-situacion-de-exclusion\\\/#primaryimage\"},\"thumbnailUrl\":\"https:\\\/\\\/iraurgiberritzen.eus\\\/wp-content\\\/uploads\\\/2023\\\/09\\\/2dd513482436e04a12ec78eb00a59ba5.jpg\",\"articleSection\":[\"Noticias\"],\"inLanguage\":\"es\"},{\"@type\":\"WebPage\",\"@id\":\"https:\\\/\\\/iraurgiberritzen.eus\\\/es\\\/fomentando-la-empleabilidad-de-las-personas-en-situacion-de-exclusion\\\/\",\"url\":\"https:\\\/\\\/iraurgiberritzen.eus\\\/es\\\/fomentando-la-empleabilidad-de-las-personas-en-situacion-de-exclusion\\\/\",\"name\":\"Fomentando la empleabilidad de las personas en situaci\u00f3n de exclusi\u00f3n - Iraurgi Berritzen\",\"isPartOf\":{\"@id\":\"https:\\\/\\\/iraurgiberritzen.eus\\\/es\\\/#website\"},\"primaryImageOfPage\":{\"@id\":\"https:\\\/\\\/iraurgiberritzen.eus\\\/es\\\/fomentando-la-empleabilidad-de-las-personas-en-situacion-de-exclusion\\\/#primaryimage\"},\"image\":{\"@id\":\"https:\\\/\\\/iraurgiberritzen.eus\\\/es\\\/fomentando-la-empleabilidad-de-las-personas-en-situacion-de-exclusion\\\/#primaryimage\"},\"thumbnailUrl\":\"https:\\\/\\\/iraurgiberritzen.eus\\\/wp-content\\\/uploads\\\/2023\\\/09\\\/2dd513482436e04a12ec78eb00a59ba5.jpg\",\"datePublished\":\"2019-08-01T06:45:50+00:00\",\"breadcrumb\":{\"@id\":\"https:\\\/\\\/iraurgiberritzen.eus\\\/es\\\/fomentando-la-empleabilidad-de-las-personas-en-situacion-de-exclusion\\\/#breadcrumb\"},\"inLanguage\":\"es\",\"potentialAction\":[{\"@type\":\"ReadAction\",\"target\":[\"https:\\\/\\\/iraurgiberritzen.eus\\\/es\\\/fomentando-la-empleabilidad-de-las-personas-en-situacion-de-exclusion\\\/\"]}]},{\"@type\":\"ImageObject\",\"inLanguage\":\"es\",\"@id\":\"https:\\\/\\\/iraurgiberritzen.eus\\\/es\\\/fomentando-la-empleabilidad-de-las-personas-en-situacion-de-exclusion\\\/#primaryimage\",\"url\":\"https:\\\/\\\/iraurgiberritzen.eus\\\/wp-content\\\/uploads\\\/2023\\\/09\\\/2dd513482436e04a12ec78eb00a59ba5.jpg\",\"contentUrl\":\"https:\\\/\\\/iraurgiberritzen.eus\\\/wp-content\\\/uploads\\\/2023\\\/09\\\/2dd513482436e04a12ec78eb00a59ba5.jpg\",\"width\":600,\"height\":386},{\"@type\":\"BreadcrumbList\",\"@id\":\"https:\\\/\\\/iraurgiberritzen.eus\\\/es\\\/fomentando-la-empleabilidad-de-las-personas-en-situacion-de-exclusion\\\/#breadcrumb\",\"itemListElement\":[{\"@type\":\"ListItem\",\"position\":1,\"name\":\"Home\",\"item\":\"https:\\\/\\\/iraurgiberritzen.eus\\\/es\\\/\"},{\"@type\":\"ListItem\",\"position\":2,\"name\":\"Fomentando la empleabilidad de las personas en situaci\u00f3n de exclusi\u00f3n\"}]},{\"@type\":\"WebSite\",\"@id\":\"https:\\\/\\\/iraurgiberritzen.eus\\\/es\\\/#website\",\"url\":\"https:\\\/\\\/iraurgiberritzen.eus\\\/es\\\/\",\"name\":\"Iraurgi Berritzen\",\"description\":\"Urola Erdiko Garapen Agentzia\",\"publisher\":{\"@id\":\"https:\\\/\\\/iraurgiberritzen.eus\\\/es\\\/#organization\"},\"potentialAction\":[{\"@type\":\"SearchAction\",\"target\":{\"@type\":\"EntryPoint\",\"urlTemplate\":\"https:\\\/\\\/iraurgiberritzen.eus\\\/es\\\/?s={search_term_string}\"},\"query-input\":{\"@type\":\"PropertyValueSpecification\",\"valueRequired\":true,\"valueName\":\"search_term_string\"}}],\"inLanguage\":\"es\"},{\"@type\":\"Organization\",\"@id\":\"https:\\\/\\\/iraurgiberritzen.eus\\\/es\\\/#organization\",\"name\":\"Iraurgi Berritzen\",\"url\":\"https:\\\/\\\/iraurgiberritzen.eus\\\/es\\\/\",\"logo\":{\"@type\":\"ImageObject\",\"inLanguage\":\"es\",\"@id\":\"https:\\\/\\\/iraurgiberritzen.eus\\\/es\\\/#\\\/schema\\\/logo\\\/image\\\/\",\"url\":\"https:\\\/\\\/iraurgiberritzen.eus\\\/wp-content\\\/uploads\\\/2024\\\/02\\\/IRAURGI-BERRITZEN-logotipoa_2.png\",\"contentUrl\":\"https:\\\/\\\/iraurgiberritzen.eus\\\/wp-content\\\/uploads\\\/2024\\\/02\\\/IRAURGI-BERRITZEN-logotipoa_2.png\",\"width\":496,\"height\":190,\"caption\":\"Iraurgi Berritzen\"},\"image\":{\"@id\":\"https:\\\/\\\/iraurgiberritzen.eus\\\/es\\\/#\\\/schema\\\/logo\\\/image\\\/\"}},{\"@type\":\"Person\",\"@id\":\"https:\\\/\\\/iraurgiberritzen.eus\\\/es\\\/#\\\/schema\\\/person\\\/5ab41aaf388a9097177601ebf45738d2\",\"name\":\"kudeatzailea\",\"sameAs\":[\"https:\\\/\\\/iraurgiberritzen.eus\"]}]}<\/script>\n<!-- \/ Yoast SEO plugin. -->","yoast_head_json":{"title":"Fomentando la empleabilidad de las personas en situaci\u00f3n de exclusi\u00f3n - Iraurgi Berritzen","robots":{"index":"index","follow":"follow","max-snippet":"max-snippet:-1","max-image-preview":"max-image-preview:large","max-video-preview":"max-video-preview:-1"},"canonical":"https:\/\/iraurgiberritzen.eus\/es\/fomentando-la-empleabilidad-de-las-personas-en-situacion-de-exclusion\/","og_locale":"es_ES","og_type":"article","og_title":"Fomentando la empleabilidad de las personas en situaci\u00f3n de exclusi\u00f3n - Iraurgi Berritzen","og_description":"El pasado 18 de julio, el \u00c1rea de Empleo y Formaci\u00f3n de Iraurgi Berritzen, se reuni\u00f3 con los nuevos representantes municipales de la comarca para realizar el seguimiento del proyecto UrolanEkin puesta en marcha con el objetivo de fomentar la empleabilidad de personas en situaci\u00f3n o riesgo de exclusi\u00f3n social. El objetivo de esta iniciativa [&hellip;]","og_url":"https:\/\/iraurgiberritzen.eus\/es\/fomentando-la-empleabilidad-de-las-personas-en-situacion-de-exclusion\/","og_site_name":"Iraurgi Berritzen","article_published_time":"2019-08-01T06:45:50+00:00","author":"kudeatzailea","twitter_card":"summary_large_image","twitter_misc":{"Escrito por":"kudeatzailea","Tiempo de lectura":"1 minuto"},"schema":{"@context":"https:\/\/schema.org","@graph":[{"@type":"Article","@id":"https:\/\/iraurgiberritzen.eus\/es\/fomentando-la-empleabilidad-de-las-personas-en-situacion-de-exclusion\/#article","isPartOf":{"@id":"https:\/\/iraurgiberritzen.eus\/es\/fomentando-la-empleabilidad-de-las-personas-en-situacion-de-exclusion\/"},"author":{"name":"kudeatzailea","@id":"https:\/\/iraurgiberritzen.eus\/es\/#\/schema\/person\/5ab41aaf388a9097177601ebf45738d2"},"headline":"Fomentando la empleabilidad de las personas en situaci\u00f3n de exclusi\u00f3n","datePublished":"2019-08-01T06:45:50+00:00","mainEntityOfPage":{"@id":"https:\/\/iraurgiberritzen.eus\/es\/fomentando-la-empleabilidad-de-las-personas-en-situacion-de-exclusion\/"},"wordCount":222,"publisher":{"@id":"https:\/\/iraurgiberritzen.eus\/es\/#organization"},"image":{"@id":"https:\/\/iraurgiberritzen.eus\/es\/fomentando-la-empleabilidad-de-las-personas-en-situacion-de-exclusion\/#primaryimage"},"thumbnailUrl":"https:\/\/iraurgiberritzen.eus\/wp-content\/uploads\/2023\/09\/2dd513482436e04a12ec78eb00a59ba5.jpg","articleSection":["Noticias"],"inLanguage":"es"},{"@type":"WebPage","@id":"https:\/\/iraurgiberritzen.eus\/es\/fomentando-la-empleabilidad-de-las-personas-en-situacion-de-exclusion\/","url":"https:\/\/iraurgiberritzen.eus\/es\/fomentando-la-empleabilidad-de-las-personas-en-situacion-de-exclusion\/","name":"Fomentando la empleabilidad de las personas en situaci\u00f3n de exclusi\u00f3n - Iraurgi Berritzen","isPartOf":{"@id":"https:\/\/iraurgiberritzen.eus\/es\/#website"},"primaryImageOfPage":{"@id":"https:\/\/iraurgiberritzen.eus\/es\/fomentando-la-empleabilidad-de-las-personas-en-situacion-de-exclusion\/#primaryimage"},"image":{"@id":"https:\/\/iraurgiberritzen.eus\/es\/fomentando-la-empleabilidad-de-las-personas-en-situacion-de-exclusion\/#primaryimage"},"thumbnailUrl":"https:\/\/iraurgiberritzen.eus\/wp-content\/uploads\/2023\/09\/2dd513482436e04a12ec78eb00a59ba5.jpg","datePublished":"2019-08-01T06:45:50+00:00","breadcrumb":{"@id":"https:\/\/iraurgiberritzen.eus\/es\/fomentando-la-empleabilidad-de-las-personas-en-situacion-de-exclusion\/#breadcrumb"},"inLanguage":"es","potentialAction":[{"@type":"ReadAction","target":["https:\/\/iraurgiberritzen.eus\/es\/fomentando-la-empleabilidad-de-las-personas-en-situacion-de-exclusion\/"]}]},{"@type":"ImageObject","inLanguage":"es","@id":"https:\/\/iraurgiberritzen.eus\/es\/fomentando-la-empleabilidad-de-las-personas-en-situacion-de-exclusion\/#primaryimage","url":"https:\/\/iraurgiberritzen.eus\/wp-content\/uploads\/2023\/09\/2dd513482436e04a12ec78eb00a59ba5.jpg","contentUrl":"https:\/\/iraurgiberritzen.eus\/wp-content\/uploads\/2023\/09\/2dd513482436e04a12ec78eb00a59ba5.jpg","width":600,"height":386},{"@type":"BreadcrumbList","@id":"https:\/\/iraurgiberritzen.eus\/es\/fomentando-la-empleabilidad-de-las-personas-en-situacion-de-exclusion\/#breadcrumb","itemListElement":[{"@type":"ListItem","position":1,"name":"Home","item":"https:\/\/iraurgiberritzen.eus\/es\/"},{"@type":"ListItem","position":2,"name":"Fomentando la empleabilidad de las personas en situaci\u00f3n de exclusi\u00f3n"}]},{"@type":"WebSite","@id":"https:\/\/iraurgiberritzen.eus\/es\/#website","url":"https:\/\/iraurgiberritzen.eus\/es\/","name":"Iraurgi Berritzen","description":"Urola Erdiko Garapen Agentzia","publisher":{"@id":"https:\/\/iraurgiberritzen.eus\/es\/#organization"},"potentialAction":[{"@type":"SearchAction","target":{"@type":"EntryPoint","urlTemplate":"https:\/\/iraurgiberritzen.eus\/es\/?s={search_term_string}"},"query-input":{"@type":"PropertyValueSpecification","valueRequired":true,"valueName":"search_term_string"}}],"inLanguage":"es"},{"@type":"Organization","@id":"https:\/\/iraurgiberritzen.eus\/es\/#organization","name":"Iraurgi Berritzen","url":"https:\/\/iraurgiberritzen.eus\/es\/","logo":{"@type":"ImageObject","inLanguage":"es","@id":"https:\/\/iraurgiberritzen.eus\/es\/#\/schema\/logo\/image\/","url":"https:\/\/iraurgiberritzen.eus\/wp-content\/uploads\/2024\/02\/IRAURGI-BERRITZEN-logotipoa_2.png","contentUrl":"https:\/\/iraurgiberritzen.eus\/wp-content\/uploads\/2024\/02\/IRAURGI-BERRITZEN-logotipoa_2.png","width":496,"height":190,"caption":"Iraurgi Berritzen"},"image":{"@id":"https:\/\/iraurgiberritzen.eus\/es\/#\/schema\/logo\/image\/"}},{"@type":"Person","@id":"https:\/\/iraurgiberritzen.eus\/es\/#\/schema\/person\/5ab41aaf388a9097177601ebf45738d2","name":"kudeatzailea","sameAs":["https:\/\/iraurgiberritzen.eus"]}]}},"_links":{"self":[{"href":"https:\/\/iraurgiberritzen.eus\/es\/wp-json\/wp\/v2\/posts\/12696","targetHints":{"allow":["GET"]}}],"collection":[{"href":"https:\/\/iraurgiberritzen.eus\/es\/wp-json\/wp\/v2\/posts"}],"about":[{"href":"https:\/\/iraurgiberritzen.eus\/es\/wp-json\/wp\/v2\/types\/post"}],"author":[{"embeddable":true,"href":"https:\/\/iraurgiberritzen.eus\/es\/wp-json\/wp\/v2\/users\/1"}],"replies":[{"embeddable":true,"href":"https:\/\/iraurgiberritzen.eus\/es\/wp-json\/wp\/v2\/comments?post=12696"}],"version-history":[{"count":0,"href":"https:\/\/iraurgiberritzen.eus\/es\/wp-json\/wp\/v2\/posts\/12696\/revisions"}],"wp:featuredmedia":[{"embeddable":true,"href":"https:\/\/iraurgiberritzen.eus\/es\/wp-json\/wp\/v2\/media\/17781"}],"wp:attachment":[{"href":"https:\/\/iraurgiberritzen.eus\/es\/wp-json\/wp\/v2\/media?parent=12696"}],"wp:term":[{"taxonomy":"category","embeddable":true,"href":"https:\/\/iraurgiberritzen.eus\/es\/wp-json\/wp\/v2\/categories?post=12696"},{"taxonomy":"post_tag","embeddable":true,"href":"https:\/\/iraurgiberritzen.eus\/es\/wp-json\/wp\/v2\/tags?post=12696"}],"curies":[{"name":"wp","href":"https:\/\/api.w.org\/{rel}","templated":true}]}}