{"id":12699,"date":"2019-08-01T09:24:41","date_gmt":"2019-08-01T07:24:41","guid":{"rendered":"https:\/\/iraurgiberritzen.eus\/reforzando-la-digitalizacion-de-las-empresas-de-urola-erdia\/"},"modified":"2019-08-01T09:24:41","modified_gmt":"2019-08-01T07:24:41","slug":"reforzando-la-digitalizacion-de-las-empresas-de-urola-erdia","status":"publish","type":"post","link":"https:\/\/iraurgiberritzen.eus\/es\/reforzando-la-digitalizacion-de-las-empresas-de-urola-erdia\/","title":{"rendered":"Reforzando la Digitalizaci\u00f3n de las empresas de Urola Erdia"},"content":{"rendered":"<p style=\"text-align: justify;\">El pasado 17 de Julio y bajo el lema de \u00abImpacto de la falta de Regularizaci\u00f3n en el uso de Software t\u00e9cnico en las Pymes\u00bb, las empresas de la red de IB tuvieron la posibilidad de conocer de la mano de Sistemas Esselle y APE 4.0 su conocimiento sobre dicha tem\u00e1tica dentro del marco del proyecto IKASIZ.<\/p>\n<p style=\"text-align: justify;\">El objetivo del proyecto, es la de compartir entre las empresas de la comarca diferentes buenas pr\u00e1cticas que se est\u00e1n trabajando en ellas, posibilitando as\u00ed procesos de aprendizaje mutuo y fomentando espacios orientados a la generaci\u00f3n de relaciones de confianza.<\/p>\n<p style=\"text-align: justify;\">Las empresas que se acercaron al lugar, tuvieron la oportunidad de trabajar los siguientes temas:<\/p>\n<p style=\"text-align: justify;\">Conocer la situaci\u00f3n actual en el uso del software t\u00e9cnico, conocimiento de las consecuencias y responsabilidades econ\u00f3mica, planes y medidas para su regularizaci\u00f3n, consecuencias adicionales en la cadena de valor (ciberseguridad e Industria 4.0) y Normativa asociada a la ISO 27001. Esta l\u00ednea de trabajo, se enmarca dentro de la apuesta de Iraurgi Berritzen por reforzar en las empresas de Urola Erdia, la Digitalizaci\u00f3n y la Automatizaci\u00f3n.<\/p>\n<p style=\"text-align: justify;\">11 representantes de 9 las empresas se reunieron en torno a esta cuesti\u00f3n para compartir puntos de vista y seguir afianzando las relaciones entre representantes empresariales. Las empresas participantes en la jornada valoraron muy positivamente el acto.<\/p>\n","protected":false},"excerpt":{"rendered":"<p>El pasado 17 de Julio y bajo el lema de \u00abImpacto de la falta de Regularizaci\u00f3n en el uso de Software t\u00e9cnico en las Pymes\u00bb, las empresas de la red de IB tuvieron la posibilidad de conocer de la mano de Sistemas Esselle y APE 4.0 su conocimiento sobre dicha tem\u00e1tica dentro del marco del [&hellip;]<\/p>\n","protected":false},"author":1,"featured_media":17782,"comment_status":"","ping_status":"closed","sticky":false,"template":"","format":"standard","meta":{"_acf_changed":false,"footnotes":""},"categories":[4],"tags":[],"class_list":["post-12699","post","type-post","status-publish","format-standard","has-post-thumbnail","hentry","category-noticias"],"acf":[],"yoast_head":"<!-- This site is optimized with the Yoast SEO plugin v27.4 - https:\/\/yoast.com\/product\/yoast-seo-wordpress\/ -->\n<title>Reforzando la Digitalizaci\u00f3n de las empresas de Urola Erdia - Iraurgi Berritzen<\/title>\n<meta name=\"robots\" content=\"index, follow, max-snippet:-1, max-image-preview:large, max-video-preview:-1\" \/>\n<link rel=\"canonical\" href=\"https:\/\/iraurgiberritzen.eus\/es\/reforzando-la-digitalizacion-de-las-empresas-de-urola-erdia\/\" \/>\n<meta property=\"og:locale\" content=\"es_ES\" \/>\n<meta property=\"og:type\" content=\"article\" \/>\n<meta property=\"og:title\" content=\"Reforzando la Digitalizaci\u00f3n de las empresas de Urola Erdia - Iraurgi Berritzen\" \/>\n<meta property=\"og:description\" content=\"El pasado 17 de Julio y bajo el lema de \u00abImpacto de la falta de Regularizaci\u00f3n en el uso de Software t\u00e9cnico en las Pymes\u00bb, las empresas de la red de IB tuvieron la posibilidad de conocer de la mano de Sistemas Esselle y APE 4.0 su conocimiento sobre dicha tem\u00e1tica dentro del marco del [&hellip;]\" \/>\n<meta property=\"og:url\" content=\"https:\/\/iraurgiberritzen.eus\/es\/reforzando-la-digitalizacion-de-las-empresas-de-urola-erdia\/\" \/>\n<meta property=\"og:site_name\" content=\"Iraurgi Berritzen\" \/>\n<meta property=\"article:published_time\" content=\"2019-08-01T07:24:41+00:00\" \/>\n<meta name=\"author\" content=\"kudeatzailea\" \/>\n<meta name=\"twitter:card\" content=\"summary_large_image\" \/>\n<meta name=\"twitter:label1\" content=\"Escrito por\" \/>\n\t<meta name=\"twitter:data1\" content=\"kudeatzailea\" \/>\n\t<meta name=\"twitter:label2\" content=\"Tiempo de lectura\" \/>\n\t<meta name=\"twitter:data2\" content=\"1 minuto\" \/>\n<script type=\"application\/ld+json\" class=\"yoast-schema-graph\">{\"@context\":\"https:\\\/\\\/schema.org\",\"@graph\":[{\"@type\":\"Article\",\"@id\":\"https:\\\/\\\/iraurgiberritzen.eus\\\/es\\\/reforzando-la-digitalizacion-de-las-empresas-de-urola-erdia\\\/#article\",\"isPartOf\":{\"@id\":\"https:\\\/\\\/iraurgiberritzen.eus\\\/es\\\/reforzando-la-digitalizacion-de-las-empresas-de-urola-erdia\\\/\"},\"author\":{\"name\":\"kudeatzailea\",\"@id\":\"https:\\\/\\\/iraurgiberritzen.eus\\\/es\\\/#\\\/schema\\\/person\\\/5ab41aaf388a9097177601ebf45738d2\"},\"headline\":\"Reforzando la Digitalizaci\u00f3n de las empresas de Urola Erdia\",\"datePublished\":\"2019-08-01T07:24:41+00:00\",\"mainEntityOfPage\":{\"@id\":\"https:\\\/\\\/iraurgiberritzen.eus\\\/es\\\/reforzando-la-digitalizacion-de-las-empresas-de-urola-erdia\\\/\"},\"wordCount\":234,\"publisher\":{\"@id\":\"https:\\\/\\\/iraurgiberritzen.eus\\\/es\\\/#organization\"},\"image\":{\"@id\":\"https:\\\/\\\/iraurgiberritzen.eus\\\/es\\\/reforzando-la-digitalizacion-de-las-empresas-de-urola-erdia\\\/#primaryimage\"},\"thumbnailUrl\":\"https:\\\/\\\/iraurgiberritzen.eus\\\/wp-content\\\/uploads\\\/2023\\\/09\\\/d985bd01090113d5c682cff917f71c98.jpg\",\"articleSection\":[\"Noticias\"],\"inLanguage\":\"es\"},{\"@type\":\"WebPage\",\"@id\":\"https:\\\/\\\/iraurgiberritzen.eus\\\/es\\\/reforzando-la-digitalizacion-de-las-empresas-de-urola-erdia\\\/\",\"url\":\"https:\\\/\\\/iraurgiberritzen.eus\\\/es\\\/reforzando-la-digitalizacion-de-las-empresas-de-urola-erdia\\\/\",\"name\":\"Reforzando la Digitalizaci\u00f3n de las empresas de Urola Erdia - Iraurgi Berritzen\",\"isPartOf\":{\"@id\":\"https:\\\/\\\/iraurgiberritzen.eus\\\/es\\\/#website\"},\"primaryImageOfPage\":{\"@id\":\"https:\\\/\\\/iraurgiberritzen.eus\\\/es\\\/reforzando-la-digitalizacion-de-las-empresas-de-urola-erdia\\\/#primaryimage\"},\"image\":{\"@id\":\"https:\\\/\\\/iraurgiberritzen.eus\\\/es\\\/reforzando-la-digitalizacion-de-las-empresas-de-urola-erdia\\\/#primaryimage\"},\"thumbnailUrl\":\"https:\\\/\\\/iraurgiberritzen.eus\\\/wp-content\\\/uploads\\\/2023\\\/09\\\/d985bd01090113d5c682cff917f71c98.jpg\",\"datePublished\":\"2019-08-01T07:24:41+00:00\",\"breadcrumb\":{\"@id\":\"https:\\\/\\\/iraurgiberritzen.eus\\\/es\\\/reforzando-la-digitalizacion-de-las-empresas-de-urola-erdia\\\/#breadcrumb\"},\"inLanguage\":\"es\",\"potentialAction\":[{\"@type\":\"ReadAction\",\"target\":[\"https:\\\/\\\/iraurgiberritzen.eus\\\/es\\\/reforzando-la-digitalizacion-de-las-empresas-de-urola-erdia\\\/\"]}]},{\"@type\":\"ImageObject\",\"inLanguage\":\"es\",\"@id\":\"https:\\\/\\\/iraurgiberritzen.eus\\\/es\\\/reforzando-la-digitalizacion-de-las-empresas-de-urola-erdia\\\/#primaryimage\",\"url\":\"https:\\\/\\\/iraurgiberritzen.eus\\\/wp-content\\\/uploads\\\/2023\\\/09\\\/d985bd01090113d5c682cff917f71c98.jpg\",\"contentUrl\":\"https:\\\/\\\/iraurgiberritzen.eus\\\/wp-content\\\/uploads\\\/2023\\\/09\\\/d985bd01090113d5c682cff917f71c98.jpg\",\"width\":600,\"height\":386},{\"@type\":\"BreadcrumbList\",\"@id\":\"https:\\\/\\\/iraurgiberritzen.eus\\\/es\\\/reforzando-la-digitalizacion-de-las-empresas-de-urola-erdia\\\/#breadcrumb\",\"itemListElement\":[{\"@type\":\"ListItem\",\"position\":1,\"name\":\"Home\",\"item\":\"https:\\\/\\\/iraurgiberritzen.eus\\\/es\\\/\"},{\"@type\":\"ListItem\",\"position\":2,\"name\":\"Reforzando la Digitalizaci\u00f3n de las empresas de Urola Erdia\"}]},{\"@type\":\"WebSite\",\"@id\":\"https:\\\/\\\/iraurgiberritzen.eus\\\/es\\\/#website\",\"url\":\"https:\\\/\\\/iraurgiberritzen.eus\\\/es\\\/\",\"name\":\"Iraurgi Berritzen\",\"description\":\"Urola Erdiko Garapen Agentzia\",\"publisher\":{\"@id\":\"https:\\\/\\\/iraurgiberritzen.eus\\\/es\\\/#organization\"},\"potentialAction\":[{\"@type\":\"SearchAction\",\"target\":{\"@type\":\"EntryPoint\",\"urlTemplate\":\"https:\\\/\\\/iraurgiberritzen.eus\\\/es\\\/?s={search_term_string}\"},\"query-input\":{\"@type\":\"PropertyValueSpecification\",\"valueRequired\":true,\"valueName\":\"search_term_string\"}}],\"inLanguage\":\"es\"},{\"@type\":\"Organization\",\"@id\":\"https:\\\/\\\/iraurgiberritzen.eus\\\/es\\\/#organization\",\"name\":\"Iraurgi Berritzen\",\"url\":\"https:\\\/\\\/iraurgiberritzen.eus\\\/es\\\/\",\"logo\":{\"@type\":\"ImageObject\",\"inLanguage\":\"es\",\"@id\":\"https:\\\/\\\/iraurgiberritzen.eus\\\/es\\\/#\\\/schema\\\/logo\\\/image\\\/\",\"url\":\"https:\\\/\\\/iraurgiberritzen.eus\\\/wp-content\\\/uploads\\\/2024\\\/02\\\/IRAURGI-BERRITZEN-logotipoa_2.png\",\"contentUrl\":\"https:\\\/\\\/iraurgiberritzen.eus\\\/wp-content\\\/uploads\\\/2024\\\/02\\\/IRAURGI-BERRITZEN-logotipoa_2.png\",\"width\":496,\"height\":190,\"caption\":\"Iraurgi Berritzen\"},\"image\":{\"@id\":\"https:\\\/\\\/iraurgiberritzen.eus\\\/es\\\/#\\\/schema\\\/logo\\\/image\\\/\"}},{\"@type\":\"Person\",\"@id\":\"https:\\\/\\\/iraurgiberritzen.eus\\\/es\\\/#\\\/schema\\\/person\\\/5ab41aaf388a9097177601ebf45738d2\",\"name\":\"kudeatzailea\",\"sameAs\":[\"https:\\\/\\\/iraurgiberritzen.eus\"]}]}<\/script>\n<!-- \/ Yoast SEO plugin. -->","yoast_head_json":{"title":"Reforzando la Digitalizaci\u00f3n de las empresas de Urola Erdia - Iraurgi Berritzen","robots":{"index":"index","follow":"follow","max-snippet":"max-snippet:-1","max-image-preview":"max-image-preview:large","max-video-preview":"max-video-preview:-1"},"canonical":"https:\/\/iraurgiberritzen.eus\/es\/reforzando-la-digitalizacion-de-las-empresas-de-urola-erdia\/","og_locale":"es_ES","og_type":"article","og_title":"Reforzando la Digitalizaci\u00f3n de las empresas de Urola Erdia - Iraurgi Berritzen","og_description":"El pasado 17 de Julio y bajo el lema de \u00abImpacto de la falta de Regularizaci\u00f3n en el uso de Software t\u00e9cnico en las Pymes\u00bb, las empresas de la red de IB tuvieron la posibilidad de conocer de la mano de Sistemas Esselle y APE 4.0 su conocimiento sobre dicha tem\u00e1tica dentro del marco del [&hellip;]","og_url":"https:\/\/iraurgiberritzen.eus\/es\/reforzando-la-digitalizacion-de-las-empresas-de-urola-erdia\/","og_site_name":"Iraurgi Berritzen","article_published_time":"2019-08-01T07:24:41+00:00","author":"kudeatzailea","twitter_card":"summary_large_image","twitter_misc":{"Escrito por":"kudeatzailea","Tiempo de lectura":"1 minuto"},"schema":{"@context":"https:\/\/schema.org","@graph":[{"@type":"Article","@id":"https:\/\/iraurgiberritzen.eus\/es\/reforzando-la-digitalizacion-de-las-empresas-de-urola-erdia\/#article","isPartOf":{"@id":"https:\/\/iraurgiberritzen.eus\/es\/reforzando-la-digitalizacion-de-las-empresas-de-urola-erdia\/"},"author":{"name":"kudeatzailea","@id":"https:\/\/iraurgiberritzen.eus\/es\/#\/schema\/person\/5ab41aaf388a9097177601ebf45738d2"},"headline":"Reforzando la Digitalizaci\u00f3n de las empresas de Urola Erdia","datePublished":"2019-08-01T07:24:41+00:00","mainEntityOfPage":{"@id":"https:\/\/iraurgiberritzen.eus\/es\/reforzando-la-digitalizacion-de-las-empresas-de-urola-erdia\/"},"wordCount":234,"publisher":{"@id":"https:\/\/iraurgiberritzen.eus\/es\/#organization"},"image":{"@id":"https:\/\/iraurgiberritzen.eus\/es\/reforzando-la-digitalizacion-de-las-empresas-de-urola-erdia\/#primaryimage"},"thumbnailUrl":"https:\/\/iraurgiberritzen.eus\/wp-content\/uploads\/2023\/09\/d985bd01090113d5c682cff917f71c98.jpg","articleSection":["Noticias"],"inLanguage":"es"},{"@type":"WebPage","@id":"https:\/\/iraurgiberritzen.eus\/es\/reforzando-la-digitalizacion-de-las-empresas-de-urola-erdia\/","url":"https:\/\/iraurgiberritzen.eus\/es\/reforzando-la-digitalizacion-de-las-empresas-de-urola-erdia\/","name":"Reforzando la Digitalizaci\u00f3n de las empresas de Urola Erdia - Iraurgi Berritzen","isPartOf":{"@id":"https:\/\/iraurgiberritzen.eus\/es\/#website"},"primaryImageOfPage":{"@id":"https:\/\/iraurgiberritzen.eus\/es\/reforzando-la-digitalizacion-de-las-empresas-de-urola-erdia\/#primaryimage"},"image":{"@id":"https:\/\/iraurgiberritzen.eus\/es\/reforzando-la-digitalizacion-de-las-empresas-de-urola-erdia\/#primaryimage"},"thumbnailUrl":"https:\/\/iraurgiberritzen.eus\/wp-content\/uploads\/2023\/09\/d985bd01090113d5c682cff917f71c98.jpg","datePublished":"2019-08-01T07:24:41+00:00","breadcrumb":{"@id":"https:\/\/iraurgiberritzen.eus\/es\/reforzando-la-digitalizacion-de-las-empresas-de-urola-erdia\/#breadcrumb"},"inLanguage":"es","potentialAction":[{"@type":"ReadAction","target":["https:\/\/iraurgiberritzen.eus\/es\/reforzando-la-digitalizacion-de-las-empresas-de-urola-erdia\/"]}]},{"@type":"ImageObject","inLanguage":"es","@id":"https:\/\/iraurgiberritzen.eus\/es\/reforzando-la-digitalizacion-de-las-empresas-de-urola-erdia\/#primaryimage","url":"https:\/\/iraurgiberritzen.eus\/wp-content\/uploads\/2023\/09\/d985bd01090113d5c682cff917f71c98.jpg","contentUrl":"https:\/\/iraurgiberritzen.eus\/wp-content\/uploads\/2023\/09\/d985bd01090113d5c682cff917f71c98.jpg","width":600,"height":386},{"@type":"BreadcrumbList","@id":"https:\/\/iraurgiberritzen.eus\/es\/reforzando-la-digitalizacion-de-las-empresas-de-urola-erdia\/#breadcrumb","itemListElement":[{"@type":"ListItem","position":1,"name":"Home","item":"https:\/\/iraurgiberritzen.eus\/es\/"},{"@type":"ListItem","position":2,"name":"Reforzando la Digitalizaci\u00f3n de las empresas de Urola Erdia"}]},{"@type":"WebSite","@id":"https:\/\/iraurgiberritzen.eus\/es\/#website","url":"https:\/\/iraurgiberritzen.eus\/es\/","name":"Iraurgi Berritzen","description":"Urola Erdiko Garapen Agentzia","publisher":{"@id":"https:\/\/iraurgiberritzen.eus\/es\/#organization"},"potentialAction":[{"@type":"SearchAction","target":{"@type":"EntryPoint","urlTemplate":"https:\/\/iraurgiberritzen.eus\/es\/?s={search_term_string}"},"query-input":{"@type":"PropertyValueSpecification","valueRequired":true,"valueName":"search_term_string"}}],"inLanguage":"es"},{"@type":"Organization","@id":"https:\/\/iraurgiberritzen.eus\/es\/#organization","name":"Iraurgi Berritzen","url":"https:\/\/iraurgiberritzen.eus\/es\/","logo":{"@type":"ImageObject","inLanguage":"es","@id":"https:\/\/iraurgiberritzen.eus\/es\/#\/schema\/logo\/image\/","url":"https:\/\/iraurgiberritzen.eus\/wp-content\/uploads\/2024\/02\/IRAURGI-BERRITZEN-logotipoa_2.png","contentUrl":"https:\/\/iraurgiberritzen.eus\/wp-content\/uploads\/2024\/02\/IRAURGI-BERRITZEN-logotipoa_2.png","width":496,"height":190,"caption":"Iraurgi Berritzen"},"image":{"@id":"https:\/\/iraurgiberritzen.eus\/es\/#\/schema\/logo\/image\/"}},{"@type":"Person","@id":"https:\/\/iraurgiberritzen.eus\/es\/#\/schema\/person\/5ab41aaf388a9097177601ebf45738d2","name":"kudeatzailea","sameAs":["https:\/\/iraurgiberritzen.eus"]}]}},"_links":{"self":[{"href":"https:\/\/iraurgiberritzen.eus\/es\/wp-json\/wp\/v2\/posts\/12699","targetHints":{"allow":["GET"]}}],"collection":[{"href":"https:\/\/iraurgiberritzen.eus\/es\/wp-json\/wp\/v2\/posts"}],"about":[{"href":"https:\/\/iraurgiberritzen.eus\/es\/wp-json\/wp\/v2\/types\/post"}],"author":[{"embeddable":true,"href":"https:\/\/iraurgiberritzen.eus\/es\/wp-json\/wp\/v2\/users\/1"}],"replies":[{"embeddable":true,"href":"https:\/\/iraurgiberritzen.eus\/es\/wp-json\/wp\/v2\/comments?post=12699"}],"version-history":[{"count":0,"href":"https:\/\/iraurgiberritzen.eus\/es\/wp-json\/wp\/v2\/posts\/12699\/revisions"}],"wp:featuredmedia":[{"embeddable":true,"href":"https:\/\/iraurgiberritzen.eus\/es\/wp-json\/wp\/v2\/media\/17782"}],"wp:attachment":[{"href":"https:\/\/iraurgiberritzen.eus\/es\/wp-json\/wp\/v2\/media?parent=12699"}],"wp:term":[{"taxonomy":"category","embeddable":true,"href":"https:\/\/iraurgiberritzen.eus\/es\/wp-json\/wp\/v2\/categories?post=12699"},{"taxonomy":"post_tag","embeddable":true,"href":"https:\/\/iraurgiberritzen.eus\/es\/wp-json\/wp\/v2\/tags?post=12699"}],"curies":[{"name":"wp","href":"https:\/\/api.w.org\/{rel}","templated":true}]}}