{"id":12702,"date":"2019-08-01T10:42:44","date_gmt":"2019-08-01T08:42:44","guid":{"rendered":"https:\/\/iraurgiberritzen.eus\/formado-el-nuevo-consejo-de-administracion-de-iraurgi-berritzen-donde-se-ha-informado-sobre-el-modelo-de-gobernanza\/"},"modified":"2019-08-01T10:42:44","modified_gmt":"2019-08-01T08:42:44","slug":"formado-el-nuevo-consejo-de-administracion-de-iraurgi-berritzen-donde-se-ha-informado-sobre-el-modelo-de-gobernanza","status":"publish","type":"post","link":"https:\/\/iraurgiberritzen.eus\/es\/formado-el-nuevo-consejo-de-administracion-de-iraurgi-berritzen-donde-se-ha-informado-sobre-el-modelo-de-gobernanza\/","title":{"rendered":"Formado el nuevo Consejo de Administraci\u00f3n de Iraurgi Berritzen, donde se ha informado sobre el Modelo de Gobernanza"},"content":{"rendered":"<p style=\"text-align: justify;\">El pasado 23 de julio, se reunieron los representantes pol\u00edticos de los tres ayuntamientos con el objetivo de formar el nuevo Consejo de Administraci\u00f3n de Iraurgi Berritzen.<\/p>\n<p style=\"text-align: justify;\">En esta reuni\u00f3n se aprob\u00f3 la nueva composici\u00f3n del Consejo y se presentar\u00f3n el rol, los objetivos y el modelo de trabajo de Iraurgi Berritzen.<\/p>\n<p style=\"text-align: justify;\">De la mano de B+I Strategy, se presentaron las tendencias y cambios existentes en la sociedad en el contexto actual, as\u00ed como los nuevos enfoques y modelos de trabajo de gobernanza que se est\u00e1n desarrollando desde la administraci\u00f3n p\u00fablica, para dar respuesta a estas tendencias y cambios. En este mismo contexto se sit\u00faa el nuevo modelo de gobernanza que se est\u00e1 desarrollando en Gipuzkoa, tanto a nivel comarcal como territorial.<\/p>\n<p style=\"text-align: justify;\">En este sentido, se inform\u00f3 a los nuevos consejeros sobre el modelo de gobernanza que durante a\u00f1os se est\u00e1 desarrollando en colaboraci\u00f3n con los agentes comarcales, impulsando proyectos de colaboraci\u00f3n estrat\u00e9gicos, como consecuencia de esta estructura participativa en red.<\/p>\n<p style=\"text-align: justify;\">En los pr\u00f3ximos meses y de la mano de Iraurgi Berritzen, los ayuntamientos tomaron el compromiso de consensuar las prioridades para el desarrollo de proyectos estrat\u00e9gicos comarcales en colaboraci\u00f3n.<\/p>\n","protected":false},"excerpt":{"rendered":"<p>El pasado 23 de julio, se reunieron los representantes pol\u00edticos de los tres ayuntamientos con el objetivo de formar el nuevo Consejo de Administraci\u00f3n de Iraurgi Berritzen. En esta reuni\u00f3n se aprob\u00f3 la nueva composici\u00f3n del Consejo y se presentar\u00f3n el rol, los objetivos y el modelo de trabajo de Iraurgi Berritzen. De la mano [&hellip;]<\/p>\n","protected":false},"author":1,"featured_media":17783,"comment_status":"","ping_status":"closed","sticky":false,"template":"","format":"standard","meta":{"_acf_changed":false,"footnotes":""},"categories":[4],"tags":[],"class_list":["post-12702","post","type-post","status-publish","format-standard","has-post-thumbnail","hentry","category-noticias"],"acf":[],"yoast_head":"<!-- This site is optimized with the Yoast SEO plugin v27.4 - https:\/\/yoast.com\/product\/yoast-seo-wordpress\/ -->\n<title>Formado el nuevo Consejo de Administraci\u00f3n de Iraurgi Berritzen, donde se ha informado sobre el Modelo de Gobernanza - Iraurgi Berritzen<\/title>\n<meta name=\"robots\" content=\"index, follow, max-snippet:-1, max-image-preview:large, max-video-preview:-1\" \/>\n<link rel=\"canonical\" href=\"https:\/\/iraurgiberritzen.eus\/es\/formado-el-nuevo-consejo-de-administracion-de-iraurgi-berritzen-donde-se-ha-informado-sobre-el-modelo-de-gobernanza\/\" \/>\n<meta property=\"og:locale\" content=\"es_ES\" \/>\n<meta property=\"og:type\" content=\"article\" \/>\n<meta property=\"og:title\" content=\"Formado el nuevo Consejo de Administraci\u00f3n de Iraurgi Berritzen, donde se ha informado sobre el Modelo de Gobernanza - Iraurgi Berritzen\" \/>\n<meta property=\"og:description\" content=\"El pasado 23 de julio, se reunieron los representantes pol\u00edticos de los tres ayuntamientos con el objetivo de formar el nuevo Consejo de Administraci\u00f3n de Iraurgi Berritzen. En esta reuni\u00f3n se aprob\u00f3 la nueva composici\u00f3n del Consejo y se presentar\u00f3n el rol, los objetivos y el modelo de trabajo de Iraurgi Berritzen. De la mano [&hellip;]\" \/>\n<meta property=\"og:url\" content=\"https:\/\/iraurgiberritzen.eus\/es\/formado-el-nuevo-consejo-de-administracion-de-iraurgi-berritzen-donde-se-ha-informado-sobre-el-modelo-de-gobernanza\/\" \/>\n<meta property=\"og:site_name\" content=\"Iraurgi Berritzen\" \/>\n<meta property=\"article:published_time\" content=\"2019-08-01T08:42:44+00:00\" \/>\n<meta name=\"author\" content=\"kudeatzailea\" \/>\n<meta name=\"twitter:card\" content=\"summary_large_image\" \/>\n<meta name=\"twitter:label1\" content=\"Escrito por\" \/>\n\t<meta name=\"twitter:data1\" content=\"kudeatzailea\" \/>\n\t<meta name=\"twitter:label2\" content=\"Tiempo de lectura\" \/>\n\t<meta name=\"twitter:data2\" content=\"1 minuto\" \/>\n<script type=\"application\/ld+json\" class=\"yoast-schema-graph\">{\"@context\":\"https:\\\/\\\/schema.org\",\"@graph\":[{\"@type\":\"Article\",\"@id\":\"https:\\\/\\\/iraurgiberritzen.eus\\\/es\\\/formado-el-nuevo-consejo-de-administracion-de-iraurgi-berritzen-donde-se-ha-informado-sobre-el-modelo-de-gobernanza\\\/#article\",\"isPartOf\":{\"@id\":\"https:\\\/\\\/iraurgiberritzen.eus\\\/es\\\/formado-el-nuevo-consejo-de-administracion-de-iraurgi-berritzen-donde-se-ha-informado-sobre-el-modelo-de-gobernanza\\\/\"},\"author\":{\"name\":\"kudeatzailea\",\"@id\":\"https:\\\/\\\/iraurgiberritzen.eus\\\/es\\\/#\\\/schema\\\/person\\\/5ab41aaf388a9097177601ebf45738d2\"},\"headline\":\"Formado el nuevo Consejo de Administraci\u00f3n de Iraurgi Berritzen, donde se ha informado sobre el Modelo de Gobernanza\",\"datePublished\":\"2019-08-01T08:42:44+00:00\",\"mainEntityOfPage\":{\"@id\":\"https:\\\/\\\/iraurgiberritzen.eus\\\/es\\\/formado-el-nuevo-consejo-de-administracion-de-iraurgi-berritzen-donde-se-ha-informado-sobre-el-modelo-de-gobernanza\\\/\"},\"wordCount\":225,\"publisher\":{\"@id\":\"https:\\\/\\\/iraurgiberritzen.eus\\\/es\\\/#organization\"},\"image\":{\"@id\":\"https:\\\/\\\/iraurgiberritzen.eus\\\/es\\\/formado-el-nuevo-consejo-de-administracion-de-iraurgi-berritzen-donde-se-ha-informado-sobre-el-modelo-de-gobernanza\\\/#primaryimage\"},\"thumbnailUrl\":\"https:\\\/\\\/iraurgiberritzen.eus\\\/wp-content\\\/uploads\\\/2023\\\/09\\\/bb649b5e9b78ccc3d37b687d9b2104de.jpg\",\"articleSection\":[\"Noticias\"],\"inLanguage\":\"es\"},{\"@type\":\"WebPage\",\"@id\":\"https:\\\/\\\/iraurgiberritzen.eus\\\/es\\\/formado-el-nuevo-consejo-de-administracion-de-iraurgi-berritzen-donde-se-ha-informado-sobre-el-modelo-de-gobernanza\\\/\",\"url\":\"https:\\\/\\\/iraurgiberritzen.eus\\\/es\\\/formado-el-nuevo-consejo-de-administracion-de-iraurgi-berritzen-donde-se-ha-informado-sobre-el-modelo-de-gobernanza\\\/\",\"name\":\"Formado el nuevo Consejo de Administraci\u00f3n de Iraurgi Berritzen, donde se ha informado sobre el Modelo de Gobernanza - Iraurgi Berritzen\",\"isPartOf\":{\"@id\":\"https:\\\/\\\/iraurgiberritzen.eus\\\/es\\\/#website\"},\"primaryImageOfPage\":{\"@id\":\"https:\\\/\\\/iraurgiberritzen.eus\\\/es\\\/formado-el-nuevo-consejo-de-administracion-de-iraurgi-berritzen-donde-se-ha-informado-sobre-el-modelo-de-gobernanza\\\/#primaryimage\"},\"image\":{\"@id\":\"https:\\\/\\\/iraurgiberritzen.eus\\\/es\\\/formado-el-nuevo-consejo-de-administracion-de-iraurgi-berritzen-donde-se-ha-informado-sobre-el-modelo-de-gobernanza\\\/#primaryimage\"},\"thumbnailUrl\":\"https:\\\/\\\/iraurgiberritzen.eus\\\/wp-content\\\/uploads\\\/2023\\\/09\\\/bb649b5e9b78ccc3d37b687d9b2104de.jpg\",\"datePublished\":\"2019-08-01T08:42:44+00:00\",\"breadcrumb\":{\"@id\":\"https:\\\/\\\/iraurgiberritzen.eus\\\/es\\\/formado-el-nuevo-consejo-de-administracion-de-iraurgi-berritzen-donde-se-ha-informado-sobre-el-modelo-de-gobernanza\\\/#breadcrumb\"},\"inLanguage\":\"es\",\"potentialAction\":[{\"@type\":\"ReadAction\",\"target\":[\"https:\\\/\\\/iraurgiberritzen.eus\\\/es\\\/formado-el-nuevo-consejo-de-administracion-de-iraurgi-berritzen-donde-se-ha-informado-sobre-el-modelo-de-gobernanza\\\/\"]}]},{\"@type\":\"ImageObject\",\"inLanguage\":\"es\",\"@id\":\"https:\\\/\\\/iraurgiberritzen.eus\\\/es\\\/formado-el-nuevo-consejo-de-administracion-de-iraurgi-berritzen-donde-se-ha-informado-sobre-el-modelo-de-gobernanza\\\/#primaryimage\",\"url\":\"https:\\\/\\\/iraurgiberritzen.eus\\\/wp-content\\\/uploads\\\/2023\\\/09\\\/bb649b5e9b78ccc3d37b687d9b2104de.jpg\",\"contentUrl\":\"https:\\\/\\\/iraurgiberritzen.eus\\\/wp-content\\\/uploads\\\/2023\\\/09\\\/bb649b5e9b78ccc3d37b687d9b2104de.jpg\",\"width\":600,\"height\":386},{\"@type\":\"BreadcrumbList\",\"@id\":\"https:\\\/\\\/iraurgiberritzen.eus\\\/es\\\/formado-el-nuevo-consejo-de-administracion-de-iraurgi-berritzen-donde-se-ha-informado-sobre-el-modelo-de-gobernanza\\\/#breadcrumb\",\"itemListElement\":[{\"@type\":\"ListItem\",\"position\":1,\"name\":\"Home\",\"item\":\"https:\\\/\\\/iraurgiberritzen.eus\\\/es\\\/\"},{\"@type\":\"ListItem\",\"position\":2,\"name\":\"Formado el nuevo Consejo de Administraci\u00f3n de Iraurgi Berritzen, donde se ha informado sobre el Modelo de Gobernanza\"}]},{\"@type\":\"WebSite\",\"@id\":\"https:\\\/\\\/iraurgiberritzen.eus\\\/es\\\/#website\",\"url\":\"https:\\\/\\\/iraurgiberritzen.eus\\\/es\\\/\",\"name\":\"Iraurgi Berritzen\",\"description\":\"Urola Erdiko Garapen Agentzia\",\"publisher\":{\"@id\":\"https:\\\/\\\/iraurgiberritzen.eus\\\/es\\\/#organization\"},\"potentialAction\":[{\"@type\":\"SearchAction\",\"target\":{\"@type\":\"EntryPoint\",\"urlTemplate\":\"https:\\\/\\\/iraurgiberritzen.eus\\\/es\\\/?s={search_term_string}\"},\"query-input\":{\"@type\":\"PropertyValueSpecification\",\"valueRequired\":true,\"valueName\":\"search_term_string\"}}],\"inLanguage\":\"es\"},{\"@type\":\"Organization\",\"@id\":\"https:\\\/\\\/iraurgiberritzen.eus\\\/es\\\/#organization\",\"name\":\"Iraurgi Berritzen\",\"url\":\"https:\\\/\\\/iraurgiberritzen.eus\\\/es\\\/\",\"logo\":{\"@type\":\"ImageObject\",\"inLanguage\":\"es\",\"@id\":\"https:\\\/\\\/iraurgiberritzen.eus\\\/es\\\/#\\\/schema\\\/logo\\\/image\\\/\",\"url\":\"https:\\\/\\\/iraurgiberritzen.eus\\\/wp-content\\\/uploads\\\/2024\\\/02\\\/IRAURGI-BERRITZEN-logotipoa_2.png\",\"contentUrl\":\"https:\\\/\\\/iraurgiberritzen.eus\\\/wp-content\\\/uploads\\\/2024\\\/02\\\/IRAURGI-BERRITZEN-logotipoa_2.png\",\"width\":496,\"height\":190,\"caption\":\"Iraurgi Berritzen\"},\"image\":{\"@id\":\"https:\\\/\\\/iraurgiberritzen.eus\\\/es\\\/#\\\/schema\\\/logo\\\/image\\\/\"}},{\"@type\":\"Person\",\"@id\":\"https:\\\/\\\/iraurgiberritzen.eus\\\/es\\\/#\\\/schema\\\/person\\\/5ab41aaf388a9097177601ebf45738d2\",\"name\":\"kudeatzailea\",\"sameAs\":[\"https:\\\/\\\/iraurgiberritzen.eus\"]}]}<\/script>\n<!-- \/ Yoast SEO plugin. -->","yoast_head_json":{"title":"Formado el nuevo Consejo de Administraci\u00f3n de Iraurgi Berritzen, donde se ha informado sobre el Modelo de Gobernanza - Iraurgi Berritzen","robots":{"index":"index","follow":"follow","max-snippet":"max-snippet:-1","max-image-preview":"max-image-preview:large","max-video-preview":"max-video-preview:-1"},"canonical":"https:\/\/iraurgiberritzen.eus\/es\/formado-el-nuevo-consejo-de-administracion-de-iraurgi-berritzen-donde-se-ha-informado-sobre-el-modelo-de-gobernanza\/","og_locale":"es_ES","og_type":"article","og_title":"Formado el nuevo Consejo de Administraci\u00f3n de Iraurgi Berritzen, donde se ha informado sobre el Modelo de Gobernanza - Iraurgi Berritzen","og_description":"El pasado 23 de julio, se reunieron los representantes pol\u00edticos de los tres ayuntamientos con el objetivo de formar el nuevo Consejo de Administraci\u00f3n de Iraurgi Berritzen. En esta reuni\u00f3n se aprob\u00f3 la nueva composici\u00f3n del Consejo y se presentar\u00f3n el rol, los objetivos y el modelo de trabajo de Iraurgi Berritzen. De la mano [&hellip;]","og_url":"https:\/\/iraurgiberritzen.eus\/es\/formado-el-nuevo-consejo-de-administracion-de-iraurgi-berritzen-donde-se-ha-informado-sobre-el-modelo-de-gobernanza\/","og_site_name":"Iraurgi Berritzen","article_published_time":"2019-08-01T08:42:44+00:00","author":"kudeatzailea","twitter_card":"summary_large_image","twitter_misc":{"Escrito por":"kudeatzailea","Tiempo de lectura":"1 minuto"},"schema":{"@context":"https:\/\/schema.org","@graph":[{"@type":"Article","@id":"https:\/\/iraurgiberritzen.eus\/es\/formado-el-nuevo-consejo-de-administracion-de-iraurgi-berritzen-donde-se-ha-informado-sobre-el-modelo-de-gobernanza\/#article","isPartOf":{"@id":"https:\/\/iraurgiberritzen.eus\/es\/formado-el-nuevo-consejo-de-administracion-de-iraurgi-berritzen-donde-se-ha-informado-sobre-el-modelo-de-gobernanza\/"},"author":{"name":"kudeatzailea","@id":"https:\/\/iraurgiberritzen.eus\/es\/#\/schema\/person\/5ab41aaf388a9097177601ebf45738d2"},"headline":"Formado el nuevo Consejo de Administraci\u00f3n de Iraurgi Berritzen, donde se ha informado sobre el Modelo de Gobernanza","datePublished":"2019-08-01T08:42:44+00:00","mainEntityOfPage":{"@id":"https:\/\/iraurgiberritzen.eus\/es\/formado-el-nuevo-consejo-de-administracion-de-iraurgi-berritzen-donde-se-ha-informado-sobre-el-modelo-de-gobernanza\/"},"wordCount":225,"publisher":{"@id":"https:\/\/iraurgiberritzen.eus\/es\/#organization"},"image":{"@id":"https:\/\/iraurgiberritzen.eus\/es\/formado-el-nuevo-consejo-de-administracion-de-iraurgi-berritzen-donde-se-ha-informado-sobre-el-modelo-de-gobernanza\/#primaryimage"},"thumbnailUrl":"https:\/\/iraurgiberritzen.eus\/wp-content\/uploads\/2023\/09\/bb649b5e9b78ccc3d37b687d9b2104de.jpg","articleSection":["Noticias"],"inLanguage":"es"},{"@type":"WebPage","@id":"https:\/\/iraurgiberritzen.eus\/es\/formado-el-nuevo-consejo-de-administracion-de-iraurgi-berritzen-donde-se-ha-informado-sobre-el-modelo-de-gobernanza\/","url":"https:\/\/iraurgiberritzen.eus\/es\/formado-el-nuevo-consejo-de-administracion-de-iraurgi-berritzen-donde-se-ha-informado-sobre-el-modelo-de-gobernanza\/","name":"Formado el nuevo Consejo de Administraci\u00f3n de Iraurgi Berritzen, donde se ha informado sobre el Modelo de Gobernanza - Iraurgi Berritzen","isPartOf":{"@id":"https:\/\/iraurgiberritzen.eus\/es\/#website"},"primaryImageOfPage":{"@id":"https:\/\/iraurgiberritzen.eus\/es\/formado-el-nuevo-consejo-de-administracion-de-iraurgi-berritzen-donde-se-ha-informado-sobre-el-modelo-de-gobernanza\/#primaryimage"},"image":{"@id":"https:\/\/iraurgiberritzen.eus\/es\/formado-el-nuevo-consejo-de-administracion-de-iraurgi-berritzen-donde-se-ha-informado-sobre-el-modelo-de-gobernanza\/#primaryimage"},"thumbnailUrl":"https:\/\/iraurgiberritzen.eus\/wp-content\/uploads\/2023\/09\/bb649b5e9b78ccc3d37b687d9b2104de.jpg","datePublished":"2019-08-01T08:42:44+00:00","breadcrumb":{"@id":"https:\/\/iraurgiberritzen.eus\/es\/formado-el-nuevo-consejo-de-administracion-de-iraurgi-berritzen-donde-se-ha-informado-sobre-el-modelo-de-gobernanza\/#breadcrumb"},"inLanguage":"es","potentialAction":[{"@type":"ReadAction","target":["https:\/\/iraurgiberritzen.eus\/es\/formado-el-nuevo-consejo-de-administracion-de-iraurgi-berritzen-donde-se-ha-informado-sobre-el-modelo-de-gobernanza\/"]}]},{"@type":"ImageObject","inLanguage":"es","@id":"https:\/\/iraurgiberritzen.eus\/es\/formado-el-nuevo-consejo-de-administracion-de-iraurgi-berritzen-donde-se-ha-informado-sobre-el-modelo-de-gobernanza\/#primaryimage","url":"https:\/\/iraurgiberritzen.eus\/wp-content\/uploads\/2023\/09\/bb649b5e9b78ccc3d37b687d9b2104de.jpg","contentUrl":"https:\/\/iraurgiberritzen.eus\/wp-content\/uploads\/2023\/09\/bb649b5e9b78ccc3d37b687d9b2104de.jpg","width":600,"height":386},{"@type":"BreadcrumbList","@id":"https:\/\/iraurgiberritzen.eus\/es\/formado-el-nuevo-consejo-de-administracion-de-iraurgi-berritzen-donde-se-ha-informado-sobre-el-modelo-de-gobernanza\/#breadcrumb","itemListElement":[{"@type":"ListItem","position":1,"name":"Home","item":"https:\/\/iraurgiberritzen.eus\/es\/"},{"@type":"ListItem","position":2,"name":"Formado el nuevo Consejo de Administraci\u00f3n de Iraurgi Berritzen, donde se ha informado sobre el Modelo de Gobernanza"}]},{"@type":"WebSite","@id":"https:\/\/iraurgiberritzen.eus\/es\/#website","url":"https:\/\/iraurgiberritzen.eus\/es\/","name":"Iraurgi Berritzen","description":"Urola Erdiko Garapen Agentzia","publisher":{"@id":"https:\/\/iraurgiberritzen.eus\/es\/#organization"},"potentialAction":[{"@type":"SearchAction","target":{"@type":"EntryPoint","urlTemplate":"https:\/\/iraurgiberritzen.eus\/es\/?s={search_term_string}"},"query-input":{"@type":"PropertyValueSpecification","valueRequired":true,"valueName":"search_term_string"}}],"inLanguage":"es"},{"@type":"Organization","@id":"https:\/\/iraurgiberritzen.eus\/es\/#organization","name":"Iraurgi Berritzen","url":"https:\/\/iraurgiberritzen.eus\/es\/","logo":{"@type":"ImageObject","inLanguage":"es","@id":"https:\/\/iraurgiberritzen.eus\/es\/#\/schema\/logo\/image\/","url":"https:\/\/iraurgiberritzen.eus\/wp-content\/uploads\/2024\/02\/IRAURGI-BERRITZEN-logotipoa_2.png","contentUrl":"https:\/\/iraurgiberritzen.eus\/wp-content\/uploads\/2024\/02\/IRAURGI-BERRITZEN-logotipoa_2.png","width":496,"height":190,"caption":"Iraurgi Berritzen"},"image":{"@id":"https:\/\/iraurgiberritzen.eus\/es\/#\/schema\/logo\/image\/"}},{"@type":"Person","@id":"https:\/\/iraurgiberritzen.eus\/es\/#\/schema\/person\/5ab41aaf388a9097177601ebf45738d2","name":"kudeatzailea","sameAs":["https:\/\/iraurgiberritzen.eus"]}]}},"_links":{"self":[{"href":"https:\/\/iraurgiberritzen.eus\/es\/wp-json\/wp\/v2\/posts\/12702","targetHints":{"allow":["GET"]}}],"collection":[{"href":"https:\/\/iraurgiberritzen.eus\/es\/wp-json\/wp\/v2\/posts"}],"about":[{"href":"https:\/\/iraurgiberritzen.eus\/es\/wp-json\/wp\/v2\/types\/post"}],"author":[{"embeddable":true,"href":"https:\/\/iraurgiberritzen.eus\/es\/wp-json\/wp\/v2\/users\/1"}],"replies":[{"embeddable":true,"href":"https:\/\/iraurgiberritzen.eus\/es\/wp-json\/wp\/v2\/comments?post=12702"}],"version-history":[{"count":0,"href":"https:\/\/iraurgiberritzen.eus\/es\/wp-json\/wp\/v2\/posts\/12702\/revisions"}],"wp:featuredmedia":[{"embeddable":true,"href":"https:\/\/iraurgiberritzen.eus\/es\/wp-json\/wp\/v2\/media\/17783"}],"wp:attachment":[{"href":"https:\/\/iraurgiberritzen.eus\/es\/wp-json\/wp\/v2\/media?parent=12702"}],"wp:term":[{"taxonomy":"category","embeddable":true,"href":"https:\/\/iraurgiberritzen.eus\/es\/wp-json\/wp\/v2\/categories?post=12702"},{"taxonomy":"post_tag","embeddable":true,"href":"https:\/\/iraurgiberritzen.eus\/es\/wp-json\/wp\/v2\/tags?post=12702"}],"curies":[{"name":"wp","href":"https:\/\/api.w.org\/{rel}","templated":true}]}}