{"id":12708,"date":"2019-09-27T08:43:59","date_gmt":"2019-09-27T06:43:59","guid":{"rendered":"https:\/\/iraurgiberritzen.eus\/el-reto-del-traspaso-de-negocios\/"},"modified":"2019-09-27T08:43:59","modified_gmt":"2019-09-27T06:43:59","slug":"el-reto-del-traspaso-de-negocios","status":"publish","type":"post","link":"https:\/\/iraurgiberritzen.eus\/es\/el-reto-del-traspaso-de-negocios\/","title":{"rendered":"El reto del Traspaso de Negocios"},"content":{"rendered":"<p>La Agencia de Desarrollo e Innovaci\u00f3n Iraurgi Berritzen ha comenzado a trabajar la tem\u00e1tica del traspaso de negocios.&nbsp;Se centrar\u00e1 en 3 tipolog\u00edas de negocio: Comercio, Empresa y Gremios.&nbsp;De cara al oto\u00f1o se organizar\u00e1n varias sesiones formativas dirigidas sobre todo a las asesor\u00edas comarcales<\/p>\n<p style=\"text-align: justify;\">La Agencia de Desarrollo e Innovaci\u00f3n Iraurgi Berritzen, ha puesto en marcha diferentes l\u00edneas de trabajo centrados en el <strong>Traspaso de Negocios.<\/strong><\/p>\n<p style=\"text-align: justify;\">La iniciativa pretende dar respuesta a una situaci\u00f3n que preocupa en la comarca. En los \u00faltimos a\u00f1os, numerosos establecimientos de distinta naturaleza han cerrado sus puertas a pesar de ser econ\u00f3micamente rentables. Muchos de ellos por falta de relevo o seguimiento, con una notable incidencia en los n\u00facleos urbanos de la comarca, tanto en el empleo como en el tejido econ\u00f3mico&#8230;.<\/p>\n<p style=\"text-align: justify;\">Por ello, el objetivo de esta iniciativa es identificar los negocios (comercios, empresas, gremios&#8230;) que pueden estar interesados en buscar dicho relevo, tanto a corto como a medio plazo y acompa\u00f1arlos a lo largo de todo el proceso. Entre otros, Iraurgi Berritzen, adem\u00e1s de ofrecer asesoramiento b\u00e1sico, ofrecer\u00e1 intermediaci\u00f3n con agentes expertos.<\/p>\n<p style=\"text-align: justify;\">La iniciativa denominada <strong>GipuzLan-Eskualdatzea<\/strong> ,- iniciativa subvencionada por la Diputaci\u00f3n Foral de Gipuzkoa- se centrar\u00e1 en tres tipolog\u00edas de negocio: <strong>Comercio, Empresa y Gremios.<\/strong><\/p>\n<p style=\"text-align: justify;\">Las primeras l\u00edneas de trabajo se han dirigido hacia el sector de comercios, a ra\u00edz del ciclo de jornadas organizadas sobre \u00abJubilaci\u00f3n de aut\u00f3nomos\u00bb, \u00abValoraci\u00f3n y traspaso de negocios\u00bb o \u00abDiagn\u00f3stico de Innovaci\u00f3n Comercial\u00bb en colaboraci\u00f3n con las asociaciones comerciales de Azkoitia, Azpeitia y Zestoa \u2013 Herrixen, Bertan y Zestoan, en los que se detect\u00f3 la necesidad de crear un grupo de trabajo espec\u00edfico para tratar el tema del traspaso en el \u00e1mbito comercial.<\/p>\n<p style=\"text-align: justify;\">En los pr\u00f3ximos meses se prev\u00e9 que las acciones ligadas a esta iniciativa de <strong>GipuzLan-Eskualdatzea,<\/strong> se extiendan tanto a empresas industriales como a los gremios de construcci\u00f3n.<\/p>\n<p style=\"text-align: justify;\">Iraurgi Berritzen, anima a todos aquellos establecimientos que puedan estar interesados en el traspaso a acudir a la Agencia de Desarrollo e Innovaci\u00f3n Iraurgi Berritzen para recibir asesoramiento.<\/p>\n","protected":false},"excerpt":{"rendered":"<p>La Agencia de Desarrollo e Innovaci\u00f3n Iraurgi Berritzen ha comenzado a trabajar la tem\u00e1tica del traspaso de negocios.&nbsp;Se centrar\u00e1 en 3 tipolog\u00edas de negocio: Comercio, Empresa y Gremios.&nbsp;De cara al oto\u00f1o se organizar\u00e1n varias sesiones formativas dirigidas sobre todo a las asesor\u00edas comarcales La Agencia de Desarrollo e Innovaci\u00f3n Iraurgi Berritzen, ha puesto en marcha [&hellip;]<\/p>\n","protected":false},"author":1,"featured_media":17785,"comment_status":"","ping_status":"closed","sticky":false,"template":"","format":"standard","meta":{"_acf_changed":false,"footnotes":""},"categories":[4],"tags":[],"class_list":["post-12708","post","type-post","status-publish","format-standard","has-post-thumbnail","hentry","category-noticias"],"acf":[],"yoast_head":"<!-- This site is optimized with the Yoast SEO plugin v27.4 - https:\/\/yoast.com\/product\/yoast-seo-wordpress\/ -->\n<title>El reto del Traspaso de Negocios - Iraurgi Berritzen<\/title>\n<meta name=\"robots\" content=\"index, follow, max-snippet:-1, max-image-preview:large, max-video-preview:-1\" \/>\n<link rel=\"canonical\" href=\"https:\/\/iraurgiberritzen.eus\/es\/el-reto-del-traspaso-de-negocios\/\" \/>\n<meta property=\"og:locale\" content=\"es_ES\" \/>\n<meta property=\"og:type\" content=\"article\" \/>\n<meta property=\"og:title\" content=\"El reto del Traspaso de Negocios - Iraurgi Berritzen\" \/>\n<meta property=\"og:description\" content=\"La Agencia de Desarrollo e Innovaci\u00f3n Iraurgi Berritzen ha comenzado a trabajar la tem\u00e1tica del traspaso de negocios.&nbsp;Se centrar\u00e1 en 3 tipolog\u00edas de negocio: Comercio, Empresa y Gremios.&nbsp;De cara al oto\u00f1o se organizar\u00e1n varias sesiones formativas dirigidas sobre todo a las asesor\u00edas comarcales La Agencia de Desarrollo e Innovaci\u00f3n Iraurgi Berritzen, ha puesto en marcha [&hellip;]\" \/>\n<meta property=\"og:url\" content=\"https:\/\/iraurgiberritzen.eus\/es\/el-reto-del-traspaso-de-negocios\/\" \/>\n<meta property=\"og:site_name\" content=\"Iraurgi Berritzen\" \/>\n<meta property=\"article:published_time\" content=\"2019-09-27T06:43:59+00:00\" \/>\n<meta name=\"author\" content=\"kudeatzailea\" \/>\n<meta name=\"twitter:card\" content=\"summary_large_image\" \/>\n<meta name=\"twitter:label1\" content=\"Escrito por\" \/>\n\t<meta name=\"twitter:data1\" content=\"kudeatzailea\" \/>\n\t<meta name=\"twitter:label2\" content=\"Tiempo de lectura\" \/>\n\t<meta name=\"twitter:data2\" content=\"2 minutos\" \/>\n<script type=\"application\/ld+json\" class=\"yoast-schema-graph\">{\"@context\":\"https:\\\/\\\/schema.org\",\"@graph\":[{\"@type\":\"Article\",\"@id\":\"https:\\\/\\\/iraurgiberritzen.eus\\\/es\\\/el-reto-del-traspaso-de-negocios\\\/#article\",\"isPartOf\":{\"@id\":\"https:\\\/\\\/iraurgiberritzen.eus\\\/es\\\/el-reto-del-traspaso-de-negocios\\\/\"},\"author\":{\"name\":\"kudeatzailea\",\"@id\":\"https:\\\/\\\/iraurgiberritzen.eus\\\/es\\\/#\\\/schema\\\/person\\\/5ab41aaf388a9097177601ebf45738d2\"},\"headline\":\"El reto del Traspaso de Negocios\",\"datePublished\":\"2019-09-27T06:43:59+00:00\",\"mainEntityOfPage\":{\"@id\":\"https:\\\/\\\/iraurgiberritzen.eus\\\/es\\\/el-reto-del-traspaso-de-negocios\\\/\"},\"wordCount\":370,\"publisher\":{\"@id\":\"https:\\\/\\\/iraurgiberritzen.eus\\\/es\\\/#organization\"},\"image\":{\"@id\":\"https:\\\/\\\/iraurgiberritzen.eus\\\/es\\\/el-reto-del-traspaso-de-negocios\\\/#primaryimage\"},\"thumbnailUrl\":\"https:\\\/\\\/iraurgiberritzen.eus\\\/wp-content\\\/uploads\\\/2023\\\/09\\\/356ecf74a889b7f7265d645375aae6ce.jpg\",\"articleSection\":[\"Noticias\"],\"inLanguage\":\"es\"},{\"@type\":\"WebPage\",\"@id\":\"https:\\\/\\\/iraurgiberritzen.eus\\\/es\\\/el-reto-del-traspaso-de-negocios\\\/\",\"url\":\"https:\\\/\\\/iraurgiberritzen.eus\\\/es\\\/el-reto-del-traspaso-de-negocios\\\/\",\"name\":\"El reto del Traspaso de Negocios - Iraurgi Berritzen\",\"isPartOf\":{\"@id\":\"https:\\\/\\\/iraurgiberritzen.eus\\\/es\\\/#website\"},\"primaryImageOfPage\":{\"@id\":\"https:\\\/\\\/iraurgiberritzen.eus\\\/es\\\/el-reto-del-traspaso-de-negocios\\\/#primaryimage\"},\"image\":{\"@id\":\"https:\\\/\\\/iraurgiberritzen.eus\\\/es\\\/el-reto-del-traspaso-de-negocios\\\/#primaryimage\"},\"thumbnailUrl\":\"https:\\\/\\\/iraurgiberritzen.eus\\\/wp-content\\\/uploads\\\/2023\\\/09\\\/356ecf74a889b7f7265d645375aae6ce.jpg\",\"datePublished\":\"2019-09-27T06:43:59+00:00\",\"breadcrumb\":{\"@id\":\"https:\\\/\\\/iraurgiberritzen.eus\\\/es\\\/el-reto-del-traspaso-de-negocios\\\/#breadcrumb\"},\"inLanguage\":\"es\",\"potentialAction\":[{\"@type\":\"ReadAction\",\"target\":[\"https:\\\/\\\/iraurgiberritzen.eus\\\/es\\\/el-reto-del-traspaso-de-negocios\\\/\"]}]},{\"@type\":\"ImageObject\",\"inLanguage\":\"es\",\"@id\":\"https:\\\/\\\/iraurgiberritzen.eus\\\/es\\\/el-reto-del-traspaso-de-negocios\\\/#primaryimage\",\"url\":\"https:\\\/\\\/iraurgiberritzen.eus\\\/wp-content\\\/uploads\\\/2023\\\/09\\\/356ecf74a889b7f7265d645375aae6ce.jpg\",\"contentUrl\":\"https:\\\/\\\/iraurgiberritzen.eus\\\/wp-content\\\/uploads\\\/2023\\\/09\\\/356ecf74a889b7f7265d645375aae6ce.jpg\",\"width\":600,\"height\":386},{\"@type\":\"BreadcrumbList\",\"@id\":\"https:\\\/\\\/iraurgiberritzen.eus\\\/es\\\/el-reto-del-traspaso-de-negocios\\\/#breadcrumb\",\"itemListElement\":[{\"@type\":\"ListItem\",\"position\":1,\"name\":\"Home\",\"item\":\"https:\\\/\\\/iraurgiberritzen.eus\\\/es\\\/\"},{\"@type\":\"ListItem\",\"position\":2,\"name\":\"El reto del Traspaso de Negocios\"}]},{\"@type\":\"WebSite\",\"@id\":\"https:\\\/\\\/iraurgiberritzen.eus\\\/es\\\/#website\",\"url\":\"https:\\\/\\\/iraurgiberritzen.eus\\\/es\\\/\",\"name\":\"Iraurgi Berritzen\",\"description\":\"Urola Erdiko Garapen Agentzia\",\"publisher\":{\"@id\":\"https:\\\/\\\/iraurgiberritzen.eus\\\/es\\\/#organization\"},\"potentialAction\":[{\"@type\":\"SearchAction\",\"target\":{\"@type\":\"EntryPoint\",\"urlTemplate\":\"https:\\\/\\\/iraurgiberritzen.eus\\\/es\\\/?s={search_term_string}\"},\"query-input\":{\"@type\":\"PropertyValueSpecification\",\"valueRequired\":true,\"valueName\":\"search_term_string\"}}],\"inLanguage\":\"es\"},{\"@type\":\"Organization\",\"@id\":\"https:\\\/\\\/iraurgiberritzen.eus\\\/es\\\/#organization\",\"name\":\"Iraurgi Berritzen\",\"url\":\"https:\\\/\\\/iraurgiberritzen.eus\\\/es\\\/\",\"logo\":{\"@type\":\"ImageObject\",\"inLanguage\":\"es\",\"@id\":\"https:\\\/\\\/iraurgiberritzen.eus\\\/es\\\/#\\\/schema\\\/logo\\\/image\\\/\",\"url\":\"https:\\\/\\\/iraurgiberritzen.eus\\\/wp-content\\\/uploads\\\/2024\\\/02\\\/IRAURGI-BERRITZEN-logotipoa_2.png\",\"contentUrl\":\"https:\\\/\\\/iraurgiberritzen.eus\\\/wp-content\\\/uploads\\\/2024\\\/02\\\/IRAURGI-BERRITZEN-logotipoa_2.png\",\"width\":496,\"height\":190,\"caption\":\"Iraurgi Berritzen\"},\"image\":{\"@id\":\"https:\\\/\\\/iraurgiberritzen.eus\\\/es\\\/#\\\/schema\\\/logo\\\/image\\\/\"}},{\"@type\":\"Person\",\"@id\":\"https:\\\/\\\/iraurgiberritzen.eus\\\/es\\\/#\\\/schema\\\/person\\\/5ab41aaf388a9097177601ebf45738d2\",\"name\":\"kudeatzailea\",\"sameAs\":[\"https:\\\/\\\/iraurgiberritzen.eus\"]}]}<\/script>\n<!-- \/ Yoast SEO plugin. -->","yoast_head_json":{"title":"El reto del Traspaso de Negocios - Iraurgi Berritzen","robots":{"index":"index","follow":"follow","max-snippet":"max-snippet:-1","max-image-preview":"max-image-preview:large","max-video-preview":"max-video-preview:-1"},"canonical":"https:\/\/iraurgiberritzen.eus\/es\/el-reto-del-traspaso-de-negocios\/","og_locale":"es_ES","og_type":"article","og_title":"El reto del Traspaso de Negocios - Iraurgi Berritzen","og_description":"La Agencia de Desarrollo e Innovaci\u00f3n Iraurgi Berritzen ha comenzado a trabajar la tem\u00e1tica del traspaso de negocios.&nbsp;Se centrar\u00e1 en 3 tipolog\u00edas de negocio: Comercio, Empresa y Gremios.&nbsp;De cara al oto\u00f1o se organizar\u00e1n varias sesiones formativas dirigidas sobre todo a las asesor\u00edas comarcales La Agencia de Desarrollo e Innovaci\u00f3n Iraurgi Berritzen, ha puesto en marcha [&hellip;]","og_url":"https:\/\/iraurgiberritzen.eus\/es\/el-reto-del-traspaso-de-negocios\/","og_site_name":"Iraurgi Berritzen","article_published_time":"2019-09-27T06:43:59+00:00","author":"kudeatzailea","twitter_card":"summary_large_image","twitter_misc":{"Escrito por":"kudeatzailea","Tiempo de lectura":"2 minutos"},"schema":{"@context":"https:\/\/schema.org","@graph":[{"@type":"Article","@id":"https:\/\/iraurgiberritzen.eus\/es\/el-reto-del-traspaso-de-negocios\/#article","isPartOf":{"@id":"https:\/\/iraurgiberritzen.eus\/es\/el-reto-del-traspaso-de-negocios\/"},"author":{"name":"kudeatzailea","@id":"https:\/\/iraurgiberritzen.eus\/es\/#\/schema\/person\/5ab41aaf388a9097177601ebf45738d2"},"headline":"El reto del Traspaso de Negocios","datePublished":"2019-09-27T06:43:59+00:00","mainEntityOfPage":{"@id":"https:\/\/iraurgiberritzen.eus\/es\/el-reto-del-traspaso-de-negocios\/"},"wordCount":370,"publisher":{"@id":"https:\/\/iraurgiberritzen.eus\/es\/#organization"},"image":{"@id":"https:\/\/iraurgiberritzen.eus\/es\/el-reto-del-traspaso-de-negocios\/#primaryimage"},"thumbnailUrl":"https:\/\/iraurgiberritzen.eus\/wp-content\/uploads\/2023\/09\/356ecf74a889b7f7265d645375aae6ce.jpg","articleSection":["Noticias"],"inLanguage":"es"},{"@type":"WebPage","@id":"https:\/\/iraurgiberritzen.eus\/es\/el-reto-del-traspaso-de-negocios\/","url":"https:\/\/iraurgiberritzen.eus\/es\/el-reto-del-traspaso-de-negocios\/","name":"El reto del Traspaso de Negocios - Iraurgi Berritzen","isPartOf":{"@id":"https:\/\/iraurgiberritzen.eus\/es\/#website"},"primaryImageOfPage":{"@id":"https:\/\/iraurgiberritzen.eus\/es\/el-reto-del-traspaso-de-negocios\/#primaryimage"},"image":{"@id":"https:\/\/iraurgiberritzen.eus\/es\/el-reto-del-traspaso-de-negocios\/#primaryimage"},"thumbnailUrl":"https:\/\/iraurgiberritzen.eus\/wp-content\/uploads\/2023\/09\/356ecf74a889b7f7265d645375aae6ce.jpg","datePublished":"2019-09-27T06:43:59+00:00","breadcrumb":{"@id":"https:\/\/iraurgiberritzen.eus\/es\/el-reto-del-traspaso-de-negocios\/#breadcrumb"},"inLanguage":"es","potentialAction":[{"@type":"ReadAction","target":["https:\/\/iraurgiberritzen.eus\/es\/el-reto-del-traspaso-de-negocios\/"]}]},{"@type":"ImageObject","inLanguage":"es","@id":"https:\/\/iraurgiberritzen.eus\/es\/el-reto-del-traspaso-de-negocios\/#primaryimage","url":"https:\/\/iraurgiberritzen.eus\/wp-content\/uploads\/2023\/09\/356ecf74a889b7f7265d645375aae6ce.jpg","contentUrl":"https:\/\/iraurgiberritzen.eus\/wp-content\/uploads\/2023\/09\/356ecf74a889b7f7265d645375aae6ce.jpg","width":600,"height":386},{"@type":"BreadcrumbList","@id":"https:\/\/iraurgiberritzen.eus\/es\/el-reto-del-traspaso-de-negocios\/#breadcrumb","itemListElement":[{"@type":"ListItem","position":1,"name":"Home","item":"https:\/\/iraurgiberritzen.eus\/es\/"},{"@type":"ListItem","position":2,"name":"El reto del Traspaso de Negocios"}]},{"@type":"WebSite","@id":"https:\/\/iraurgiberritzen.eus\/es\/#website","url":"https:\/\/iraurgiberritzen.eus\/es\/","name":"Iraurgi Berritzen","description":"Urola Erdiko Garapen Agentzia","publisher":{"@id":"https:\/\/iraurgiberritzen.eus\/es\/#organization"},"potentialAction":[{"@type":"SearchAction","target":{"@type":"EntryPoint","urlTemplate":"https:\/\/iraurgiberritzen.eus\/es\/?s={search_term_string}"},"query-input":{"@type":"PropertyValueSpecification","valueRequired":true,"valueName":"search_term_string"}}],"inLanguage":"es"},{"@type":"Organization","@id":"https:\/\/iraurgiberritzen.eus\/es\/#organization","name":"Iraurgi Berritzen","url":"https:\/\/iraurgiberritzen.eus\/es\/","logo":{"@type":"ImageObject","inLanguage":"es","@id":"https:\/\/iraurgiberritzen.eus\/es\/#\/schema\/logo\/image\/","url":"https:\/\/iraurgiberritzen.eus\/wp-content\/uploads\/2024\/02\/IRAURGI-BERRITZEN-logotipoa_2.png","contentUrl":"https:\/\/iraurgiberritzen.eus\/wp-content\/uploads\/2024\/02\/IRAURGI-BERRITZEN-logotipoa_2.png","width":496,"height":190,"caption":"Iraurgi Berritzen"},"image":{"@id":"https:\/\/iraurgiberritzen.eus\/es\/#\/schema\/logo\/image\/"}},{"@type":"Person","@id":"https:\/\/iraurgiberritzen.eus\/es\/#\/schema\/person\/5ab41aaf388a9097177601ebf45738d2","name":"kudeatzailea","sameAs":["https:\/\/iraurgiberritzen.eus"]}]}},"_links":{"self":[{"href":"https:\/\/iraurgiberritzen.eus\/es\/wp-json\/wp\/v2\/posts\/12708","targetHints":{"allow":["GET"]}}],"collection":[{"href":"https:\/\/iraurgiberritzen.eus\/es\/wp-json\/wp\/v2\/posts"}],"about":[{"href":"https:\/\/iraurgiberritzen.eus\/es\/wp-json\/wp\/v2\/types\/post"}],"author":[{"embeddable":true,"href":"https:\/\/iraurgiberritzen.eus\/es\/wp-json\/wp\/v2\/users\/1"}],"replies":[{"embeddable":true,"href":"https:\/\/iraurgiberritzen.eus\/es\/wp-json\/wp\/v2\/comments?post=12708"}],"version-history":[{"count":0,"href":"https:\/\/iraurgiberritzen.eus\/es\/wp-json\/wp\/v2\/posts\/12708\/revisions"}],"wp:featuredmedia":[{"embeddable":true,"href":"https:\/\/iraurgiberritzen.eus\/es\/wp-json\/wp\/v2\/media\/17785"}],"wp:attachment":[{"href":"https:\/\/iraurgiberritzen.eus\/es\/wp-json\/wp\/v2\/media?parent=12708"}],"wp:term":[{"taxonomy":"category","embeddable":true,"href":"https:\/\/iraurgiberritzen.eus\/es\/wp-json\/wp\/v2\/categories?post=12708"},{"taxonomy":"post_tag","embeddable":true,"href":"https:\/\/iraurgiberritzen.eus\/es\/wp-json\/wp\/v2\/tags?post=12708"}],"curies":[{"name":"wp","href":"https:\/\/api.w.org\/{rel}","templated":true}]}}