{"id":12714,"date":"2019-10-08T05:14:17","date_gmt":"2019-10-08T03:14:17","guid":{"rendered":"https:\/\/iraurgiberritzen.eus\/que-importancia-tiene-estrechar-relaciones-entre-centros-de-educacion-y-los-agentes-comarcales\/"},"modified":"2019-10-08T05:14:17","modified_gmt":"2019-10-08T03:14:17","slug":"que-importancia-tiene-estrechar-relaciones-entre-centros-de-educacion-y-los-agentes-comarcales","status":"publish","type":"post","link":"https:\/\/iraurgiberritzen.eus\/es\/que-importancia-tiene-estrechar-relaciones-entre-centros-de-educacion-y-los-agentes-comarcales\/","title":{"rendered":"\u00bfQu\u00e9 importancia tiene estrechar relaciones entre centros de educaci\u00f3n y los agentes comarcales?"},"content":{"rendered":"<p style=\"text-align: justify;\">En el marco de la red de colaboraci\u00f3n de agentes dinamizada por Iraurgi Berritzen, se ha puesto en evidencia m\u00e1s de una vez en diferentes din\u00e1micas la necesidad de reforzar las relaciones entre los diferentes agentes socioecon\u00f3micos y educativos de la comarca, con la idea de responder conjuntamente a los retos generales del futuro, de forma m\u00e1s eficaz.<\/p>\n<p style=\"text-align: justify;\">En este marco de colaboraci\u00f3n entre los diferentes agentes, el 4 de octubre se ha celebrado una din\u00e1mica de trabajo conjunto para debatir, centrar el foco y poder ir trabajando en consecuencia nuevos caminos.&nbsp;<\/p>\n<p style=\"text-align: justify;\">El objetivo ha sido compartir los puntos de vista de cada uno sobre la importancia de reforzar estas relaciones, generar un debate colectivo que vaya m\u00e1s all\u00e1 de lo individual y detectar las iniciativas, actividades o acciones concretas que se puede trabajar para seguir consolidando estas relaciones de cara al futuro.<\/p>\n<p style=\"text-align: justify;\">Nerea Urkola dinamiz\u00f3 la reuni\u00f3n de trabajo, coordinada por Iraurgi Berritzen. Idoia Pujana, del IES Botikazar BHI de Bilbao, comparti\u00f3 su experiencia con todos, con el fin de dar un poco de luz a la reflexi\u00f3n, poniendo en valor el concepto de \u00abcentro abierto\u00bb.<\/p>\n<p style=\"text-align: justify;\">Como punto de partida en la din\u00e1mica de trabajo se pusieron sobre la mesa las siguientes preguntas: \u00bfQu\u00e9 importancia tiene estrechar relaciones entre los centros de educaci\u00f3n y los agentes comarcales? \u00bfPara qu\u00e9? \u00bfC\u00f3mo podemos reforzar estas relaciones? \u00bfQu\u00e9 opciones pueden surgir?&nbsp;<\/p>\n<p style=\"text-align: justify;\">En la reuni\u00f3n participaron representantes de 5 centros escolares comarcales <strong>(IES Azkoitia, Colegio Floreaga Salestar, Colegio Iraurgi, Ikastola Ikasberri de Azpeitia y Urola Ikastola), la asociaci\u00f3n de desarrollo rural Urkome, 3 empresas industriales de la comarca (Domusa Teknik, Ekintza Lantegia y Sidenor), Bertan Azpeitiko Merkatari Elkartea, el centro de salud de Azpeitia, Izarraitz Lanbide Heziketa, y Mondragon Unibertsitatea.<\/strong><\/p>\n<p style=\"text-align: justify;\"><strong>Se gener\u00f3 un debate muy interesante, y permiti\u00f3 adem\u00e1s que los propios representantes de los diferentes agentes se vayan conociendo mejor, para poder as\u00ed despu\u00e9s, seguir afianzando las relaciones de confianza.<\/strong><\/p>\n<p style=\"text-align: justify;\">Durante el curso 2019\/2020, unanimidad en el compromiso de seguir reforzando las relaciones entre los propios agentes y en donde el equipo t\u00e9cnico de Iraurgi Berritzen se comprometi\u00f3 a poner todos los medios necesarios para seguir dando pasos en lo consensuado.<\/p>\n<p style=\"margin: 0px 0px 15px 10px; padding: 0px; font-size: 12.0097px; font-family: Arial, Helvetica, sans-serif; background-color: #f9f9f9; text-align: center;\">{myFlickr}photoset_id=72157711360438617{\/myFlickr}<\/p>\n","protected":false},"excerpt":{"rendered":"<p>En el marco de la red de colaboraci\u00f3n de agentes dinamizada por Iraurgi Berritzen, se ha puesto en evidencia m\u00e1s de una vez en diferentes din\u00e1micas la necesidad de reforzar las relaciones entre los diferentes agentes socioecon\u00f3micos y educativos de la comarca, con la idea de responder conjuntamente a los retos generales del futuro, de [&hellip;]<\/p>\n","protected":false},"author":1,"featured_media":17787,"comment_status":"","ping_status":"closed","sticky":false,"template":"","format":"standard","meta":{"_acf_changed":false,"footnotes":""},"categories":[4],"tags":[],"class_list":["post-12714","post","type-post","status-publish","format-standard","has-post-thumbnail","hentry","category-noticias"],"acf":[],"yoast_head":"<!-- This site is optimized with the Yoast SEO plugin v27.4 - https:\/\/yoast.com\/product\/yoast-seo-wordpress\/ -->\n<title>\u00bfQu\u00e9 importancia tiene estrechar relaciones entre centros de educaci\u00f3n y los agentes comarcales? - Iraurgi Berritzen<\/title>\n<meta name=\"robots\" content=\"index, follow, max-snippet:-1, max-image-preview:large, max-video-preview:-1\" \/>\n<link rel=\"canonical\" href=\"https:\/\/iraurgiberritzen.eus\/es\/que-importancia-tiene-estrechar-relaciones-entre-centros-de-educacion-y-los-agentes-comarcales\/\" \/>\n<meta property=\"og:locale\" content=\"es_ES\" \/>\n<meta property=\"og:type\" content=\"article\" \/>\n<meta property=\"og:title\" content=\"\u00bfQu\u00e9 importancia tiene estrechar relaciones entre centros de educaci\u00f3n y los agentes comarcales? - Iraurgi Berritzen\" \/>\n<meta property=\"og:description\" content=\"En el marco de la red de colaboraci\u00f3n de agentes dinamizada por Iraurgi Berritzen, se ha puesto en evidencia m\u00e1s de una vez en diferentes din\u00e1micas la necesidad de reforzar las relaciones entre los diferentes agentes socioecon\u00f3micos y educativos de la comarca, con la idea de responder conjuntamente a los retos generales del futuro, de [&hellip;]\" \/>\n<meta property=\"og:url\" content=\"https:\/\/iraurgiberritzen.eus\/es\/que-importancia-tiene-estrechar-relaciones-entre-centros-de-educacion-y-los-agentes-comarcales\/\" \/>\n<meta property=\"og:site_name\" content=\"Iraurgi Berritzen\" \/>\n<meta property=\"article:published_time\" content=\"2019-10-08T03:14:17+00:00\" \/>\n<meta name=\"author\" content=\"kudeatzailea\" \/>\n<meta name=\"twitter:card\" content=\"summary_large_image\" \/>\n<meta name=\"twitter:label1\" content=\"Escrito por\" \/>\n\t<meta name=\"twitter:data1\" content=\"kudeatzailea\" \/>\n\t<meta name=\"twitter:label2\" content=\"Tiempo de lectura\" \/>\n\t<meta name=\"twitter:data2\" content=\"2 minutos\" \/>\n<script type=\"application\/ld+json\" class=\"yoast-schema-graph\">{\"@context\":\"https:\\\/\\\/schema.org\",\"@graph\":[{\"@type\":\"Article\",\"@id\":\"https:\\\/\\\/iraurgiberritzen.eus\\\/es\\\/que-importancia-tiene-estrechar-relaciones-entre-centros-de-educacion-y-los-agentes-comarcales\\\/#article\",\"isPartOf\":{\"@id\":\"https:\\\/\\\/iraurgiberritzen.eus\\\/es\\\/que-importancia-tiene-estrechar-relaciones-entre-centros-de-educacion-y-los-agentes-comarcales\\\/\"},\"author\":{\"name\":\"kudeatzailea\",\"@id\":\"https:\\\/\\\/iraurgiberritzen.eus\\\/es\\\/#\\\/schema\\\/person\\\/5ab41aaf388a9097177601ebf45738d2\"},\"headline\":\"\u00bfQu\u00e9 importancia tiene estrechar relaciones entre centros de educaci\u00f3n y los agentes comarcales?\",\"datePublished\":\"2019-10-08T03:14:17+00:00\",\"mainEntityOfPage\":{\"@id\":\"https:\\\/\\\/iraurgiberritzen.eus\\\/es\\\/que-importancia-tiene-estrechar-relaciones-entre-centros-de-educacion-y-los-agentes-comarcales\\\/\"},\"wordCount\":393,\"publisher\":{\"@id\":\"https:\\\/\\\/iraurgiberritzen.eus\\\/es\\\/#organization\"},\"image\":{\"@id\":\"https:\\\/\\\/iraurgiberritzen.eus\\\/es\\\/que-importancia-tiene-estrechar-relaciones-entre-centros-de-educacion-y-los-agentes-comarcales\\\/#primaryimage\"},\"thumbnailUrl\":\"https:\\\/\\\/iraurgiberritzen.eus\\\/wp-content\\\/uploads\\\/2023\\\/09\\\/f8ea1c7aff521bedaac5eab4cbe3ce1e.jpg\",\"articleSection\":[\"Noticias\"],\"inLanguage\":\"es\"},{\"@type\":\"WebPage\",\"@id\":\"https:\\\/\\\/iraurgiberritzen.eus\\\/es\\\/que-importancia-tiene-estrechar-relaciones-entre-centros-de-educacion-y-los-agentes-comarcales\\\/\",\"url\":\"https:\\\/\\\/iraurgiberritzen.eus\\\/es\\\/que-importancia-tiene-estrechar-relaciones-entre-centros-de-educacion-y-los-agentes-comarcales\\\/\",\"name\":\"\u00bfQu\u00e9 importancia tiene estrechar relaciones entre centros de educaci\u00f3n y los agentes comarcales? - Iraurgi Berritzen\",\"isPartOf\":{\"@id\":\"https:\\\/\\\/iraurgiberritzen.eus\\\/es\\\/#website\"},\"primaryImageOfPage\":{\"@id\":\"https:\\\/\\\/iraurgiberritzen.eus\\\/es\\\/que-importancia-tiene-estrechar-relaciones-entre-centros-de-educacion-y-los-agentes-comarcales\\\/#primaryimage\"},\"image\":{\"@id\":\"https:\\\/\\\/iraurgiberritzen.eus\\\/es\\\/que-importancia-tiene-estrechar-relaciones-entre-centros-de-educacion-y-los-agentes-comarcales\\\/#primaryimage\"},\"thumbnailUrl\":\"https:\\\/\\\/iraurgiberritzen.eus\\\/wp-content\\\/uploads\\\/2023\\\/09\\\/f8ea1c7aff521bedaac5eab4cbe3ce1e.jpg\",\"datePublished\":\"2019-10-08T03:14:17+00:00\",\"breadcrumb\":{\"@id\":\"https:\\\/\\\/iraurgiberritzen.eus\\\/es\\\/que-importancia-tiene-estrechar-relaciones-entre-centros-de-educacion-y-los-agentes-comarcales\\\/#breadcrumb\"},\"inLanguage\":\"es\",\"potentialAction\":[{\"@type\":\"ReadAction\",\"target\":[\"https:\\\/\\\/iraurgiberritzen.eus\\\/es\\\/que-importancia-tiene-estrechar-relaciones-entre-centros-de-educacion-y-los-agentes-comarcales\\\/\"]}]},{\"@type\":\"ImageObject\",\"inLanguage\":\"es\",\"@id\":\"https:\\\/\\\/iraurgiberritzen.eus\\\/es\\\/que-importancia-tiene-estrechar-relaciones-entre-centros-de-educacion-y-los-agentes-comarcales\\\/#primaryimage\",\"url\":\"https:\\\/\\\/iraurgiberritzen.eus\\\/wp-content\\\/uploads\\\/2023\\\/09\\\/f8ea1c7aff521bedaac5eab4cbe3ce1e.jpg\",\"contentUrl\":\"https:\\\/\\\/iraurgiberritzen.eus\\\/wp-content\\\/uploads\\\/2023\\\/09\\\/f8ea1c7aff521bedaac5eab4cbe3ce1e.jpg\",\"width\":600,\"height\":386},{\"@type\":\"BreadcrumbList\",\"@id\":\"https:\\\/\\\/iraurgiberritzen.eus\\\/es\\\/que-importancia-tiene-estrechar-relaciones-entre-centros-de-educacion-y-los-agentes-comarcales\\\/#breadcrumb\",\"itemListElement\":[{\"@type\":\"ListItem\",\"position\":1,\"name\":\"Home\",\"item\":\"https:\\\/\\\/iraurgiberritzen.eus\\\/es\\\/\"},{\"@type\":\"ListItem\",\"position\":2,\"name\":\"\u00bfQu\u00e9 importancia tiene estrechar relaciones entre centros de educaci\u00f3n y los agentes comarcales?\"}]},{\"@type\":\"WebSite\",\"@id\":\"https:\\\/\\\/iraurgiberritzen.eus\\\/es\\\/#website\",\"url\":\"https:\\\/\\\/iraurgiberritzen.eus\\\/es\\\/\",\"name\":\"Iraurgi Berritzen\",\"description\":\"Urola Erdiko Garapen Agentzia\",\"publisher\":{\"@id\":\"https:\\\/\\\/iraurgiberritzen.eus\\\/es\\\/#organization\"},\"potentialAction\":[{\"@type\":\"SearchAction\",\"target\":{\"@type\":\"EntryPoint\",\"urlTemplate\":\"https:\\\/\\\/iraurgiberritzen.eus\\\/es\\\/?s={search_term_string}\"},\"query-input\":{\"@type\":\"PropertyValueSpecification\",\"valueRequired\":true,\"valueName\":\"search_term_string\"}}],\"inLanguage\":\"es\"},{\"@type\":\"Organization\",\"@id\":\"https:\\\/\\\/iraurgiberritzen.eus\\\/es\\\/#organization\",\"name\":\"Iraurgi Berritzen\",\"url\":\"https:\\\/\\\/iraurgiberritzen.eus\\\/es\\\/\",\"logo\":{\"@type\":\"ImageObject\",\"inLanguage\":\"es\",\"@id\":\"https:\\\/\\\/iraurgiberritzen.eus\\\/es\\\/#\\\/schema\\\/logo\\\/image\\\/\",\"url\":\"https:\\\/\\\/iraurgiberritzen.eus\\\/wp-content\\\/uploads\\\/2024\\\/02\\\/IRAURGI-BERRITZEN-logotipoa_2.png\",\"contentUrl\":\"https:\\\/\\\/iraurgiberritzen.eus\\\/wp-content\\\/uploads\\\/2024\\\/02\\\/IRAURGI-BERRITZEN-logotipoa_2.png\",\"width\":496,\"height\":190,\"caption\":\"Iraurgi Berritzen\"},\"image\":{\"@id\":\"https:\\\/\\\/iraurgiberritzen.eus\\\/es\\\/#\\\/schema\\\/logo\\\/image\\\/\"}},{\"@type\":\"Person\",\"@id\":\"https:\\\/\\\/iraurgiberritzen.eus\\\/es\\\/#\\\/schema\\\/person\\\/5ab41aaf388a9097177601ebf45738d2\",\"name\":\"kudeatzailea\",\"sameAs\":[\"https:\\\/\\\/iraurgiberritzen.eus\"]}]}<\/script>\n<!-- \/ Yoast SEO plugin. -->","yoast_head_json":{"title":"\u00bfQu\u00e9 importancia tiene estrechar relaciones entre centros de educaci\u00f3n y los agentes comarcales? - Iraurgi Berritzen","robots":{"index":"index","follow":"follow","max-snippet":"max-snippet:-1","max-image-preview":"max-image-preview:large","max-video-preview":"max-video-preview:-1"},"canonical":"https:\/\/iraurgiberritzen.eus\/es\/que-importancia-tiene-estrechar-relaciones-entre-centros-de-educacion-y-los-agentes-comarcales\/","og_locale":"es_ES","og_type":"article","og_title":"\u00bfQu\u00e9 importancia tiene estrechar relaciones entre centros de educaci\u00f3n y los agentes comarcales? - Iraurgi Berritzen","og_description":"En el marco de la red de colaboraci\u00f3n de agentes dinamizada por Iraurgi Berritzen, se ha puesto en evidencia m\u00e1s de una vez en diferentes din\u00e1micas la necesidad de reforzar las relaciones entre los diferentes agentes socioecon\u00f3micos y educativos de la comarca, con la idea de responder conjuntamente a los retos generales del futuro, de [&hellip;]","og_url":"https:\/\/iraurgiberritzen.eus\/es\/que-importancia-tiene-estrechar-relaciones-entre-centros-de-educacion-y-los-agentes-comarcales\/","og_site_name":"Iraurgi Berritzen","article_published_time":"2019-10-08T03:14:17+00:00","author":"kudeatzailea","twitter_card":"summary_large_image","twitter_misc":{"Escrito por":"kudeatzailea","Tiempo de lectura":"2 minutos"},"schema":{"@context":"https:\/\/schema.org","@graph":[{"@type":"Article","@id":"https:\/\/iraurgiberritzen.eus\/es\/que-importancia-tiene-estrechar-relaciones-entre-centros-de-educacion-y-los-agentes-comarcales\/#article","isPartOf":{"@id":"https:\/\/iraurgiberritzen.eus\/es\/que-importancia-tiene-estrechar-relaciones-entre-centros-de-educacion-y-los-agentes-comarcales\/"},"author":{"name":"kudeatzailea","@id":"https:\/\/iraurgiberritzen.eus\/es\/#\/schema\/person\/5ab41aaf388a9097177601ebf45738d2"},"headline":"\u00bfQu\u00e9 importancia tiene estrechar relaciones entre centros de educaci\u00f3n y los agentes comarcales?","datePublished":"2019-10-08T03:14:17+00:00","mainEntityOfPage":{"@id":"https:\/\/iraurgiberritzen.eus\/es\/que-importancia-tiene-estrechar-relaciones-entre-centros-de-educacion-y-los-agentes-comarcales\/"},"wordCount":393,"publisher":{"@id":"https:\/\/iraurgiberritzen.eus\/es\/#organization"},"image":{"@id":"https:\/\/iraurgiberritzen.eus\/es\/que-importancia-tiene-estrechar-relaciones-entre-centros-de-educacion-y-los-agentes-comarcales\/#primaryimage"},"thumbnailUrl":"https:\/\/iraurgiberritzen.eus\/wp-content\/uploads\/2023\/09\/f8ea1c7aff521bedaac5eab4cbe3ce1e.jpg","articleSection":["Noticias"],"inLanguage":"es"},{"@type":"WebPage","@id":"https:\/\/iraurgiberritzen.eus\/es\/que-importancia-tiene-estrechar-relaciones-entre-centros-de-educacion-y-los-agentes-comarcales\/","url":"https:\/\/iraurgiberritzen.eus\/es\/que-importancia-tiene-estrechar-relaciones-entre-centros-de-educacion-y-los-agentes-comarcales\/","name":"\u00bfQu\u00e9 importancia tiene estrechar relaciones entre centros de educaci\u00f3n y los agentes comarcales? - Iraurgi Berritzen","isPartOf":{"@id":"https:\/\/iraurgiberritzen.eus\/es\/#website"},"primaryImageOfPage":{"@id":"https:\/\/iraurgiberritzen.eus\/es\/que-importancia-tiene-estrechar-relaciones-entre-centros-de-educacion-y-los-agentes-comarcales\/#primaryimage"},"image":{"@id":"https:\/\/iraurgiberritzen.eus\/es\/que-importancia-tiene-estrechar-relaciones-entre-centros-de-educacion-y-los-agentes-comarcales\/#primaryimage"},"thumbnailUrl":"https:\/\/iraurgiberritzen.eus\/wp-content\/uploads\/2023\/09\/f8ea1c7aff521bedaac5eab4cbe3ce1e.jpg","datePublished":"2019-10-08T03:14:17+00:00","breadcrumb":{"@id":"https:\/\/iraurgiberritzen.eus\/es\/que-importancia-tiene-estrechar-relaciones-entre-centros-de-educacion-y-los-agentes-comarcales\/#breadcrumb"},"inLanguage":"es","potentialAction":[{"@type":"ReadAction","target":["https:\/\/iraurgiberritzen.eus\/es\/que-importancia-tiene-estrechar-relaciones-entre-centros-de-educacion-y-los-agentes-comarcales\/"]}]},{"@type":"ImageObject","inLanguage":"es","@id":"https:\/\/iraurgiberritzen.eus\/es\/que-importancia-tiene-estrechar-relaciones-entre-centros-de-educacion-y-los-agentes-comarcales\/#primaryimage","url":"https:\/\/iraurgiberritzen.eus\/wp-content\/uploads\/2023\/09\/f8ea1c7aff521bedaac5eab4cbe3ce1e.jpg","contentUrl":"https:\/\/iraurgiberritzen.eus\/wp-content\/uploads\/2023\/09\/f8ea1c7aff521bedaac5eab4cbe3ce1e.jpg","width":600,"height":386},{"@type":"BreadcrumbList","@id":"https:\/\/iraurgiberritzen.eus\/es\/que-importancia-tiene-estrechar-relaciones-entre-centros-de-educacion-y-los-agentes-comarcales\/#breadcrumb","itemListElement":[{"@type":"ListItem","position":1,"name":"Home","item":"https:\/\/iraurgiberritzen.eus\/es\/"},{"@type":"ListItem","position":2,"name":"\u00bfQu\u00e9 importancia tiene estrechar relaciones entre centros de educaci\u00f3n y los agentes comarcales?"}]},{"@type":"WebSite","@id":"https:\/\/iraurgiberritzen.eus\/es\/#website","url":"https:\/\/iraurgiberritzen.eus\/es\/","name":"Iraurgi Berritzen","description":"Urola Erdiko Garapen Agentzia","publisher":{"@id":"https:\/\/iraurgiberritzen.eus\/es\/#organization"},"potentialAction":[{"@type":"SearchAction","target":{"@type":"EntryPoint","urlTemplate":"https:\/\/iraurgiberritzen.eus\/es\/?s={search_term_string}"},"query-input":{"@type":"PropertyValueSpecification","valueRequired":true,"valueName":"search_term_string"}}],"inLanguage":"es"},{"@type":"Organization","@id":"https:\/\/iraurgiberritzen.eus\/es\/#organization","name":"Iraurgi Berritzen","url":"https:\/\/iraurgiberritzen.eus\/es\/","logo":{"@type":"ImageObject","inLanguage":"es","@id":"https:\/\/iraurgiberritzen.eus\/es\/#\/schema\/logo\/image\/","url":"https:\/\/iraurgiberritzen.eus\/wp-content\/uploads\/2024\/02\/IRAURGI-BERRITZEN-logotipoa_2.png","contentUrl":"https:\/\/iraurgiberritzen.eus\/wp-content\/uploads\/2024\/02\/IRAURGI-BERRITZEN-logotipoa_2.png","width":496,"height":190,"caption":"Iraurgi Berritzen"},"image":{"@id":"https:\/\/iraurgiberritzen.eus\/es\/#\/schema\/logo\/image\/"}},{"@type":"Person","@id":"https:\/\/iraurgiberritzen.eus\/es\/#\/schema\/person\/5ab41aaf388a9097177601ebf45738d2","name":"kudeatzailea","sameAs":["https:\/\/iraurgiberritzen.eus"]}]}},"_links":{"self":[{"href":"https:\/\/iraurgiberritzen.eus\/es\/wp-json\/wp\/v2\/posts\/12714","targetHints":{"allow":["GET"]}}],"collection":[{"href":"https:\/\/iraurgiberritzen.eus\/es\/wp-json\/wp\/v2\/posts"}],"about":[{"href":"https:\/\/iraurgiberritzen.eus\/es\/wp-json\/wp\/v2\/types\/post"}],"author":[{"embeddable":true,"href":"https:\/\/iraurgiberritzen.eus\/es\/wp-json\/wp\/v2\/users\/1"}],"replies":[{"embeddable":true,"href":"https:\/\/iraurgiberritzen.eus\/es\/wp-json\/wp\/v2\/comments?post=12714"}],"version-history":[{"count":0,"href":"https:\/\/iraurgiberritzen.eus\/es\/wp-json\/wp\/v2\/posts\/12714\/revisions"}],"wp:featuredmedia":[{"embeddable":true,"href":"https:\/\/iraurgiberritzen.eus\/es\/wp-json\/wp\/v2\/media\/17787"}],"wp:attachment":[{"href":"https:\/\/iraurgiberritzen.eus\/es\/wp-json\/wp\/v2\/media?parent=12714"}],"wp:term":[{"taxonomy":"category","embeddable":true,"href":"https:\/\/iraurgiberritzen.eus\/es\/wp-json\/wp\/v2\/categories?post=12714"},{"taxonomy":"post_tag","embeddable":true,"href":"https:\/\/iraurgiberritzen.eus\/es\/wp-json\/wp\/v2\/tags?post=12714"}],"curies":[{"name":"wp","href":"https:\/\/api.w.org\/{rel}","templated":true}]}}