{"id":12717,"date":"2019-10-10T08:44:01","date_gmt":"2019-10-10T06:44:01","guid":{"rendered":"https:\/\/iraurgiberritzen.eus\/se-ha-presentado-el-programa-hazinnova-a-las-pymes-de-la-comarca-para-ayudarles-en-la-innovacion\/"},"modified":"2019-10-10T08:44:01","modified_gmt":"2019-10-10T06:44:01","slug":"se-ha-presentado-el-programa-hazinnova-a-las-pymes-de-la-comarca-para-ayudarles-en-la-innovacion","status":"publish","type":"post","link":"https:\/\/iraurgiberritzen.eus\/es\/se-ha-presentado-el-programa-hazinnova-a-las-pymes-de-la-comarca-para-ayudarles-en-la-innovacion\/","title":{"rendered":"Se ha presentado el programa HAZINNOVA a las pymes de la comarca para ayudarles en la innovacion"},"content":{"rendered":"<p style=\"text-align: justify;\">El 9 de octubre se ha llevado a cabo en el Palacio Basazabal de Azpeitia una jornada para dar a conocer el <a href=\"images\/iraurgiberritzen\/Slideshow\/Enpresa\/HAZINNOVA_es.pdf\" target=\"_blank\" rel=\"noopener\">programa Hazinnova <\/a>a las empresas de la comarca.<\/p>\n<p style=\"text-align: justify;\">Este programa ha sido puesto en marcha por el Grupo SPRI y la Agencia Vasca de la Innovaci\u00f3n, Innobasque, para proporcionar a las pymes vascas la oportunidad de innovar a la hora de organizar el trabajo o de aplicar nuevos m\u00e9todos para comercializar productos y servicios, mediante proyectos espec\u00edficamente dise\u00f1ados a la medida de las necesidades de cada una de las empresas participantes de la mano de Iraurgi Berritzen.<\/p>\n<p style=\"text-align: justify;\">La jornada ha comenzado con la bienvenida a cargo de Bego\u00f1a Beobide, directora de Iraurgi Berritzen; remarcando el objetivo del programa HAZINNOVA, el cual supone una buena oportunidad para las empresas, a las que ha llamado a participar y a plantear sus necesidades.<\/p>\n<p style=\"text-align: justify;\">A continuaci\u00f3n, Josu Ocariz, director del Departamento de Innovaci\u00f3n del Grupo SPRI, ha explicado qu\u00e9 es y en qu\u00e9 beneficia Hazinnova a una pyme: \u00abse trata de un servicio de asesor\u00eda y acompa\u00f1amiento a las empresas en innovaci\u00f3n no tecnol\u00f3gica para que puedan realizar cambios en los sistemas organizativos y en procesos comerciales; tenemos que realizar una implantaci\u00f3n del proyecto, esto es, debemos \u00absacar tornillos de la m\u00e1quina\u00bb. Para ello, Hazinnova ofrece 50 horas de asesor\u00eda muy especializada y gratuita para la implantaci\u00f3n efectiva de proyectos en innovaci\u00f3n no tecnol\u00f3gica. Las pymes podr\u00e1n poner en marcha microproyectos dentro de unas \u00e1reas como gesti\u00f3n econ\u00f3mico-financiera, producci\u00f3n, log\u00edstica, procesos internos, personas, clientes y nuevos mercados; y para proteger su actividad en materia de marcas y registros.<\/p>\n<p style=\"text-align: justify;\">Despu\u00e9s, Idoya Bidaurrazaga, responsable de proyecto del \u00e1rea de Pol\u00edticas de Ciencia, Tecnolog\u00eda e Innovaci\u00f3n de Innobasque, ha descrito el contexto en el que surge el servicio Hazinnova y ha presentado un diagn\u00f3stico de la innovaci\u00f3n en Euskadi.<\/p>\n<p style=\"text-align: justify;\">Unai Zubeldia, director general de la empresa Erlo Group de Azkoitia, especializada en ofrecer soluciones de ingenier\u00eda y en la fabricaci\u00f3n de taladros y maquinaria especial, por su parte, ha presentado la experiencia en el \u00e1mbito de la innovaci\u00f3n. Como conclusi\u00f3n, Unai Zubeldia ha afirmado que la innovaci\u00f3n es indispensable, pero que no es suficiente innovar en producto, sino que hay que abordar la innovaci\u00f3n tambi\u00e9n otros \u00e1mbitos como los procesos o los relacionados con las personas.<\/p>\n<p style=\"text-align: justify;\">En la misma han participado representantes de 11 pymes, anim\u00e1ndoles a todos a participar en el programa HAZINNOVA.<\/p>\n<p style=\"text-align: justify;\"><span style=\"font-family: Arial, Helvetica, sans-serif; font-size: 12.0097px; text-align: justify; background-color: #f9f9f9;\">{myFlickr}photoset_id=72157711360501597{\/myFlickr}<\/span><\/p>\n","protected":false},"excerpt":{"rendered":"<p>El 9 de octubre se ha llevado a cabo en el Palacio Basazabal de Azpeitia una jornada para dar a conocer el programa Hazinnova a las empresas de la comarca. Este programa ha sido puesto en marcha por el Grupo SPRI y la Agencia Vasca de la Innovaci\u00f3n, Innobasque, para proporcionar a las pymes vascas [&hellip;]<\/p>\n","protected":false},"author":1,"featured_media":17788,"comment_status":"","ping_status":"closed","sticky":false,"template":"","format":"standard","meta":{"_acf_changed":false,"footnotes":""},"categories":[4],"tags":[],"class_list":["post-12717","post","type-post","status-publish","format-standard","has-post-thumbnail","hentry","category-noticias"],"acf":[],"yoast_head":"<!-- This site is optimized with the Yoast SEO plugin v27.4 - https:\/\/yoast.com\/product\/yoast-seo-wordpress\/ -->\n<title>Se ha presentado el programa HAZINNOVA a las pymes de la comarca para ayudarles en la innovacion - Iraurgi Berritzen<\/title>\n<meta name=\"robots\" content=\"index, follow, max-snippet:-1, max-image-preview:large, max-video-preview:-1\" \/>\n<link rel=\"canonical\" href=\"https:\/\/iraurgiberritzen.eus\/es\/se-ha-presentado-el-programa-hazinnova-a-las-pymes-de-la-comarca-para-ayudarles-en-la-innovacion\/\" \/>\n<meta property=\"og:locale\" content=\"es_ES\" \/>\n<meta property=\"og:type\" content=\"article\" \/>\n<meta property=\"og:title\" content=\"Se ha presentado el programa HAZINNOVA a las pymes de la comarca para ayudarles en la innovacion - Iraurgi Berritzen\" \/>\n<meta property=\"og:description\" content=\"El 9 de octubre se ha llevado a cabo en el Palacio Basazabal de Azpeitia una jornada para dar a conocer el programa Hazinnova a las empresas de la comarca. Este programa ha sido puesto en marcha por el Grupo SPRI y la Agencia Vasca de la Innovaci\u00f3n, Innobasque, para proporcionar a las pymes vascas [&hellip;]\" \/>\n<meta property=\"og:url\" content=\"https:\/\/iraurgiberritzen.eus\/es\/se-ha-presentado-el-programa-hazinnova-a-las-pymes-de-la-comarca-para-ayudarles-en-la-innovacion\/\" \/>\n<meta property=\"og:site_name\" content=\"Iraurgi Berritzen\" \/>\n<meta property=\"article:published_time\" content=\"2019-10-10T06:44:01+00:00\" \/>\n<meta name=\"author\" content=\"kudeatzailea\" \/>\n<meta name=\"twitter:card\" content=\"summary_large_image\" \/>\n<meta name=\"twitter:label1\" content=\"Escrito por\" \/>\n\t<meta name=\"twitter:data1\" content=\"kudeatzailea\" \/>\n\t<meta name=\"twitter:label2\" content=\"Tiempo de lectura\" \/>\n\t<meta name=\"twitter:data2\" content=\"2 minutos\" \/>\n<script type=\"application\/ld+json\" class=\"yoast-schema-graph\">{\"@context\":\"https:\\\/\\\/schema.org\",\"@graph\":[{\"@type\":\"Article\",\"@id\":\"https:\\\/\\\/iraurgiberritzen.eus\\\/es\\\/se-ha-presentado-el-programa-hazinnova-a-las-pymes-de-la-comarca-para-ayudarles-en-la-innovacion\\\/#article\",\"isPartOf\":{\"@id\":\"https:\\\/\\\/iraurgiberritzen.eus\\\/es\\\/se-ha-presentado-el-programa-hazinnova-a-las-pymes-de-la-comarca-para-ayudarles-en-la-innovacion\\\/\"},\"author\":{\"name\":\"kudeatzailea\",\"@id\":\"https:\\\/\\\/iraurgiberritzen.eus\\\/es\\\/#\\\/schema\\\/person\\\/5ab41aaf388a9097177601ebf45738d2\"},\"headline\":\"Se ha presentado el programa HAZINNOVA a las pymes de la comarca para ayudarles en la innovacion\",\"datePublished\":\"2019-10-10T06:44:01+00:00\",\"mainEntityOfPage\":{\"@id\":\"https:\\\/\\\/iraurgiberritzen.eus\\\/es\\\/se-ha-presentado-el-programa-hazinnova-a-las-pymes-de-la-comarca-para-ayudarles-en-la-innovacion\\\/\"},\"wordCount\":453,\"publisher\":{\"@id\":\"https:\\\/\\\/iraurgiberritzen.eus\\\/es\\\/#organization\"},\"image\":{\"@id\":\"https:\\\/\\\/iraurgiberritzen.eus\\\/es\\\/se-ha-presentado-el-programa-hazinnova-a-las-pymes-de-la-comarca-para-ayudarles-en-la-innovacion\\\/#primaryimage\"},\"thumbnailUrl\":\"https:\\\/\\\/iraurgiberritzen.eus\\\/wp-content\\\/uploads\\\/2023\\\/09\\\/98bce7d9d49222dae020697d2909b8d4.jpg\",\"articleSection\":[\"Noticias\"],\"inLanguage\":\"es\"},{\"@type\":\"WebPage\",\"@id\":\"https:\\\/\\\/iraurgiberritzen.eus\\\/es\\\/se-ha-presentado-el-programa-hazinnova-a-las-pymes-de-la-comarca-para-ayudarles-en-la-innovacion\\\/\",\"url\":\"https:\\\/\\\/iraurgiberritzen.eus\\\/es\\\/se-ha-presentado-el-programa-hazinnova-a-las-pymes-de-la-comarca-para-ayudarles-en-la-innovacion\\\/\",\"name\":\"Se ha presentado el programa HAZINNOVA a las pymes de la comarca para ayudarles en la innovacion - Iraurgi Berritzen\",\"isPartOf\":{\"@id\":\"https:\\\/\\\/iraurgiberritzen.eus\\\/es\\\/#website\"},\"primaryImageOfPage\":{\"@id\":\"https:\\\/\\\/iraurgiberritzen.eus\\\/es\\\/se-ha-presentado-el-programa-hazinnova-a-las-pymes-de-la-comarca-para-ayudarles-en-la-innovacion\\\/#primaryimage\"},\"image\":{\"@id\":\"https:\\\/\\\/iraurgiberritzen.eus\\\/es\\\/se-ha-presentado-el-programa-hazinnova-a-las-pymes-de-la-comarca-para-ayudarles-en-la-innovacion\\\/#primaryimage\"},\"thumbnailUrl\":\"https:\\\/\\\/iraurgiberritzen.eus\\\/wp-content\\\/uploads\\\/2023\\\/09\\\/98bce7d9d49222dae020697d2909b8d4.jpg\",\"datePublished\":\"2019-10-10T06:44:01+00:00\",\"breadcrumb\":{\"@id\":\"https:\\\/\\\/iraurgiberritzen.eus\\\/es\\\/se-ha-presentado-el-programa-hazinnova-a-las-pymes-de-la-comarca-para-ayudarles-en-la-innovacion\\\/#breadcrumb\"},\"inLanguage\":\"es\",\"potentialAction\":[{\"@type\":\"ReadAction\",\"target\":[\"https:\\\/\\\/iraurgiberritzen.eus\\\/es\\\/se-ha-presentado-el-programa-hazinnova-a-las-pymes-de-la-comarca-para-ayudarles-en-la-innovacion\\\/\"]}]},{\"@type\":\"ImageObject\",\"inLanguage\":\"es\",\"@id\":\"https:\\\/\\\/iraurgiberritzen.eus\\\/es\\\/se-ha-presentado-el-programa-hazinnova-a-las-pymes-de-la-comarca-para-ayudarles-en-la-innovacion\\\/#primaryimage\",\"url\":\"https:\\\/\\\/iraurgiberritzen.eus\\\/wp-content\\\/uploads\\\/2023\\\/09\\\/98bce7d9d49222dae020697d2909b8d4.jpg\",\"contentUrl\":\"https:\\\/\\\/iraurgiberritzen.eus\\\/wp-content\\\/uploads\\\/2023\\\/09\\\/98bce7d9d49222dae020697d2909b8d4.jpg\",\"width\":600,\"height\":386},{\"@type\":\"BreadcrumbList\",\"@id\":\"https:\\\/\\\/iraurgiberritzen.eus\\\/es\\\/se-ha-presentado-el-programa-hazinnova-a-las-pymes-de-la-comarca-para-ayudarles-en-la-innovacion\\\/#breadcrumb\",\"itemListElement\":[{\"@type\":\"ListItem\",\"position\":1,\"name\":\"Home\",\"item\":\"https:\\\/\\\/iraurgiberritzen.eus\\\/es\\\/\"},{\"@type\":\"ListItem\",\"position\":2,\"name\":\"Se ha presentado el programa HAZINNOVA a las pymes de la comarca para ayudarles en la innovacion\"}]},{\"@type\":\"WebSite\",\"@id\":\"https:\\\/\\\/iraurgiberritzen.eus\\\/es\\\/#website\",\"url\":\"https:\\\/\\\/iraurgiberritzen.eus\\\/es\\\/\",\"name\":\"Iraurgi Berritzen\",\"description\":\"Urola Erdiko Garapen Agentzia\",\"publisher\":{\"@id\":\"https:\\\/\\\/iraurgiberritzen.eus\\\/es\\\/#organization\"},\"potentialAction\":[{\"@type\":\"SearchAction\",\"target\":{\"@type\":\"EntryPoint\",\"urlTemplate\":\"https:\\\/\\\/iraurgiberritzen.eus\\\/es\\\/?s={search_term_string}\"},\"query-input\":{\"@type\":\"PropertyValueSpecification\",\"valueRequired\":true,\"valueName\":\"search_term_string\"}}],\"inLanguage\":\"es\"},{\"@type\":\"Organization\",\"@id\":\"https:\\\/\\\/iraurgiberritzen.eus\\\/es\\\/#organization\",\"name\":\"Iraurgi Berritzen\",\"url\":\"https:\\\/\\\/iraurgiberritzen.eus\\\/es\\\/\",\"logo\":{\"@type\":\"ImageObject\",\"inLanguage\":\"es\",\"@id\":\"https:\\\/\\\/iraurgiberritzen.eus\\\/es\\\/#\\\/schema\\\/logo\\\/image\\\/\",\"url\":\"https:\\\/\\\/iraurgiberritzen.eus\\\/wp-content\\\/uploads\\\/2024\\\/02\\\/IRAURGI-BERRITZEN-logotipoa_2.png\",\"contentUrl\":\"https:\\\/\\\/iraurgiberritzen.eus\\\/wp-content\\\/uploads\\\/2024\\\/02\\\/IRAURGI-BERRITZEN-logotipoa_2.png\",\"width\":496,\"height\":190,\"caption\":\"Iraurgi Berritzen\"},\"image\":{\"@id\":\"https:\\\/\\\/iraurgiberritzen.eus\\\/es\\\/#\\\/schema\\\/logo\\\/image\\\/\"}},{\"@type\":\"Person\",\"@id\":\"https:\\\/\\\/iraurgiberritzen.eus\\\/es\\\/#\\\/schema\\\/person\\\/5ab41aaf388a9097177601ebf45738d2\",\"name\":\"kudeatzailea\",\"sameAs\":[\"https:\\\/\\\/iraurgiberritzen.eus\"]}]}<\/script>\n<!-- \/ Yoast SEO plugin. -->","yoast_head_json":{"title":"Se ha presentado el programa HAZINNOVA a las pymes de la comarca para ayudarles en la innovacion - Iraurgi Berritzen","robots":{"index":"index","follow":"follow","max-snippet":"max-snippet:-1","max-image-preview":"max-image-preview:large","max-video-preview":"max-video-preview:-1"},"canonical":"https:\/\/iraurgiberritzen.eus\/es\/se-ha-presentado-el-programa-hazinnova-a-las-pymes-de-la-comarca-para-ayudarles-en-la-innovacion\/","og_locale":"es_ES","og_type":"article","og_title":"Se ha presentado el programa HAZINNOVA a las pymes de la comarca para ayudarles en la innovacion - Iraurgi Berritzen","og_description":"El 9 de octubre se ha llevado a cabo en el Palacio Basazabal de Azpeitia una jornada para dar a conocer el programa Hazinnova a las empresas de la comarca. Este programa ha sido puesto en marcha por el Grupo SPRI y la Agencia Vasca de la Innovaci\u00f3n, Innobasque, para proporcionar a las pymes vascas [&hellip;]","og_url":"https:\/\/iraurgiberritzen.eus\/es\/se-ha-presentado-el-programa-hazinnova-a-las-pymes-de-la-comarca-para-ayudarles-en-la-innovacion\/","og_site_name":"Iraurgi Berritzen","article_published_time":"2019-10-10T06:44:01+00:00","author":"kudeatzailea","twitter_card":"summary_large_image","twitter_misc":{"Escrito por":"kudeatzailea","Tiempo de lectura":"2 minutos"},"schema":{"@context":"https:\/\/schema.org","@graph":[{"@type":"Article","@id":"https:\/\/iraurgiberritzen.eus\/es\/se-ha-presentado-el-programa-hazinnova-a-las-pymes-de-la-comarca-para-ayudarles-en-la-innovacion\/#article","isPartOf":{"@id":"https:\/\/iraurgiberritzen.eus\/es\/se-ha-presentado-el-programa-hazinnova-a-las-pymes-de-la-comarca-para-ayudarles-en-la-innovacion\/"},"author":{"name":"kudeatzailea","@id":"https:\/\/iraurgiberritzen.eus\/es\/#\/schema\/person\/5ab41aaf388a9097177601ebf45738d2"},"headline":"Se ha presentado el programa HAZINNOVA a las pymes de la comarca para ayudarles en la innovacion","datePublished":"2019-10-10T06:44:01+00:00","mainEntityOfPage":{"@id":"https:\/\/iraurgiberritzen.eus\/es\/se-ha-presentado-el-programa-hazinnova-a-las-pymes-de-la-comarca-para-ayudarles-en-la-innovacion\/"},"wordCount":453,"publisher":{"@id":"https:\/\/iraurgiberritzen.eus\/es\/#organization"},"image":{"@id":"https:\/\/iraurgiberritzen.eus\/es\/se-ha-presentado-el-programa-hazinnova-a-las-pymes-de-la-comarca-para-ayudarles-en-la-innovacion\/#primaryimage"},"thumbnailUrl":"https:\/\/iraurgiberritzen.eus\/wp-content\/uploads\/2023\/09\/98bce7d9d49222dae020697d2909b8d4.jpg","articleSection":["Noticias"],"inLanguage":"es"},{"@type":"WebPage","@id":"https:\/\/iraurgiberritzen.eus\/es\/se-ha-presentado-el-programa-hazinnova-a-las-pymes-de-la-comarca-para-ayudarles-en-la-innovacion\/","url":"https:\/\/iraurgiberritzen.eus\/es\/se-ha-presentado-el-programa-hazinnova-a-las-pymes-de-la-comarca-para-ayudarles-en-la-innovacion\/","name":"Se ha presentado el programa HAZINNOVA a las pymes de la comarca para ayudarles en la innovacion - Iraurgi Berritzen","isPartOf":{"@id":"https:\/\/iraurgiberritzen.eus\/es\/#website"},"primaryImageOfPage":{"@id":"https:\/\/iraurgiberritzen.eus\/es\/se-ha-presentado-el-programa-hazinnova-a-las-pymes-de-la-comarca-para-ayudarles-en-la-innovacion\/#primaryimage"},"image":{"@id":"https:\/\/iraurgiberritzen.eus\/es\/se-ha-presentado-el-programa-hazinnova-a-las-pymes-de-la-comarca-para-ayudarles-en-la-innovacion\/#primaryimage"},"thumbnailUrl":"https:\/\/iraurgiberritzen.eus\/wp-content\/uploads\/2023\/09\/98bce7d9d49222dae020697d2909b8d4.jpg","datePublished":"2019-10-10T06:44:01+00:00","breadcrumb":{"@id":"https:\/\/iraurgiberritzen.eus\/es\/se-ha-presentado-el-programa-hazinnova-a-las-pymes-de-la-comarca-para-ayudarles-en-la-innovacion\/#breadcrumb"},"inLanguage":"es","potentialAction":[{"@type":"ReadAction","target":["https:\/\/iraurgiberritzen.eus\/es\/se-ha-presentado-el-programa-hazinnova-a-las-pymes-de-la-comarca-para-ayudarles-en-la-innovacion\/"]}]},{"@type":"ImageObject","inLanguage":"es","@id":"https:\/\/iraurgiberritzen.eus\/es\/se-ha-presentado-el-programa-hazinnova-a-las-pymes-de-la-comarca-para-ayudarles-en-la-innovacion\/#primaryimage","url":"https:\/\/iraurgiberritzen.eus\/wp-content\/uploads\/2023\/09\/98bce7d9d49222dae020697d2909b8d4.jpg","contentUrl":"https:\/\/iraurgiberritzen.eus\/wp-content\/uploads\/2023\/09\/98bce7d9d49222dae020697d2909b8d4.jpg","width":600,"height":386},{"@type":"BreadcrumbList","@id":"https:\/\/iraurgiberritzen.eus\/es\/se-ha-presentado-el-programa-hazinnova-a-las-pymes-de-la-comarca-para-ayudarles-en-la-innovacion\/#breadcrumb","itemListElement":[{"@type":"ListItem","position":1,"name":"Home","item":"https:\/\/iraurgiberritzen.eus\/es\/"},{"@type":"ListItem","position":2,"name":"Se ha presentado el programa HAZINNOVA a las pymes de la comarca para ayudarles en la innovacion"}]},{"@type":"WebSite","@id":"https:\/\/iraurgiberritzen.eus\/es\/#website","url":"https:\/\/iraurgiberritzen.eus\/es\/","name":"Iraurgi Berritzen","description":"Urola Erdiko Garapen Agentzia","publisher":{"@id":"https:\/\/iraurgiberritzen.eus\/es\/#organization"},"potentialAction":[{"@type":"SearchAction","target":{"@type":"EntryPoint","urlTemplate":"https:\/\/iraurgiberritzen.eus\/es\/?s={search_term_string}"},"query-input":{"@type":"PropertyValueSpecification","valueRequired":true,"valueName":"search_term_string"}}],"inLanguage":"es"},{"@type":"Organization","@id":"https:\/\/iraurgiberritzen.eus\/es\/#organization","name":"Iraurgi Berritzen","url":"https:\/\/iraurgiberritzen.eus\/es\/","logo":{"@type":"ImageObject","inLanguage":"es","@id":"https:\/\/iraurgiberritzen.eus\/es\/#\/schema\/logo\/image\/","url":"https:\/\/iraurgiberritzen.eus\/wp-content\/uploads\/2024\/02\/IRAURGI-BERRITZEN-logotipoa_2.png","contentUrl":"https:\/\/iraurgiberritzen.eus\/wp-content\/uploads\/2024\/02\/IRAURGI-BERRITZEN-logotipoa_2.png","width":496,"height":190,"caption":"Iraurgi Berritzen"},"image":{"@id":"https:\/\/iraurgiberritzen.eus\/es\/#\/schema\/logo\/image\/"}},{"@type":"Person","@id":"https:\/\/iraurgiberritzen.eus\/es\/#\/schema\/person\/5ab41aaf388a9097177601ebf45738d2","name":"kudeatzailea","sameAs":["https:\/\/iraurgiberritzen.eus"]}]}},"_links":{"self":[{"href":"https:\/\/iraurgiberritzen.eus\/es\/wp-json\/wp\/v2\/posts\/12717","targetHints":{"allow":["GET"]}}],"collection":[{"href":"https:\/\/iraurgiberritzen.eus\/es\/wp-json\/wp\/v2\/posts"}],"about":[{"href":"https:\/\/iraurgiberritzen.eus\/es\/wp-json\/wp\/v2\/types\/post"}],"author":[{"embeddable":true,"href":"https:\/\/iraurgiberritzen.eus\/es\/wp-json\/wp\/v2\/users\/1"}],"replies":[{"embeddable":true,"href":"https:\/\/iraurgiberritzen.eus\/es\/wp-json\/wp\/v2\/comments?post=12717"}],"version-history":[{"count":0,"href":"https:\/\/iraurgiberritzen.eus\/es\/wp-json\/wp\/v2\/posts\/12717\/revisions"}],"wp:featuredmedia":[{"embeddable":true,"href":"https:\/\/iraurgiberritzen.eus\/es\/wp-json\/wp\/v2\/media\/17788"}],"wp:attachment":[{"href":"https:\/\/iraurgiberritzen.eus\/es\/wp-json\/wp\/v2\/media?parent=12717"}],"wp:term":[{"taxonomy":"category","embeddable":true,"href":"https:\/\/iraurgiberritzen.eus\/es\/wp-json\/wp\/v2\/categories?post=12717"},{"taxonomy":"post_tag","embeddable":true,"href":"https:\/\/iraurgiberritzen.eus\/es\/wp-json\/wp\/v2\/tags?post=12717"}],"curies":[{"name":"wp","href":"https:\/\/api.w.org\/{rel}","templated":true}]}}