{"id":12720,"date":"2023-05-11T12:55:05","date_gmt":"2023-05-11T10:55:05","guid":{"rendered":"https:\/\/iraurgiberritzen.eus\/dentro-del-proyecto-estrategico-de-insercion-sociolaboral-de-personas-en-riesgo-o-exclusion-social-en-urola-medio-elkar-ekin-lanean-el-taller-teorico-practico-de-construccion-finalizara-el-proximo-25\/"},"modified":"2023-05-11T12:55:05","modified_gmt":"2023-05-11T10:55:05","slug":"dentro-del-proyecto-estrategico-de-insercion-sociolaboral-de-personas-en-riesgo-o-exclusion-social-en-urola-medio-elkar-ekin-lanean-el-taller-teorico-practico-de-construccion-finalizara-el-proximo-25","status":"publish","type":"post","link":"https:\/\/iraurgiberritzen.eus\/es\/dentro-del-proyecto-estrategico-de-insercion-sociolaboral-de-personas-en-riesgo-o-exclusion-social-en-urola-medio-elkar-ekin-lanean-el-taller-teorico-practico-de-construccion-finalizara-el-proximo-25\/","title":{"rendered":"Dentro del proyecto estrat\u00e9gico de inserci\u00f3n sociolaboral de personas en riesgo o exclusi\u00f3n social en Urola Medio, Elkar-Ekin Lanean, el taller \u201cTe\u00f3rico-pr\u00e1ctico de construcci\u00f3n\u201d finalizar\u00e1 el pr\u00f3ximo 25 de mayo"},"content":{"rendered":"<p style=\"text-align: justify;\">En este taller que comenz\u00f3 el pasado noviembre y est\u00e1 dirigido a personas desempleadas de la comarca, han participado 13 personas y su duraci\u00f3n ha sido de 500 horas. Dentro de esta formaci\u00f3n se ha impartido un curso de prevenci\u00f3n de 20 horas.<\/p>\n<p style=\"text-align: justify;\">El taller te\u00f3rico-pr\u00e1ctico de construcci\u00f3n se enmarca dentro del proyecto Urola Erdian ElkarEkin Eragiten III \u2013 UE3 y se est\u00e1 gestionando desde el \u00c1rea de Empleo de Iraurgi Berritzen. Una vez recibida esta formaci\u00f3n, el principal reto es la inserci\u00f3n laboral de las personas desempleadas que han realizado dicho taller.<\/p>\n<p style=\"text-align: justify;\">Para la consecuci\u00f3n de este objetivo, IB est\u00e1 dando, entre otros, los siguientes pasos: Por un lado, identificar las necesidades de las empresas de construcci\u00f3n y recibir sus ofertas de empleo; y, por otro lado, realizar visitas al taller con empresas que necesitan personal con este perfil para que el alumnado conozca de primera mano a las empresas, y viceversa.<\/p>\n<p style=\"text-align: justify;\">Hasta el momento, los\/las participante han recibido la visita de 6 empresas. Construcciones Koxki, Aluminios Azpeitia; Xikerra; Fundibide; Biyona y Cristaler\u00eda Epi. A partir de ahora tambi\u00e9n se seguir\u00e1n dando pasos para la inserci\u00f3n del mayor n\u00famero posible de personas al mundo laboral.<\/p>\n<p>Este proyecto se est\u00e1 desarrollando gracias a la subvenci\u00f3n recibida por parte de la Diputaci\u00f3n Foral de Gipuzkoa.<\/p>\n","protected":false},"excerpt":{"rendered":"<p>En este taller que comenz\u00f3 el pasado noviembre y est\u00e1 dirigido a personas desempleadas de la comarca, han participado 13 personas y su duraci\u00f3n ha sido de 500 horas. Dentro de esta formaci\u00f3n se ha impartido un curso de prevenci\u00f3n de 20 horas. El taller te\u00f3rico-pr\u00e1ctico de construcci\u00f3n se enmarca dentro del proyecto Urola Erdian [&hellip;]<\/p>\n","protected":false},"author":1,"featured_media":17769,"comment_status":"","ping_status":"closed","sticky":false,"template":"","format":"standard","meta":{"_acf_changed":false,"footnotes":""},"categories":[4],"tags":[],"class_list":["post-12720","post","type-post","status-publish","format-standard","has-post-thumbnail","hentry","category-noticias"],"acf":[],"yoast_head":"<!-- This site is optimized with the Yoast SEO plugin v27.4 - https:\/\/yoast.com\/product\/yoast-seo-wordpress\/ -->\n<title>Dentro del proyecto estrat\u00e9gico de inserci\u00f3n sociolaboral de personas en riesgo o exclusi\u00f3n social en Urola Medio, Elkar-Ekin Lanean, el taller \u201cTe\u00f3rico-pr\u00e1ctico de construcci\u00f3n\u201d finalizar\u00e1 el pr\u00f3ximo 25 de mayo - Iraurgi Berritzen<\/title>\n<meta name=\"robots\" content=\"index, follow, max-snippet:-1, max-image-preview:large, max-video-preview:-1\" \/>\n<link rel=\"canonical\" href=\"https:\/\/iraurgiberritzen.eus\/es\/dentro-del-proyecto-estrategico-de-insercion-sociolaboral-de-personas-en-riesgo-o-exclusion-social-en-urola-medio-elkar-ekin-lanean-el-taller-teorico-practico-de-construccion-finalizara-el-proximo-25\/\" \/>\n<meta property=\"og:locale\" content=\"es_ES\" \/>\n<meta property=\"og:type\" content=\"article\" \/>\n<meta property=\"og:title\" content=\"Dentro del proyecto estrat\u00e9gico de inserci\u00f3n sociolaboral de personas en riesgo o exclusi\u00f3n social en Urola Medio, Elkar-Ekin Lanean, el taller \u201cTe\u00f3rico-pr\u00e1ctico de construcci\u00f3n\u201d finalizar\u00e1 el pr\u00f3ximo 25 de mayo - Iraurgi Berritzen\" \/>\n<meta property=\"og:description\" content=\"En este taller que comenz\u00f3 el pasado noviembre y est\u00e1 dirigido a personas desempleadas de la comarca, han participado 13 personas y su duraci\u00f3n ha sido de 500 horas. Dentro de esta formaci\u00f3n se ha impartido un curso de prevenci\u00f3n de 20 horas. El taller te\u00f3rico-pr\u00e1ctico de construcci\u00f3n se enmarca dentro del proyecto Urola Erdian [&hellip;]\" \/>\n<meta property=\"og:url\" content=\"https:\/\/iraurgiberritzen.eus\/es\/dentro-del-proyecto-estrategico-de-insercion-sociolaboral-de-personas-en-riesgo-o-exclusion-social-en-urola-medio-elkar-ekin-lanean-el-taller-teorico-practico-de-construccion-finalizara-el-proximo-25\/\" \/>\n<meta property=\"og:site_name\" content=\"Iraurgi Berritzen\" \/>\n<meta property=\"article:published_time\" content=\"2023-05-11T10:55:05+00:00\" \/>\n<meta name=\"author\" content=\"kudeatzailea\" \/>\n<meta name=\"twitter:card\" content=\"summary_large_image\" \/>\n<meta name=\"twitter:label1\" content=\"Escrito por\" \/>\n\t<meta name=\"twitter:data1\" content=\"kudeatzailea\" \/>\n\t<meta name=\"twitter:label2\" content=\"Tiempo de lectura\" \/>\n\t<meta name=\"twitter:data2\" content=\"1 minuto\" \/>\n<script type=\"application\/ld+json\" class=\"yoast-schema-graph\">{\"@context\":\"https:\\\/\\\/schema.org\",\"@graph\":[{\"@type\":\"Article\",\"@id\":\"https:\\\/\\\/iraurgiberritzen.eus\\\/es\\\/dentro-del-proyecto-estrategico-de-insercion-sociolaboral-de-personas-en-riesgo-o-exclusion-social-en-urola-medio-elkar-ekin-lanean-el-taller-teorico-practico-de-construccion-finalizara-el-proximo-25\\\/#article\",\"isPartOf\":{\"@id\":\"https:\\\/\\\/iraurgiberritzen.eus\\\/es\\\/dentro-del-proyecto-estrategico-de-insercion-sociolaboral-de-personas-en-riesgo-o-exclusion-social-en-urola-medio-elkar-ekin-lanean-el-taller-teorico-practico-de-construccion-finalizara-el-proximo-25\\\/\"},\"author\":{\"name\":\"kudeatzailea\",\"@id\":\"https:\\\/\\\/iraurgiberritzen.eus\\\/es\\\/#\\\/schema\\\/person\\\/5ab41aaf388a9097177601ebf45738d2\"},\"headline\":\"Dentro del proyecto estrat\u00e9gico de inserci\u00f3n sociolaboral de personas en riesgo o exclusi\u00f3n social en Urola Medio, Elkar-Ekin Lanean, el taller \u201cTe\u00f3rico-pr\u00e1ctico de construcci\u00f3n\u201d finalizar\u00e1 el pr\u00f3ximo 25 de mayo\",\"datePublished\":\"2023-05-11T10:55:05+00:00\",\"mainEntityOfPage\":{\"@id\":\"https:\\\/\\\/iraurgiberritzen.eus\\\/es\\\/dentro-del-proyecto-estrategico-de-insercion-sociolaboral-de-personas-en-riesgo-o-exclusion-social-en-urola-medio-elkar-ekin-lanean-el-taller-teorico-practico-de-construccion-finalizara-el-proximo-25\\\/\"},\"wordCount\":263,\"publisher\":{\"@id\":\"https:\\\/\\\/iraurgiberritzen.eus\\\/es\\\/#organization\"},\"image\":{\"@id\":\"https:\\\/\\\/iraurgiberritzen.eus\\\/es\\\/dentro-del-proyecto-estrategico-de-insercion-sociolaboral-de-personas-en-riesgo-o-exclusion-social-en-urola-medio-elkar-ekin-lanean-el-taller-teorico-practico-de-construccion-finalizara-el-proximo-25\\\/#primaryimage\"},\"thumbnailUrl\":\"https:\\\/\\\/iraurgiberritzen.eus\\\/wp-content\\\/uploads\\\/2023\\\/09\\\/372e8bcdf4e27b5faa19c937cd331649.jpg\",\"articleSection\":[\"Noticias\"],\"inLanguage\":\"es\"},{\"@type\":\"WebPage\",\"@id\":\"https:\\\/\\\/iraurgiberritzen.eus\\\/es\\\/dentro-del-proyecto-estrategico-de-insercion-sociolaboral-de-personas-en-riesgo-o-exclusion-social-en-urola-medio-elkar-ekin-lanean-el-taller-teorico-practico-de-construccion-finalizara-el-proximo-25\\\/\",\"url\":\"https:\\\/\\\/iraurgiberritzen.eus\\\/es\\\/dentro-del-proyecto-estrategico-de-insercion-sociolaboral-de-personas-en-riesgo-o-exclusion-social-en-urola-medio-elkar-ekin-lanean-el-taller-teorico-practico-de-construccion-finalizara-el-proximo-25\\\/\",\"name\":\"Dentro del proyecto estrat\u00e9gico de inserci\u00f3n sociolaboral de personas en riesgo o exclusi\u00f3n social en Urola Medio, Elkar-Ekin Lanean, el taller \u201cTe\u00f3rico-pr\u00e1ctico de construcci\u00f3n\u201d finalizar\u00e1 el pr\u00f3ximo 25 de mayo - Iraurgi Berritzen\",\"isPartOf\":{\"@id\":\"https:\\\/\\\/iraurgiberritzen.eus\\\/es\\\/#website\"},\"primaryImageOfPage\":{\"@id\":\"https:\\\/\\\/iraurgiberritzen.eus\\\/es\\\/dentro-del-proyecto-estrategico-de-insercion-sociolaboral-de-personas-en-riesgo-o-exclusion-social-en-urola-medio-elkar-ekin-lanean-el-taller-teorico-practico-de-construccion-finalizara-el-proximo-25\\\/#primaryimage\"},\"image\":{\"@id\":\"https:\\\/\\\/iraurgiberritzen.eus\\\/es\\\/dentro-del-proyecto-estrategico-de-insercion-sociolaboral-de-personas-en-riesgo-o-exclusion-social-en-urola-medio-elkar-ekin-lanean-el-taller-teorico-practico-de-construccion-finalizara-el-proximo-25\\\/#primaryimage\"},\"thumbnailUrl\":\"https:\\\/\\\/iraurgiberritzen.eus\\\/wp-content\\\/uploads\\\/2023\\\/09\\\/372e8bcdf4e27b5faa19c937cd331649.jpg\",\"datePublished\":\"2023-05-11T10:55:05+00:00\",\"breadcrumb\":{\"@id\":\"https:\\\/\\\/iraurgiberritzen.eus\\\/es\\\/dentro-del-proyecto-estrategico-de-insercion-sociolaboral-de-personas-en-riesgo-o-exclusion-social-en-urola-medio-elkar-ekin-lanean-el-taller-teorico-practico-de-construccion-finalizara-el-proximo-25\\\/#breadcrumb\"},\"inLanguage\":\"es\",\"potentialAction\":[{\"@type\":\"ReadAction\",\"target\":[\"https:\\\/\\\/iraurgiberritzen.eus\\\/es\\\/dentro-del-proyecto-estrategico-de-insercion-sociolaboral-de-personas-en-riesgo-o-exclusion-social-en-urola-medio-elkar-ekin-lanean-el-taller-teorico-practico-de-construccion-finalizara-el-proximo-25\\\/\"]}]},{\"@type\":\"ImageObject\",\"inLanguage\":\"es\",\"@id\":\"https:\\\/\\\/iraurgiberritzen.eus\\\/es\\\/dentro-del-proyecto-estrategico-de-insercion-sociolaboral-de-personas-en-riesgo-o-exclusion-social-en-urola-medio-elkar-ekin-lanean-el-taller-teorico-practico-de-construccion-finalizara-el-proximo-25\\\/#primaryimage\",\"url\":\"https:\\\/\\\/iraurgiberritzen.eus\\\/wp-content\\\/uploads\\\/2023\\\/09\\\/372e8bcdf4e27b5faa19c937cd331649.jpg\",\"contentUrl\":\"https:\\\/\\\/iraurgiberritzen.eus\\\/wp-content\\\/uploads\\\/2023\\\/09\\\/372e8bcdf4e27b5faa19c937cd331649.jpg\",\"width\":400,\"height\":257},{\"@type\":\"BreadcrumbList\",\"@id\":\"https:\\\/\\\/iraurgiberritzen.eus\\\/es\\\/dentro-del-proyecto-estrategico-de-insercion-sociolaboral-de-personas-en-riesgo-o-exclusion-social-en-urola-medio-elkar-ekin-lanean-el-taller-teorico-practico-de-construccion-finalizara-el-proximo-25\\\/#breadcrumb\",\"itemListElement\":[{\"@type\":\"ListItem\",\"position\":1,\"name\":\"Home\",\"item\":\"https:\\\/\\\/iraurgiberritzen.eus\\\/es\\\/\"},{\"@type\":\"ListItem\",\"position\":2,\"name\":\"Dentro del proyecto estrat\u00e9gico de inserci\u00f3n sociolaboral de personas en riesgo o exclusi\u00f3n social en Urola Medio, Elkar-Ekin Lanean, el taller \u201cTe\u00f3rico-pr\u00e1ctico de construcci\u00f3n\u201d finalizar\u00e1 el pr\u00f3ximo 25 de mayo\"}]},{\"@type\":\"WebSite\",\"@id\":\"https:\\\/\\\/iraurgiberritzen.eus\\\/es\\\/#website\",\"url\":\"https:\\\/\\\/iraurgiberritzen.eus\\\/es\\\/\",\"name\":\"Iraurgi Berritzen\",\"description\":\"Urola Erdiko Garapen Agentzia\",\"publisher\":{\"@id\":\"https:\\\/\\\/iraurgiberritzen.eus\\\/es\\\/#organization\"},\"potentialAction\":[{\"@type\":\"SearchAction\",\"target\":{\"@type\":\"EntryPoint\",\"urlTemplate\":\"https:\\\/\\\/iraurgiberritzen.eus\\\/es\\\/?s={search_term_string}\"},\"query-input\":{\"@type\":\"PropertyValueSpecification\",\"valueRequired\":true,\"valueName\":\"search_term_string\"}}],\"inLanguage\":\"es\"},{\"@type\":\"Organization\",\"@id\":\"https:\\\/\\\/iraurgiberritzen.eus\\\/es\\\/#organization\",\"name\":\"Iraurgi Berritzen\",\"url\":\"https:\\\/\\\/iraurgiberritzen.eus\\\/es\\\/\",\"logo\":{\"@type\":\"ImageObject\",\"inLanguage\":\"es\",\"@id\":\"https:\\\/\\\/iraurgiberritzen.eus\\\/es\\\/#\\\/schema\\\/logo\\\/image\\\/\",\"url\":\"https:\\\/\\\/iraurgiberritzen.eus\\\/wp-content\\\/uploads\\\/2024\\\/02\\\/IRAURGI-BERRITZEN-logotipoa_2.png\",\"contentUrl\":\"https:\\\/\\\/iraurgiberritzen.eus\\\/wp-content\\\/uploads\\\/2024\\\/02\\\/IRAURGI-BERRITZEN-logotipoa_2.png\",\"width\":496,\"height\":190,\"caption\":\"Iraurgi Berritzen\"},\"image\":{\"@id\":\"https:\\\/\\\/iraurgiberritzen.eus\\\/es\\\/#\\\/schema\\\/logo\\\/image\\\/\"}},{\"@type\":\"Person\",\"@id\":\"https:\\\/\\\/iraurgiberritzen.eus\\\/es\\\/#\\\/schema\\\/person\\\/5ab41aaf388a9097177601ebf45738d2\",\"name\":\"kudeatzailea\",\"sameAs\":[\"https:\\\/\\\/iraurgiberritzen.eus\"]}]}<\/script>\n<!-- \/ Yoast SEO plugin. -->","yoast_head_json":{"title":"Dentro del proyecto estrat\u00e9gico de inserci\u00f3n sociolaboral de personas en riesgo o exclusi\u00f3n social en Urola Medio, Elkar-Ekin Lanean, el taller \u201cTe\u00f3rico-pr\u00e1ctico de construcci\u00f3n\u201d finalizar\u00e1 el pr\u00f3ximo 25 de mayo - Iraurgi Berritzen","robots":{"index":"index","follow":"follow","max-snippet":"max-snippet:-1","max-image-preview":"max-image-preview:large","max-video-preview":"max-video-preview:-1"},"canonical":"https:\/\/iraurgiberritzen.eus\/es\/dentro-del-proyecto-estrategico-de-insercion-sociolaboral-de-personas-en-riesgo-o-exclusion-social-en-urola-medio-elkar-ekin-lanean-el-taller-teorico-practico-de-construccion-finalizara-el-proximo-25\/","og_locale":"es_ES","og_type":"article","og_title":"Dentro del proyecto estrat\u00e9gico de inserci\u00f3n sociolaboral de personas en riesgo o exclusi\u00f3n social en Urola Medio, Elkar-Ekin Lanean, el taller \u201cTe\u00f3rico-pr\u00e1ctico de construcci\u00f3n\u201d finalizar\u00e1 el pr\u00f3ximo 25 de mayo - Iraurgi Berritzen","og_description":"En este taller que comenz\u00f3 el pasado noviembre y est\u00e1 dirigido a personas desempleadas de la comarca, han participado 13 personas y su duraci\u00f3n ha sido de 500 horas. Dentro de esta formaci\u00f3n se ha impartido un curso de prevenci\u00f3n de 20 horas. El taller te\u00f3rico-pr\u00e1ctico de construcci\u00f3n se enmarca dentro del proyecto Urola Erdian [&hellip;]","og_url":"https:\/\/iraurgiberritzen.eus\/es\/dentro-del-proyecto-estrategico-de-insercion-sociolaboral-de-personas-en-riesgo-o-exclusion-social-en-urola-medio-elkar-ekin-lanean-el-taller-teorico-practico-de-construccion-finalizara-el-proximo-25\/","og_site_name":"Iraurgi Berritzen","article_published_time":"2023-05-11T10:55:05+00:00","author":"kudeatzailea","twitter_card":"summary_large_image","twitter_misc":{"Escrito por":"kudeatzailea","Tiempo de lectura":"1 minuto"},"schema":{"@context":"https:\/\/schema.org","@graph":[{"@type":"Article","@id":"https:\/\/iraurgiberritzen.eus\/es\/dentro-del-proyecto-estrategico-de-insercion-sociolaboral-de-personas-en-riesgo-o-exclusion-social-en-urola-medio-elkar-ekin-lanean-el-taller-teorico-practico-de-construccion-finalizara-el-proximo-25\/#article","isPartOf":{"@id":"https:\/\/iraurgiberritzen.eus\/es\/dentro-del-proyecto-estrategico-de-insercion-sociolaboral-de-personas-en-riesgo-o-exclusion-social-en-urola-medio-elkar-ekin-lanean-el-taller-teorico-practico-de-construccion-finalizara-el-proximo-25\/"},"author":{"name":"kudeatzailea","@id":"https:\/\/iraurgiberritzen.eus\/es\/#\/schema\/person\/5ab41aaf388a9097177601ebf45738d2"},"headline":"Dentro del proyecto estrat\u00e9gico de inserci\u00f3n sociolaboral de personas en riesgo o exclusi\u00f3n social en Urola Medio, Elkar-Ekin Lanean, el taller \u201cTe\u00f3rico-pr\u00e1ctico de construcci\u00f3n\u201d finalizar\u00e1 el pr\u00f3ximo 25 de mayo","datePublished":"2023-05-11T10:55:05+00:00","mainEntityOfPage":{"@id":"https:\/\/iraurgiberritzen.eus\/es\/dentro-del-proyecto-estrategico-de-insercion-sociolaboral-de-personas-en-riesgo-o-exclusion-social-en-urola-medio-elkar-ekin-lanean-el-taller-teorico-practico-de-construccion-finalizara-el-proximo-25\/"},"wordCount":263,"publisher":{"@id":"https:\/\/iraurgiberritzen.eus\/es\/#organization"},"image":{"@id":"https:\/\/iraurgiberritzen.eus\/es\/dentro-del-proyecto-estrategico-de-insercion-sociolaboral-de-personas-en-riesgo-o-exclusion-social-en-urola-medio-elkar-ekin-lanean-el-taller-teorico-practico-de-construccion-finalizara-el-proximo-25\/#primaryimage"},"thumbnailUrl":"https:\/\/iraurgiberritzen.eus\/wp-content\/uploads\/2023\/09\/372e8bcdf4e27b5faa19c937cd331649.jpg","articleSection":["Noticias"],"inLanguage":"es"},{"@type":"WebPage","@id":"https:\/\/iraurgiberritzen.eus\/es\/dentro-del-proyecto-estrategico-de-insercion-sociolaboral-de-personas-en-riesgo-o-exclusion-social-en-urola-medio-elkar-ekin-lanean-el-taller-teorico-practico-de-construccion-finalizara-el-proximo-25\/","url":"https:\/\/iraurgiberritzen.eus\/es\/dentro-del-proyecto-estrategico-de-insercion-sociolaboral-de-personas-en-riesgo-o-exclusion-social-en-urola-medio-elkar-ekin-lanean-el-taller-teorico-practico-de-construccion-finalizara-el-proximo-25\/","name":"Dentro del proyecto estrat\u00e9gico de inserci\u00f3n sociolaboral de personas en riesgo o exclusi\u00f3n social en Urola Medio, Elkar-Ekin Lanean, el taller \u201cTe\u00f3rico-pr\u00e1ctico de construcci\u00f3n\u201d finalizar\u00e1 el pr\u00f3ximo 25 de mayo - Iraurgi Berritzen","isPartOf":{"@id":"https:\/\/iraurgiberritzen.eus\/es\/#website"},"primaryImageOfPage":{"@id":"https:\/\/iraurgiberritzen.eus\/es\/dentro-del-proyecto-estrategico-de-insercion-sociolaboral-de-personas-en-riesgo-o-exclusion-social-en-urola-medio-elkar-ekin-lanean-el-taller-teorico-practico-de-construccion-finalizara-el-proximo-25\/#primaryimage"},"image":{"@id":"https:\/\/iraurgiberritzen.eus\/es\/dentro-del-proyecto-estrategico-de-insercion-sociolaboral-de-personas-en-riesgo-o-exclusion-social-en-urola-medio-elkar-ekin-lanean-el-taller-teorico-practico-de-construccion-finalizara-el-proximo-25\/#primaryimage"},"thumbnailUrl":"https:\/\/iraurgiberritzen.eus\/wp-content\/uploads\/2023\/09\/372e8bcdf4e27b5faa19c937cd331649.jpg","datePublished":"2023-05-11T10:55:05+00:00","breadcrumb":{"@id":"https:\/\/iraurgiberritzen.eus\/es\/dentro-del-proyecto-estrategico-de-insercion-sociolaboral-de-personas-en-riesgo-o-exclusion-social-en-urola-medio-elkar-ekin-lanean-el-taller-teorico-practico-de-construccion-finalizara-el-proximo-25\/#breadcrumb"},"inLanguage":"es","potentialAction":[{"@type":"ReadAction","target":["https:\/\/iraurgiberritzen.eus\/es\/dentro-del-proyecto-estrategico-de-insercion-sociolaboral-de-personas-en-riesgo-o-exclusion-social-en-urola-medio-elkar-ekin-lanean-el-taller-teorico-practico-de-construccion-finalizara-el-proximo-25\/"]}]},{"@type":"ImageObject","inLanguage":"es","@id":"https:\/\/iraurgiberritzen.eus\/es\/dentro-del-proyecto-estrategico-de-insercion-sociolaboral-de-personas-en-riesgo-o-exclusion-social-en-urola-medio-elkar-ekin-lanean-el-taller-teorico-practico-de-construccion-finalizara-el-proximo-25\/#primaryimage","url":"https:\/\/iraurgiberritzen.eus\/wp-content\/uploads\/2023\/09\/372e8bcdf4e27b5faa19c937cd331649.jpg","contentUrl":"https:\/\/iraurgiberritzen.eus\/wp-content\/uploads\/2023\/09\/372e8bcdf4e27b5faa19c937cd331649.jpg","width":400,"height":257},{"@type":"BreadcrumbList","@id":"https:\/\/iraurgiberritzen.eus\/es\/dentro-del-proyecto-estrategico-de-insercion-sociolaboral-de-personas-en-riesgo-o-exclusion-social-en-urola-medio-elkar-ekin-lanean-el-taller-teorico-practico-de-construccion-finalizara-el-proximo-25\/#breadcrumb","itemListElement":[{"@type":"ListItem","position":1,"name":"Home","item":"https:\/\/iraurgiberritzen.eus\/es\/"},{"@type":"ListItem","position":2,"name":"Dentro del proyecto estrat\u00e9gico de inserci\u00f3n sociolaboral de personas en riesgo o exclusi\u00f3n social en Urola Medio, Elkar-Ekin Lanean, el taller \u201cTe\u00f3rico-pr\u00e1ctico de construcci\u00f3n\u201d finalizar\u00e1 el pr\u00f3ximo 25 de mayo"}]},{"@type":"WebSite","@id":"https:\/\/iraurgiberritzen.eus\/es\/#website","url":"https:\/\/iraurgiberritzen.eus\/es\/","name":"Iraurgi Berritzen","description":"Urola Erdiko Garapen Agentzia","publisher":{"@id":"https:\/\/iraurgiberritzen.eus\/es\/#organization"},"potentialAction":[{"@type":"SearchAction","target":{"@type":"EntryPoint","urlTemplate":"https:\/\/iraurgiberritzen.eus\/es\/?s={search_term_string}"},"query-input":{"@type":"PropertyValueSpecification","valueRequired":true,"valueName":"search_term_string"}}],"inLanguage":"es"},{"@type":"Organization","@id":"https:\/\/iraurgiberritzen.eus\/es\/#organization","name":"Iraurgi Berritzen","url":"https:\/\/iraurgiberritzen.eus\/es\/","logo":{"@type":"ImageObject","inLanguage":"es","@id":"https:\/\/iraurgiberritzen.eus\/es\/#\/schema\/logo\/image\/","url":"https:\/\/iraurgiberritzen.eus\/wp-content\/uploads\/2024\/02\/IRAURGI-BERRITZEN-logotipoa_2.png","contentUrl":"https:\/\/iraurgiberritzen.eus\/wp-content\/uploads\/2024\/02\/IRAURGI-BERRITZEN-logotipoa_2.png","width":496,"height":190,"caption":"Iraurgi Berritzen"},"image":{"@id":"https:\/\/iraurgiberritzen.eus\/es\/#\/schema\/logo\/image\/"}},{"@type":"Person","@id":"https:\/\/iraurgiberritzen.eus\/es\/#\/schema\/person\/5ab41aaf388a9097177601ebf45738d2","name":"kudeatzailea","sameAs":["https:\/\/iraurgiberritzen.eus"]}]}},"_links":{"self":[{"href":"https:\/\/iraurgiberritzen.eus\/es\/wp-json\/wp\/v2\/posts\/12720","targetHints":{"allow":["GET"]}}],"collection":[{"href":"https:\/\/iraurgiberritzen.eus\/es\/wp-json\/wp\/v2\/posts"}],"about":[{"href":"https:\/\/iraurgiberritzen.eus\/es\/wp-json\/wp\/v2\/types\/post"}],"author":[{"embeddable":true,"href":"https:\/\/iraurgiberritzen.eus\/es\/wp-json\/wp\/v2\/users\/1"}],"replies":[{"embeddable":true,"href":"https:\/\/iraurgiberritzen.eus\/es\/wp-json\/wp\/v2\/comments?post=12720"}],"version-history":[{"count":0,"href":"https:\/\/iraurgiberritzen.eus\/es\/wp-json\/wp\/v2\/posts\/12720\/revisions"}],"wp:featuredmedia":[{"embeddable":true,"href":"https:\/\/iraurgiberritzen.eus\/es\/wp-json\/wp\/v2\/media\/17769"}],"wp:attachment":[{"href":"https:\/\/iraurgiberritzen.eus\/es\/wp-json\/wp\/v2\/media?parent=12720"}],"wp:term":[{"taxonomy":"category","embeddable":true,"href":"https:\/\/iraurgiberritzen.eus\/es\/wp-json\/wp\/v2\/categories?post=12720"},{"taxonomy":"post_tag","embeddable":true,"href":"https:\/\/iraurgiberritzen.eus\/es\/wp-json\/wp\/v2\/tags?post=12720"}],"curies":[{"name":"wp","href":"https:\/\/api.w.org\/{rel}","templated":true}]}}