{"id":12738,"date":"2019-10-13T10:21:57","date_gmt":"2019-10-13T08:21:57","guid":{"rendered":"https:\/\/iraurgiberritzen.eus\/ruta-guiada-de-la-manzana-ibarbi\/"},"modified":"2019-10-13T10:21:57","modified_gmt":"2019-10-13T08:21:57","slug":"ruta-guiada-de-la-manzana-ibarbi","status":"publish","type":"post","link":"https:\/\/iraurgiberritzen.eus\/es\/ruta-guiada-de-la-manzana-ibarbi\/","title":{"rendered":"Ruta guiada de la Manzana Ibarbi"},"content":{"rendered":"<p style=\"text-align: justify;\">El 12 de octubre, en el marco del proyecto tur\u00edstico Urola Gustagarri, promovido desde el \u00e1rea de turismo de Iraurgi Berritzen, se llev\u00f3 a cabo en Errezil el recorrido guiado de Ibarbi Sagarra.<\/p>\n<p style=\"text-align: justify;\">Los datos e informaci\u00f3n de este producto aut\u00f3ctono emblem\u00e1tico de Errezil fueron trasmitidos al numeroso grupo que particip\u00f3 en esta iniciativa, al tiempo que pudieron participar en la recogida de manzanas y realizar una degustaci\u00f3n de productos elaborados con manzana. Errezil es un excelente ejemplo de c\u00f3mo convertir un recorrido creado en torno a un producto tur\u00edstico, y una l\u00ednea de trabajo para profundizar en este camino que est\u00e1 en marcha a trav\u00e9s de la colaboraci\u00f3n de Errezileko Ibarbi Elkartea, Urkome e Iraurgi Berritzen.<\/p>\n<p style=\"text-align: justify;\"><span style=\"font-family: Arial, Helvetica, sans-serif; font-size: 12.0097px; text-align: center; background-color: #f9f9f9;\">{myFlickr}photoset_id=72157711476465066{\/myFlickr}<\/span><\/p>\n","protected":false},"excerpt":{"rendered":"<p>El 12 de octubre, en el marco del proyecto tur\u00edstico Urola Gustagarri, promovido desde el \u00e1rea de turismo de Iraurgi Berritzen, se llev\u00f3 a cabo en Errezil el recorrido guiado de Ibarbi Sagarra. Los datos e informaci\u00f3n de este producto aut\u00f3ctono emblem\u00e1tico de Errezil fueron trasmitidos al numeroso grupo que particip\u00f3 en esta iniciativa, al [&hellip;]<\/p>\n","protected":false},"author":1,"featured_media":17775,"comment_status":"","ping_status":"closed","sticky":false,"template":"","format":"standard","meta":{"_acf_changed":false,"footnotes":""},"categories":[4],"tags":[],"class_list":["post-12738","post","type-post","status-publish","format-standard","has-post-thumbnail","hentry","category-noticias"],"acf":[],"yoast_head":"<!-- This site is optimized with the Yoast SEO plugin v27.4 - https:\/\/yoast.com\/product\/yoast-seo-wordpress\/ -->\n<title>Ruta guiada de la Manzana Ibarbi - Iraurgi Berritzen<\/title>\n<meta name=\"robots\" content=\"index, follow, max-snippet:-1, max-image-preview:large, max-video-preview:-1\" \/>\n<link rel=\"canonical\" href=\"https:\/\/iraurgiberritzen.eus\/es\/ruta-guiada-de-la-manzana-ibarbi\/\" \/>\n<meta property=\"og:locale\" content=\"es_ES\" \/>\n<meta property=\"og:type\" content=\"article\" \/>\n<meta property=\"og:title\" content=\"Ruta guiada de la Manzana Ibarbi - Iraurgi Berritzen\" \/>\n<meta property=\"og:description\" content=\"El 12 de octubre, en el marco del proyecto tur\u00edstico Urola Gustagarri, promovido desde el \u00e1rea de turismo de Iraurgi Berritzen, se llev\u00f3 a cabo en Errezil el recorrido guiado de Ibarbi Sagarra. Los datos e informaci\u00f3n de este producto aut\u00f3ctono emblem\u00e1tico de Errezil fueron trasmitidos al numeroso grupo que particip\u00f3 en esta iniciativa, al [&hellip;]\" \/>\n<meta property=\"og:url\" content=\"https:\/\/iraurgiberritzen.eus\/es\/ruta-guiada-de-la-manzana-ibarbi\/\" \/>\n<meta property=\"og:site_name\" content=\"Iraurgi Berritzen\" \/>\n<meta property=\"article:published_time\" content=\"2019-10-13T08:21:57+00:00\" \/>\n<meta name=\"author\" content=\"kudeatzailea\" \/>\n<meta name=\"twitter:card\" content=\"summary_large_image\" \/>\n<meta name=\"twitter:label1\" content=\"Escrito por\" \/>\n\t<meta name=\"twitter:data1\" content=\"kudeatzailea\" \/>\n\t<meta name=\"twitter:label2\" content=\"Tiempo de lectura\" \/>\n\t<meta name=\"twitter:data2\" content=\"1 minuto\" \/>\n<script type=\"application\/ld+json\" class=\"yoast-schema-graph\">{\"@context\":\"https:\\\/\\\/schema.org\",\"@graph\":[{\"@type\":\"Article\",\"@id\":\"https:\\\/\\\/iraurgiberritzen.eus\\\/es\\\/ruta-guiada-de-la-manzana-ibarbi\\\/#article\",\"isPartOf\":{\"@id\":\"https:\\\/\\\/iraurgiberritzen.eus\\\/es\\\/ruta-guiada-de-la-manzana-ibarbi\\\/\"},\"author\":{\"name\":\"kudeatzailea\",\"@id\":\"https:\\\/\\\/iraurgiberritzen.eus\\\/es\\\/#\\\/schema\\\/person\\\/5ab41aaf388a9097177601ebf45738d2\"},\"headline\":\"Ruta guiada de la Manzana Ibarbi\",\"datePublished\":\"2019-10-13T08:21:57+00:00\",\"mainEntityOfPage\":{\"@id\":\"https:\\\/\\\/iraurgiberritzen.eus\\\/es\\\/ruta-guiada-de-la-manzana-ibarbi\\\/\"},\"wordCount\":136,\"publisher\":{\"@id\":\"https:\\\/\\\/iraurgiberritzen.eus\\\/es\\\/#organization\"},\"image\":{\"@id\":\"https:\\\/\\\/iraurgiberritzen.eus\\\/es\\\/ruta-guiada-de-la-manzana-ibarbi\\\/#primaryimage\"},\"thumbnailUrl\":\"https:\\\/\\\/iraurgiberritzen.eus\\\/wp-content\\\/uploads\\\/2023\\\/09\\\/2d9c6ec24bc1fb99260bf12d63333c7c.jpg\",\"articleSection\":[\"Noticias\"],\"inLanguage\":\"es\"},{\"@type\":\"WebPage\",\"@id\":\"https:\\\/\\\/iraurgiberritzen.eus\\\/es\\\/ruta-guiada-de-la-manzana-ibarbi\\\/\",\"url\":\"https:\\\/\\\/iraurgiberritzen.eus\\\/es\\\/ruta-guiada-de-la-manzana-ibarbi\\\/\",\"name\":\"Ruta guiada de la Manzana Ibarbi - Iraurgi Berritzen\",\"isPartOf\":{\"@id\":\"https:\\\/\\\/iraurgiberritzen.eus\\\/es\\\/#website\"},\"primaryImageOfPage\":{\"@id\":\"https:\\\/\\\/iraurgiberritzen.eus\\\/es\\\/ruta-guiada-de-la-manzana-ibarbi\\\/#primaryimage\"},\"image\":{\"@id\":\"https:\\\/\\\/iraurgiberritzen.eus\\\/es\\\/ruta-guiada-de-la-manzana-ibarbi\\\/#primaryimage\"},\"thumbnailUrl\":\"https:\\\/\\\/iraurgiberritzen.eus\\\/wp-content\\\/uploads\\\/2023\\\/09\\\/2d9c6ec24bc1fb99260bf12d63333c7c.jpg\",\"datePublished\":\"2019-10-13T08:21:57+00:00\",\"breadcrumb\":{\"@id\":\"https:\\\/\\\/iraurgiberritzen.eus\\\/es\\\/ruta-guiada-de-la-manzana-ibarbi\\\/#breadcrumb\"},\"inLanguage\":\"es\",\"potentialAction\":[{\"@type\":\"ReadAction\",\"target\":[\"https:\\\/\\\/iraurgiberritzen.eus\\\/es\\\/ruta-guiada-de-la-manzana-ibarbi\\\/\"]}]},{\"@type\":\"ImageObject\",\"inLanguage\":\"es\",\"@id\":\"https:\\\/\\\/iraurgiberritzen.eus\\\/es\\\/ruta-guiada-de-la-manzana-ibarbi\\\/#primaryimage\",\"url\":\"https:\\\/\\\/iraurgiberritzen.eus\\\/wp-content\\\/uploads\\\/2023\\\/09\\\/2d9c6ec24bc1fb99260bf12d63333c7c.jpg\",\"contentUrl\":\"https:\\\/\\\/iraurgiberritzen.eus\\\/wp-content\\\/uploads\\\/2023\\\/09\\\/2d9c6ec24bc1fb99260bf12d63333c7c.jpg\",\"width\":600,\"height\":386},{\"@type\":\"BreadcrumbList\",\"@id\":\"https:\\\/\\\/iraurgiberritzen.eus\\\/es\\\/ruta-guiada-de-la-manzana-ibarbi\\\/#breadcrumb\",\"itemListElement\":[{\"@type\":\"ListItem\",\"position\":1,\"name\":\"Home\",\"item\":\"https:\\\/\\\/iraurgiberritzen.eus\\\/es\\\/\"},{\"@type\":\"ListItem\",\"position\":2,\"name\":\"Ruta guiada de la Manzana Ibarbi\"}]},{\"@type\":\"WebSite\",\"@id\":\"https:\\\/\\\/iraurgiberritzen.eus\\\/es\\\/#website\",\"url\":\"https:\\\/\\\/iraurgiberritzen.eus\\\/es\\\/\",\"name\":\"Iraurgi Berritzen\",\"description\":\"Urola Erdiko Garapen Agentzia\",\"publisher\":{\"@id\":\"https:\\\/\\\/iraurgiberritzen.eus\\\/es\\\/#organization\"},\"potentialAction\":[{\"@type\":\"SearchAction\",\"target\":{\"@type\":\"EntryPoint\",\"urlTemplate\":\"https:\\\/\\\/iraurgiberritzen.eus\\\/es\\\/?s={search_term_string}\"},\"query-input\":{\"@type\":\"PropertyValueSpecification\",\"valueRequired\":true,\"valueName\":\"search_term_string\"}}],\"inLanguage\":\"es\"},{\"@type\":\"Organization\",\"@id\":\"https:\\\/\\\/iraurgiberritzen.eus\\\/es\\\/#organization\",\"name\":\"Iraurgi Berritzen\",\"url\":\"https:\\\/\\\/iraurgiberritzen.eus\\\/es\\\/\",\"logo\":{\"@type\":\"ImageObject\",\"inLanguage\":\"es\",\"@id\":\"https:\\\/\\\/iraurgiberritzen.eus\\\/es\\\/#\\\/schema\\\/logo\\\/image\\\/\",\"url\":\"https:\\\/\\\/iraurgiberritzen.eus\\\/wp-content\\\/uploads\\\/2024\\\/02\\\/IRAURGI-BERRITZEN-logotipoa_2.png\",\"contentUrl\":\"https:\\\/\\\/iraurgiberritzen.eus\\\/wp-content\\\/uploads\\\/2024\\\/02\\\/IRAURGI-BERRITZEN-logotipoa_2.png\",\"width\":496,\"height\":190,\"caption\":\"Iraurgi Berritzen\"},\"image\":{\"@id\":\"https:\\\/\\\/iraurgiberritzen.eus\\\/es\\\/#\\\/schema\\\/logo\\\/image\\\/\"}},{\"@type\":\"Person\",\"@id\":\"https:\\\/\\\/iraurgiberritzen.eus\\\/es\\\/#\\\/schema\\\/person\\\/5ab41aaf388a9097177601ebf45738d2\",\"name\":\"kudeatzailea\",\"sameAs\":[\"https:\\\/\\\/iraurgiberritzen.eus\"]}]}<\/script>\n<!-- \/ Yoast SEO plugin. -->","yoast_head_json":{"title":"Ruta guiada de la Manzana Ibarbi - Iraurgi Berritzen","robots":{"index":"index","follow":"follow","max-snippet":"max-snippet:-1","max-image-preview":"max-image-preview:large","max-video-preview":"max-video-preview:-1"},"canonical":"https:\/\/iraurgiberritzen.eus\/es\/ruta-guiada-de-la-manzana-ibarbi\/","og_locale":"es_ES","og_type":"article","og_title":"Ruta guiada de la Manzana Ibarbi - Iraurgi Berritzen","og_description":"El 12 de octubre, en el marco del proyecto tur\u00edstico Urola Gustagarri, promovido desde el \u00e1rea de turismo de Iraurgi Berritzen, se llev\u00f3 a cabo en Errezil el recorrido guiado de Ibarbi Sagarra. Los datos e informaci\u00f3n de este producto aut\u00f3ctono emblem\u00e1tico de Errezil fueron trasmitidos al numeroso grupo que particip\u00f3 en esta iniciativa, al [&hellip;]","og_url":"https:\/\/iraurgiberritzen.eus\/es\/ruta-guiada-de-la-manzana-ibarbi\/","og_site_name":"Iraurgi Berritzen","article_published_time":"2019-10-13T08:21:57+00:00","author":"kudeatzailea","twitter_card":"summary_large_image","twitter_misc":{"Escrito por":"kudeatzailea","Tiempo de lectura":"1 minuto"},"schema":{"@context":"https:\/\/schema.org","@graph":[{"@type":"Article","@id":"https:\/\/iraurgiberritzen.eus\/es\/ruta-guiada-de-la-manzana-ibarbi\/#article","isPartOf":{"@id":"https:\/\/iraurgiberritzen.eus\/es\/ruta-guiada-de-la-manzana-ibarbi\/"},"author":{"name":"kudeatzailea","@id":"https:\/\/iraurgiberritzen.eus\/es\/#\/schema\/person\/5ab41aaf388a9097177601ebf45738d2"},"headline":"Ruta guiada de la Manzana Ibarbi","datePublished":"2019-10-13T08:21:57+00:00","mainEntityOfPage":{"@id":"https:\/\/iraurgiberritzen.eus\/es\/ruta-guiada-de-la-manzana-ibarbi\/"},"wordCount":136,"publisher":{"@id":"https:\/\/iraurgiberritzen.eus\/es\/#organization"},"image":{"@id":"https:\/\/iraurgiberritzen.eus\/es\/ruta-guiada-de-la-manzana-ibarbi\/#primaryimage"},"thumbnailUrl":"https:\/\/iraurgiberritzen.eus\/wp-content\/uploads\/2023\/09\/2d9c6ec24bc1fb99260bf12d63333c7c.jpg","articleSection":["Noticias"],"inLanguage":"es"},{"@type":"WebPage","@id":"https:\/\/iraurgiberritzen.eus\/es\/ruta-guiada-de-la-manzana-ibarbi\/","url":"https:\/\/iraurgiberritzen.eus\/es\/ruta-guiada-de-la-manzana-ibarbi\/","name":"Ruta guiada de la Manzana Ibarbi - Iraurgi Berritzen","isPartOf":{"@id":"https:\/\/iraurgiberritzen.eus\/es\/#website"},"primaryImageOfPage":{"@id":"https:\/\/iraurgiberritzen.eus\/es\/ruta-guiada-de-la-manzana-ibarbi\/#primaryimage"},"image":{"@id":"https:\/\/iraurgiberritzen.eus\/es\/ruta-guiada-de-la-manzana-ibarbi\/#primaryimage"},"thumbnailUrl":"https:\/\/iraurgiberritzen.eus\/wp-content\/uploads\/2023\/09\/2d9c6ec24bc1fb99260bf12d63333c7c.jpg","datePublished":"2019-10-13T08:21:57+00:00","breadcrumb":{"@id":"https:\/\/iraurgiberritzen.eus\/es\/ruta-guiada-de-la-manzana-ibarbi\/#breadcrumb"},"inLanguage":"es","potentialAction":[{"@type":"ReadAction","target":["https:\/\/iraurgiberritzen.eus\/es\/ruta-guiada-de-la-manzana-ibarbi\/"]}]},{"@type":"ImageObject","inLanguage":"es","@id":"https:\/\/iraurgiberritzen.eus\/es\/ruta-guiada-de-la-manzana-ibarbi\/#primaryimage","url":"https:\/\/iraurgiberritzen.eus\/wp-content\/uploads\/2023\/09\/2d9c6ec24bc1fb99260bf12d63333c7c.jpg","contentUrl":"https:\/\/iraurgiberritzen.eus\/wp-content\/uploads\/2023\/09\/2d9c6ec24bc1fb99260bf12d63333c7c.jpg","width":600,"height":386},{"@type":"BreadcrumbList","@id":"https:\/\/iraurgiberritzen.eus\/es\/ruta-guiada-de-la-manzana-ibarbi\/#breadcrumb","itemListElement":[{"@type":"ListItem","position":1,"name":"Home","item":"https:\/\/iraurgiberritzen.eus\/es\/"},{"@type":"ListItem","position":2,"name":"Ruta guiada de la Manzana Ibarbi"}]},{"@type":"WebSite","@id":"https:\/\/iraurgiberritzen.eus\/es\/#website","url":"https:\/\/iraurgiberritzen.eus\/es\/","name":"Iraurgi Berritzen","description":"Urola Erdiko Garapen Agentzia","publisher":{"@id":"https:\/\/iraurgiberritzen.eus\/es\/#organization"},"potentialAction":[{"@type":"SearchAction","target":{"@type":"EntryPoint","urlTemplate":"https:\/\/iraurgiberritzen.eus\/es\/?s={search_term_string}"},"query-input":{"@type":"PropertyValueSpecification","valueRequired":true,"valueName":"search_term_string"}}],"inLanguage":"es"},{"@type":"Organization","@id":"https:\/\/iraurgiberritzen.eus\/es\/#organization","name":"Iraurgi Berritzen","url":"https:\/\/iraurgiberritzen.eus\/es\/","logo":{"@type":"ImageObject","inLanguage":"es","@id":"https:\/\/iraurgiberritzen.eus\/es\/#\/schema\/logo\/image\/","url":"https:\/\/iraurgiberritzen.eus\/wp-content\/uploads\/2024\/02\/IRAURGI-BERRITZEN-logotipoa_2.png","contentUrl":"https:\/\/iraurgiberritzen.eus\/wp-content\/uploads\/2024\/02\/IRAURGI-BERRITZEN-logotipoa_2.png","width":496,"height":190,"caption":"Iraurgi Berritzen"},"image":{"@id":"https:\/\/iraurgiberritzen.eus\/es\/#\/schema\/logo\/image\/"}},{"@type":"Person","@id":"https:\/\/iraurgiberritzen.eus\/es\/#\/schema\/person\/5ab41aaf388a9097177601ebf45738d2","name":"kudeatzailea","sameAs":["https:\/\/iraurgiberritzen.eus"]}]}},"_links":{"self":[{"href":"https:\/\/iraurgiberritzen.eus\/es\/wp-json\/wp\/v2\/posts\/12738","targetHints":{"allow":["GET"]}}],"collection":[{"href":"https:\/\/iraurgiberritzen.eus\/es\/wp-json\/wp\/v2\/posts"}],"about":[{"href":"https:\/\/iraurgiberritzen.eus\/es\/wp-json\/wp\/v2\/types\/post"}],"author":[{"embeddable":true,"href":"https:\/\/iraurgiberritzen.eus\/es\/wp-json\/wp\/v2\/users\/1"}],"replies":[{"embeddable":true,"href":"https:\/\/iraurgiberritzen.eus\/es\/wp-json\/wp\/v2\/comments?post=12738"}],"version-history":[{"count":0,"href":"https:\/\/iraurgiberritzen.eus\/es\/wp-json\/wp\/v2\/posts\/12738\/revisions"}],"wp:featuredmedia":[{"embeddable":true,"href":"https:\/\/iraurgiberritzen.eus\/es\/wp-json\/wp\/v2\/media\/17775"}],"wp:attachment":[{"href":"https:\/\/iraurgiberritzen.eus\/es\/wp-json\/wp\/v2\/media?parent=12738"}],"wp:term":[{"taxonomy":"category","embeddable":true,"href":"https:\/\/iraurgiberritzen.eus\/es\/wp-json\/wp\/v2\/categories?post=12738"},{"taxonomy":"post_tag","embeddable":true,"href":"https:\/\/iraurgiberritzen.eus\/es\/wp-json\/wp\/v2\/tags?post=12738"}],"curies":[{"name":"wp","href":"https:\/\/api.w.org\/{rel}","templated":true}]}}