{"id":12744,"date":"2019-10-25T07:16:50","date_gmt":"2019-10-25T05:16:50","guid":{"rendered":"https:\/\/iraurgiberritzen.eus\/ii-congreso-internacional-de-empleo-y-feria-de-empleo-y-formacion-merkalan\/"},"modified":"2019-10-25T07:16:50","modified_gmt":"2019-10-25T05:16:50","slug":"ii-congreso-internacional-de-empleo-y-feria-de-empleo-y-formacion-merkalan","status":"publish","type":"post","link":"https:\/\/iraurgiberritzen.eus\/es\/ii-congreso-internacional-de-empleo-y-feria-de-empleo-y-formacion-merkalan\/","title":{"rendered":"II Congreso Internacional de Empleo  y Feria de Empleo y  Formaci\u00f3n \u201cMerkalan\u201d"},"content":{"rendered":"<p style=\"text-align: justify;\">Organizada por Lanbide, Iraurgi Berritzen ha participado en el II Congreso Internacional de Empleo y la feria de empleo y formaci\u00f3n celebrada los d\u00edas 21 y 22 de octubre en el Palacio de Congresos Kursaal de Donostia.<\/p>\n<p style=\"text-align: justify;\">En ella, se han concentrado las necesidades de las empresas vascas y de las personas demandantes de empleo. La celebraci\u00f3n de Merkalan responde a los siguientes objetivos:<\/p>\n<ul>\n<li style=\"text-align: justify;\">Promover el contacto entre Lanbide y los principales interlocutores, demandantes de empleo, estudiantes de \u00faltimos cursos, personas en mejora de empleo, empresas y entidades que trabajan en el \u00e1mbito de empleo y la formaci\u00f3n.<\/li>\n<li style=\"text-align: justify;\">Espacio de intermediaci\u00f3n: crear un espacio de encuentro entre instituciones de empleo y formaci\u00f3n, red de centros colaboradores, empresas y personas en b\u00fasqueda de empleo.<\/li>\n<\/ul>\n<p style=\"text-align: justify;\">En la programaci\u00f3n de la jornada, hab\u00eda opci\u00f3n a participar en diferentes charlas donde el tema principal fue el <strong>\u00abEmpleo de Calidad\u00bb<\/strong>.<\/p>\n<p style=\"text-align: justify;\">M\u00e1s informaci\u00f3n en la web <a href=\"http:\/\/www.merkalan.eus\">www.merkalan.eus<\/a><\/p>\n<p style=\"text-align: justify;\">&nbsp;<\/p>\n","protected":false},"excerpt":{"rendered":"<p>Organizada por Lanbide, Iraurgi Berritzen ha participado en el II Congreso Internacional de Empleo y la feria de empleo y formaci\u00f3n celebrada los d\u00edas 21 y 22 de octubre en el Palacio de Congresos Kursaal de Donostia. En ella, se han concentrado las necesidades de las empresas vascas y de las personas demandantes de empleo. [&hellip;]<\/p>\n","protected":false},"author":1,"featured_media":17777,"comment_status":"","ping_status":"closed","sticky":false,"template":"","format":"standard","meta":{"_acf_changed":false,"footnotes":""},"categories":[4],"tags":[],"class_list":["post-12744","post","type-post","status-publish","format-standard","has-post-thumbnail","hentry","category-noticias"],"acf":[],"yoast_head":"<!-- This site is optimized with the Yoast SEO plugin v27.4 - https:\/\/yoast.com\/product\/yoast-seo-wordpress\/ -->\n<title>II Congreso Internacional de Empleo y Feria de Empleo y Formaci\u00f3n \u201cMerkalan\u201d - Iraurgi Berritzen<\/title>\n<meta name=\"robots\" content=\"index, follow, max-snippet:-1, max-image-preview:large, max-video-preview:-1\" \/>\n<link rel=\"canonical\" href=\"https:\/\/iraurgiberritzen.eus\/es\/ii-congreso-internacional-de-empleo-y-feria-de-empleo-y-formacion-merkalan\/\" \/>\n<meta property=\"og:locale\" content=\"es_ES\" \/>\n<meta property=\"og:type\" content=\"article\" \/>\n<meta property=\"og:title\" content=\"II Congreso Internacional de Empleo y Feria de Empleo y Formaci\u00f3n \u201cMerkalan\u201d - Iraurgi Berritzen\" \/>\n<meta property=\"og:description\" content=\"Organizada por Lanbide, Iraurgi Berritzen ha participado en el II Congreso Internacional de Empleo y la feria de empleo y formaci\u00f3n celebrada los d\u00edas 21 y 22 de octubre en el Palacio de Congresos Kursaal de Donostia. En ella, se han concentrado las necesidades de las empresas vascas y de las personas demandantes de empleo. [&hellip;]\" \/>\n<meta property=\"og:url\" content=\"https:\/\/iraurgiberritzen.eus\/es\/ii-congreso-internacional-de-empleo-y-feria-de-empleo-y-formacion-merkalan\/\" \/>\n<meta property=\"og:site_name\" content=\"Iraurgi Berritzen\" \/>\n<meta property=\"article:published_time\" content=\"2019-10-25T05:16:50+00:00\" \/>\n<meta name=\"author\" content=\"kudeatzailea\" \/>\n<meta name=\"twitter:card\" content=\"summary_large_image\" \/>\n<meta name=\"twitter:label1\" content=\"Escrito por\" \/>\n\t<meta name=\"twitter:data1\" content=\"kudeatzailea\" \/>\n\t<meta name=\"twitter:label2\" content=\"Tiempo de lectura\" \/>\n\t<meta name=\"twitter:data2\" content=\"1 minuto\" \/>\n<script type=\"application\/ld+json\" class=\"yoast-schema-graph\">{\"@context\":\"https:\\\/\\\/schema.org\",\"@graph\":[{\"@type\":\"Article\",\"@id\":\"https:\\\/\\\/iraurgiberritzen.eus\\\/es\\\/ii-congreso-internacional-de-empleo-y-feria-de-empleo-y-formacion-merkalan\\\/#article\",\"isPartOf\":{\"@id\":\"https:\\\/\\\/iraurgiberritzen.eus\\\/es\\\/ii-congreso-internacional-de-empleo-y-feria-de-empleo-y-formacion-merkalan\\\/\"},\"author\":{\"name\":\"kudeatzailea\",\"@id\":\"https:\\\/\\\/iraurgiberritzen.eus\\\/es\\\/#\\\/schema\\\/person\\\/5ab41aaf388a9097177601ebf45738d2\"},\"headline\":\"II Congreso Internacional de Empleo y Feria de Empleo y Formaci\u00f3n \u201cMerkalan\u201d\",\"datePublished\":\"2019-10-25T05:16:50+00:00\",\"mainEntityOfPage\":{\"@id\":\"https:\\\/\\\/iraurgiberritzen.eus\\\/es\\\/ii-congreso-internacional-de-empleo-y-feria-de-empleo-y-formacion-merkalan\\\/\"},\"wordCount\":177,\"publisher\":{\"@id\":\"https:\\\/\\\/iraurgiberritzen.eus\\\/es\\\/#organization\"},\"image\":{\"@id\":\"https:\\\/\\\/iraurgiberritzen.eus\\\/es\\\/ii-congreso-internacional-de-empleo-y-feria-de-empleo-y-formacion-merkalan\\\/#primaryimage\"},\"thumbnailUrl\":\"https:\\\/\\\/iraurgiberritzen.eus\\\/wp-content\\\/uploads\\\/2023\\\/09\\\/b2817edf79750dc373157d782cce30ec.jpg\",\"articleSection\":[\"Noticias\"],\"inLanguage\":\"es\"},{\"@type\":\"WebPage\",\"@id\":\"https:\\\/\\\/iraurgiberritzen.eus\\\/es\\\/ii-congreso-internacional-de-empleo-y-feria-de-empleo-y-formacion-merkalan\\\/\",\"url\":\"https:\\\/\\\/iraurgiberritzen.eus\\\/es\\\/ii-congreso-internacional-de-empleo-y-feria-de-empleo-y-formacion-merkalan\\\/\",\"name\":\"II Congreso Internacional de Empleo y Feria de Empleo y Formaci\u00f3n \u201cMerkalan\u201d - Iraurgi Berritzen\",\"isPartOf\":{\"@id\":\"https:\\\/\\\/iraurgiberritzen.eus\\\/es\\\/#website\"},\"primaryImageOfPage\":{\"@id\":\"https:\\\/\\\/iraurgiberritzen.eus\\\/es\\\/ii-congreso-internacional-de-empleo-y-feria-de-empleo-y-formacion-merkalan\\\/#primaryimage\"},\"image\":{\"@id\":\"https:\\\/\\\/iraurgiberritzen.eus\\\/es\\\/ii-congreso-internacional-de-empleo-y-feria-de-empleo-y-formacion-merkalan\\\/#primaryimage\"},\"thumbnailUrl\":\"https:\\\/\\\/iraurgiberritzen.eus\\\/wp-content\\\/uploads\\\/2023\\\/09\\\/b2817edf79750dc373157d782cce30ec.jpg\",\"datePublished\":\"2019-10-25T05:16:50+00:00\",\"breadcrumb\":{\"@id\":\"https:\\\/\\\/iraurgiberritzen.eus\\\/es\\\/ii-congreso-internacional-de-empleo-y-feria-de-empleo-y-formacion-merkalan\\\/#breadcrumb\"},\"inLanguage\":\"es\",\"potentialAction\":[{\"@type\":\"ReadAction\",\"target\":[\"https:\\\/\\\/iraurgiberritzen.eus\\\/es\\\/ii-congreso-internacional-de-empleo-y-feria-de-empleo-y-formacion-merkalan\\\/\"]}]},{\"@type\":\"ImageObject\",\"inLanguage\":\"es\",\"@id\":\"https:\\\/\\\/iraurgiberritzen.eus\\\/es\\\/ii-congreso-internacional-de-empleo-y-feria-de-empleo-y-formacion-merkalan\\\/#primaryimage\",\"url\":\"https:\\\/\\\/iraurgiberritzen.eus\\\/wp-content\\\/uploads\\\/2023\\\/09\\\/b2817edf79750dc373157d782cce30ec.jpg\",\"contentUrl\":\"https:\\\/\\\/iraurgiberritzen.eus\\\/wp-content\\\/uploads\\\/2023\\\/09\\\/b2817edf79750dc373157d782cce30ec.jpg\",\"width\":600,\"height\":386},{\"@type\":\"BreadcrumbList\",\"@id\":\"https:\\\/\\\/iraurgiberritzen.eus\\\/es\\\/ii-congreso-internacional-de-empleo-y-feria-de-empleo-y-formacion-merkalan\\\/#breadcrumb\",\"itemListElement\":[{\"@type\":\"ListItem\",\"position\":1,\"name\":\"Home\",\"item\":\"https:\\\/\\\/iraurgiberritzen.eus\\\/es\\\/\"},{\"@type\":\"ListItem\",\"position\":2,\"name\":\"II Congreso Internacional de Empleo y Feria de Empleo y Formaci\u00f3n \u201cMerkalan\u201d\"}]},{\"@type\":\"WebSite\",\"@id\":\"https:\\\/\\\/iraurgiberritzen.eus\\\/es\\\/#website\",\"url\":\"https:\\\/\\\/iraurgiberritzen.eus\\\/es\\\/\",\"name\":\"Iraurgi Berritzen\",\"description\":\"Urola Erdiko Garapen Agentzia\",\"publisher\":{\"@id\":\"https:\\\/\\\/iraurgiberritzen.eus\\\/es\\\/#organization\"},\"potentialAction\":[{\"@type\":\"SearchAction\",\"target\":{\"@type\":\"EntryPoint\",\"urlTemplate\":\"https:\\\/\\\/iraurgiberritzen.eus\\\/es\\\/?s={search_term_string}\"},\"query-input\":{\"@type\":\"PropertyValueSpecification\",\"valueRequired\":true,\"valueName\":\"search_term_string\"}}],\"inLanguage\":\"es\"},{\"@type\":\"Organization\",\"@id\":\"https:\\\/\\\/iraurgiberritzen.eus\\\/es\\\/#organization\",\"name\":\"Iraurgi Berritzen\",\"url\":\"https:\\\/\\\/iraurgiberritzen.eus\\\/es\\\/\",\"logo\":{\"@type\":\"ImageObject\",\"inLanguage\":\"es\",\"@id\":\"https:\\\/\\\/iraurgiberritzen.eus\\\/es\\\/#\\\/schema\\\/logo\\\/image\\\/\",\"url\":\"https:\\\/\\\/iraurgiberritzen.eus\\\/wp-content\\\/uploads\\\/2024\\\/02\\\/IRAURGI-BERRITZEN-logotipoa_2.png\",\"contentUrl\":\"https:\\\/\\\/iraurgiberritzen.eus\\\/wp-content\\\/uploads\\\/2024\\\/02\\\/IRAURGI-BERRITZEN-logotipoa_2.png\",\"width\":496,\"height\":190,\"caption\":\"Iraurgi Berritzen\"},\"image\":{\"@id\":\"https:\\\/\\\/iraurgiberritzen.eus\\\/es\\\/#\\\/schema\\\/logo\\\/image\\\/\"}},{\"@type\":\"Person\",\"@id\":\"https:\\\/\\\/iraurgiberritzen.eus\\\/es\\\/#\\\/schema\\\/person\\\/5ab41aaf388a9097177601ebf45738d2\",\"name\":\"kudeatzailea\",\"sameAs\":[\"https:\\\/\\\/iraurgiberritzen.eus\"]}]}<\/script>\n<!-- \/ Yoast SEO plugin. -->","yoast_head_json":{"title":"II Congreso Internacional de Empleo y Feria de Empleo y Formaci\u00f3n \u201cMerkalan\u201d - Iraurgi Berritzen","robots":{"index":"index","follow":"follow","max-snippet":"max-snippet:-1","max-image-preview":"max-image-preview:large","max-video-preview":"max-video-preview:-1"},"canonical":"https:\/\/iraurgiberritzen.eus\/es\/ii-congreso-internacional-de-empleo-y-feria-de-empleo-y-formacion-merkalan\/","og_locale":"es_ES","og_type":"article","og_title":"II Congreso Internacional de Empleo y Feria de Empleo y Formaci\u00f3n \u201cMerkalan\u201d - Iraurgi Berritzen","og_description":"Organizada por Lanbide, Iraurgi Berritzen ha participado en el II Congreso Internacional de Empleo y la feria de empleo y formaci\u00f3n celebrada los d\u00edas 21 y 22 de octubre en el Palacio de Congresos Kursaal de Donostia. En ella, se han concentrado las necesidades de las empresas vascas y de las personas demandantes de empleo. [&hellip;]","og_url":"https:\/\/iraurgiberritzen.eus\/es\/ii-congreso-internacional-de-empleo-y-feria-de-empleo-y-formacion-merkalan\/","og_site_name":"Iraurgi Berritzen","article_published_time":"2019-10-25T05:16:50+00:00","author":"kudeatzailea","twitter_card":"summary_large_image","twitter_misc":{"Escrito por":"kudeatzailea","Tiempo de lectura":"1 minuto"},"schema":{"@context":"https:\/\/schema.org","@graph":[{"@type":"Article","@id":"https:\/\/iraurgiberritzen.eus\/es\/ii-congreso-internacional-de-empleo-y-feria-de-empleo-y-formacion-merkalan\/#article","isPartOf":{"@id":"https:\/\/iraurgiberritzen.eus\/es\/ii-congreso-internacional-de-empleo-y-feria-de-empleo-y-formacion-merkalan\/"},"author":{"name":"kudeatzailea","@id":"https:\/\/iraurgiberritzen.eus\/es\/#\/schema\/person\/5ab41aaf388a9097177601ebf45738d2"},"headline":"II Congreso Internacional de Empleo y Feria de Empleo y Formaci\u00f3n \u201cMerkalan\u201d","datePublished":"2019-10-25T05:16:50+00:00","mainEntityOfPage":{"@id":"https:\/\/iraurgiberritzen.eus\/es\/ii-congreso-internacional-de-empleo-y-feria-de-empleo-y-formacion-merkalan\/"},"wordCount":177,"publisher":{"@id":"https:\/\/iraurgiberritzen.eus\/es\/#organization"},"image":{"@id":"https:\/\/iraurgiberritzen.eus\/es\/ii-congreso-internacional-de-empleo-y-feria-de-empleo-y-formacion-merkalan\/#primaryimage"},"thumbnailUrl":"https:\/\/iraurgiberritzen.eus\/wp-content\/uploads\/2023\/09\/b2817edf79750dc373157d782cce30ec.jpg","articleSection":["Noticias"],"inLanguage":"es"},{"@type":"WebPage","@id":"https:\/\/iraurgiberritzen.eus\/es\/ii-congreso-internacional-de-empleo-y-feria-de-empleo-y-formacion-merkalan\/","url":"https:\/\/iraurgiberritzen.eus\/es\/ii-congreso-internacional-de-empleo-y-feria-de-empleo-y-formacion-merkalan\/","name":"II Congreso Internacional de Empleo y Feria de Empleo y Formaci\u00f3n \u201cMerkalan\u201d - Iraurgi Berritzen","isPartOf":{"@id":"https:\/\/iraurgiberritzen.eus\/es\/#website"},"primaryImageOfPage":{"@id":"https:\/\/iraurgiberritzen.eus\/es\/ii-congreso-internacional-de-empleo-y-feria-de-empleo-y-formacion-merkalan\/#primaryimage"},"image":{"@id":"https:\/\/iraurgiberritzen.eus\/es\/ii-congreso-internacional-de-empleo-y-feria-de-empleo-y-formacion-merkalan\/#primaryimage"},"thumbnailUrl":"https:\/\/iraurgiberritzen.eus\/wp-content\/uploads\/2023\/09\/b2817edf79750dc373157d782cce30ec.jpg","datePublished":"2019-10-25T05:16:50+00:00","breadcrumb":{"@id":"https:\/\/iraurgiberritzen.eus\/es\/ii-congreso-internacional-de-empleo-y-feria-de-empleo-y-formacion-merkalan\/#breadcrumb"},"inLanguage":"es","potentialAction":[{"@type":"ReadAction","target":["https:\/\/iraurgiberritzen.eus\/es\/ii-congreso-internacional-de-empleo-y-feria-de-empleo-y-formacion-merkalan\/"]}]},{"@type":"ImageObject","inLanguage":"es","@id":"https:\/\/iraurgiberritzen.eus\/es\/ii-congreso-internacional-de-empleo-y-feria-de-empleo-y-formacion-merkalan\/#primaryimage","url":"https:\/\/iraurgiberritzen.eus\/wp-content\/uploads\/2023\/09\/b2817edf79750dc373157d782cce30ec.jpg","contentUrl":"https:\/\/iraurgiberritzen.eus\/wp-content\/uploads\/2023\/09\/b2817edf79750dc373157d782cce30ec.jpg","width":600,"height":386},{"@type":"BreadcrumbList","@id":"https:\/\/iraurgiberritzen.eus\/es\/ii-congreso-internacional-de-empleo-y-feria-de-empleo-y-formacion-merkalan\/#breadcrumb","itemListElement":[{"@type":"ListItem","position":1,"name":"Home","item":"https:\/\/iraurgiberritzen.eus\/es\/"},{"@type":"ListItem","position":2,"name":"II Congreso Internacional de Empleo y Feria de Empleo y Formaci\u00f3n \u201cMerkalan\u201d"}]},{"@type":"WebSite","@id":"https:\/\/iraurgiberritzen.eus\/es\/#website","url":"https:\/\/iraurgiberritzen.eus\/es\/","name":"Iraurgi Berritzen","description":"Urola Erdiko Garapen Agentzia","publisher":{"@id":"https:\/\/iraurgiberritzen.eus\/es\/#organization"},"potentialAction":[{"@type":"SearchAction","target":{"@type":"EntryPoint","urlTemplate":"https:\/\/iraurgiberritzen.eus\/es\/?s={search_term_string}"},"query-input":{"@type":"PropertyValueSpecification","valueRequired":true,"valueName":"search_term_string"}}],"inLanguage":"es"},{"@type":"Organization","@id":"https:\/\/iraurgiberritzen.eus\/es\/#organization","name":"Iraurgi Berritzen","url":"https:\/\/iraurgiberritzen.eus\/es\/","logo":{"@type":"ImageObject","inLanguage":"es","@id":"https:\/\/iraurgiberritzen.eus\/es\/#\/schema\/logo\/image\/","url":"https:\/\/iraurgiberritzen.eus\/wp-content\/uploads\/2024\/02\/IRAURGI-BERRITZEN-logotipoa_2.png","contentUrl":"https:\/\/iraurgiberritzen.eus\/wp-content\/uploads\/2024\/02\/IRAURGI-BERRITZEN-logotipoa_2.png","width":496,"height":190,"caption":"Iraurgi Berritzen"},"image":{"@id":"https:\/\/iraurgiberritzen.eus\/es\/#\/schema\/logo\/image\/"}},{"@type":"Person","@id":"https:\/\/iraurgiberritzen.eus\/es\/#\/schema\/person\/5ab41aaf388a9097177601ebf45738d2","name":"kudeatzailea","sameAs":["https:\/\/iraurgiberritzen.eus"]}]}},"_links":{"self":[{"href":"https:\/\/iraurgiberritzen.eus\/es\/wp-json\/wp\/v2\/posts\/12744","targetHints":{"allow":["GET"]}}],"collection":[{"href":"https:\/\/iraurgiberritzen.eus\/es\/wp-json\/wp\/v2\/posts"}],"about":[{"href":"https:\/\/iraurgiberritzen.eus\/es\/wp-json\/wp\/v2\/types\/post"}],"author":[{"embeddable":true,"href":"https:\/\/iraurgiberritzen.eus\/es\/wp-json\/wp\/v2\/users\/1"}],"replies":[{"embeddable":true,"href":"https:\/\/iraurgiberritzen.eus\/es\/wp-json\/wp\/v2\/comments?post=12744"}],"version-history":[{"count":0,"href":"https:\/\/iraurgiberritzen.eus\/es\/wp-json\/wp\/v2\/posts\/12744\/revisions"}],"wp:featuredmedia":[{"embeddable":true,"href":"https:\/\/iraurgiberritzen.eus\/es\/wp-json\/wp\/v2\/media\/17777"}],"wp:attachment":[{"href":"https:\/\/iraurgiberritzen.eus\/es\/wp-json\/wp\/v2\/media?parent=12744"}],"wp:term":[{"taxonomy":"category","embeddable":true,"href":"https:\/\/iraurgiberritzen.eus\/es\/wp-json\/wp\/v2\/categories?post=12744"},{"taxonomy":"post_tag","embeddable":true,"href":"https:\/\/iraurgiberritzen.eus\/es\/wp-json\/wp\/v2\/tags?post=12744"}],"curies":[{"name":"wp","href":"https:\/\/api.w.org\/{rel}","templated":true}]}}