{"id":12756,"date":"2019-10-30T08:13:01","date_gmt":"2019-10-30T06:13:01","guid":{"rendered":"https:\/\/iraurgiberritzen.eus\/talleres-dirigidos-a-personas-emprendedoras\/"},"modified":"2019-10-30T08:13:01","modified_gmt":"2019-10-30T06:13:01","slug":"talleres-dirigidos-a-personas-emprendedoras","status":"publish","type":"post","link":"https:\/\/iraurgiberritzen.eus\/es\/talleres-dirigidos-a-personas-emprendedoras\/","title":{"rendered":"Talleres dirigidos a personas emprendedoras"},"content":{"rendered":"<p><span style=\"text-align: justify;\">\u00bfQuieres poner en marcha un proyecto emprendedor? Ya est\u00e1 abierto el plazo para inscribirse a los talleres DE LA IDEA A LA EMPRESA.<\/span><\/p>\n<p style=\"text-align: justify;\">Dentro del programa Lanzituz se han organizado dos talleres dirigidos a las personas emprendedoras que quieren poner en marcha un negocio. En el primer taller conocer\u00e1n los impuestos que tienen que pagar a Hacienda y c\u00f3mo tienen que hacer las declaraciones. Adem\u00e1s de ello, conocer\u00e1n las coberturas que tienen los aut\u00f3nomos respecto a la Seguridad Social. En el segundo taller, podr\u00e1n conocer las herramientas gratuitas que podr\u00e1n utilizar para promocionar y dar a conocer su empresa. Entre ellos, conocer\u00e1n la herramienta Canva (programa de dise\u00f1o para realizar folletos, carteles&#8230;), Mailchimp (para realizar emails promocionales), Google My Business (crear\u00e1n una ficha de la empresa para que aparezca en los buscadores de Google). Las redes sociales tambi\u00e9n tendr\u00e1n un espacio en el taller, conociendo su utilizaci\u00f3n y las acciones que se pueden realizar en ellas.<\/p>\n<p>La primera formaci\u00f3n tendr\u00e1 lugar en noviembre y la segunda en diciembre. Ya est\u00e1 abierto el plazo de inscripci\u00f3n. <img loading=\"lazy\" decoding=\"async\" style=\"display: block; margin-left: auto; margin-right: auto;\" src=\"images\/2.png\" alt=\"2.png\" width=\"500\" height=\"812\" \/><\/p>\n<p style=\"text-align: justify;\">Para m\u00e1s informaci\u00f3n e inscribirse al curso, contacta con Iraurgi Berritzen a trav\u00e9s de 943 85 11 00 (Ione Eizagirre) o mediante correo electr\u00f3nico <a href=\"mailto:ieizagirre@iraurgiberritzen.eus\">ieizagirre@iraurgiberritzen.eus<\/a>.<\/p>\n","protected":false},"excerpt":{"rendered":"<p>\u00bfQuieres poner en marcha un proyecto emprendedor? Ya est\u00e1 abierto el plazo para inscribirse a los talleres DE LA IDEA A LA EMPRESA. Dentro del programa Lanzituz se han organizado dos talleres dirigidos a las personas emprendedoras que quieren poner en marcha un negocio. En el primer taller conocer\u00e1n los impuestos que tienen que pagar [&hellip;]<\/p>\n","protected":false},"author":1,"featured_media":17761,"comment_status":"","ping_status":"closed","sticky":false,"template":"","format":"standard","meta":{"_acf_changed":false,"footnotes":""},"categories":[4],"tags":[],"class_list":["post-12756","post","type-post","status-publish","format-standard","has-post-thumbnail","hentry","category-noticias"],"acf":[],"yoast_head":"<!-- This site is optimized with the Yoast SEO plugin v27.4 - https:\/\/yoast.com\/product\/yoast-seo-wordpress\/ -->\n<title>Talleres dirigidos a personas emprendedoras - Iraurgi Berritzen<\/title>\n<meta name=\"robots\" content=\"index, follow, max-snippet:-1, max-image-preview:large, max-video-preview:-1\" \/>\n<link rel=\"canonical\" href=\"https:\/\/iraurgiberritzen.eus\/es\/talleres-dirigidos-a-personas-emprendedoras\/\" \/>\n<meta property=\"og:locale\" content=\"es_ES\" \/>\n<meta property=\"og:type\" content=\"article\" \/>\n<meta property=\"og:title\" content=\"Talleres dirigidos a personas emprendedoras - Iraurgi Berritzen\" \/>\n<meta property=\"og:description\" content=\"\u00bfQuieres poner en marcha un proyecto emprendedor? Ya est\u00e1 abierto el plazo para inscribirse a los talleres DE LA IDEA A LA EMPRESA. Dentro del programa Lanzituz se han organizado dos talleres dirigidos a las personas emprendedoras que quieren poner en marcha un negocio. En el primer taller conocer\u00e1n los impuestos que tienen que pagar [&hellip;]\" \/>\n<meta property=\"og:url\" content=\"https:\/\/iraurgiberritzen.eus\/es\/talleres-dirigidos-a-personas-emprendedoras\/\" \/>\n<meta property=\"og:site_name\" content=\"Iraurgi Berritzen\" \/>\n<meta property=\"article:published_time\" content=\"2019-10-30T06:13:01+00:00\" \/>\n<meta name=\"author\" content=\"kudeatzailea\" \/>\n<meta name=\"twitter:card\" content=\"summary_large_image\" \/>\n<meta name=\"twitter:label1\" content=\"Escrito por\" \/>\n\t<meta name=\"twitter:data1\" content=\"kudeatzailea\" \/>\n\t<meta name=\"twitter:label2\" content=\"Tiempo de lectura\" \/>\n\t<meta name=\"twitter:data2\" content=\"1 minuto\" \/>\n<script type=\"application\/ld+json\" class=\"yoast-schema-graph\">{\"@context\":\"https:\\\/\\\/schema.org\",\"@graph\":[{\"@type\":\"Article\",\"@id\":\"https:\\\/\\\/iraurgiberritzen.eus\\\/es\\\/talleres-dirigidos-a-personas-emprendedoras\\\/#article\",\"isPartOf\":{\"@id\":\"https:\\\/\\\/iraurgiberritzen.eus\\\/es\\\/talleres-dirigidos-a-personas-emprendedoras\\\/\"},\"author\":{\"name\":\"kudeatzailea\",\"@id\":\"https:\\\/\\\/iraurgiberritzen.eus\\\/es\\\/#\\\/schema\\\/person\\\/5ab41aaf388a9097177601ebf45738d2\"},\"headline\":\"Talleres dirigidos a personas emprendedoras\",\"datePublished\":\"2019-10-30T06:13:01+00:00\",\"mainEntityOfPage\":{\"@id\":\"https:\\\/\\\/iraurgiberritzen.eus\\\/es\\\/talleres-dirigidos-a-personas-emprendedoras\\\/\"},\"wordCount\":222,\"publisher\":{\"@id\":\"https:\\\/\\\/iraurgiberritzen.eus\\\/es\\\/#organization\"},\"image\":{\"@id\":\"https:\\\/\\\/iraurgiberritzen.eus\\\/es\\\/talleres-dirigidos-a-personas-emprendedoras\\\/#primaryimage\"},\"thumbnailUrl\":\"https:\\\/\\\/iraurgiberritzen.eus\\\/wp-content\\\/uploads\\\/2023\\\/09\\\/3a9fdfdb8b1a460a423baa85a1a46274.jpg\",\"articleSection\":[\"Noticias\"],\"inLanguage\":\"es\"},{\"@type\":\"WebPage\",\"@id\":\"https:\\\/\\\/iraurgiberritzen.eus\\\/es\\\/talleres-dirigidos-a-personas-emprendedoras\\\/\",\"url\":\"https:\\\/\\\/iraurgiberritzen.eus\\\/es\\\/talleres-dirigidos-a-personas-emprendedoras\\\/\",\"name\":\"Talleres dirigidos a personas emprendedoras - Iraurgi Berritzen\",\"isPartOf\":{\"@id\":\"https:\\\/\\\/iraurgiberritzen.eus\\\/es\\\/#website\"},\"primaryImageOfPage\":{\"@id\":\"https:\\\/\\\/iraurgiberritzen.eus\\\/es\\\/talleres-dirigidos-a-personas-emprendedoras\\\/#primaryimage\"},\"image\":{\"@id\":\"https:\\\/\\\/iraurgiberritzen.eus\\\/es\\\/talleres-dirigidos-a-personas-emprendedoras\\\/#primaryimage\"},\"thumbnailUrl\":\"https:\\\/\\\/iraurgiberritzen.eus\\\/wp-content\\\/uploads\\\/2023\\\/09\\\/3a9fdfdb8b1a460a423baa85a1a46274.jpg\",\"datePublished\":\"2019-10-30T06:13:01+00:00\",\"breadcrumb\":{\"@id\":\"https:\\\/\\\/iraurgiberritzen.eus\\\/es\\\/talleres-dirigidos-a-personas-emprendedoras\\\/#breadcrumb\"},\"inLanguage\":\"es\",\"potentialAction\":[{\"@type\":\"ReadAction\",\"target\":[\"https:\\\/\\\/iraurgiberritzen.eus\\\/es\\\/talleres-dirigidos-a-personas-emprendedoras\\\/\"]}]},{\"@type\":\"ImageObject\",\"inLanguage\":\"es\",\"@id\":\"https:\\\/\\\/iraurgiberritzen.eus\\\/es\\\/talleres-dirigidos-a-personas-emprendedoras\\\/#primaryimage\",\"url\":\"https:\\\/\\\/iraurgiberritzen.eus\\\/wp-content\\\/uploads\\\/2023\\\/09\\\/3a9fdfdb8b1a460a423baa85a1a46274.jpg\",\"contentUrl\":\"https:\\\/\\\/iraurgiberritzen.eus\\\/wp-content\\\/uploads\\\/2023\\\/09\\\/3a9fdfdb8b1a460a423baa85a1a46274.jpg\",\"width\":600,\"height\":386},{\"@type\":\"BreadcrumbList\",\"@id\":\"https:\\\/\\\/iraurgiberritzen.eus\\\/es\\\/talleres-dirigidos-a-personas-emprendedoras\\\/#breadcrumb\",\"itemListElement\":[{\"@type\":\"ListItem\",\"position\":1,\"name\":\"Home\",\"item\":\"https:\\\/\\\/iraurgiberritzen.eus\\\/es\\\/\"},{\"@type\":\"ListItem\",\"position\":2,\"name\":\"Talleres dirigidos a personas emprendedoras\"}]},{\"@type\":\"WebSite\",\"@id\":\"https:\\\/\\\/iraurgiberritzen.eus\\\/es\\\/#website\",\"url\":\"https:\\\/\\\/iraurgiberritzen.eus\\\/es\\\/\",\"name\":\"Iraurgi Berritzen\",\"description\":\"Urola Erdiko Garapen Agentzia\",\"publisher\":{\"@id\":\"https:\\\/\\\/iraurgiberritzen.eus\\\/es\\\/#organization\"},\"potentialAction\":[{\"@type\":\"SearchAction\",\"target\":{\"@type\":\"EntryPoint\",\"urlTemplate\":\"https:\\\/\\\/iraurgiberritzen.eus\\\/es\\\/?s={search_term_string}\"},\"query-input\":{\"@type\":\"PropertyValueSpecification\",\"valueRequired\":true,\"valueName\":\"search_term_string\"}}],\"inLanguage\":\"es\"},{\"@type\":\"Organization\",\"@id\":\"https:\\\/\\\/iraurgiberritzen.eus\\\/es\\\/#organization\",\"name\":\"Iraurgi Berritzen\",\"url\":\"https:\\\/\\\/iraurgiberritzen.eus\\\/es\\\/\",\"logo\":{\"@type\":\"ImageObject\",\"inLanguage\":\"es\",\"@id\":\"https:\\\/\\\/iraurgiberritzen.eus\\\/es\\\/#\\\/schema\\\/logo\\\/image\\\/\",\"url\":\"https:\\\/\\\/iraurgiberritzen.eus\\\/wp-content\\\/uploads\\\/2024\\\/02\\\/IRAURGI-BERRITZEN-logotipoa_2.png\",\"contentUrl\":\"https:\\\/\\\/iraurgiberritzen.eus\\\/wp-content\\\/uploads\\\/2024\\\/02\\\/IRAURGI-BERRITZEN-logotipoa_2.png\",\"width\":496,\"height\":190,\"caption\":\"Iraurgi Berritzen\"},\"image\":{\"@id\":\"https:\\\/\\\/iraurgiberritzen.eus\\\/es\\\/#\\\/schema\\\/logo\\\/image\\\/\"}},{\"@type\":\"Person\",\"@id\":\"https:\\\/\\\/iraurgiberritzen.eus\\\/es\\\/#\\\/schema\\\/person\\\/5ab41aaf388a9097177601ebf45738d2\",\"name\":\"kudeatzailea\",\"sameAs\":[\"https:\\\/\\\/iraurgiberritzen.eus\"]}]}<\/script>\n<!-- \/ Yoast SEO plugin. -->","yoast_head_json":{"title":"Talleres dirigidos a personas emprendedoras - Iraurgi Berritzen","robots":{"index":"index","follow":"follow","max-snippet":"max-snippet:-1","max-image-preview":"max-image-preview:large","max-video-preview":"max-video-preview:-1"},"canonical":"https:\/\/iraurgiberritzen.eus\/es\/talleres-dirigidos-a-personas-emprendedoras\/","og_locale":"es_ES","og_type":"article","og_title":"Talleres dirigidos a personas emprendedoras - Iraurgi Berritzen","og_description":"\u00bfQuieres poner en marcha un proyecto emprendedor? Ya est\u00e1 abierto el plazo para inscribirse a los talleres DE LA IDEA A LA EMPRESA. Dentro del programa Lanzituz se han organizado dos talleres dirigidos a las personas emprendedoras que quieren poner en marcha un negocio. En el primer taller conocer\u00e1n los impuestos que tienen que pagar [&hellip;]","og_url":"https:\/\/iraurgiberritzen.eus\/es\/talleres-dirigidos-a-personas-emprendedoras\/","og_site_name":"Iraurgi Berritzen","article_published_time":"2019-10-30T06:13:01+00:00","author":"kudeatzailea","twitter_card":"summary_large_image","twitter_misc":{"Escrito por":"kudeatzailea","Tiempo de lectura":"1 minuto"},"schema":{"@context":"https:\/\/schema.org","@graph":[{"@type":"Article","@id":"https:\/\/iraurgiberritzen.eus\/es\/talleres-dirigidos-a-personas-emprendedoras\/#article","isPartOf":{"@id":"https:\/\/iraurgiberritzen.eus\/es\/talleres-dirigidos-a-personas-emprendedoras\/"},"author":{"name":"kudeatzailea","@id":"https:\/\/iraurgiberritzen.eus\/es\/#\/schema\/person\/5ab41aaf388a9097177601ebf45738d2"},"headline":"Talleres dirigidos a personas emprendedoras","datePublished":"2019-10-30T06:13:01+00:00","mainEntityOfPage":{"@id":"https:\/\/iraurgiberritzen.eus\/es\/talleres-dirigidos-a-personas-emprendedoras\/"},"wordCount":222,"publisher":{"@id":"https:\/\/iraurgiberritzen.eus\/es\/#organization"},"image":{"@id":"https:\/\/iraurgiberritzen.eus\/es\/talleres-dirigidos-a-personas-emprendedoras\/#primaryimage"},"thumbnailUrl":"https:\/\/iraurgiberritzen.eus\/wp-content\/uploads\/2023\/09\/3a9fdfdb8b1a460a423baa85a1a46274.jpg","articleSection":["Noticias"],"inLanguage":"es"},{"@type":"WebPage","@id":"https:\/\/iraurgiberritzen.eus\/es\/talleres-dirigidos-a-personas-emprendedoras\/","url":"https:\/\/iraurgiberritzen.eus\/es\/talleres-dirigidos-a-personas-emprendedoras\/","name":"Talleres dirigidos a personas emprendedoras - Iraurgi Berritzen","isPartOf":{"@id":"https:\/\/iraurgiberritzen.eus\/es\/#website"},"primaryImageOfPage":{"@id":"https:\/\/iraurgiberritzen.eus\/es\/talleres-dirigidos-a-personas-emprendedoras\/#primaryimage"},"image":{"@id":"https:\/\/iraurgiberritzen.eus\/es\/talleres-dirigidos-a-personas-emprendedoras\/#primaryimage"},"thumbnailUrl":"https:\/\/iraurgiberritzen.eus\/wp-content\/uploads\/2023\/09\/3a9fdfdb8b1a460a423baa85a1a46274.jpg","datePublished":"2019-10-30T06:13:01+00:00","breadcrumb":{"@id":"https:\/\/iraurgiberritzen.eus\/es\/talleres-dirigidos-a-personas-emprendedoras\/#breadcrumb"},"inLanguage":"es","potentialAction":[{"@type":"ReadAction","target":["https:\/\/iraurgiberritzen.eus\/es\/talleres-dirigidos-a-personas-emprendedoras\/"]}]},{"@type":"ImageObject","inLanguage":"es","@id":"https:\/\/iraurgiberritzen.eus\/es\/talleres-dirigidos-a-personas-emprendedoras\/#primaryimage","url":"https:\/\/iraurgiberritzen.eus\/wp-content\/uploads\/2023\/09\/3a9fdfdb8b1a460a423baa85a1a46274.jpg","contentUrl":"https:\/\/iraurgiberritzen.eus\/wp-content\/uploads\/2023\/09\/3a9fdfdb8b1a460a423baa85a1a46274.jpg","width":600,"height":386},{"@type":"BreadcrumbList","@id":"https:\/\/iraurgiberritzen.eus\/es\/talleres-dirigidos-a-personas-emprendedoras\/#breadcrumb","itemListElement":[{"@type":"ListItem","position":1,"name":"Home","item":"https:\/\/iraurgiberritzen.eus\/es\/"},{"@type":"ListItem","position":2,"name":"Talleres dirigidos a personas emprendedoras"}]},{"@type":"WebSite","@id":"https:\/\/iraurgiberritzen.eus\/es\/#website","url":"https:\/\/iraurgiberritzen.eus\/es\/","name":"Iraurgi Berritzen","description":"Urola Erdiko Garapen Agentzia","publisher":{"@id":"https:\/\/iraurgiberritzen.eus\/es\/#organization"},"potentialAction":[{"@type":"SearchAction","target":{"@type":"EntryPoint","urlTemplate":"https:\/\/iraurgiberritzen.eus\/es\/?s={search_term_string}"},"query-input":{"@type":"PropertyValueSpecification","valueRequired":true,"valueName":"search_term_string"}}],"inLanguage":"es"},{"@type":"Organization","@id":"https:\/\/iraurgiberritzen.eus\/es\/#organization","name":"Iraurgi Berritzen","url":"https:\/\/iraurgiberritzen.eus\/es\/","logo":{"@type":"ImageObject","inLanguage":"es","@id":"https:\/\/iraurgiberritzen.eus\/es\/#\/schema\/logo\/image\/","url":"https:\/\/iraurgiberritzen.eus\/wp-content\/uploads\/2024\/02\/IRAURGI-BERRITZEN-logotipoa_2.png","contentUrl":"https:\/\/iraurgiberritzen.eus\/wp-content\/uploads\/2024\/02\/IRAURGI-BERRITZEN-logotipoa_2.png","width":496,"height":190,"caption":"Iraurgi Berritzen"},"image":{"@id":"https:\/\/iraurgiberritzen.eus\/es\/#\/schema\/logo\/image\/"}},{"@type":"Person","@id":"https:\/\/iraurgiberritzen.eus\/es\/#\/schema\/person\/5ab41aaf388a9097177601ebf45738d2","name":"kudeatzailea","sameAs":["https:\/\/iraurgiberritzen.eus"]}]}},"_links":{"self":[{"href":"https:\/\/iraurgiberritzen.eus\/es\/wp-json\/wp\/v2\/posts\/12756","targetHints":{"allow":["GET"]}}],"collection":[{"href":"https:\/\/iraurgiberritzen.eus\/es\/wp-json\/wp\/v2\/posts"}],"about":[{"href":"https:\/\/iraurgiberritzen.eus\/es\/wp-json\/wp\/v2\/types\/post"}],"author":[{"embeddable":true,"href":"https:\/\/iraurgiberritzen.eus\/es\/wp-json\/wp\/v2\/users\/1"}],"replies":[{"embeddable":true,"href":"https:\/\/iraurgiberritzen.eus\/es\/wp-json\/wp\/v2\/comments?post=12756"}],"version-history":[{"count":0,"href":"https:\/\/iraurgiberritzen.eus\/es\/wp-json\/wp\/v2\/posts\/12756\/revisions"}],"wp:featuredmedia":[{"embeddable":true,"href":"https:\/\/iraurgiberritzen.eus\/es\/wp-json\/wp\/v2\/media\/17761"}],"wp:attachment":[{"href":"https:\/\/iraurgiberritzen.eus\/es\/wp-json\/wp\/v2\/media?parent=12756"}],"wp:term":[{"taxonomy":"category","embeddable":true,"href":"https:\/\/iraurgiberritzen.eus\/es\/wp-json\/wp\/v2\/categories?post=12756"},{"taxonomy":"post_tag","embeddable":true,"href":"https:\/\/iraurgiberritzen.eus\/es\/wp-json\/wp\/v2\/tags?post=12756"}],"curies":[{"name":"wp","href":"https:\/\/api.w.org\/{rel}","templated":true}]}}