{"id":12771,"date":"2019-11-21T07:02:28","date_gmt":"2019-11-21T05:02:28","guid":{"rendered":"https:\/\/iraurgiberritzen.eus\/la-interoperabilidad-en-la-industria-por-y-para-que\/"},"modified":"2019-11-21T07:02:28","modified_gmt":"2019-11-21T05:02:28","slug":"la-interoperabilidad-en-la-industria-por-y-para-que","status":"publish","type":"post","link":"https:\/\/iraurgiberritzen.eus\/es\/la-interoperabilidad-en-la-industria-por-y-para-que\/","title":{"rendered":"\u00abLa interoperabilidad en la industria. \u00bfPor y para qu\u00e9?\u00bb"},"content":{"rendered":"<p style=\"text-align: justify;\">El pasado martes 12 de noviembre se celebr\u00f3 en el Palacio Basazabal una jornada sobre \u00abintegraci\u00f3n Horizontal\u00bb e \u00abinteroperabilidad\u00bb bajo el t\u00edtulo \u00abDigitalizaci\u00f3n en la Empresa: La interoperabilidad en la industria, \u00bfpor y para qu\u00e9?\u00bb.<\/p>\n<p style=\"text-align: justify;\">La Jornada se enmarca dentro del proyecto \u00abDigiTek\u00bb que Iraurgi Berritzen ha desarrollado en colaboraci\u00f3n con el <a href=\"http:\/\/www.gaia.es\/index.php?idioma=1\" target=\"_blank\" rel=\"noopener\">Cluster Gaia -Asociaci\u00f3n de Tecnolog\u00edas Electr\u00f3nicas e Industrias de la Informaci\u00f3n de Euskadi-<\/a>, y ha sido financiado por la Diputaci\u00f3n Foral de Gipuzkoa. El proyecto ha tenido como objetivo analizar las capacidades de digitalizaci\u00f3n e interoperabilidad de las empresas ubicadas en la comarca de Urola Erdia y pertenecientes al sector de la m\u00e1quina herramienta.<\/p>\n<p style=\"text-align: justify;\">El evento se estructur\u00f3 en 2 apartados principales. En el primer apartado, adem\u00e1s de trabajar conceptos como \u00abIntegraci\u00f3n Horizontal\u00bb o \u00abiIteroperabilidad\u00bb, se hizo una breve presentaci\u00f3n de la obligaci\u00f3n tributaria \u00abSuministro de Informaci\u00f3n Inmediato\u00bb (SII), actualmente en vigor en la Hacienda Foral de Gipuzkoa. Tom\u00e1s Iriondo, director de Gaia, fue el encargado de sensibilizar sobre la importancia de la digitalizaci\u00f3n y en concreto de la interoperabilidad en la industria. La presentaci\u00f3n del Suministro de Informaci\u00f3n Inmediata (SII) corri\u00f3 a cargo de Arantxa Ariztondo, t\u00e9cnica del \u00abservicio de Gesti\u00f3n de Impuestos Indirectos y Medioambientales\u00bb de la Diputaci\u00f3n Foral de Gipuzkoa. Asimismo, y para finalizar este primer apartado, Iosu Sorazu y Jes\u00fas Ferreira, t\u00e9cnicos de Iraurgi Berritzen y Gaia, se encargaron de presentar las principales conclusiones del diagn\u00f3stico que se ha desarrollado en el proyecto DigiTek.<\/p>\n<p style=\"text-align: justify;\">Una vez presentadas las principales conclusiones del estudio desarrollado en la comarca, se presentaron dos experiencias pr\u00e1cticas sobre interoperabilidad. Por un lado, I\u00f1aki Arretxea present\u00f3 el proyecto que la empresa \u00abSeicar\u00bb (Arekson Group) de Aduna ha desarrollado en los \u00faltimos meses. Por otra parte, Eneida Odriozola comparti\u00f3 con los asistentes como se ha trabajado la integraci\u00f3n horizontal entre cliente-proveedor, entre las empresas \u00abaitek Automation\u00bb y \u00abJuaristi Boring &amp; MIlling Machines\u00bb, ambas pertenecientes a la comarca de Urola Erdia.<\/p>\n<p style=\"text-align: justify;\">Se encarg\u00f3 Bego\u00f1a Beobide, directora de Iraurgi Berritzen, de cerrar el evento reforzando el compromiso de la entidad en trabajar temas de digitalizaci\u00f3n en la industria. En los pr\u00f3ximos meses, la agencia de Desarrollo e Innovaci\u00f3n prev\u00e9 llevar a cabo m\u00e1s acciones en materia de digitalizaci\u00f3n en la industria.<\/p>\n<p style=\"text-align: justify;\"><span style=\"font-family: Arial, Helvetica, sans-serif; font-size: 12.0097px; text-align: justify; background-color: #f9f9f9;\">{myFlickr}photoset_id=72157711872223753{\/myFlickr}<\/span><\/p>\n","protected":false},"excerpt":{"rendered":"<p>El pasado martes 12 de noviembre se celebr\u00f3 en el Palacio Basazabal una jornada sobre \u00abintegraci\u00f3n Horizontal\u00bb e \u00abinteroperabilidad\u00bb bajo el t\u00edtulo \u00abDigitalizaci\u00f3n en la Empresa: La interoperabilidad en la industria, \u00bfpor y para qu\u00e9?\u00bb. La Jornada se enmarca dentro del proyecto \u00abDigiTek\u00bb que Iraurgi Berritzen ha desarrollado en colaboraci\u00f3n con el Cluster Gaia -Asociaci\u00f3n [&hellip;]<\/p>\n","protected":false},"author":1,"featured_media":17766,"comment_status":"","ping_status":"closed","sticky":false,"template":"","format":"standard","meta":{"_acf_changed":false,"footnotes":""},"categories":[4],"tags":[],"class_list":["post-12771","post","type-post","status-publish","format-standard","has-post-thumbnail","hentry","category-noticias"],"acf":[],"yoast_head":"<!-- This site is optimized with the Yoast SEO plugin v27.4 - https:\/\/yoast.com\/product\/yoast-seo-wordpress\/ -->\n<title>&quot;La interoperabilidad en la industria. \u00bfPor y para qu\u00e9?&quot; - Iraurgi Berritzen<\/title>\n<meta name=\"robots\" content=\"index, follow, max-snippet:-1, max-image-preview:large, max-video-preview:-1\" \/>\n<link rel=\"canonical\" href=\"https:\/\/iraurgiberritzen.eus\/es\/la-interoperabilidad-en-la-industria-por-y-para-que\/\" \/>\n<meta property=\"og:locale\" content=\"es_ES\" \/>\n<meta property=\"og:type\" content=\"article\" \/>\n<meta property=\"og:title\" content=\"&quot;La interoperabilidad en la industria. \u00bfPor y para qu\u00e9?&quot; - Iraurgi Berritzen\" \/>\n<meta property=\"og:description\" content=\"El pasado martes 12 de noviembre se celebr\u00f3 en el Palacio Basazabal una jornada sobre \u00abintegraci\u00f3n Horizontal\u00bb e \u00abinteroperabilidad\u00bb bajo el t\u00edtulo \u00abDigitalizaci\u00f3n en la Empresa: La interoperabilidad en la industria, \u00bfpor y para qu\u00e9?\u00bb. La Jornada se enmarca dentro del proyecto \u00abDigiTek\u00bb que Iraurgi Berritzen ha desarrollado en colaboraci\u00f3n con el Cluster Gaia -Asociaci\u00f3n [&hellip;]\" \/>\n<meta property=\"og:url\" content=\"https:\/\/iraurgiberritzen.eus\/es\/la-interoperabilidad-en-la-industria-por-y-para-que\/\" \/>\n<meta property=\"og:site_name\" content=\"Iraurgi Berritzen\" \/>\n<meta property=\"article:published_time\" content=\"2019-11-21T05:02:28+00:00\" \/>\n<meta name=\"author\" content=\"kudeatzailea\" \/>\n<meta name=\"twitter:card\" content=\"summary_large_image\" \/>\n<meta name=\"twitter:label1\" content=\"Escrito por\" \/>\n\t<meta name=\"twitter:data1\" content=\"kudeatzailea\" \/>\n\t<meta name=\"twitter:label2\" content=\"Tiempo de lectura\" \/>\n\t<meta name=\"twitter:data2\" content=\"2 minutos\" \/>\n<script type=\"application\/ld+json\" class=\"yoast-schema-graph\">{\"@context\":\"https:\\\/\\\/schema.org\",\"@graph\":[{\"@type\":\"Article\",\"@id\":\"https:\\\/\\\/iraurgiberritzen.eus\\\/es\\\/la-interoperabilidad-en-la-industria-por-y-para-que\\\/#article\",\"isPartOf\":{\"@id\":\"https:\\\/\\\/iraurgiberritzen.eus\\\/es\\\/la-interoperabilidad-en-la-industria-por-y-para-que\\\/\"},\"author\":{\"name\":\"kudeatzailea\",\"@id\":\"https:\\\/\\\/iraurgiberritzen.eus\\\/es\\\/#\\\/schema\\\/person\\\/5ab41aaf388a9097177601ebf45738d2\"},\"headline\":\"\u00abLa interoperabilidad en la industria. \u00bfPor y para qu\u00e9?\u00bb\",\"datePublished\":\"2019-11-21T05:02:28+00:00\",\"mainEntityOfPage\":{\"@id\":\"https:\\\/\\\/iraurgiberritzen.eus\\\/es\\\/la-interoperabilidad-en-la-industria-por-y-para-que\\\/\"},\"wordCount\":413,\"publisher\":{\"@id\":\"https:\\\/\\\/iraurgiberritzen.eus\\\/es\\\/#organization\"},\"image\":{\"@id\":\"https:\\\/\\\/iraurgiberritzen.eus\\\/es\\\/la-interoperabilidad-en-la-industria-por-y-para-que\\\/#primaryimage\"},\"thumbnailUrl\":\"https:\\\/\\\/iraurgiberritzen.eus\\\/wp-content\\\/uploads\\\/2023\\\/09\\\/60095eb5824669bc8a1e99665c2e3a96.jpg\",\"articleSection\":[\"Noticias\"],\"inLanguage\":\"es\"},{\"@type\":\"WebPage\",\"@id\":\"https:\\\/\\\/iraurgiberritzen.eus\\\/es\\\/la-interoperabilidad-en-la-industria-por-y-para-que\\\/\",\"url\":\"https:\\\/\\\/iraurgiberritzen.eus\\\/es\\\/la-interoperabilidad-en-la-industria-por-y-para-que\\\/\",\"name\":\"\\\"La interoperabilidad en la industria. \u00bfPor y para qu\u00e9?\\\" - Iraurgi Berritzen\",\"isPartOf\":{\"@id\":\"https:\\\/\\\/iraurgiberritzen.eus\\\/es\\\/#website\"},\"primaryImageOfPage\":{\"@id\":\"https:\\\/\\\/iraurgiberritzen.eus\\\/es\\\/la-interoperabilidad-en-la-industria-por-y-para-que\\\/#primaryimage\"},\"image\":{\"@id\":\"https:\\\/\\\/iraurgiberritzen.eus\\\/es\\\/la-interoperabilidad-en-la-industria-por-y-para-que\\\/#primaryimage\"},\"thumbnailUrl\":\"https:\\\/\\\/iraurgiberritzen.eus\\\/wp-content\\\/uploads\\\/2023\\\/09\\\/60095eb5824669bc8a1e99665c2e3a96.jpg\",\"datePublished\":\"2019-11-21T05:02:28+00:00\",\"breadcrumb\":{\"@id\":\"https:\\\/\\\/iraurgiberritzen.eus\\\/es\\\/la-interoperabilidad-en-la-industria-por-y-para-que\\\/#breadcrumb\"},\"inLanguage\":\"es\",\"potentialAction\":[{\"@type\":\"ReadAction\",\"target\":[\"https:\\\/\\\/iraurgiberritzen.eus\\\/es\\\/la-interoperabilidad-en-la-industria-por-y-para-que\\\/\"]}]},{\"@type\":\"ImageObject\",\"inLanguage\":\"es\",\"@id\":\"https:\\\/\\\/iraurgiberritzen.eus\\\/es\\\/la-interoperabilidad-en-la-industria-por-y-para-que\\\/#primaryimage\",\"url\":\"https:\\\/\\\/iraurgiberritzen.eus\\\/wp-content\\\/uploads\\\/2023\\\/09\\\/60095eb5824669bc8a1e99665c2e3a96.jpg\",\"contentUrl\":\"https:\\\/\\\/iraurgiberritzen.eus\\\/wp-content\\\/uploads\\\/2023\\\/09\\\/60095eb5824669bc8a1e99665c2e3a96.jpg\",\"width\":600,\"height\":386},{\"@type\":\"BreadcrumbList\",\"@id\":\"https:\\\/\\\/iraurgiberritzen.eus\\\/es\\\/la-interoperabilidad-en-la-industria-por-y-para-que\\\/#breadcrumb\",\"itemListElement\":[{\"@type\":\"ListItem\",\"position\":1,\"name\":\"Home\",\"item\":\"https:\\\/\\\/iraurgiberritzen.eus\\\/es\\\/\"},{\"@type\":\"ListItem\",\"position\":2,\"name\":\"&#8220;La interoperabilidad en la industria. \u00bfPor y para qu\u00e9?&#8221;\"}]},{\"@type\":\"WebSite\",\"@id\":\"https:\\\/\\\/iraurgiberritzen.eus\\\/es\\\/#website\",\"url\":\"https:\\\/\\\/iraurgiberritzen.eus\\\/es\\\/\",\"name\":\"Iraurgi Berritzen\",\"description\":\"Urola Erdiko Garapen Agentzia\",\"publisher\":{\"@id\":\"https:\\\/\\\/iraurgiberritzen.eus\\\/es\\\/#organization\"},\"potentialAction\":[{\"@type\":\"SearchAction\",\"target\":{\"@type\":\"EntryPoint\",\"urlTemplate\":\"https:\\\/\\\/iraurgiberritzen.eus\\\/es\\\/?s={search_term_string}\"},\"query-input\":{\"@type\":\"PropertyValueSpecification\",\"valueRequired\":true,\"valueName\":\"search_term_string\"}}],\"inLanguage\":\"es\"},{\"@type\":\"Organization\",\"@id\":\"https:\\\/\\\/iraurgiberritzen.eus\\\/es\\\/#organization\",\"name\":\"Iraurgi Berritzen\",\"url\":\"https:\\\/\\\/iraurgiberritzen.eus\\\/es\\\/\",\"logo\":{\"@type\":\"ImageObject\",\"inLanguage\":\"es\",\"@id\":\"https:\\\/\\\/iraurgiberritzen.eus\\\/es\\\/#\\\/schema\\\/logo\\\/image\\\/\",\"url\":\"https:\\\/\\\/iraurgiberritzen.eus\\\/wp-content\\\/uploads\\\/2024\\\/02\\\/IRAURGI-BERRITZEN-logotipoa_2.png\",\"contentUrl\":\"https:\\\/\\\/iraurgiberritzen.eus\\\/wp-content\\\/uploads\\\/2024\\\/02\\\/IRAURGI-BERRITZEN-logotipoa_2.png\",\"width\":496,\"height\":190,\"caption\":\"Iraurgi Berritzen\"},\"image\":{\"@id\":\"https:\\\/\\\/iraurgiberritzen.eus\\\/es\\\/#\\\/schema\\\/logo\\\/image\\\/\"}},{\"@type\":\"Person\",\"@id\":\"https:\\\/\\\/iraurgiberritzen.eus\\\/es\\\/#\\\/schema\\\/person\\\/5ab41aaf388a9097177601ebf45738d2\",\"name\":\"kudeatzailea\",\"sameAs\":[\"https:\\\/\\\/iraurgiberritzen.eus\"]}]}<\/script>\n<!-- \/ Yoast SEO plugin. -->","yoast_head_json":{"title":"\"La interoperabilidad en la industria. \u00bfPor y para qu\u00e9?\" - Iraurgi Berritzen","robots":{"index":"index","follow":"follow","max-snippet":"max-snippet:-1","max-image-preview":"max-image-preview:large","max-video-preview":"max-video-preview:-1"},"canonical":"https:\/\/iraurgiberritzen.eus\/es\/la-interoperabilidad-en-la-industria-por-y-para-que\/","og_locale":"es_ES","og_type":"article","og_title":"\"La interoperabilidad en la industria. \u00bfPor y para qu\u00e9?\" - Iraurgi Berritzen","og_description":"El pasado martes 12 de noviembre se celebr\u00f3 en el Palacio Basazabal una jornada sobre \u00abintegraci\u00f3n Horizontal\u00bb e \u00abinteroperabilidad\u00bb bajo el t\u00edtulo \u00abDigitalizaci\u00f3n en la Empresa: La interoperabilidad en la industria, \u00bfpor y para qu\u00e9?\u00bb. La Jornada se enmarca dentro del proyecto \u00abDigiTek\u00bb que Iraurgi Berritzen ha desarrollado en colaboraci\u00f3n con el Cluster Gaia -Asociaci\u00f3n [&hellip;]","og_url":"https:\/\/iraurgiberritzen.eus\/es\/la-interoperabilidad-en-la-industria-por-y-para-que\/","og_site_name":"Iraurgi Berritzen","article_published_time":"2019-11-21T05:02:28+00:00","author":"kudeatzailea","twitter_card":"summary_large_image","twitter_misc":{"Escrito por":"kudeatzailea","Tiempo de lectura":"2 minutos"},"schema":{"@context":"https:\/\/schema.org","@graph":[{"@type":"Article","@id":"https:\/\/iraurgiberritzen.eus\/es\/la-interoperabilidad-en-la-industria-por-y-para-que\/#article","isPartOf":{"@id":"https:\/\/iraurgiberritzen.eus\/es\/la-interoperabilidad-en-la-industria-por-y-para-que\/"},"author":{"name":"kudeatzailea","@id":"https:\/\/iraurgiberritzen.eus\/es\/#\/schema\/person\/5ab41aaf388a9097177601ebf45738d2"},"headline":"\u00abLa interoperabilidad en la industria. \u00bfPor y para qu\u00e9?\u00bb","datePublished":"2019-11-21T05:02:28+00:00","mainEntityOfPage":{"@id":"https:\/\/iraurgiberritzen.eus\/es\/la-interoperabilidad-en-la-industria-por-y-para-que\/"},"wordCount":413,"publisher":{"@id":"https:\/\/iraurgiberritzen.eus\/es\/#organization"},"image":{"@id":"https:\/\/iraurgiberritzen.eus\/es\/la-interoperabilidad-en-la-industria-por-y-para-que\/#primaryimage"},"thumbnailUrl":"https:\/\/iraurgiberritzen.eus\/wp-content\/uploads\/2023\/09\/60095eb5824669bc8a1e99665c2e3a96.jpg","articleSection":["Noticias"],"inLanguage":"es"},{"@type":"WebPage","@id":"https:\/\/iraurgiberritzen.eus\/es\/la-interoperabilidad-en-la-industria-por-y-para-que\/","url":"https:\/\/iraurgiberritzen.eus\/es\/la-interoperabilidad-en-la-industria-por-y-para-que\/","name":"\"La interoperabilidad en la industria. \u00bfPor y para qu\u00e9?\" - Iraurgi Berritzen","isPartOf":{"@id":"https:\/\/iraurgiberritzen.eus\/es\/#website"},"primaryImageOfPage":{"@id":"https:\/\/iraurgiberritzen.eus\/es\/la-interoperabilidad-en-la-industria-por-y-para-que\/#primaryimage"},"image":{"@id":"https:\/\/iraurgiberritzen.eus\/es\/la-interoperabilidad-en-la-industria-por-y-para-que\/#primaryimage"},"thumbnailUrl":"https:\/\/iraurgiberritzen.eus\/wp-content\/uploads\/2023\/09\/60095eb5824669bc8a1e99665c2e3a96.jpg","datePublished":"2019-11-21T05:02:28+00:00","breadcrumb":{"@id":"https:\/\/iraurgiberritzen.eus\/es\/la-interoperabilidad-en-la-industria-por-y-para-que\/#breadcrumb"},"inLanguage":"es","potentialAction":[{"@type":"ReadAction","target":["https:\/\/iraurgiberritzen.eus\/es\/la-interoperabilidad-en-la-industria-por-y-para-que\/"]}]},{"@type":"ImageObject","inLanguage":"es","@id":"https:\/\/iraurgiberritzen.eus\/es\/la-interoperabilidad-en-la-industria-por-y-para-que\/#primaryimage","url":"https:\/\/iraurgiberritzen.eus\/wp-content\/uploads\/2023\/09\/60095eb5824669bc8a1e99665c2e3a96.jpg","contentUrl":"https:\/\/iraurgiberritzen.eus\/wp-content\/uploads\/2023\/09\/60095eb5824669bc8a1e99665c2e3a96.jpg","width":600,"height":386},{"@type":"BreadcrumbList","@id":"https:\/\/iraurgiberritzen.eus\/es\/la-interoperabilidad-en-la-industria-por-y-para-que\/#breadcrumb","itemListElement":[{"@type":"ListItem","position":1,"name":"Home","item":"https:\/\/iraurgiberritzen.eus\/es\/"},{"@type":"ListItem","position":2,"name":"&#8220;La interoperabilidad en la industria. \u00bfPor y para qu\u00e9?&#8221;"}]},{"@type":"WebSite","@id":"https:\/\/iraurgiberritzen.eus\/es\/#website","url":"https:\/\/iraurgiberritzen.eus\/es\/","name":"Iraurgi Berritzen","description":"Urola Erdiko Garapen Agentzia","publisher":{"@id":"https:\/\/iraurgiberritzen.eus\/es\/#organization"},"potentialAction":[{"@type":"SearchAction","target":{"@type":"EntryPoint","urlTemplate":"https:\/\/iraurgiberritzen.eus\/es\/?s={search_term_string}"},"query-input":{"@type":"PropertyValueSpecification","valueRequired":true,"valueName":"search_term_string"}}],"inLanguage":"es"},{"@type":"Organization","@id":"https:\/\/iraurgiberritzen.eus\/es\/#organization","name":"Iraurgi Berritzen","url":"https:\/\/iraurgiberritzen.eus\/es\/","logo":{"@type":"ImageObject","inLanguage":"es","@id":"https:\/\/iraurgiberritzen.eus\/es\/#\/schema\/logo\/image\/","url":"https:\/\/iraurgiberritzen.eus\/wp-content\/uploads\/2024\/02\/IRAURGI-BERRITZEN-logotipoa_2.png","contentUrl":"https:\/\/iraurgiberritzen.eus\/wp-content\/uploads\/2024\/02\/IRAURGI-BERRITZEN-logotipoa_2.png","width":496,"height":190,"caption":"Iraurgi Berritzen"},"image":{"@id":"https:\/\/iraurgiberritzen.eus\/es\/#\/schema\/logo\/image\/"}},{"@type":"Person","@id":"https:\/\/iraurgiberritzen.eus\/es\/#\/schema\/person\/5ab41aaf388a9097177601ebf45738d2","name":"kudeatzailea","sameAs":["https:\/\/iraurgiberritzen.eus"]}]}},"_links":{"self":[{"href":"https:\/\/iraurgiberritzen.eus\/es\/wp-json\/wp\/v2\/posts\/12771","targetHints":{"allow":["GET"]}}],"collection":[{"href":"https:\/\/iraurgiberritzen.eus\/es\/wp-json\/wp\/v2\/posts"}],"about":[{"href":"https:\/\/iraurgiberritzen.eus\/es\/wp-json\/wp\/v2\/types\/post"}],"author":[{"embeddable":true,"href":"https:\/\/iraurgiberritzen.eus\/es\/wp-json\/wp\/v2\/users\/1"}],"replies":[{"embeddable":true,"href":"https:\/\/iraurgiberritzen.eus\/es\/wp-json\/wp\/v2\/comments?post=12771"}],"version-history":[{"count":0,"href":"https:\/\/iraurgiberritzen.eus\/es\/wp-json\/wp\/v2\/posts\/12771\/revisions"}],"wp:featuredmedia":[{"embeddable":true,"href":"https:\/\/iraurgiberritzen.eus\/es\/wp-json\/wp\/v2\/media\/17766"}],"wp:attachment":[{"href":"https:\/\/iraurgiberritzen.eus\/es\/wp-json\/wp\/v2\/media?parent=12771"}],"wp:term":[{"taxonomy":"category","embeddable":true,"href":"https:\/\/iraurgiberritzen.eus\/es\/wp-json\/wp\/v2\/categories?post=12771"},{"taxonomy":"post_tag","embeddable":true,"href":"https:\/\/iraurgiberritzen.eus\/es\/wp-json\/wp\/v2\/tags?post=12771"}],"curies":[{"name":"wp","href":"https:\/\/api.w.org\/{rel}","templated":true}]}}