{"id":12776,"date":"2019-11-25T11:47:02","date_gmt":"2019-11-25T09:47:02","guid":{"rendered":"https:\/\/iraurgiberritzen.eus\/formacion-relaciones-con-la-administracion-ley-de-contratacion-publica\/"},"modified":"2019-11-25T11:47:02","modified_gmt":"2019-11-25T09:47:02","slug":"formacion-relaciones-con-la-administracion-ley-de-contratacion-publica","status":"publish","type":"post","link":"https:\/\/iraurgiberritzen.eus\/es\/formacion-relaciones-con-la-administracion-ley-de-contratacion-publica\/","title":{"rendered":"Formaci\u00f3n: Relaciones con la Administraci\u00f3n &#8211; Ley de Contrataci\u00f3n P\u00fablica"},"content":{"rendered":"<p style=\"text-align: justify;\">Estamos ante un fen\u00f3meno que se est\u00e1 dando en los ayuntamientos de la comarca; en las obras y licitaciones que publican, observan dificultades y carencias en las empresas de la comarca, y como consecuencia de ello, muchas de las licitaciones, se adjudican a empresas de fuera de la comarca o a empresas medianas \u2013 grandes.<\/p>\n<p style=\"text-align: justify;\">Tratando de dar una respuesta a esta situaci\u00f3n, se ha dise\u00f1ado una formaci\u00f3n, de la mano de Francisco Javier V\u00e1zquez Matilla, experto en temas de contrataci\u00f3n p\u00fablica.<\/p>\n<p style=\"text-align: justify;\">Cu\u00e1l es el <strong>objetivo<\/strong> de esta formaci\u00f3n? En general sensibilizar y m\u00e1s concretamente, informar a las empresas de construcci\u00f3n sobre los procedimientos a seguir para contratar con la administraci\u00f3n p\u00fablica, y que por s\u00ed mismas, las empresas sean capaces de decidir si contratan con la administraci\u00f3n y puede ser una oportunidad de negocio para ellos.<\/p>\n<p style=\"text-align: justify;\">Por otra parte, informar a las asesor\u00edas sobre los procedimientos a seguir, ya que muchas veces son ellos quienes gestionan estos procedimientos administrativos, y tienen una relaci\u00f3n directa con estas empresas de construcci\u00f3n y pueden realizar una labor de prescripci\u00f3n con las empresas anim\u00e1ndolas a contratar con la administraci\u00f3n p\u00fablica.<\/p>\n<p style=\"text-align: justify;\">La formaci\u00f3n tendr\u00e1 una duraci\u00f3n de 4 horas y estar\u00e1 dividida en 2 partes:<\/p>\n<ul style=\"text-align: justify;\">\n<li>Introducci\u00f3n. Conceptos administrativos.<\/li>\n<li>Se analizar\u00e1 y tratara de completar un procedimiento abierto, tratando de solventar las dudas que se plantean por los asistentes.<\/li>\n<\/ul>\n<p style=\"text-align: justify;\">Esta formaci\u00f3n, se encuadra dentro del convenio que el Ayuntamiento de Azpeitia tiene con DeustoBide y se hace extensivo a las empresas de la comarca, gracias a la colaboraci\u00f3n de los Ayuntamientos de Azkoitia, Azpeitia y Zestoa.<\/p>\n<p style=\"text-align: center;\">Cu\u00e1ndo: 12 de Diciembre, de 9:30 a 13:30 horas.<br \/>D\u00f3nde: Palacio Basazabal, Azpeitia.<br \/>Qui\u00e9n: Francisco Javier V\u00e1zquez Matilla. Experto en Contrataci\u00f3n P\u00fablica.<\/p>\n<p style=\"text-align: justify;\">Para participar es necesario inscribirse:<\/p>\n<p style=\"text-align: justify;\">Olatz Iriarte; <a href=\"mailto:formazioabasazabal@azpeitia.eus\">formazioabasazabal@azpeitia.eus<\/a>&nbsp;943547983<\/p>\n<p style=\"text-align: justify;\">Alazne Larra\u00f1aga; <a href=\"mailto:alarranaga@iraurgiberritzen.eus\">alarranaga@iraurgiberritzen.eus<\/a>&nbsp;688718777<\/p>\n","protected":false},"excerpt":{"rendered":"<p>Estamos ante un fen\u00f3meno que se est\u00e1 dando en los ayuntamientos de la comarca; en las obras y licitaciones que publican, observan dificultades y carencias en las empresas de la comarca, y como consecuencia de ello, muchas de las licitaciones, se adjudican a empresas de fuera de la comarca o a empresas medianas \u2013 grandes. [&hellip;]<\/p>\n","protected":false},"author":1,"featured_media":0,"comment_status":"","ping_status":"closed","sticky":false,"template":"","format":"standard","meta":{"_acf_changed":false,"footnotes":""},"categories":[4],"tags":[],"class_list":["post-12776","post","type-post","status-publish","format-standard","hentry","category-noticias"],"acf":[],"yoast_head":"<!-- This site is optimized with the Yoast SEO plugin v27.4 - https:\/\/yoast.com\/product\/yoast-seo-wordpress\/ -->\n<title>Formaci\u00f3n: Relaciones con la Administraci\u00f3n - Ley de Contrataci\u00f3n P\u00fablica - Iraurgi Berritzen<\/title>\n<meta name=\"robots\" content=\"index, follow, max-snippet:-1, max-image-preview:large, max-video-preview:-1\" \/>\n<link rel=\"canonical\" href=\"https:\/\/iraurgiberritzen.eus\/es\/formacion-relaciones-con-la-administracion-ley-de-contratacion-publica\/\" \/>\n<meta property=\"og:locale\" content=\"es_ES\" \/>\n<meta property=\"og:type\" content=\"article\" \/>\n<meta property=\"og:title\" content=\"Formaci\u00f3n: Relaciones con la Administraci\u00f3n - Ley de Contrataci\u00f3n P\u00fablica - Iraurgi Berritzen\" \/>\n<meta property=\"og:description\" content=\"Estamos ante un fen\u00f3meno que se est\u00e1 dando en los ayuntamientos de la comarca; en las obras y licitaciones que publican, observan dificultades y carencias en las empresas de la comarca, y como consecuencia de ello, muchas de las licitaciones, se adjudican a empresas de fuera de la comarca o a empresas medianas \u2013 grandes. [&hellip;]\" \/>\n<meta property=\"og:url\" content=\"https:\/\/iraurgiberritzen.eus\/es\/formacion-relaciones-con-la-administracion-ley-de-contratacion-publica\/\" \/>\n<meta property=\"og:site_name\" content=\"Iraurgi Berritzen\" \/>\n<meta property=\"article:published_time\" content=\"2019-11-25T09:47:02+00:00\" \/>\n<meta name=\"author\" content=\"kudeatzailea\" \/>\n<meta name=\"twitter:card\" content=\"summary_large_image\" \/>\n<meta name=\"twitter:label1\" content=\"Escrito por\" \/>\n\t<meta name=\"twitter:data1\" content=\"kudeatzailea\" \/>\n\t<meta name=\"twitter:label2\" content=\"Tiempo de lectura\" \/>\n\t<meta name=\"twitter:data2\" content=\"2 minutos\" \/>\n<script type=\"application\/ld+json\" class=\"yoast-schema-graph\">{\"@context\":\"https:\\\/\\\/schema.org\",\"@graph\":[{\"@type\":\"Article\",\"@id\":\"https:\\\/\\\/iraurgiberritzen.eus\\\/es\\\/formacion-relaciones-con-la-administracion-ley-de-contratacion-publica\\\/#article\",\"isPartOf\":{\"@id\":\"https:\\\/\\\/iraurgiberritzen.eus\\\/es\\\/formacion-relaciones-con-la-administracion-ley-de-contratacion-publica\\\/\"},\"author\":{\"name\":\"kudeatzailea\",\"@id\":\"https:\\\/\\\/iraurgiberritzen.eus\\\/es\\\/#\\\/schema\\\/person\\\/5ab41aaf388a9097177601ebf45738d2\"},\"headline\":\"Formaci\u00f3n: Relaciones con la Administraci\u00f3n &#8211; Ley de Contrataci\u00f3n P\u00fablica\",\"datePublished\":\"2019-11-25T09:47:02+00:00\",\"mainEntityOfPage\":{\"@id\":\"https:\\\/\\\/iraurgiberritzen.eus\\\/es\\\/formacion-relaciones-con-la-administracion-ley-de-contratacion-publica\\\/\"},\"wordCount\":341,\"publisher\":{\"@id\":\"https:\\\/\\\/iraurgiberritzen.eus\\\/es\\\/#organization\"},\"articleSection\":[\"Noticias\"],\"inLanguage\":\"es\"},{\"@type\":\"WebPage\",\"@id\":\"https:\\\/\\\/iraurgiberritzen.eus\\\/es\\\/formacion-relaciones-con-la-administracion-ley-de-contratacion-publica\\\/\",\"url\":\"https:\\\/\\\/iraurgiberritzen.eus\\\/es\\\/formacion-relaciones-con-la-administracion-ley-de-contratacion-publica\\\/\",\"name\":\"Formaci\u00f3n: Relaciones con la Administraci\u00f3n - Ley de Contrataci\u00f3n P\u00fablica - Iraurgi Berritzen\",\"isPartOf\":{\"@id\":\"https:\\\/\\\/iraurgiberritzen.eus\\\/es\\\/#website\"},\"datePublished\":\"2019-11-25T09:47:02+00:00\",\"breadcrumb\":{\"@id\":\"https:\\\/\\\/iraurgiberritzen.eus\\\/es\\\/formacion-relaciones-con-la-administracion-ley-de-contratacion-publica\\\/#breadcrumb\"},\"inLanguage\":\"es\",\"potentialAction\":[{\"@type\":\"ReadAction\",\"target\":[\"https:\\\/\\\/iraurgiberritzen.eus\\\/es\\\/formacion-relaciones-con-la-administracion-ley-de-contratacion-publica\\\/\"]}]},{\"@type\":\"BreadcrumbList\",\"@id\":\"https:\\\/\\\/iraurgiberritzen.eus\\\/es\\\/formacion-relaciones-con-la-administracion-ley-de-contratacion-publica\\\/#breadcrumb\",\"itemListElement\":[{\"@type\":\"ListItem\",\"position\":1,\"name\":\"Home\",\"item\":\"https:\\\/\\\/iraurgiberritzen.eus\\\/es\\\/\"},{\"@type\":\"ListItem\",\"position\":2,\"name\":\"Formaci\u00f3n: Relaciones con la Administraci\u00f3n &#8211; Ley de Contrataci\u00f3n P\u00fablica\"}]},{\"@type\":\"WebSite\",\"@id\":\"https:\\\/\\\/iraurgiberritzen.eus\\\/es\\\/#website\",\"url\":\"https:\\\/\\\/iraurgiberritzen.eus\\\/es\\\/\",\"name\":\"Iraurgi Berritzen\",\"description\":\"Urola Erdiko Garapen Agentzia\",\"publisher\":{\"@id\":\"https:\\\/\\\/iraurgiberritzen.eus\\\/es\\\/#organization\"},\"potentialAction\":[{\"@type\":\"SearchAction\",\"target\":{\"@type\":\"EntryPoint\",\"urlTemplate\":\"https:\\\/\\\/iraurgiberritzen.eus\\\/es\\\/?s={search_term_string}\"},\"query-input\":{\"@type\":\"PropertyValueSpecification\",\"valueRequired\":true,\"valueName\":\"search_term_string\"}}],\"inLanguage\":\"es\"},{\"@type\":\"Organization\",\"@id\":\"https:\\\/\\\/iraurgiberritzen.eus\\\/es\\\/#organization\",\"name\":\"Iraurgi Berritzen\",\"url\":\"https:\\\/\\\/iraurgiberritzen.eus\\\/es\\\/\",\"logo\":{\"@type\":\"ImageObject\",\"inLanguage\":\"es\",\"@id\":\"https:\\\/\\\/iraurgiberritzen.eus\\\/es\\\/#\\\/schema\\\/logo\\\/image\\\/\",\"url\":\"https:\\\/\\\/iraurgiberritzen.eus\\\/wp-content\\\/uploads\\\/2024\\\/02\\\/IRAURGI-BERRITZEN-logotipoa_2.png\",\"contentUrl\":\"https:\\\/\\\/iraurgiberritzen.eus\\\/wp-content\\\/uploads\\\/2024\\\/02\\\/IRAURGI-BERRITZEN-logotipoa_2.png\",\"width\":496,\"height\":190,\"caption\":\"Iraurgi Berritzen\"},\"image\":{\"@id\":\"https:\\\/\\\/iraurgiberritzen.eus\\\/es\\\/#\\\/schema\\\/logo\\\/image\\\/\"}},{\"@type\":\"Person\",\"@id\":\"https:\\\/\\\/iraurgiberritzen.eus\\\/es\\\/#\\\/schema\\\/person\\\/5ab41aaf388a9097177601ebf45738d2\",\"name\":\"kudeatzailea\",\"sameAs\":[\"https:\\\/\\\/iraurgiberritzen.eus\"]}]}<\/script>\n<!-- \/ Yoast SEO plugin. -->","yoast_head_json":{"title":"Formaci\u00f3n: Relaciones con la Administraci\u00f3n - Ley de Contrataci\u00f3n P\u00fablica - Iraurgi Berritzen","robots":{"index":"index","follow":"follow","max-snippet":"max-snippet:-1","max-image-preview":"max-image-preview:large","max-video-preview":"max-video-preview:-1"},"canonical":"https:\/\/iraurgiberritzen.eus\/es\/formacion-relaciones-con-la-administracion-ley-de-contratacion-publica\/","og_locale":"es_ES","og_type":"article","og_title":"Formaci\u00f3n: Relaciones con la Administraci\u00f3n - Ley de Contrataci\u00f3n P\u00fablica - Iraurgi Berritzen","og_description":"Estamos ante un fen\u00f3meno que se est\u00e1 dando en los ayuntamientos de la comarca; en las obras y licitaciones que publican, observan dificultades y carencias en las empresas de la comarca, y como consecuencia de ello, muchas de las licitaciones, se adjudican a empresas de fuera de la comarca o a empresas medianas \u2013 grandes. [&hellip;]","og_url":"https:\/\/iraurgiberritzen.eus\/es\/formacion-relaciones-con-la-administracion-ley-de-contratacion-publica\/","og_site_name":"Iraurgi Berritzen","article_published_time":"2019-11-25T09:47:02+00:00","author":"kudeatzailea","twitter_card":"summary_large_image","twitter_misc":{"Escrito por":"kudeatzailea","Tiempo de lectura":"2 minutos"},"schema":{"@context":"https:\/\/schema.org","@graph":[{"@type":"Article","@id":"https:\/\/iraurgiberritzen.eus\/es\/formacion-relaciones-con-la-administracion-ley-de-contratacion-publica\/#article","isPartOf":{"@id":"https:\/\/iraurgiberritzen.eus\/es\/formacion-relaciones-con-la-administracion-ley-de-contratacion-publica\/"},"author":{"name":"kudeatzailea","@id":"https:\/\/iraurgiberritzen.eus\/es\/#\/schema\/person\/5ab41aaf388a9097177601ebf45738d2"},"headline":"Formaci\u00f3n: Relaciones con la Administraci\u00f3n &#8211; Ley de Contrataci\u00f3n P\u00fablica","datePublished":"2019-11-25T09:47:02+00:00","mainEntityOfPage":{"@id":"https:\/\/iraurgiberritzen.eus\/es\/formacion-relaciones-con-la-administracion-ley-de-contratacion-publica\/"},"wordCount":341,"publisher":{"@id":"https:\/\/iraurgiberritzen.eus\/es\/#organization"},"articleSection":["Noticias"],"inLanguage":"es"},{"@type":"WebPage","@id":"https:\/\/iraurgiberritzen.eus\/es\/formacion-relaciones-con-la-administracion-ley-de-contratacion-publica\/","url":"https:\/\/iraurgiberritzen.eus\/es\/formacion-relaciones-con-la-administracion-ley-de-contratacion-publica\/","name":"Formaci\u00f3n: Relaciones con la Administraci\u00f3n - Ley de Contrataci\u00f3n P\u00fablica - Iraurgi Berritzen","isPartOf":{"@id":"https:\/\/iraurgiberritzen.eus\/es\/#website"},"datePublished":"2019-11-25T09:47:02+00:00","breadcrumb":{"@id":"https:\/\/iraurgiberritzen.eus\/es\/formacion-relaciones-con-la-administracion-ley-de-contratacion-publica\/#breadcrumb"},"inLanguage":"es","potentialAction":[{"@type":"ReadAction","target":["https:\/\/iraurgiberritzen.eus\/es\/formacion-relaciones-con-la-administracion-ley-de-contratacion-publica\/"]}]},{"@type":"BreadcrumbList","@id":"https:\/\/iraurgiberritzen.eus\/es\/formacion-relaciones-con-la-administracion-ley-de-contratacion-publica\/#breadcrumb","itemListElement":[{"@type":"ListItem","position":1,"name":"Home","item":"https:\/\/iraurgiberritzen.eus\/es\/"},{"@type":"ListItem","position":2,"name":"Formaci\u00f3n: Relaciones con la Administraci\u00f3n &#8211; Ley de Contrataci\u00f3n P\u00fablica"}]},{"@type":"WebSite","@id":"https:\/\/iraurgiberritzen.eus\/es\/#website","url":"https:\/\/iraurgiberritzen.eus\/es\/","name":"Iraurgi Berritzen","description":"Urola Erdiko Garapen Agentzia","publisher":{"@id":"https:\/\/iraurgiberritzen.eus\/es\/#organization"},"potentialAction":[{"@type":"SearchAction","target":{"@type":"EntryPoint","urlTemplate":"https:\/\/iraurgiberritzen.eus\/es\/?s={search_term_string}"},"query-input":{"@type":"PropertyValueSpecification","valueRequired":true,"valueName":"search_term_string"}}],"inLanguage":"es"},{"@type":"Organization","@id":"https:\/\/iraurgiberritzen.eus\/es\/#organization","name":"Iraurgi Berritzen","url":"https:\/\/iraurgiberritzen.eus\/es\/","logo":{"@type":"ImageObject","inLanguage":"es","@id":"https:\/\/iraurgiberritzen.eus\/es\/#\/schema\/logo\/image\/","url":"https:\/\/iraurgiberritzen.eus\/wp-content\/uploads\/2024\/02\/IRAURGI-BERRITZEN-logotipoa_2.png","contentUrl":"https:\/\/iraurgiberritzen.eus\/wp-content\/uploads\/2024\/02\/IRAURGI-BERRITZEN-logotipoa_2.png","width":496,"height":190,"caption":"Iraurgi Berritzen"},"image":{"@id":"https:\/\/iraurgiberritzen.eus\/es\/#\/schema\/logo\/image\/"}},{"@type":"Person","@id":"https:\/\/iraurgiberritzen.eus\/es\/#\/schema\/person\/5ab41aaf388a9097177601ebf45738d2","name":"kudeatzailea","sameAs":["https:\/\/iraurgiberritzen.eus"]}]}},"_links":{"self":[{"href":"https:\/\/iraurgiberritzen.eus\/es\/wp-json\/wp\/v2\/posts\/12776","targetHints":{"allow":["GET"]}}],"collection":[{"href":"https:\/\/iraurgiberritzen.eus\/es\/wp-json\/wp\/v2\/posts"}],"about":[{"href":"https:\/\/iraurgiberritzen.eus\/es\/wp-json\/wp\/v2\/types\/post"}],"author":[{"embeddable":true,"href":"https:\/\/iraurgiberritzen.eus\/es\/wp-json\/wp\/v2\/users\/1"}],"replies":[{"embeddable":true,"href":"https:\/\/iraurgiberritzen.eus\/es\/wp-json\/wp\/v2\/comments?post=12776"}],"version-history":[{"count":0,"href":"https:\/\/iraurgiberritzen.eus\/es\/wp-json\/wp\/v2\/posts\/12776\/revisions"}],"wp:attachment":[{"href":"https:\/\/iraurgiberritzen.eus\/es\/wp-json\/wp\/v2\/media?parent=12776"}],"wp:term":[{"taxonomy":"category","embeddable":true,"href":"https:\/\/iraurgiberritzen.eus\/es\/wp-json\/wp\/v2\/categories?post=12776"},{"taxonomy":"post_tag","embeddable":true,"href":"https:\/\/iraurgiberritzen.eus\/es\/wp-json\/wp\/v2\/tags?post=12776"}],"curies":[{"name":"wp","href":"https:\/\/api.w.org\/{rel}","templated":true}]}}