{"id":12779,"date":"2019-11-27T16:42:18","date_gmt":"2019-11-27T14:42:18","guid":{"rendered":"https:\/\/iraurgiberritzen.eus\/programa-de-apoyo-de-la-empleabilidad-de-las-mujeres-en-cooperacion-con-empresas\/"},"modified":"2019-11-27T16:42:18","modified_gmt":"2019-11-27T14:42:18","slug":"programa-de-apoyo-de-la-empleabilidad-de-las-mujeres-en-cooperacion-con-empresas","status":"publish","type":"post","link":"https:\/\/iraurgiberritzen.eus\/es\/programa-de-apoyo-de-la-empleabilidad-de-las-mujeres-en-cooperacion-con-empresas\/","title":{"rendered":"Programa de apoyo de la empleabilidad de las mujeres en cooperaci\u00f3n con empresas"},"content":{"rendered":"<p>Desde el \u00c1rea de Empleo de Iraurgi Berritzen, del 18 al 26 de Noviembre se ha desarrollado la 5\u00aa edici\u00f3n del programa Bidelan en el Palacio Basazabal de Azpeitia donde han participado 14 mujeres de la comarca de Urola Medio.<\/p>\n<p style=\"text-align: justify;\">Haciendo uso de la t\u00e9cnica Coaching, se han realizado distintas din\u00e1micas para que cada participante trabaje sus habilidades personales y profesionales y hemos contado con el consultor Rogelio Fern\u00e1ndez para que cada participante trabaje su marca personal.<\/p>\n<p style=\"text-align: justify;\">Por otro lado, hemos contado con la visita de profesionales de la comarca del primer sector y del servicio de Emprendimiento de Iraurgi Berritzen:<\/p>\n<ul style=\"text-align: justify;\">\n<li>Del primer sector Olatz Lacomba (Urkome)<\/li>\n<li>De Emprendimiento Alazne Larra\u00f1aga (Iraurgi Berritzen)<\/li>\n<\/ul>\n<p style=\"text-align: justify;\">Esta edici\u00f3n como novedad, hemos organizado dos visitas in situ con el grupo:<\/p>\n<ol style=\"text-align: justify;\">\n<li>Domusa-Sector Industrial (Mar\u00eda Dom\u00ednguez)<\/li>\n<li>Izarraitz Lanbide Heziketa-Dependencia y 3\u00aa Edad (I\u00f1igo Azkue)<\/li>\n<\/ol>\n<p style=\"text-align: justify;\">Las personas participantes han valorado muy positivamente el curso y estas visitas ya que han recibido una informaci\u00f3n muy \u00fatil, por ejemplo el tipo de perfil que se requiere para el trabajo. El objetivo de este programa ha sido motivar a estas personas para obtener un trabajo o formaci\u00f3n, y de momento algunas participantes han mostrado inter\u00e9s por diferentes cursos. Una de ellas ha comenzado un curso de Interpretaci\u00f3n de planos y otra est\u00e1 realizando on-line el certificado profesional de Atenci\u00f3n Sociosanitaria en el domicilio.<\/p>\n<p style=\"text-align: justify;\"><span style=\"font-family: Calibri, 'Segoe UI', Calibri, Thonburi, Arial, Verdana, sans-serif, 'Mongolian Baiti', 'Microsoft Yi Baiti', 'Javanese Text'; font-size: 16px; text-align: center; white-space: pre-wrap; background-color: #f9f9f9;\">{myFlickr}photoset_id=72157711973179847{\/myFlickr}<\/span><\/p>\n","protected":false},"excerpt":{"rendered":"<p>Desde el \u00c1rea de Empleo de Iraurgi Berritzen, del 18 al 26 de Noviembre se ha desarrollado la 5\u00aa edici\u00f3n del programa Bidelan en el Palacio Basazabal de Azpeitia donde han participado 14 mujeres de la comarca de Urola Medio. Haciendo uso de la t\u00e9cnica Coaching, se han realizado distintas din\u00e1micas para que cada participante [&hellip;]<\/p>\n","protected":false},"author":1,"featured_media":17768,"comment_status":"","ping_status":"closed","sticky":false,"template":"","format":"standard","meta":{"_acf_changed":false,"footnotes":""},"categories":[4],"tags":[],"class_list":["post-12779","post","type-post","status-publish","format-standard","has-post-thumbnail","hentry","category-noticias"],"acf":[],"yoast_head":"<!-- This site is optimized with the Yoast SEO plugin v27.4 - https:\/\/yoast.com\/product\/yoast-seo-wordpress\/ -->\n<title>Programa de apoyo de la empleabilidad de las mujeres en cooperaci\u00f3n con empresas - Iraurgi Berritzen<\/title>\n<meta name=\"robots\" content=\"index, follow, max-snippet:-1, max-image-preview:large, max-video-preview:-1\" \/>\n<link rel=\"canonical\" href=\"https:\/\/iraurgiberritzen.eus\/es\/programa-de-apoyo-de-la-empleabilidad-de-las-mujeres-en-cooperacion-con-empresas\/\" \/>\n<meta property=\"og:locale\" content=\"es_ES\" \/>\n<meta property=\"og:type\" content=\"article\" \/>\n<meta property=\"og:title\" content=\"Programa de apoyo de la empleabilidad de las mujeres en cooperaci\u00f3n con empresas - Iraurgi Berritzen\" \/>\n<meta property=\"og:description\" content=\"Desde el \u00c1rea de Empleo de Iraurgi Berritzen, del 18 al 26 de Noviembre se ha desarrollado la 5\u00aa edici\u00f3n del programa Bidelan en el Palacio Basazabal de Azpeitia donde han participado 14 mujeres de la comarca de Urola Medio. Haciendo uso de la t\u00e9cnica Coaching, se han realizado distintas din\u00e1micas para que cada participante [&hellip;]\" \/>\n<meta property=\"og:url\" content=\"https:\/\/iraurgiberritzen.eus\/es\/programa-de-apoyo-de-la-empleabilidad-de-las-mujeres-en-cooperacion-con-empresas\/\" \/>\n<meta property=\"og:site_name\" content=\"Iraurgi Berritzen\" \/>\n<meta property=\"article:published_time\" content=\"2019-11-27T14:42:18+00:00\" \/>\n<meta name=\"author\" content=\"kudeatzailea\" \/>\n<meta name=\"twitter:card\" content=\"summary_large_image\" \/>\n<meta name=\"twitter:label1\" content=\"Escrito por\" \/>\n\t<meta name=\"twitter:data1\" content=\"kudeatzailea\" \/>\n\t<meta name=\"twitter:label2\" content=\"Tiempo de lectura\" \/>\n\t<meta name=\"twitter:data2\" content=\"1 minuto\" \/>\n<script type=\"application\/ld+json\" class=\"yoast-schema-graph\">{\"@context\":\"https:\\\/\\\/schema.org\",\"@graph\":[{\"@type\":\"Article\",\"@id\":\"https:\\\/\\\/iraurgiberritzen.eus\\\/es\\\/programa-de-apoyo-de-la-empleabilidad-de-las-mujeres-en-cooperacion-con-empresas\\\/#article\",\"isPartOf\":{\"@id\":\"https:\\\/\\\/iraurgiberritzen.eus\\\/es\\\/programa-de-apoyo-de-la-empleabilidad-de-las-mujeres-en-cooperacion-con-empresas\\\/\"},\"author\":{\"name\":\"kudeatzailea\",\"@id\":\"https:\\\/\\\/iraurgiberritzen.eus\\\/es\\\/#\\\/schema\\\/person\\\/5ab41aaf388a9097177601ebf45738d2\"},\"headline\":\"Programa de apoyo de la empleabilidad de las mujeres en cooperaci\u00f3n con empresas\",\"datePublished\":\"2019-11-27T14:42:18+00:00\",\"mainEntityOfPage\":{\"@id\":\"https:\\\/\\\/iraurgiberritzen.eus\\\/es\\\/programa-de-apoyo-de-la-empleabilidad-de-las-mujeres-en-cooperacion-con-empresas\\\/\"},\"wordCount\":250,\"publisher\":{\"@id\":\"https:\\\/\\\/iraurgiberritzen.eus\\\/es\\\/#organization\"},\"image\":{\"@id\":\"https:\\\/\\\/iraurgiberritzen.eus\\\/es\\\/programa-de-apoyo-de-la-empleabilidad-de-las-mujeres-en-cooperacion-con-empresas\\\/#primaryimage\"},\"thumbnailUrl\":\"https:\\\/\\\/iraurgiberritzen.eus\\\/wp-content\\\/uploads\\\/2023\\\/09\\\/4556f9757414c95d6b9db044b0c9421c.jpg\",\"articleSection\":[\"Noticias\"],\"inLanguage\":\"es\"},{\"@type\":\"WebPage\",\"@id\":\"https:\\\/\\\/iraurgiberritzen.eus\\\/es\\\/programa-de-apoyo-de-la-empleabilidad-de-las-mujeres-en-cooperacion-con-empresas\\\/\",\"url\":\"https:\\\/\\\/iraurgiberritzen.eus\\\/es\\\/programa-de-apoyo-de-la-empleabilidad-de-las-mujeres-en-cooperacion-con-empresas\\\/\",\"name\":\"Programa de apoyo de la empleabilidad de las mujeres en cooperaci\u00f3n con empresas - Iraurgi Berritzen\",\"isPartOf\":{\"@id\":\"https:\\\/\\\/iraurgiberritzen.eus\\\/es\\\/#website\"},\"primaryImageOfPage\":{\"@id\":\"https:\\\/\\\/iraurgiberritzen.eus\\\/es\\\/programa-de-apoyo-de-la-empleabilidad-de-las-mujeres-en-cooperacion-con-empresas\\\/#primaryimage\"},\"image\":{\"@id\":\"https:\\\/\\\/iraurgiberritzen.eus\\\/es\\\/programa-de-apoyo-de-la-empleabilidad-de-las-mujeres-en-cooperacion-con-empresas\\\/#primaryimage\"},\"thumbnailUrl\":\"https:\\\/\\\/iraurgiberritzen.eus\\\/wp-content\\\/uploads\\\/2023\\\/09\\\/4556f9757414c95d6b9db044b0c9421c.jpg\",\"datePublished\":\"2019-11-27T14:42:18+00:00\",\"breadcrumb\":{\"@id\":\"https:\\\/\\\/iraurgiberritzen.eus\\\/es\\\/programa-de-apoyo-de-la-empleabilidad-de-las-mujeres-en-cooperacion-con-empresas\\\/#breadcrumb\"},\"inLanguage\":\"es\",\"potentialAction\":[{\"@type\":\"ReadAction\",\"target\":[\"https:\\\/\\\/iraurgiberritzen.eus\\\/es\\\/programa-de-apoyo-de-la-empleabilidad-de-las-mujeres-en-cooperacion-con-empresas\\\/\"]}]},{\"@type\":\"ImageObject\",\"inLanguage\":\"es\",\"@id\":\"https:\\\/\\\/iraurgiberritzen.eus\\\/es\\\/programa-de-apoyo-de-la-empleabilidad-de-las-mujeres-en-cooperacion-con-empresas\\\/#primaryimage\",\"url\":\"https:\\\/\\\/iraurgiberritzen.eus\\\/wp-content\\\/uploads\\\/2023\\\/09\\\/4556f9757414c95d6b9db044b0c9421c.jpg\",\"contentUrl\":\"https:\\\/\\\/iraurgiberritzen.eus\\\/wp-content\\\/uploads\\\/2023\\\/09\\\/4556f9757414c95d6b9db044b0c9421c.jpg\",\"width\":600,\"height\":386},{\"@type\":\"BreadcrumbList\",\"@id\":\"https:\\\/\\\/iraurgiberritzen.eus\\\/es\\\/programa-de-apoyo-de-la-empleabilidad-de-las-mujeres-en-cooperacion-con-empresas\\\/#breadcrumb\",\"itemListElement\":[{\"@type\":\"ListItem\",\"position\":1,\"name\":\"Home\",\"item\":\"https:\\\/\\\/iraurgiberritzen.eus\\\/es\\\/\"},{\"@type\":\"ListItem\",\"position\":2,\"name\":\"Programa de apoyo de la empleabilidad de las mujeres en cooperaci\u00f3n con empresas\"}]},{\"@type\":\"WebSite\",\"@id\":\"https:\\\/\\\/iraurgiberritzen.eus\\\/es\\\/#website\",\"url\":\"https:\\\/\\\/iraurgiberritzen.eus\\\/es\\\/\",\"name\":\"Iraurgi Berritzen\",\"description\":\"Urola Erdiko Garapen Agentzia\",\"publisher\":{\"@id\":\"https:\\\/\\\/iraurgiberritzen.eus\\\/es\\\/#organization\"},\"potentialAction\":[{\"@type\":\"SearchAction\",\"target\":{\"@type\":\"EntryPoint\",\"urlTemplate\":\"https:\\\/\\\/iraurgiberritzen.eus\\\/es\\\/?s={search_term_string}\"},\"query-input\":{\"@type\":\"PropertyValueSpecification\",\"valueRequired\":true,\"valueName\":\"search_term_string\"}}],\"inLanguage\":\"es\"},{\"@type\":\"Organization\",\"@id\":\"https:\\\/\\\/iraurgiberritzen.eus\\\/es\\\/#organization\",\"name\":\"Iraurgi Berritzen\",\"url\":\"https:\\\/\\\/iraurgiberritzen.eus\\\/es\\\/\",\"logo\":{\"@type\":\"ImageObject\",\"inLanguage\":\"es\",\"@id\":\"https:\\\/\\\/iraurgiberritzen.eus\\\/es\\\/#\\\/schema\\\/logo\\\/image\\\/\",\"url\":\"https:\\\/\\\/iraurgiberritzen.eus\\\/wp-content\\\/uploads\\\/2024\\\/02\\\/IRAURGI-BERRITZEN-logotipoa_2.png\",\"contentUrl\":\"https:\\\/\\\/iraurgiberritzen.eus\\\/wp-content\\\/uploads\\\/2024\\\/02\\\/IRAURGI-BERRITZEN-logotipoa_2.png\",\"width\":496,\"height\":190,\"caption\":\"Iraurgi Berritzen\"},\"image\":{\"@id\":\"https:\\\/\\\/iraurgiberritzen.eus\\\/es\\\/#\\\/schema\\\/logo\\\/image\\\/\"}},{\"@type\":\"Person\",\"@id\":\"https:\\\/\\\/iraurgiberritzen.eus\\\/es\\\/#\\\/schema\\\/person\\\/5ab41aaf388a9097177601ebf45738d2\",\"name\":\"kudeatzailea\",\"sameAs\":[\"https:\\\/\\\/iraurgiberritzen.eus\"]}]}<\/script>\n<!-- \/ Yoast SEO plugin. -->","yoast_head_json":{"title":"Programa de apoyo de la empleabilidad de las mujeres en cooperaci\u00f3n con empresas - Iraurgi Berritzen","robots":{"index":"index","follow":"follow","max-snippet":"max-snippet:-1","max-image-preview":"max-image-preview:large","max-video-preview":"max-video-preview:-1"},"canonical":"https:\/\/iraurgiberritzen.eus\/es\/programa-de-apoyo-de-la-empleabilidad-de-las-mujeres-en-cooperacion-con-empresas\/","og_locale":"es_ES","og_type":"article","og_title":"Programa de apoyo de la empleabilidad de las mujeres en cooperaci\u00f3n con empresas - Iraurgi Berritzen","og_description":"Desde el \u00c1rea de Empleo de Iraurgi Berritzen, del 18 al 26 de Noviembre se ha desarrollado la 5\u00aa edici\u00f3n del programa Bidelan en el Palacio Basazabal de Azpeitia donde han participado 14 mujeres de la comarca de Urola Medio. Haciendo uso de la t\u00e9cnica Coaching, se han realizado distintas din\u00e1micas para que cada participante [&hellip;]","og_url":"https:\/\/iraurgiberritzen.eus\/es\/programa-de-apoyo-de-la-empleabilidad-de-las-mujeres-en-cooperacion-con-empresas\/","og_site_name":"Iraurgi Berritzen","article_published_time":"2019-11-27T14:42:18+00:00","author":"kudeatzailea","twitter_card":"summary_large_image","twitter_misc":{"Escrito por":"kudeatzailea","Tiempo de lectura":"1 minuto"},"schema":{"@context":"https:\/\/schema.org","@graph":[{"@type":"Article","@id":"https:\/\/iraurgiberritzen.eus\/es\/programa-de-apoyo-de-la-empleabilidad-de-las-mujeres-en-cooperacion-con-empresas\/#article","isPartOf":{"@id":"https:\/\/iraurgiberritzen.eus\/es\/programa-de-apoyo-de-la-empleabilidad-de-las-mujeres-en-cooperacion-con-empresas\/"},"author":{"name":"kudeatzailea","@id":"https:\/\/iraurgiberritzen.eus\/es\/#\/schema\/person\/5ab41aaf388a9097177601ebf45738d2"},"headline":"Programa de apoyo de la empleabilidad de las mujeres en cooperaci\u00f3n con empresas","datePublished":"2019-11-27T14:42:18+00:00","mainEntityOfPage":{"@id":"https:\/\/iraurgiberritzen.eus\/es\/programa-de-apoyo-de-la-empleabilidad-de-las-mujeres-en-cooperacion-con-empresas\/"},"wordCount":250,"publisher":{"@id":"https:\/\/iraurgiberritzen.eus\/es\/#organization"},"image":{"@id":"https:\/\/iraurgiberritzen.eus\/es\/programa-de-apoyo-de-la-empleabilidad-de-las-mujeres-en-cooperacion-con-empresas\/#primaryimage"},"thumbnailUrl":"https:\/\/iraurgiberritzen.eus\/wp-content\/uploads\/2023\/09\/4556f9757414c95d6b9db044b0c9421c.jpg","articleSection":["Noticias"],"inLanguage":"es"},{"@type":"WebPage","@id":"https:\/\/iraurgiberritzen.eus\/es\/programa-de-apoyo-de-la-empleabilidad-de-las-mujeres-en-cooperacion-con-empresas\/","url":"https:\/\/iraurgiberritzen.eus\/es\/programa-de-apoyo-de-la-empleabilidad-de-las-mujeres-en-cooperacion-con-empresas\/","name":"Programa de apoyo de la empleabilidad de las mujeres en cooperaci\u00f3n con empresas - Iraurgi Berritzen","isPartOf":{"@id":"https:\/\/iraurgiberritzen.eus\/es\/#website"},"primaryImageOfPage":{"@id":"https:\/\/iraurgiberritzen.eus\/es\/programa-de-apoyo-de-la-empleabilidad-de-las-mujeres-en-cooperacion-con-empresas\/#primaryimage"},"image":{"@id":"https:\/\/iraurgiberritzen.eus\/es\/programa-de-apoyo-de-la-empleabilidad-de-las-mujeres-en-cooperacion-con-empresas\/#primaryimage"},"thumbnailUrl":"https:\/\/iraurgiberritzen.eus\/wp-content\/uploads\/2023\/09\/4556f9757414c95d6b9db044b0c9421c.jpg","datePublished":"2019-11-27T14:42:18+00:00","breadcrumb":{"@id":"https:\/\/iraurgiberritzen.eus\/es\/programa-de-apoyo-de-la-empleabilidad-de-las-mujeres-en-cooperacion-con-empresas\/#breadcrumb"},"inLanguage":"es","potentialAction":[{"@type":"ReadAction","target":["https:\/\/iraurgiberritzen.eus\/es\/programa-de-apoyo-de-la-empleabilidad-de-las-mujeres-en-cooperacion-con-empresas\/"]}]},{"@type":"ImageObject","inLanguage":"es","@id":"https:\/\/iraurgiberritzen.eus\/es\/programa-de-apoyo-de-la-empleabilidad-de-las-mujeres-en-cooperacion-con-empresas\/#primaryimage","url":"https:\/\/iraurgiberritzen.eus\/wp-content\/uploads\/2023\/09\/4556f9757414c95d6b9db044b0c9421c.jpg","contentUrl":"https:\/\/iraurgiberritzen.eus\/wp-content\/uploads\/2023\/09\/4556f9757414c95d6b9db044b0c9421c.jpg","width":600,"height":386},{"@type":"BreadcrumbList","@id":"https:\/\/iraurgiberritzen.eus\/es\/programa-de-apoyo-de-la-empleabilidad-de-las-mujeres-en-cooperacion-con-empresas\/#breadcrumb","itemListElement":[{"@type":"ListItem","position":1,"name":"Home","item":"https:\/\/iraurgiberritzen.eus\/es\/"},{"@type":"ListItem","position":2,"name":"Programa de apoyo de la empleabilidad de las mujeres en cooperaci\u00f3n con empresas"}]},{"@type":"WebSite","@id":"https:\/\/iraurgiberritzen.eus\/es\/#website","url":"https:\/\/iraurgiberritzen.eus\/es\/","name":"Iraurgi Berritzen","description":"Urola Erdiko Garapen Agentzia","publisher":{"@id":"https:\/\/iraurgiberritzen.eus\/es\/#organization"},"potentialAction":[{"@type":"SearchAction","target":{"@type":"EntryPoint","urlTemplate":"https:\/\/iraurgiberritzen.eus\/es\/?s={search_term_string}"},"query-input":{"@type":"PropertyValueSpecification","valueRequired":true,"valueName":"search_term_string"}}],"inLanguage":"es"},{"@type":"Organization","@id":"https:\/\/iraurgiberritzen.eus\/es\/#organization","name":"Iraurgi Berritzen","url":"https:\/\/iraurgiberritzen.eus\/es\/","logo":{"@type":"ImageObject","inLanguage":"es","@id":"https:\/\/iraurgiberritzen.eus\/es\/#\/schema\/logo\/image\/","url":"https:\/\/iraurgiberritzen.eus\/wp-content\/uploads\/2024\/02\/IRAURGI-BERRITZEN-logotipoa_2.png","contentUrl":"https:\/\/iraurgiberritzen.eus\/wp-content\/uploads\/2024\/02\/IRAURGI-BERRITZEN-logotipoa_2.png","width":496,"height":190,"caption":"Iraurgi Berritzen"},"image":{"@id":"https:\/\/iraurgiberritzen.eus\/es\/#\/schema\/logo\/image\/"}},{"@type":"Person","@id":"https:\/\/iraurgiberritzen.eus\/es\/#\/schema\/person\/5ab41aaf388a9097177601ebf45738d2","name":"kudeatzailea","sameAs":["https:\/\/iraurgiberritzen.eus"]}]}},"_links":{"self":[{"href":"https:\/\/iraurgiberritzen.eus\/es\/wp-json\/wp\/v2\/posts\/12779","targetHints":{"allow":["GET"]}}],"collection":[{"href":"https:\/\/iraurgiberritzen.eus\/es\/wp-json\/wp\/v2\/posts"}],"about":[{"href":"https:\/\/iraurgiberritzen.eus\/es\/wp-json\/wp\/v2\/types\/post"}],"author":[{"embeddable":true,"href":"https:\/\/iraurgiberritzen.eus\/es\/wp-json\/wp\/v2\/users\/1"}],"replies":[{"embeddable":true,"href":"https:\/\/iraurgiberritzen.eus\/es\/wp-json\/wp\/v2\/comments?post=12779"}],"version-history":[{"count":0,"href":"https:\/\/iraurgiberritzen.eus\/es\/wp-json\/wp\/v2\/posts\/12779\/revisions"}],"wp:featuredmedia":[{"embeddable":true,"href":"https:\/\/iraurgiberritzen.eus\/es\/wp-json\/wp\/v2\/media\/17768"}],"wp:attachment":[{"href":"https:\/\/iraurgiberritzen.eus\/es\/wp-json\/wp\/v2\/media?parent=12779"}],"wp:term":[{"taxonomy":"category","embeddable":true,"href":"https:\/\/iraurgiberritzen.eus\/es\/wp-json\/wp\/v2\/categories?post=12779"},{"taxonomy":"post_tag","embeddable":true,"href":"https:\/\/iraurgiberritzen.eus\/es\/wp-json\/wp\/v2\/tags?post=12779"}],"curies":[{"name":"wp","href":"https:\/\/api.w.org\/{rel}","templated":true}]}}