{"id":12782,"date":"2019-11-29T10:42:41","date_gmt":"2019-11-29T08:42:41","guid":{"rendered":"https:\/\/iraurgiberritzen.eus\/el-consejo-gestor-de-iraurgi-berritzen-ha-celebrado-el-encuentro-de-fin-de-ano\/"},"modified":"2019-11-29T10:42:41","modified_gmt":"2019-11-29T08:42:41","slug":"el-consejo-gestor-de-iraurgi-berritzen-ha-celebrado-el-encuentro-de-fin-de-ano","status":"publish","type":"post","link":"https:\/\/iraurgiberritzen.eus\/es\/el-consejo-gestor-de-iraurgi-berritzen-ha-celebrado-el-encuentro-de-fin-de-ano\/","title":{"rendered":"El Consejo Gestor de Iraurgi Berritzen ha celebrado el encuentro de fin de a\u00f1o"},"content":{"rendered":"<p style=\"text-align: justify;\">El pasado 27 de noviembre, se ha reunido el Consejo compuesto por los representantes de los diferentes gunes de cooperaci\u00f3n (empresa, educaci\u00f3n, empleo y ayuntamientos).<\/p>\n<p style=\"text-align: justify;\">El Consejo ha valorado positivamente la trayectoria seguida en los \u00faltimos meses en los diferentes gunes, especialmente se ha subrayado el proceso impulsado por IB en el que han participado los nuevos representantes pol\u00edticos de los tres ayuntamientos, y donde se han establecido las bases para definir los \u00e1mbitos de cooperaci\u00f3n desde el punto de vista comarcal.<\/p>\n<p style=\"text-align: justify;\">Por otra parte, se ha abordado tambi\u00e9n el pr\u00f3ximo Topaketak que se celebrar\u00e1 el 4 de Diciembre, as\u00ed como el Plan de Gesti\u00f3n y Presupuesto de cara al 2020.<img decoding=\"async\" style=\"display: block; margin-left: auto; margin-right: auto;\" src=\"images\/Diseno_sin_titulo.png\" alt=\"Diseno_sin_titulo.png\" \/><\/p>\n","protected":false},"excerpt":{"rendered":"<p>El pasado 27 de noviembre, se ha reunido el Consejo compuesto por los representantes de los diferentes gunes de cooperaci\u00f3n (empresa, educaci\u00f3n, empleo y ayuntamientos). El Consejo ha valorado positivamente la trayectoria seguida en los \u00faltimos meses en los diferentes gunes, especialmente se ha subrayado el proceso impulsado por IB en el que han participado [&hellip;]<\/p>\n","protected":false},"author":1,"featured_media":17751,"comment_status":"","ping_status":"closed","sticky":false,"template":"","format":"standard","meta":{"_acf_changed":false,"footnotes":""},"categories":[4],"tags":[],"class_list":["post-12782","post","type-post","status-publish","format-standard","has-post-thumbnail","hentry","category-noticias"],"acf":[],"yoast_head":"<!-- This site is optimized with the Yoast SEO plugin v27.4 - https:\/\/yoast.com\/product\/yoast-seo-wordpress\/ -->\n<title>El Consejo Gestor de Iraurgi Berritzen ha celebrado el encuentro de fin de a\u00f1o - Iraurgi Berritzen<\/title>\n<meta name=\"robots\" content=\"index, follow, max-snippet:-1, max-image-preview:large, max-video-preview:-1\" \/>\n<link rel=\"canonical\" href=\"https:\/\/iraurgiberritzen.eus\/es\/el-consejo-gestor-de-iraurgi-berritzen-ha-celebrado-el-encuentro-de-fin-de-ano\/\" \/>\n<meta property=\"og:locale\" content=\"es_ES\" \/>\n<meta property=\"og:type\" content=\"article\" \/>\n<meta property=\"og:title\" content=\"El Consejo Gestor de Iraurgi Berritzen ha celebrado el encuentro de fin de a\u00f1o - Iraurgi Berritzen\" \/>\n<meta property=\"og:description\" content=\"El pasado 27 de noviembre, se ha reunido el Consejo compuesto por los representantes de los diferentes gunes de cooperaci\u00f3n (empresa, educaci\u00f3n, empleo y ayuntamientos). El Consejo ha valorado positivamente la trayectoria seguida en los \u00faltimos meses en los diferentes gunes, especialmente se ha subrayado el proceso impulsado por IB en el que han participado [&hellip;]\" \/>\n<meta property=\"og:url\" content=\"https:\/\/iraurgiberritzen.eus\/es\/el-consejo-gestor-de-iraurgi-berritzen-ha-celebrado-el-encuentro-de-fin-de-ano\/\" \/>\n<meta property=\"og:site_name\" content=\"Iraurgi Berritzen\" \/>\n<meta property=\"article:published_time\" content=\"2019-11-29T08:42:41+00:00\" \/>\n<meta name=\"author\" content=\"kudeatzailea\" \/>\n<meta name=\"twitter:card\" content=\"summary_large_image\" \/>\n<meta name=\"twitter:label1\" content=\"Escrito por\" \/>\n\t<meta name=\"twitter:data1\" content=\"kudeatzailea\" \/>\n\t<meta name=\"twitter:label2\" content=\"Tiempo de lectura\" \/>\n\t<meta name=\"twitter:data2\" content=\"1 minuto\" \/>\n<script type=\"application\/ld+json\" class=\"yoast-schema-graph\">{\"@context\":\"https:\\\/\\\/schema.org\",\"@graph\":[{\"@type\":\"Article\",\"@id\":\"https:\\\/\\\/iraurgiberritzen.eus\\\/es\\\/el-consejo-gestor-de-iraurgi-berritzen-ha-celebrado-el-encuentro-de-fin-de-ano\\\/#article\",\"isPartOf\":{\"@id\":\"https:\\\/\\\/iraurgiberritzen.eus\\\/es\\\/el-consejo-gestor-de-iraurgi-berritzen-ha-celebrado-el-encuentro-de-fin-de-ano\\\/\"},\"author\":{\"name\":\"kudeatzailea\",\"@id\":\"https:\\\/\\\/iraurgiberritzen.eus\\\/es\\\/#\\\/schema\\\/person\\\/5ab41aaf388a9097177601ebf45738d2\"},\"headline\":\"El Consejo Gestor de Iraurgi Berritzen ha celebrado el encuentro de fin de a\u00f1o\",\"datePublished\":\"2019-11-29T08:42:41+00:00\",\"mainEntityOfPage\":{\"@id\":\"https:\\\/\\\/iraurgiberritzen.eus\\\/es\\\/el-consejo-gestor-de-iraurgi-berritzen-ha-celebrado-el-encuentro-de-fin-de-ano\\\/\"},\"wordCount\":130,\"publisher\":{\"@id\":\"https:\\\/\\\/iraurgiberritzen.eus\\\/es\\\/#organization\"},\"image\":{\"@id\":\"https:\\\/\\\/iraurgiberritzen.eus\\\/es\\\/el-consejo-gestor-de-iraurgi-berritzen-ha-celebrado-el-encuentro-de-fin-de-ano\\\/#primaryimage\"},\"thumbnailUrl\":\"https:\\\/\\\/iraurgiberritzen.eus\\\/wp-content\\\/uploads\\\/2023\\\/09\\\/3f6beb4ab529bb7b00ce1447aa996693.jpg\",\"articleSection\":[\"Noticias\"],\"inLanguage\":\"es\"},{\"@type\":\"WebPage\",\"@id\":\"https:\\\/\\\/iraurgiberritzen.eus\\\/es\\\/el-consejo-gestor-de-iraurgi-berritzen-ha-celebrado-el-encuentro-de-fin-de-ano\\\/\",\"url\":\"https:\\\/\\\/iraurgiberritzen.eus\\\/es\\\/el-consejo-gestor-de-iraurgi-berritzen-ha-celebrado-el-encuentro-de-fin-de-ano\\\/\",\"name\":\"El Consejo Gestor de Iraurgi Berritzen ha celebrado el encuentro de fin de a\u00f1o - Iraurgi Berritzen\",\"isPartOf\":{\"@id\":\"https:\\\/\\\/iraurgiberritzen.eus\\\/es\\\/#website\"},\"primaryImageOfPage\":{\"@id\":\"https:\\\/\\\/iraurgiberritzen.eus\\\/es\\\/el-consejo-gestor-de-iraurgi-berritzen-ha-celebrado-el-encuentro-de-fin-de-ano\\\/#primaryimage\"},\"image\":{\"@id\":\"https:\\\/\\\/iraurgiberritzen.eus\\\/es\\\/el-consejo-gestor-de-iraurgi-berritzen-ha-celebrado-el-encuentro-de-fin-de-ano\\\/#primaryimage\"},\"thumbnailUrl\":\"https:\\\/\\\/iraurgiberritzen.eus\\\/wp-content\\\/uploads\\\/2023\\\/09\\\/3f6beb4ab529bb7b00ce1447aa996693.jpg\",\"datePublished\":\"2019-11-29T08:42:41+00:00\",\"breadcrumb\":{\"@id\":\"https:\\\/\\\/iraurgiberritzen.eus\\\/es\\\/el-consejo-gestor-de-iraurgi-berritzen-ha-celebrado-el-encuentro-de-fin-de-ano\\\/#breadcrumb\"},\"inLanguage\":\"es\",\"potentialAction\":[{\"@type\":\"ReadAction\",\"target\":[\"https:\\\/\\\/iraurgiberritzen.eus\\\/es\\\/el-consejo-gestor-de-iraurgi-berritzen-ha-celebrado-el-encuentro-de-fin-de-ano\\\/\"]}]},{\"@type\":\"ImageObject\",\"inLanguage\":\"es\",\"@id\":\"https:\\\/\\\/iraurgiberritzen.eus\\\/es\\\/el-consejo-gestor-de-iraurgi-berritzen-ha-celebrado-el-encuentro-de-fin-de-ano\\\/#primaryimage\",\"url\":\"https:\\\/\\\/iraurgiberritzen.eus\\\/wp-content\\\/uploads\\\/2023\\\/09\\\/3f6beb4ab529bb7b00ce1447aa996693.jpg\",\"contentUrl\":\"https:\\\/\\\/iraurgiberritzen.eus\\\/wp-content\\\/uploads\\\/2023\\\/09\\\/3f6beb4ab529bb7b00ce1447aa996693.jpg\",\"width\":600,\"height\":386},{\"@type\":\"BreadcrumbList\",\"@id\":\"https:\\\/\\\/iraurgiberritzen.eus\\\/es\\\/el-consejo-gestor-de-iraurgi-berritzen-ha-celebrado-el-encuentro-de-fin-de-ano\\\/#breadcrumb\",\"itemListElement\":[{\"@type\":\"ListItem\",\"position\":1,\"name\":\"Home\",\"item\":\"https:\\\/\\\/iraurgiberritzen.eus\\\/es\\\/\"},{\"@type\":\"ListItem\",\"position\":2,\"name\":\"El Consejo Gestor de Iraurgi Berritzen ha celebrado el encuentro de fin de a\u00f1o\"}]},{\"@type\":\"WebSite\",\"@id\":\"https:\\\/\\\/iraurgiberritzen.eus\\\/es\\\/#website\",\"url\":\"https:\\\/\\\/iraurgiberritzen.eus\\\/es\\\/\",\"name\":\"Iraurgi Berritzen\",\"description\":\"Urola Erdiko Garapen Agentzia\",\"publisher\":{\"@id\":\"https:\\\/\\\/iraurgiberritzen.eus\\\/es\\\/#organization\"},\"potentialAction\":[{\"@type\":\"SearchAction\",\"target\":{\"@type\":\"EntryPoint\",\"urlTemplate\":\"https:\\\/\\\/iraurgiberritzen.eus\\\/es\\\/?s={search_term_string}\"},\"query-input\":{\"@type\":\"PropertyValueSpecification\",\"valueRequired\":true,\"valueName\":\"search_term_string\"}}],\"inLanguage\":\"es\"},{\"@type\":\"Organization\",\"@id\":\"https:\\\/\\\/iraurgiberritzen.eus\\\/es\\\/#organization\",\"name\":\"Iraurgi Berritzen\",\"url\":\"https:\\\/\\\/iraurgiberritzen.eus\\\/es\\\/\",\"logo\":{\"@type\":\"ImageObject\",\"inLanguage\":\"es\",\"@id\":\"https:\\\/\\\/iraurgiberritzen.eus\\\/es\\\/#\\\/schema\\\/logo\\\/image\\\/\",\"url\":\"https:\\\/\\\/iraurgiberritzen.eus\\\/wp-content\\\/uploads\\\/2024\\\/02\\\/IRAURGI-BERRITZEN-logotipoa_2.png\",\"contentUrl\":\"https:\\\/\\\/iraurgiberritzen.eus\\\/wp-content\\\/uploads\\\/2024\\\/02\\\/IRAURGI-BERRITZEN-logotipoa_2.png\",\"width\":496,\"height\":190,\"caption\":\"Iraurgi Berritzen\"},\"image\":{\"@id\":\"https:\\\/\\\/iraurgiberritzen.eus\\\/es\\\/#\\\/schema\\\/logo\\\/image\\\/\"}},{\"@type\":\"Person\",\"@id\":\"https:\\\/\\\/iraurgiberritzen.eus\\\/es\\\/#\\\/schema\\\/person\\\/5ab41aaf388a9097177601ebf45738d2\",\"name\":\"kudeatzailea\",\"sameAs\":[\"https:\\\/\\\/iraurgiberritzen.eus\"]}]}<\/script>\n<!-- \/ Yoast SEO plugin. -->","yoast_head_json":{"title":"El Consejo Gestor de Iraurgi Berritzen ha celebrado el encuentro de fin de a\u00f1o - Iraurgi Berritzen","robots":{"index":"index","follow":"follow","max-snippet":"max-snippet:-1","max-image-preview":"max-image-preview:large","max-video-preview":"max-video-preview:-1"},"canonical":"https:\/\/iraurgiberritzen.eus\/es\/el-consejo-gestor-de-iraurgi-berritzen-ha-celebrado-el-encuentro-de-fin-de-ano\/","og_locale":"es_ES","og_type":"article","og_title":"El Consejo Gestor de Iraurgi Berritzen ha celebrado el encuentro de fin de a\u00f1o - Iraurgi Berritzen","og_description":"El pasado 27 de noviembre, se ha reunido el Consejo compuesto por los representantes de los diferentes gunes de cooperaci\u00f3n (empresa, educaci\u00f3n, empleo y ayuntamientos). El Consejo ha valorado positivamente la trayectoria seguida en los \u00faltimos meses en los diferentes gunes, especialmente se ha subrayado el proceso impulsado por IB en el que han participado [&hellip;]","og_url":"https:\/\/iraurgiberritzen.eus\/es\/el-consejo-gestor-de-iraurgi-berritzen-ha-celebrado-el-encuentro-de-fin-de-ano\/","og_site_name":"Iraurgi Berritzen","article_published_time":"2019-11-29T08:42:41+00:00","author":"kudeatzailea","twitter_card":"summary_large_image","twitter_misc":{"Escrito por":"kudeatzailea","Tiempo de lectura":"1 minuto"},"schema":{"@context":"https:\/\/schema.org","@graph":[{"@type":"Article","@id":"https:\/\/iraurgiberritzen.eus\/es\/el-consejo-gestor-de-iraurgi-berritzen-ha-celebrado-el-encuentro-de-fin-de-ano\/#article","isPartOf":{"@id":"https:\/\/iraurgiberritzen.eus\/es\/el-consejo-gestor-de-iraurgi-berritzen-ha-celebrado-el-encuentro-de-fin-de-ano\/"},"author":{"name":"kudeatzailea","@id":"https:\/\/iraurgiberritzen.eus\/es\/#\/schema\/person\/5ab41aaf388a9097177601ebf45738d2"},"headline":"El Consejo Gestor de Iraurgi Berritzen ha celebrado el encuentro de fin de a\u00f1o","datePublished":"2019-11-29T08:42:41+00:00","mainEntityOfPage":{"@id":"https:\/\/iraurgiberritzen.eus\/es\/el-consejo-gestor-de-iraurgi-berritzen-ha-celebrado-el-encuentro-de-fin-de-ano\/"},"wordCount":130,"publisher":{"@id":"https:\/\/iraurgiberritzen.eus\/es\/#organization"},"image":{"@id":"https:\/\/iraurgiberritzen.eus\/es\/el-consejo-gestor-de-iraurgi-berritzen-ha-celebrado-el-encuentro-de-fin-de-ano\/#primaryimage"},"thumbnailUrl":"https:\/\/iraurgiberritzen.eus\/wp-content\/uploads\/2023\/09\/3f6beb4ab529bb7b00ce1447aa996693.jpg","articleSection":["Noticias"],"inLanguage":"es"},{"@type":"WebPage","@id":"https:\/\/iraurgiberritzen.eus\/es\/el-consejo-gestor-de-iraurgi-berritzen-ha-celebrado-el-encuentro-de-fin-de-ano\/","url":"https:\/\/iraurgiberritzen.eus\/es\/el-consejo-gestor-de-iraurgi-berritzen-ha-celebrado-el-encuentro-de-fin-de-ano\/","name":"El Consejo Gestor de Iraurgi Berritzen ha celebrado el encuentro de fin de a\u00f1o - Iraurgi Berritzen","isPartOf":{"@id":"https:\/\/iraurgiberritzen.eus\/es\/#website"},"primaryImageOfPage":{"@id":"https:\/\/iraurgiberritzen.eus\/es\/el-consejo-gestor-de-iraurgi-berritzen-ha-celebrado-el-encuentro-de-fin-de-ano\/#primaryimage"},"image":{"@id":"https:\/\/iraurgiberritzen.eus\/es\/el-consejo-gestor-de-iraurgi-berritzen-ha-celebrado-el-encuentro-de-fin-de-ano\/#primaryimage"},"thumbnailUrl":"https:\/\/iraurgiberritzen.eus\/wp-content\/uploads\/2023\/09\/3f6beb4ab529bb7b00ce1447aa996693.jpg","datePublished":"2019-11-29T08:42:41+00:00","breadcrumb":{"@id":"https:\/\/iraurgiberritzen.eus\/es\/el-consejo-gestor-de-iraurgi-berritzen-ha-celebrado-el-encuentro-de-fin-de-ano\/#breadcrumb"},"inLanguage":"es","potentialAction":[{"@type":"ReadAction","target":["https:\/\/iraurgiberritzen.eus\/es\/el-consejo-gestor-de-iraurgi-berritzen-ha-celebrado-el-encuentro-de-fin-de-ano\/"]}]},{"@type":"ImageObject","inLanguage":"es","@id":"https:\/\/iraurgiberritzen.eus\/es\/el-consejo-gestor-de-iraurgi-berritzen-ha-celebrado-el-encuentro-de-fin-de-ano\/#primaryimage","url":"https:\/\/iraurgiberritzen.eus\/wp-content\/uploads\/2023\/09\/3f6beb4ab529bb7b00ce1447aa996693.jpg","contentUrl":"https:\/\/iraurgiberritzen.eus\/wp-content\/uploads\/2023\/09\/3f6beb4ab529bb7b00ce1447aa996693.jpg","width":600,"height":386},{"@type":"BreadcrumbList","@id":"https:\/\/iraurgiberritzen.eus\/es\/el-consejo-gestor-de-iraurgi-berritzen-ha-celebrado-el-encuentro-de-fin-de-ano\/#breadcrumb","itemListElement":[{"@type":"ListItem","position":1,"name":"Home","item":"https:\/\/iraurgiberritzen.eus\/es\/"},{"@type":"ListItem","position":2,"name":"El Consejo Gestor de Iraurgi Berritzen ha celebrado el encuentro de fin de a\u00f1o"}]},{"@type":"WebSite","@id":"https:\/\/iraurgiberritzen.eus\/es\/#website","url":"https:\/\/iraurgiberritzen.eus\/es\/","name":"Iraurgi Berritzen","description":"Urola Erdiko Garapen Agentzia","publisher":{"@id":"https:\/\/iraurgiberritzen.eus\/es\/#organization"},"potentialAction":[{"@type":"SearchAction","target":{"@type":"EntryPoint","urlTemplate":"https:\/\/iraurgiberritzen.eus\/es\/?s={search_term_string}"},"query-input":{"@type":"PropertyValueSpecification","valueRequired":true,"valueName":"search_term_string"}}],"inLanguage":"es"},{"@type":"Organization","@id":"https:\/\/iraurgiberritzen.eus\/es\/#organization","name":"Iraurgi Berritzen","url":"https:\/\/iraurgiberritzen.eus\/es\/","logo":{"@type":"ImageObject","inLanguage":"es","@id":"https:\/\/iraurgiberritzen.eus\/es\/#\/schema\/logo\/image\/","url":"https:\/\/iraurgiberritzen.eus\/wp-content\/uploads\/2024\/02\/IRAURGI-BERRITZEN-logotipoa_2.png","contentUrl":"https:\/\/iraurgiberritzen.eus\/wp-content\/uploads\/2024\/02\/IRAURGI-BERRITZEN-logotipoa_2.png","width":496,"height":190,"caption":"Iraurgi Berritzen"},"image":{"@id":"https:\/\/iraurgiberritzen.eus\/es\/#\/schema\/logo\/image\/"}},{"@type":"Person","@id":"https:\/\/iraurgiberritzen.eus\/es\/#\/schema\/person\/5ab41aaf388a9097177601ebf45738d2","name":"kudeatzailea","sameAs":["https:\/\/iraurgiberritzen.eus"]}]}},"_links":{"self":[{"href":"https:\/\/iraurgiberritzen.eus\/es\/wp-json\/wp\/v2\/posts\/12782","targetHints":{"allow":["GET"]}}],"collection":[{"href":"https:\/\/iraurgiberritzen.eus\/es\/wp-json\/wp\/v2\/posts"}],"about":[{"href":"https:\/\/iraurgiberritzen.eus\/es\/wp-json\/wp\/v2\/types\/post"}],"author":[{"embeddable":true,"href":"https:\/\/iraurgiberritzen.eus\/es\/wp-json\/wp\/v2\/users\/1"}],"replies":[{"embeddable":true,"href":"https:\/\/iraurgiberritzen.eus\/es\/wp-json\/wp\/v2\/comments?post=12782"}],"version-history":[{"count":0,"href":"https:\/\/iraurgiberritzen.eus\/es\/wp-json\/wp\/v2\/posts\/12782\/revisions"}],"wp:featuredmedia":[{"embeddable":true,"href":"https:\/\/iraurgiberritzen.eus\/es\/wp-json\/wp\/v2\/media\/17751"}],"wp:attachment":[{"href":"https:\/\/iraurgiberritzen.eus\/es\/wp-json\/wp\/v2\/media?parent=12782"}],"wp:term":[{"taxonomy":"category","embeddable":true,"href":"https:\/\/iraurgiberritzen.eus\/es\/wp-json\/wp\/v2\/categories?post=12782"},{"taxonomy":"post_tag","embeddable":true,"href":"https:\/\/iraurgiberritzen.eus\/es\/wp-json\/wp\/v2\/tags?post=12782"}],"curies":[{"name":"wp","href":"https:\/\/api.w.org\/{rel}","templated":true}]}}