{"id":12785,"date":"2019-12-01T15:12:33","date_gmt":"2019-12-01T13:12:33","guid":{"rendered":"https:\/\/iraurgiberritzen.eus\/la-localizacion-geografica-es-el-motivo-principal-por-el-cual-los-turistas-eligen-urola-erdia-para-alojarse-durante-sus-vacacioes\/"},"modified":"2019-12-01T15:12:33","modified_gmt":"2019-12-01T13:12:33","slug":"la-localizacion-geografica-es-el-motivo-principal-por-el-cual-los-turistas-eligen-urola-erdia-para-alojarse-durante-sus-vacacioes","status":"publish","type":"post","link":"https:\/\/iraurgiberritzen.eus\/es\/la-localizacion-geografica-es-el-motivo-principal-por-el-cual-los-turistas-eligen-urola-erdia-para-alojarse-durante-sus-vacacioes\/","title":{"rendered":"La localizaci\u00f3n geogr\u00e1fica es el motivo principal por el cual los turistas eligen Urola Erdia  para alojarse durante sus vacacioes"},"content":{"rendered":"<p style=\"text-align: justify;\">El proyecto de formaci\u00f3n dual acordado entre Iraurgi Berritzen y la Universidad de Deusto est\u00e1 avanzando en un profundo an\u00e1lisis de la demanda tur\u00edstica de la comarca.<\/p>\n<p style=\"text-align: justify;\">La primera entrega de este estudio nos ha proporcionado conclusiones tan relevantes como \u00fatiles para la toma de decisiones en materia de marketing tur\u00edstico, como:<\/p>\n<ul>\n<li style=\"text-align: justify;\">El 67% de los que se alojan en la comarca lo ha hecho por razones geoestrat\u00e9gicas, es decir, son turistas que vienen a conocer Euskadi durante 3-4 d\u00edas y han tomado nuestra comarca como sede principal para desplazarse de un lado a otro.<\/li>\n<li style=\"text-align: justify;\">Un 30% atra\u00eddos por los recursos tur\u00edsticos de la comarca.<\/li>\n<li style=\"text-align: justify;\">Un 3% por la celebraci\u00f3n de eventos concretos (deportivos, culturales).<\/li>\n<li style=\"text-align: justify;\">Casi el 100% de este grupo del 67% ha conocido la misma comarca y ha realizado un consumo tur\u00edstico en ella (visitar el museo, pasear por el bidegorri, conocer la vida de la calle y el poteo, etc.), y lo ha valorado de forma positiva.<\/li>\n<\/ul>\n","protected":false},"excerpt":{"rendered":"<p>El proyecto de formaci\u00f3n dual acordado entre Iraurgi Berritzen y la Universidad de Deusto est\u00e1 avanzando en un profundo an\u00e1lisis de la demanda tur\u00edstica de la comarca. La primera entrega de este estudio nos ha proporcionado conclusiones tan relevantes como \u00fatiles para la toma de decisiones en materia de marketing tur\u00edstico, como: El 67% de [&hellip;]<\/p>\n","protected":false},"author":1,"featured_media":17752,"comment_status":"","ping_status":"closed","sticky":false,"template":"","format":"standard","meta":{"_acf_changed":false,"footnotes":""},"categories":[4],"tags":[],"class_list":["post-12785","post","type-post","status-publish","format-standard","has-post-thumbnail","hentry","category-noticias"],"acf":[],"yoast_head":"<!-- This site is optimized with the Yoast SEO plugin v27.4 - https:\/\/yoast.com\/product\/yoast-seo-wordpress\/ -->\n<title>La localizaci\u00f3n geogr\u00e1fica es el motivo principal por el cual los turistas eligen Urola Erdia para alojarse durante sus vacacioes - Iraurgi Berritzen<\/title>\n<meta name=\"robots\" content=\"index, follow, max-snippet:-1, max-image-preview:large, max-video-preview:-1\" \/>\n<link rel=\"canonical\" href=\"https:\/\/iraurgiberritzen.eus\/es\/la-localizacion-geografica-es-el-motivo-principal-por-el-cual-los-turistas-eligen-urola-erdia-para-alojarse-durante-sus-vacacioes\/\" \/>\n<meta property=\"og:locale\" content=\"es_ES\" \/>\n<meta property=\"og:type\" content=\"article\" \/>\n<meta property=\"og:title\" content=\"La localizaci\u00f3n geogr\u00e1fica es el motivo principal por el cual los turistas eligen Urola Erdia para alojarse durante sus vacacioes - Iraurgi Berritzen\" \/>\n<meta property=\"og:description\" content=\"El proyecto de formaci\u00f3n dual acordado entre Iraurgi Berritzen y la Universidad de Deusto est\u00e1 avanzando en un profundo an\u00e1lisis de la demanda tur\u00edstica de la comarca. La primera entrega de este estudio nos ha proporcionado conclusiones tan relevantes como \u00fatiles para la toma de decisiones en materia de marketing tur\u00edstico, como: El 67% de [&hellip;]\" \/>\n<meta property=\"og:url\" content=\"https:\/\/iraurgiberritzen.eus\/es\/la-localizacion-geografica-es-el-motivo-principal-por-el-cual-los-turistas-eligen-urola-erdia-para-alojarse-durante-sus-vacacioes\/\" \/>\n<meta property=\"og:site_name\" content=\"Iraurgi Berritzen\" \/>\n<meta property=\"article:published_time\" content=\"2019-12-01T13:12:33+00:00\" \/>\n<meta name=\"author\" content=\"kudeatzailea\" \/>\n<meta name=\"twitter:card\" content=\"summary_large_image\" \/>\n<meta name=\"twitter:label1\" content=\"Escrito por\" \/>\n\t<meta name=\"twitter:data1\" content=\"kudeatzailea\" \/>\n\t<meta name=\"twitter:label2\" content=\"Tiempo de lectura\" \/>\n\t<meta name=\"twitter:data2\" content=\"1 minuto\" \/>\n<script type=\"application\/ld+json\" class=\"yoast-schema-graph\">{\"@context\":\"https:\\\/\\\/schema.org\",\"@graph\":[{\"@type\":\"Article\",\"@id\":\"https:\\\/\\\/iraurgiberritzen.eus\\\/es\\\/la-localizacion-geografica-es-el-motivo-principal-por-el-cual-los-turistas-eligen-urola-erdia-para-alojarse-durante-sus-vacacioes\\\/#article\",\"isPartOf\":{\"@id\":\"https:\\\/\\\/iraurgiberritzen.eus\\\/es\\\/la-localizacion-geografica-es-el-motivo-principal-por-el-cual-los-turistas-eligen-urola-erdia-para-alojarse-durante-sus-vacacioes\\\/\"},\"author\":{\"name\":\"kudeatzailea\",\"@id\":\"https:\\\/\\\/iraurgiberritzen.eus\\\/es\\\/#\\\/schema\\\/person\\\/5ab41aaf388a9097177601ebf45738d2\"},\"headline\":\"La localizaci\u00f3n geogr\u00e1fica es el motivo principal por el cual los turistas eligen Urola Erdia para alojarse durante sus vacacioes\",\"datePublished\":\"2019-12-01T13:12:33+00:00\",\"mainEntityOfPage\":{\"@id\":\"https:\\\/\\\/iraurgiberritzen.eus\\\/es\\\/la-localizacion-geografica-es-el-motivo-principal-por-el-cual-los-turistas-eligen-urola-erdia-para-alojarse-durante-sus-vacacioes\\\/\"},\"wordCount\":187,\"publisher\":{\"@id\":\"https:\\\/\\\/iraurgiberritzen.eus\\\/es\\\/#organization\"},\"image\":{\"@id\":\"https:\\\/\\\/iraurgiberritzen.eus\\\/es\\\/la-localizacion-geografica-es-el-motivo-principal-por-el-cual-los-turistas-eligen-urola-erdia-para-alojarse-durante-sus-vacacioes\\\/#primaryimage\"},\"thumbnailUrl\":\"https:\\\/\\\/iraurgiberritzen.eus\\\/wp-content\\\/uploads\\\/2023\\\/09\\\/d95ac1e7d6d78552526cbaae66d68531.jpg\",\"articleSection\":[\"Noticias\"],\"inLanguage\":\"es\"},{\"@type\":\"WebPage\",\"@id\":\"https:\\\/\\\/iraurgiberritzen.eus\\\/es\\\/la-localizacion-geografica-es-el-motivo-principal-por-el-cual-los-turistas-eligen-urola-erdia-para-alojarse-durante-sus-vacacioes\\\/\",\"url\":\"https:\\\/\\\/iraurgiberritzen.eus\\\/es\\\/la-localizacion-geografica-es-el-motivo-principal-por-el-cual-los-turistas-eligen-urola-erdia-para-alojarse-durante-sus-vacacioes\\\/\",\"name\":\"La localizaci\u00f3n geogr\u00e1fica es el motivo principal por el cual los turistas eligen Urola Erdia para alojarse durante sus vacacioes - Iraurgi Berritzen\",\"isPartOf\":{\"@id\":\"https:\\\/\\\/iraurgiberritzen.eus\\\/es\\\/#website\"},\"primaryImageOfPage\":{\"@id\":\"https:\\\/\\\/iraurgiberritzen.eus\\\/es\\\/la-localizacion-geografica-es-el-motivo-principal-por-el-cual-los-turistas-eligen-urola-erdia-para-alojarse-durante-sus-vacacioes\\\/#primaryimage\"},\"image\":{\"@id\":\"https:\\\/\\\/iraurgiberritzen.eus\\\/es\\\/la-localizacion-geografica-es-el-motivo-principal-por-el-cual-los-turistas-eligen-urola-erdia-para-alojarse-durante-sus-vacacioes\\\/#primaryimage\"},\"thumbnailUrl\":\"https:\\\/\\\/iraurgiberritzen.eus\\\/wp-content\\\/uploads\\\/2023\\\/09\\\/d95ac1e7d6d78552526cbaae66d68531.jpg\",\"datePublished\":\"2019-12-01T13:12:33+00:00\",\"breadcrumb\":{\"@id\":\"https:\\\/\\\/iraurgiberritzen.eus\\\/es\\\/la-localizacion-geografica-es-el-motivo-principal-por-el-cual-los-turistas-eligen-urola-erdia-para-alojarse-durante-sus-vacacioes\\\/#breadcrumb\"},\"inLanguage\":\"es\",\"potentialAction\":[{\"@type\":\"ReadAction\",\"target\":[\"https:\\\/\\\/iraurgiberritzen.eus\\\/es\\\/la-localizacion-geografica-es-el-motivo-principal-por-el-cual-los-turistas-eligen-urola-erdia-para-alojarse-durante-sus-vacacioes\\\/\"]}]},{\"@type\":\"ImageObject\",\"inLanguage\":\"es\",\"@id\":\"https:\\\/\\\/iraurgiberritzen.eus\\\/es\\\/la-localizacion-geografica-es-el-motivo-principal-por-el-cual-los-turistas-eligen-urola-erdia-para-alojarse-durante-sus-vacacioes\\\/#primaryimage\",\"url\":\"https:\\\/\\\/iraurgiberritzen.eus\\\/wp-content\\\/uploads\\\/2023\\\/09\\\/d95ac1e7d6d78552526cbaae66d68531.jpg\",\"contentUrl\":\"https:\\\/\\\/iraurgiberritzen.eus\\\/wp-content\\\/uploads\\\/2023\\\/09\\\/d95ac1e7d6d78552526cbaae66d68531.jpg\",\"width\":600,\"height\":386},{\"@type\":\"BreadcrumbList\",\"@id\":\"https:\\\/\\\/iraurgiberritzen.eus\\\/es\\\/la-localizacion-geografica-es-el-motivo-principal-por-el-cual-los-turistas-eligen-urola-erdia-para-alojarse-durante-sus-vacacioes\\\/#breadcrumb\",\"itemListElement\":[{\"@type\":\"ListItem\",\"position\":1,\"name\":\"Home\",\"item\":\"https:\\\/\\\/iraurgiberritzen.eus\\\/es\\\/\"},{\"@type\":\"ListItem\",\"position\":2,\"name\":\"La localizaci\u00f3n geogr\u00e1fica es el motivo principal por el cual los turistas eligen Urola Erdia para alojarse durante sus vacacioes\"}]},{\"@type\":\"WebSite\",\"@id\":\"https:\\\/\\\/iraurgiberritzen.eus\\\/es\\\/#website\",\"url\":\"https:\\\/\\\/iraurgiberritzen.eus\\\/es\\\/\",\"name\":\"Iraurgi Berritzen\",\"description\":\"Urola Erdiko Garapen Agentzia\",\"publisher\":{\"@id\":\"https:\\\/\\\/iraurgiberritzen.eus\\\/es\\\/#organization\"},\"potentialAction\":[{\"@type\":\"SearchAction\",\"target\":{\"@type\":\"EntryPoint\",\"urlTemplate\":\"https:\\\/\\\/iraurgiberritzen.eus\\\/es\\\/?s={search_term_string}\"},\"query-input\":{\"@type\":\"PropertyValueSpecification\",\"valueRequired\":true,\"valueName\":\"search_term_string\"}}],\"inLanguage\":\"es\"},{\"@type\":\"Organization\",\"@id\":\"https:\\\/\\\/iraurgiberritzen.eus\\\/es\\\/#organization\",\"name\":\"Iraurgi Berritzen\",\"url\":\"https:\\\/\\\/iraurgiberritzen.eus\\\/es\\\/\",\"logo\":{\"@type\":\"ImageObject\",\"inLanguage\":\"es\",\"@id\":\"https:\\\/\\\/iraurgiberritzen.eus\\\/es\\\/#\\\/schema\\\/logo\\\/image\\\/\",\"url\":\"https:\\\/\\\/iraurgiberritzen.eus\\\/wp-content\\\/uploads\\\/2024\\\/02\\\/IRAURGI-BERRITZEN-logotipoa_2.png\",\"contentUrl\":\"https:\\\/\\\/iraurgiberritzen.eus\\\/wp-content\\\/uploads\\\/2024\\\/02\\\/IRAURGI-BERRITZEN-logotipoa_2.png\",\"width\":496,\"height\":190,\"caption\":\"Iraurgi Berritzen\"},\"image\":{\"@id\":\"https:\\\/\\\/iraurgiberritzen.eus\\\/es\\\/#\\\/schema\\\/logo\\\/image\\\/\"}},{\"@type\":\"Person\",\"@id\":\"https:\\\/\\\/iraurgiberritzen.eus\\\/es\\\/#\\\/schema\\\/person\\\/5ab41aaf388a9097177601ebf45738d2\",\"name\":\"kudeatzailea\",\"sameAs\":[\"https:\\\/\\\/iraurgiberritzen.eus\"]}]}<\/script>\n<!-- \/ Yoast SEO plugin. -->","yoast_head_json":{"title":"La localizaci\u00f3n geogr\u00e1fica es el motivo principal por el cual los turistas eligen Urola Erdia para alojarse durante sus vacacioes - Iraurgi Berritzen","robots":{"index":"index","follow":"follow","max-snippet":"max-snippet:-1","max-image-preview":"max-image-preview:large","max-video-preview":"max-video-preview:-1"},"canonical":"https:\/\/iraurgiberritzen.eus\/es\/la-localizacion-geografica-es-el-motivo-principal-por-el-cual-los-turistas-eligen-urola-erdia-para-alojarse-durante-sus-vacacioes\/","og_locale":"es_ES","og_type":"article","og_title":"La localizaci\u00f3n geogr\u00e1fica es el motivo principal por el cual los turistas eligen Urola Erdia para alojarse durante sus vacacioes - Iraurgi Berritzen","og_description":"El proyecto de formaci\u00f3n dual acordado entre Iraurgi Berritzen y la Universidad de Deusto est\u00e1 avanzando en un profundo an\u00e1lisis de la demanda tur\u00edstica de la comarca. La primera entrega de este estudio nos ha proporcionado conclusiones tan relevantes como \u00fatiles para la toma de decisiones en materia de marketing tur\u00edstico, como: El 67% de [&hellip;]","og_url":"https:\/\/iraurgiberritzen.eus\/es\/la-localizacion-geografica-es-el-motivo-principal-por-el-cual-los-turistas-eligen-urola-erdia-para-alojarse-durante-sus-vacacioes\/","og_site_name":"Iraurgi Berritzen","article_published_time":"2019-12-01T13:12:33+00:00","author":"kudeatzailea","twitter_card":"summary_large_image","twitter_misc":{"Escrito por":"kudeatzailea","Tiempo de lectura":"1 minuto"},"schema":{"@context":"https:\/\/schema.org","@graph":[{"@type":"Article","@id":"https:\/\/iraurgiberritzen.eus\/es\/la-localizacion-geografica-es-el-motivo-principal-por-el-cual-los-turistas-eligen-urola-erdia-para-alojarse-durante-sus-vacacioes\/#article","isPartOf":{"@id":"https:\/\/iraurgiberritzen.eus\/es\/la-localizacion-geografica-es-el-motivo-principal-por-el-cual-los-turistas-eligen-urola-erdia-para-alojarse-durante-sus-vacacioes\/"},"author":{"name":"kudeatzailea","@id":"https:\/\/iraurgiberritzen.eus\/es\/#\/schema\/person\/5ab41aaf388a9097177601ebf45738d2"},"headline":"La localizaci\u00f3n geogr\u00e1fica es el motivo principal por el cual los turistas eligen Urola Erdia para alojarse durante sus vacacioes","datePublished":"2019-12-01T13:12:33+00:00","mainEntityOfPage":{"@id":"https:\/\/iraurgiberritzen.eus\/es\/la-localizacion-geografica-es-el-motivo-principal-por-el-cual-los-turistas-eligen-urola-erdia-para-alojarse-durante-sus-vacacioes\/"},"wordCount":187,"publisher":{"@id":"https:\/\/iraurgiberritzen.eus\/es\/#organization"},"image":{"@id":"https:\/\/iraurgiberritzen.eus\/es\/la-localizacion-geografica-es-el-motivo-principal-por-el-cual-los-turistas-eligen-urola-erdia-para-alojarse-durante-sus-vacacioes\/#primaryimage"},"thumbnailUrl":"https:\/\/iraurgiberritzen.eus\/wp-content\/uploads\/2023\/09\/d95ac1e7d6d78552526cbaae66d68531.jpg","articleSection":["Noticias"],"inLanguage":"es"},{"@type":"WebPage","@id":"https:\/\/iraurgiberritzen.eus\/es\/la-localizacion-geografica-es-el-motivo-principal-por-el-cual-los-turistas-eligen-urola-erdia-para-alojarse-durante-sus-vacacioes\/","url":"https:\/\/iraurgiberritzen.eus\/es\/la-localizacion-geografica-es-el-motivo-principal-por-el-cual-los-turistas-eligen-urola-erdia-para-alojarse-durante-sus-vacacioes\/","name":"La localizaci\u00f3n geogr\u00e1fica es el motivo principal por el cual los turistas eligen Urola Erdia para alojarse durante sus vacacioes - Iraurgi Berritzen","isPartOf":{"@id":"https:\/\/iraurgiberritzen.eus\/es\/#website"},"primaryImageOfPage":{"@id":"https:\/\/iraurgiberritzen.eus\/es\/la-localizacion-geografica-es-el-motivo-principal-por-el-cual-los-turistas-eligen-urola-erdia-para-alojarse-durante-sus-vacacioes\/#primaryimage"},"image":{"@id":"https:\/\/iraurgiberritzen.eus\/es\/la-localizacion-geografica-es-el-motivo-principal-por-el-cual-los-turistas-eligen-urola-erdia-para-alojarse-durante-sus-vacacioes\/#primaryimage"},"thumbnailUrl":"https:\/\/iraurgiberritzen.eus\/wp-content\/uploads\/2023\/09\/d95ac1e7d6d78552526cbaae66d68531.jpg","datePublished":"2019-12-01T13:12:33+00:00","breadcrumb":{"@id":"https:\/\/iraurgiberritzen.eus\/es\/la-localizacion-geografica-es-el-motivo-principal-por-el-cual-los-turistas-eligen-urola-erdia-para-alojarse-durante-sus-vacacioes\/#breadcrumb"},"inLanguage":"es","potentialAction":[{"@type":"ReadAction","target":["https:\/\/iraurgiberritzen.eus\/es\/la-localizacion-geografica-es-el-motivo-principal-por-el-cual-los-turistas-eligen-urola-erdia-para-alojarse-durante-sus-vacacioes\/"]}]},{"@type":"ImageObject","inLanguage":"es","@id":"https:\/\/iraurgiberritzen.eus\/es\/la-localizacion-geografica-es-el-motivo-principal-por-el-cual-los-turistas-eligen-urola-erdia-para-alojarse-durante-sus-vacacioes\/#primaryimage","url":"https:\/\/iraurgiberritzen.eus\/wp-content\/uploads\/2023\/09\/d95ac1e7d6d78552526cbaae66d68531.jpg","contentUrl":"https:\/\/iraurgiberritzen.eus\/wp-content\/uploads\/2023\/09\/d95ac1e7d6d78552526cbaae66d68531.jpg","width":600,"height":386},{"@type":"BreadcrumbList","@id":"https:\/\/iraurgiberritzen.eus\/es\/la-localizacion-geografica-es-el-motivo-principal-por-el-cual-los-turistas-eligen-urola-erdia-para-alojarse-durante-sus-vacacioes\/#breadcrumb","itemListElement":[{"@type":"ListItem","position":1,"name":"Home","item":"https:\/\/iraurgiberritzen.eus\/es\/"},{"@type":"ListItem","position":2,"name":"La localizaci\u00f3n geogr\u00e1fica es el motivo principal por el cual los turistas eligen Urola Erdia para alojarse durante sus vacacioes"}]},{"@type":"WebSite","@id":"https:\/\/iraurgiberritzen.eus\/es\/#website","url":"https:\/\/iraurgiberritzen.eus\/es\/","name":"Iraurgi Berritzen","description":"Urola Erdiko Garapen Agentzia","publisher":{"@id":"https:\/\/iraurgiberritzen.eus\/es\/#organization"},"potentialAction":[{"@type":"SearchAction","target":{"@type":"EntryPoint","urlTemplate":"https:\/\/iraurgiberritzen.eus\/es\/?s={search_term_string}"},"query-input":{"@type":"PropertyValueSpecification","valueRequired":true,"valueName":"search_term_string"}}],"inLanguage":"es"},{"@type":"Organization","@id":"https:\/\/iraurgiberritzen.eus\/es\/#organization","name":"Iraurgi Berritzen","url":"https:\/\/iraurgiberritzen.eus\/es\/","logo":{"@type":"ImageObject","inLanguage":"es","@id":"https:\/\/iraurgiberritzen.eus\/es\/#\/schema\/logo\/image\/","url":"https:\/\/iraurgiberritzen.eus\/wp-content\/uploads\/2024\/02\/IRAURGI-BERRITZEN-logotipoa_2.png","contentUrl":"https:\/\/iraurgiberritzen.eus\/wp-content\/uploads\/2024\/02\/IRAURGI-BERRITZEN-logotipoa_2.png","width":496,"height":190,"caption":"Iraurgi Berritzen"},"image":{"@id":"https:\/\/iraurgiberritzen.eus\/es\/#\/schema\/logo\/image\/"}},{"@type":"Person","@id":"https:\/\/iraurgiberritzen.eus\/es\/#\/schema\/person\/5ab41aaf388a9097177601ebf45738d2","name":"kudeatzailea","sameAs":["https:\/\/iraurgiberritzen.eus"]}]}},"_links":{"self":[{"href":"https:\/\/iraurgiberritzen.eus\/es\/wp-json\/wp\/v2\/posts\/12785","targetHints":{"allow":["GET"]}}],"collection":[{"href":"https:\/\/iraurgiberritzen.eus\/es\/wp-json\/wp\/v2\/posts"}],"about":[{"href":"https:\/\/iraurgiberritzen.eus\/es\/wp-json\/wp\/v2\/types\/post"}],"author":[{"embeddable":true,"href":"https:\/\/iraurgiberritzen.eus\/es\/wp-json\/wp\/v2\/users\/1"}],"replies":[{"embeddable":true,"href":"https:\/\/iraurgiberritzen.eus\/es\/wp-json\/wp\/v2\/comments?post=12785"}],"version-history":[{"count":0,"href":"https:\/\/iraurgiberritzen.eus\/es\/wp-json\/wp\/v2\/posts\/12785\/revisions"}],"wp:featuredmedia":[{"embeddable":true,"href":"https:\/\/iraurgiberritzen.eus\/es\/wp-json\/wp\/v2\/media\/17752"}],"wp:attachment":[{"href":"https:\/\/iraurgiberritzen.eus\/es\/wp-json\/wp\/v2\/media?parent=12785"}],"wp:term":[{"taxonomy":"category","embeddable":true,"href":"https:\/\/iraurgiberritzen.eus\/es\/wp-json\/wp\/v2\/categories?post=12785"},{"taxonomy":"post_tag","embeddable":true,"href":"https:\/\/iraurgiberritzen.eus\/es\/wp-json\/wp\/v2\/tags?post=12785"}],"curies":[{"name":"wp","href":"https:\/\/api.w.org\/{rel}","templated":true}]}}