{"id":12807,"date":"2020-02-07T15:12:56","date_gmt":"2020-02-07T13:12:56","guid":{"rendered":"https:\/\/iraurgiberritzen.eus\/exito-de-la-iniciativa-formativa-para-la-insercion-laboral-de-personas-desempleadas-en-el-sector-de-las-carnicerias-y-elaborados-carnicos\/"},"modified":"2020-02-07T15:12:56","modified_gmt":"2020-02-07T13:12:56","slug":"exito-de-la-iniciativa-formativa-para-la-insercion-laboral-de-personas-desempleadas-en-el-sector-de-las-carnicerias-y-elaborados-carnicos","status":"publish","type":"post","link":"https:\/\/iraurgiberritzen.eus\/es\/exito-de-la-iniciativa-formativa-para-la-insercion-laboral-de-personas-desempleadas-en-el-sector-de-las-carnicerias-y-elaborados-carnicos\/","title":{"rendered":"\u00c9xito de la iniciativa formativa para la inserci\u00f3n laboral de personas desempleadas en el sector de las carnicer\u00edas y elaborados c\u00e1rnicos"},"content":{"rendered":"<ul>\n<li style=\"text-align: justify;\">La primera promoci\u00f3n del curso \u00abCarnicer\u00eda y elaborados de productos c\u00e1rnicos\u00bb, ha recogido los Diplomas de Acreditaci\u00f3n, en la sede de la empresa KM0, del Pol\u00edgono industrial de Sansinenea.<\/li>\n<\/ul>\n<ul>\n<li style=\"text-align: justify;\">Esta primera experiencia ha dado respuesta a las necesidades de personal cualificado por parte de las empresas c\u00e1rnicas colaboradoras de Iraurgi Berritzen y la Mancomunidad de Urola Kosta.<\/li>\n<\/ul>\n<p style=\"text-align: justify;\">Con la entrega de los diplomas que acreditan la superaci\u00f3n del curso, esta ma\u00f1ana se ha clausurado la primera experiencia formativa a demanda de las empresas del sector c\u00e1rnico vasco para cubrir sus necesidades de personal cualificado. Bajo la denominaci\u00f3n \u00abCarnicer\u00eda y elaborados de productos c\u00e1rnicos\u00bb, este curso ha concluido con la diplomatura de 12 personas de Urola Erdia-Costa gestionadas por Iraurgi Berritzen y la Mancomunidad de Urola Kosta y que se encontraban en situaci\u00f3n de desempleo y que a partir de ahora pasar\u00e1n a trabajar en distintas empresas o a iniciar una actividad por cuenta propia.<\/p>\n<p style=\"text-align: justify;\">Bittor Oroz, Viceconsejero del Departamento de Desarrrollo Econ\u00f3mico e Infraestructuras del Gobierno Vasco, Maria Jesus Etxaniz, Directora de Lanbide Azpeitia, Patxi Aldasoro subdirector de la cooperativa KM0, Itziar Abarisketa Coordinadora del \u00c1rea de Empleo y Empresas de Iraurgi Berritzen, y representantes de Hazi y Urkome han tomado parte en el acto.<\/p>\n<p style=\"text-align: justify;\">El curso, con 430 horas te\u00f3ricas y 80 pr\u00e1cticas, se ha desarrollado en las modernas y punteras instalaciones que Urkaiko &#8211; Baserria km0 y Basatxerri tienen en Zestoa, id\u00f3neas para el correcto desarrollo del itinerario formativo. La metodolog\u00eda utilizada para el aprendizaje ha sido muy pr\u00e1ctica, basada en la experiencia encaminada al desarrollo de una actividad laboral.<\/p>\n<p style=\"text-align: justify;\">Los impulsores de este proyecto han sido por la parte p\u00fablica, el Departamento de Desarrollo Econ\u00f3mico e Infraestructuras del Gobierno Vasco, el Servicio Vasco de Empleo Lanbide y HAZI Fundazioa, Iraurgi Berritzen, Mancomunidad de Urola Kosta y la Asociaci\u00f3n de Desarrollo Rural Urkome. y por la parte privada las empresas Urkaiko \u2013 Baserria Km0 y Basatxerri.<\/p>\n<p style=\"text-align: justify;\"><strong>Puesta en marcha de un nuevo curso<\/strong><\/p>\n<p style=\"text-align: justify;\">En vista del resultado satisfactorio, las entidades y empresas participantes han decidido continuar con esta acci\u00f3n formativa y han puesto en marcha un nuevo curso que concluir\u00e1 dentro de seis meses. Como en la edici\u00f3n anterior, est\u00e1 destinado a la mejora de la empleabilidad y a promover la inserci\u00f3n laboral de personas desempleadas o en riesgo de exclusi\u00f3n social. Las personas participantes se capacitar\u00e1n para el desarrollo de una actividad laboral con un perfil polivalente en el sector c\u00e1rnico.<\/p>\n<p style=\"text-align: center;\"><span style=\"font-size: 10pt; font-family: Arial, sans-serif;\"><img decoding=\"async\" src=\"images\/Captura_de_pantalla_2020-02-07_a_las_12.55.24.png\" alt=\"Captura_de_pantalla_2020-02-07_a_las_12.55.24.png\" \/>&nbsp;<\/span><\/p>\n","protected":false},"excerpt":{"rendered":"<p>La primera promoci\u00f3n del curso \u00abCarnicer\u00eda y elaborados de productos c\u00e1rnicos\u00bb, ha recogido los Diplomas de Acreditaci\u00f3n, en la sede de la empresa KM0, del Pol\u00edgono industrial de Sansinenea. Esta primera experiencia ha dado respuesta a las necesidades de personal cualificado por parte de las empresas c\u00e1rnicas colaboradoras de Iraurgi Berritzen y la Mancomunidad de [&hellip;]<\/p>\n","protected":false},"author":1,"featured_media":17758,"comment_status":"","ping_status":"closed","sticky":false,"template":"","format":"standard","meta":{"_acf_changed":false,"footnotes":""},"categories":[4],"tags":[],"class_list":["post-12807","post","type-post","status-publish","format-standard","has-post-thumbnail","hentry","category-noticias"],"acf":[],"yoast_head":"<!-- This site is optimized with the Yoast SEO plugin v27.4 - https:\/\/yoast.com\/product\/yoast-seo-wordpress\/ -->\n<title>\u00c9xito de la iniciativa formativa para la inserci\u00f3n laboral de personas desempleadas en el sector de las carnicer\u00edas y elaborados c\u00e1rnicos - Iraurgi Berritzen<\/title>\n<meta name=\"robots\" content=\"index, follow, max-snippet:-1, max-image-preview:large, max-video-preview:-1\" \/>\n<link rel=\"canonical\" href=\"https:\/\/iraurgiberritzen.eus\/es\/exito-de-la-iniciativa-formativa-para-la-insercion-laboral-de-personas-desempleadas-en-el-sector-de-las-carnicerias-y-elaborados-carnicos\/\" \/>\n<meta property=\"og:locale\" content=\"es_ES\" \/>\n<meta property=\"og:type\" content=\"article\" \/>\n<meta property=\"og:title\" content=\"\u00c9xito de la iniciativa formativa para la inserci\u00f3n laboral de personas desempleadas en el sector de las carnicer\u00edas y elaborados c\u00e1rnicos - Iraurgi Berritzen\" \/>\n<meta property=\"og:description\" content=\"La primera promoci\u00f3n del curso \u00abCarnicer\u00eda y elaborados de productos c\u00e1rnicos\u00bb, ha recogido los Diplomas de Acreditaci\u00f3n, en la sede de la empresa KM0, del Pol\u00edgono industrial de Sansinenea. Esta primera experiencia ha dado respuesta a las necesidades de personal cualificado por parte de las empresas c\u00e1rnicas colaboradoras de Iraurgi Berritzen y la Mancomunidad de [&hellip;]\" \/>\n<meta property=\"og:url\" content=\"https:\/\/iraurgiberritzen.eus\/es\/exito-de-la-iniciativa-formativa-para-la-insercion-laboral-de-personas-desempleadas-en-el-sector-de-las-carnicerias-y-elaborados-carnicos\/\" \/>\n<meta property=\"og:site_name\" content=\"Iraurgi Berritzen\" \/>\n<meta property=\"article:published_time\" content=\"2020-02-07T13:12:56+00:00\" \/>\n<meta name=\"author\" content=\"kudeatzailea\" \/>\n<meta name=\"twitter:card\" content=\"summary_large_image\" \/>\n<meta name=\"twitter:label1\" content=\"Escrito por\" \/>\n\t<meta name=\"twitter:data1\" content=\"kudeatzailea\" \/>\n\t<meta name=\"twitter:label2\" content=\"Tiempo de lectura\" \/>\n\t<meta name=\"twitter:data2\" content=\"2 minutos\" \/>\n<script type=\"application\/ld+json\" class=\"yoast-schema-graph\">{\"@context\":\"https:\\\/\\\/schema.org\",\"@graph\":[{\"@type\":\"Article\",\"@id\":\"https:\\\/\\\/iraurgiberritzen.eus\\\/es\\\/exito-de-la-iniciativa-formativa-para-la-insercion-laboral-de-personas-desempleadas-en-el-sector-de-las-carnicerias-y-elaborados-carnicos\\\/#article\",\"isPartOf\":{\"@id\":\"https:\\\/\\\/iraurgiberritzen.eus\\\/es\\\/exito-de-la-iniciativa-formativa-para-la-insercion-laboral-de-personas-desempleadas-en-el-sector-de-las-carnicerias-y-elaborados-carnicos\\\/\"},\"author\":{\"name\":\"kudeatzailea\",\"@id\":\"https:\\\/\\\/iraurgiberritzen.eus\\\/es\\\/#\\\/schema\\\/person\\\/5ab41aaf388a9097177601ebf45738d2\"},\"headline\":\"\u00c9xito de la iniciativa formativa para la inserci\u00f3n laboral de personas desempleadas en el sector de las carnicer\u00edas y elaborados c\u00e1rnicos\",\"datePublished\":\"2020-02-07T13:12:56+00:00\",\"mainEntityOfPage\":{\"@id\":\"https:\\\/\\\/iraurgiberritzen.eus\\\/es\\\/exito-de-la-iniciativa-formativa-para-la-insercion-laboral-de-personas-desempleadas-en-el-sector-de-las-carnicerias-y-elaborados-carnicos\\\/\"},\"wordCount\":454,\"publisher\":{\"@id\":\"https:\\\/\\\/iraurgiberritzen.eus\\\/es\\\/#organization\"},\"image\":{\"@id\":\"https:\\\/\\\/iraurgiberritzen.eus\\\/es\\\/exito-de-la-iniciativa-formativa-para-la-insercion-laboral-de-personas-desempleadas-en-el-sector-de-las-carnicerias-y-elaborados-carnicos\\\/#primaryimage\"},\"thumbnailUrl\":\"https:\\\/\\\/iraurgiberritzen.eus\\\/wp-content\\\/uploads\\\/2023\\\/09\\\/5e8173bf39566531ecfe4424fce66d85.jpg\",\"articleSection\":[\"Noticias\"],\"inLanguage\":\"es\"},{\"@type\":\"WebPage\",\"@id\":\"https:\\\/\\\/iraurgiberritzen.eus\\\/es\\\/exito-de-la-iniciativa-formativa-para-la-insercion-laboral-de-personas-desempleadas-en-el-sector-de-las-carnicerias-y-elaborados-carnicos\\\/\",\"url\":\"https:\\\/\\\/iraurgiberritzen.eus\\\/es\\\/exito-de-la-iniciativa-formativa-para-la-insercion-laboral-de-personas-desempleadas-en-el-sector-de-las-carnicerias-y-elaborados-carnicos\\\/\",\"name\":\"\u00c9xito de la iniciativa formativa para la inserci\u00f3n laboral de personas desempleadas en el sector de las carnicer\u00edas y elaborados c\u00e1rnicos - Iraurgi Berritzen\",\"isPartOf\":{\"@id\":\"https:\\\/\\\/iraurgiberritzen.eus\\\/es\\\/#website\"},\"primaryImageOfPage\":{\"@id\":\"https:\\\/\\\/iraurgiberritzen.eus\\\/es\\\/exito-de-la-iniciativa-formativa-para-la-insercion-laboral-de-personas-desempleadas-en-el-sector-de-las-carnicerias-y-elaborados-carnicos\\\/#primaryimage\"},\"image\":{\"@id\":\"https:\\\/\\\/iraurgiberritzen.eus\\\/es\\\/exito-de-la-iniciativa-formativa-para-la-insercion-laboral-de-personas-desempleadas-en-el-sector-de-las-carnicerias-y-elaborados-carnicos\\\/#primaryimage\"},\"thumbnailUrl\":\"https:\\\/\\\/iraurgiberritzen.eus\\\/wp-content\\\/uploads\\\/2023\\\/09\\\/5e8173bf39566531ecfe4424fce66d85.jpg\",\"datePublished\":\"2020-02-07T13:12:56+00:00\",\"breadcrumb\":{\"@id\":\"https:\\\/\\\/iraurgiberritzen.eus\\\/es\\\/exito-de-la-iniciativa-formativa-para-la-insercion-laboral-de-personas-desempleadas-en-el-sector-de-las-carnicerias-y-elaborados-carnicos\\\/#breadcrumb\"},\"inLanguage\":\"es\",\"potentialAction\":[{\"@type\":\"ReadAction\",\"target\":[\"https:\\\/\\\/iraurgiberritzen.eus\\\/es\\\/exito-de-la-iniciativa-formativa-para-la-insercion-laboral-de-personas-desempleadas-en-el-sector-de-las-carnicerias-y-elaborados-carnicos\\\/\"]}]},{\"@type\":\"ImageObject\",\"inLanguage\":\"es\",\"@id\":\"https:\\\/\\\/iraurgiberritzen.eus\\\/es\\\/exito-de-la-iniciativa-formativa-para-la-insercion-laboral-de-personas-desempleadas-en-el-sector-de-las-carnicerias-y-elaborados-carnicos\\\/#primaryimage\",\"url\":\"https:\\\/\\\/iraurgiberritzen.eus\\\/wp-content\\\/uploads\\\/2023\\\/09\\\/5e8173bf39566531ecfe4424fce66d85.jpg\",\"contentUrl\":\"https:\\\/\\\/iraurgiberritzen.eus\\\/wp-content\\\/uploads\\\/2023\\\/09\\\/5e8173bf39566531ecfe4424fce66d85.jpg\",\"width\":600,\"height\":386},{\"@type\":\"BreadcrumbList\",\"@id\":\"https:\\\/\\\/iraurgiberritzen.eus\\\/es\\\/exito-de-la-iniciativa-formativa-para-la-insercion-laboral-de-personas-desempleadas-en-el-sector-de-las-carnicerias-y-elaborados-carnicos\\\/#breadcrumb\",\"itemListElement\":[{\"@type\":\"ListItem\",\"position\":1,\"name\":\"Home\",\"item\":\"https:\\\/\\\/iraurgiberritzen.eus\\\/es\\\/\"},{\"@type\":\"ListItem\",\"position\":2,\"name\":\"\u00c9xito de la iniciativa formativa para la inserci\u00f3n laboral de personas desempleadas en el sector de las carnicer\u00edas y elaborados c\u00e1rnicos\"}]},{\"@type\":\"WebSite\",\"@id\":\"https:\\\/\\\/iraurgiberritzen.eus\\\/es\\\/#website\",\"url\":\"https:\\\/\\\/iraurgiberritzen.eus\\\/es\\\/\",\"name\":\"Iraurgi Berritzen\",\"description\":\"Urola Erdiko Garapen Agentzia\",\"publisher\":{\"@id\":\"https:\\\/\\\/iraurgiberritzen.eus\\\/es\\\/#organization\"},\"potentialAction\":[{\"@type\":\"SearchAction\",\"target\":{\"@type\":\"EntryPoint\",\"urlTemplate\":\"https:\\\/\\\/iraurgiberritzen.eus\\\/es\\\/?s={search_term_string}\"},\"query-input\":{\"@type\":\"PropertyValueSpecification\",\"valueRequired\":true,\"valueName\":\"search_term_string\"}}],\"inLanguage\":\"es\"},{\"@type\":\"Organization\",\"@id\":\"https:\\\/\\\/iraurgiberritzen.eus\\\/es\\\/#organization\",\"name\":\"Iraurgi Berritzen\",\"url\":\"https:\\\/\\\/iraurgiberritzen.eus\\\/es\\\/\",\"logo\":{\"@type\":\"ImageObject\",\"inLanguage\":\"es\",\"@id\":\"https:\\\/\\\/iraurgiberritzen.eus\\\/es\\\/#\\\/schema\\\/logo\\\/image\\\/\",\"url\":\"https:\\\/\\\/iraurgiberritzen.eus\\\/wp-content\\\/uploads\\\/2024\\\/02\\\/IRAURGI-BERRITZEN-logotipoa_2.png\",\"contentUrl\":\"https:\\\/\\\/iraurgiberritzen.eus\\\/wp-content\\\/uploads\\\/2024\\\/02\\\/IRAURGI-BERRITZEN-logotipoa_2.png\",\"width\":496,\"height\":190,\"caption\":\"Iraurgi Berritzen\"},\"image\":{\"@id\":\"https:\\\/\\\/iraurgiberritzen.eus\\\/es\\\/#\\\/schema\\\/logo\\\/image\\\/\"}},{\"@type\":\"Person\",\"@id\":\"https:\\\/\\\/iraurgiberritzen.eus\\\/es\\\/#\\\/schema\\\/person\\\/5ab41aaf388a9097177601ebf45738d2\",\"name\":\"kudeatzailea\",\"sameAs\":[\"https:\\\/\\\/iraurgiberritzen.eus\"]}]}<\/script>\n<!-- \/ Yoast SEO plugin. -->","yoast_head_json":{"title":"\u00c9xito de la iniciativa formativa para la inserci\u00f3n laboral de personas desempleadas en el sector de las carnicer\u00edas y elaborados c\u00e1rnicos - Iraurgi Berritzen","robots":{"index":"index","follow":"follow","max-snippet":"max-snippet:-1","max-image-preview":"max-image-preview:large","max-video-preview":"max-video-preview:-1"},"canonical":"https:\/\/iraurgiberritzen.eus\/es\/exito-de-la-iniciativa-formativa-para-la-insercion-laboral-de-personas-desempleadas-en-el-sector-de-las-carnicerias-y-elaborados-carnicos\/","og_locale":"es_ES","og_type":"article","og_title":"\u00c9xito de la iniciativa formativa para la inserci\u00f3n laboral de personas desempleadas en el sector de las carnicer\u00edas y elaborados c\u00e1rnicos - Iraurgi Berritzen","og_description":"La primera promoci\u00f3n del curso \u00abCarnicer\u00eda y elaborados de productos c\u00e1rnicos\u00bb, ha recogido los Diplomas de Acreditaci\u00f3n, en la sede de la empresa KM0, del Pol\u00edgono industrial de Sansinenea. Esta primera experiencia ha dado respuesta a las necesidades de personal cualificado por parte de las empresas c\u00e1rnicas colaboradoras de Iraurgi Berritzen y la Mancomunidad de [&hellip;]","og_url":"https:\/\/iraurgiberritzen.eus\/es\/exito-de-la-iniciativa-formativa-para-la-insercion-laboral-de-personas-desempleadas-en-el-sector-de-las-carnicerias-y-elaborados-carnicos\/","og_site_name":"Iraurgi Berritzen","article_published_time":"2020-02-07T13:12:56+00:00","author":"kudeatzailea","twitter_card":"summary_large_image","twitter_misc":{"Escrito por":"kudeatzailea","Tiempo de lectura":"2 minutos"},"schema":{"@context":"https:\/\/schema.org","@graph":[{"@type":"Article","@id":"https:\/\/iraurgiberritzen.eus\/es\/exito-de-la-iniciativa-formativa-para-la-insercion-laboral-de-personas-desempleadas-en-el-sector-de-las-carnicerias-y-elaborados-carnicos\/#article","isPartOf":{"@id":"https:\/\/iraurgiberritzen.eus\/es\/exito-de-la-iniciativa-formativa-para-la-insercion-laboral-de-personas-desempleadas-en-el-sector-de-las-carnicerias-y-elaborados-carnicos\/"},"author":{"name":"kudeatzailea","@id":"https:\/\/iraurgiberritzen.eus\/es\/#\/schema\/person\/5ab41aaf388a9097177601ebf45738d2"},"headline":"\u00c9xito de la iniciativa formativa para la inserci\u00f3n laboral de personas desempleadas en el sector de las carnicer\u00edas y elaborados c\u00e1rnicos","datePublished":"2020-02-07T13:12:56+00:00","mainEntityOfPage":{"@id":"https:\/\/iraurgiberritzen.eus\/es\/exito-de-la-iniciativa-formativa-para-la-insercion-laboral-de-personas-desempleadas-en-el-sector-de-las-carnicerias-y-elaborados-carnicos\/"},"wordCount":454,"publisher":{"@id":"https:\/\/iraurgiberritzen.eus\/es\/#organization"},"image":{"@id":"https:\/\/iraurgiberritzen.eus\/es\/exito-de-la-iniciativa-formativa-para-la-insercion-laboral-de-personas-desempleadas-en-el-sector-de-las-carnicerias-y-elaborados-carnicos\/#primaryimage"},"thumbnailUrl":"https:\/\/iraurgiberritzen.eus\/wp-content\/uploads\/2023\/09\/5e8173bf39566531ecfe4424fce66d85.jpg","articleSection":["Noticias"],"inLanguage":"es"},{"@type":"WebPage","@id":"https:\/\/iraurgiberritzen.eus\/es\/exito-de-la-iniciativa-formativa-para-la-insercion-laboral-de-personas-desempleadas-en-el-sector-de-las-carnicerias-y-elaborados-carnicos\/","url":"https:\/\/iraurgiberritzen.eus\/es\/exito-de-la-iniciativa-formativa-para-la-insercion-laboral-de-personas-desempleadas-en-el-sector-de-las-carnicerias-y-elaborados-carnicos\/","name":"\u00c9xito de la iniciativa formativa para la inserci\u00f3n laboral de personas desempleadas en el sector de las carnicer\u00edas y elaborados c\u00e1rnicos - Iraurgi Berritzen","isPartOf":{"@id":"https:\/\/iraurgiberritzen.eus\/es\/#website"},"primaryImageOfPage":{"@id":"https:\/\/iraurgiberritzen.eus\/es\/exito-de-la-iniciativa-formativa-para-la-insercion-laboral-de-personas-desempleadas-en-el-sector-de-las-carnicerias-y-elaborados-carnicos\/#primaryimage"},"image":{"@id":"https:\/\/iraurgiberritzen.eus\/es\/exito-de-la-iniciativa-formativa-para-la-insercion-laboral-de-personas-desempleadas-en-el-sector-de-las-carnicerias-y-elaborados-carnicos\/#primaryimage"},"thumbnailUrl":"https:\/\/iraurgiberritzen.eus\/wp-content\/uploads\/2023\/09\/5e8173bf39566531ecfe4424fce66d85.jpg","datePublished":"2020-02-07T13:12:56+00:00","breadcrumb":{"@id":"https:\/\/iraurgiberritzen.eus\/es\/exito-de-la-iniciativa-formativa-para-la-insercion-laboral-de-personas-desempleadas-en-el-sector-de-las-carnicerias-y-elaborados-carnicos\/#breadcrumb"},"inLanguage":"es","potentialAction":[{"@type":"ReadAction","target":["https:\/\/iraurgiberritzen.eus\/es\/exito-de-la-iniciativa-formativa-para-la-insercion-laboral-de-personas-desempleadas-en-el-sector-de-las-carnicerias-y-elaborados-carnicos\/"]}]},{"@type":"ImageObject","inLanguage":"es","@id":"https:\/\/iraurgiberritzen.eus\/es\/exito-de-la-iniciativa-formativa-para-la-insercion-laboral-de-personas-desempleadas-en-el-sector-de-las-carnicerias-y-elaborados-carnicos\/#primaryimage","url":"https:\/\/iraurgiberritzen.eus\/wp-content\/uploads\/2023\/09\/5e8173bf39566531ecfe4424fce66d85.jpg","contentUrl":"https:\/\/iraurgiberritzen.eus\/wp-content\/uploads\/2023\/09\/5e8173bf39566531ecfe4424fce66d85.jpg","width":600,"height":386},{"@type":"BreadcrumbList","@id":"https:\/\/iraurgiberritzen.eus\/es\/exito-de-la-iniciativa-formativa-para-la-insercion-laboral-de-personas-desempleadas-en-el-sector-de-las-carnicerias-y-elaborados-carnicos\/#breadcrumb","itemListElement":[{"@type":"ListItem","position":1,"name":"Home","item":"https:\/\/iraurgiberritzen.eus\/es\/"},{"@type":"ListItem","position":2,"name":"\u00c9xito de la iniciativa formativa para la inserci\u00f3n laboral de personas desempleadas en el sector de las carnicer\u00edas y elaborados c\u00e1rnicos"}]},{"@type":"WebSite","@id":"https:\/\/iraurgiberritzen.eus\/es\/#website","url":"https:\/\/iraurgiberritzen.eus\/es\/","name":"Iraurgi Berritzen","description":"Urola Erdiko Garapen Agentzia","publisher":{"@id":"https:\/\/iraurgiberritzen.eus\/es\/#organization"},"potentialAction":[{"@type":"SearchAction","target":{"@type":"EntryPoint","urlTemplate":"https:\/\/iraurgiberritzen.eus\/es\/?s={search_term_string}"},"query-input":{"@type":"PropertyValueSpecification","valueRequired":true,"valueName":"search_term_string"}}],"inLanguage":"es"},{"@type":"Organization","@id":"https:\/\/iraurgiberritzen.eus\/es\/#organization","name":"Iraurgi Berritzen","url":"https:\/\/iraurgiberritzen.eus\/es\/","logo":{"@type":"ImageObject","inLanguage":"es","@id":"https:\/\/iraurgiberritzen.eus\/es\/#\/schema\/logo\/image\/","url":"https:\/\/iraurgiberritzen.eus\/wp-content\/uploads\/2024\/02\/IRAURGI-BERRITZEN-logotipoa_2.png","contentUrl":"https:\/\/iraurgiberritzen.eus\/wp-content\/uploads\/2024\/02\/IRAURGI-BERRITZEN-logotipoa_2.png","width":496,"height":190,"caption":"Iraurgi Berritzen"},"image":{"@id":"https:\/\/iraurgiberritzen.eus\/es\/#\/schema\/logo\/image\/"}},{"@type":"Person","@id":"https:\/\/iraurgiberritzen.eus\/es\/#\/schema\/person\/5ab41aaf388a9097177601ebf45738d2","name":"kudeatzailea","sameAs":["https:\/\/iraurgiberritzen.eus"]}]}},"_links":{"self":[{"href":"https:\/\/iraurgiberritzen.eus\/es\/wp-json\/wp\/v2\/posts\/12807","targetHints":{"allow":["GET"]}}],"collection":[{"href":"https:\/\/iraurgiberritzen.eus\/es\/wp-json\/wp\/v2\/posts"}],"about":[{"href":"https:\/\/iraurgiberritzen.eus\/es\/wp-json\/wp\/v2\/types\/post"}],"author":[{"embeddable":true,"href":"https:\/\/iraurgiberritzen.eus\/es\/wp-json\/wp\/v2\/users\/1"}],"replies":[{"embeddable":true,"href":"https:\/\/iraurgiberritzen.eus\/es\/wp-json\/wp\/v2\/comments?post=12807"}],"version-history":[{"count":0,"href":"https:\/\/iraurgiberritzen.eus\/es\/wp-json\/wp\/v2\/posts\/12807\/revisions"}],"wp:featuredmedia":[{"embeddable":true,"href":"https:\/\/iraurgiberritzen.eus\/es\/wp-json\/wp\/v2\/media\/17758"}],"wp:attachment":[{"href":"https:\/\/iraurgiberritzen.eus\/es\/wp-json\/wp\/v2\/media?parent=12807"}],"wp:term":[{"taxonomy":"category","embeddable":true,"href":"https:\/\/iraurgiberritzen.eus\/es\/wp-json\/wp\/v2\/categories?post=12807"},{"taxonomy":"post_tag","embeddable":true,"href":"https:\/\/iraurgiberritzen.eus\/es\/wp-json\/wp\/v2\/tags?post=12807"}],"curies":[{"name":"wp","href":"https:\/\/api.w.org\/{rel}","templated":true}]}}