{"id":12846,"date":"2020-02-18T08:57:38","date_gmt":"2020-02-18T06:57:38","guid":{"rendered":"https:\/\/iraurgiberritzen.eus\/agentes-de-urola-erdia-han-conformado-la-red-urolanekin-para-impulsar-la-inclusion-sociolaboral-de-personas-en-situacion-o-en-riesgo-de-exclusion-social\/"},"modified":"2020-02-18T08:57:38","modified_gmt":"2020-02-18T06:57:38","slug":"agentes-de-urola-erdia-han-conformado-la-red-urolanekin-para-impulsar-la-inclusion-sociolaboral-de-personas-en-situacion-o-en-riesgo-de-exclusion-social","status":"publish","type":"post","link":"https:\/\/iraurgiberritzen.eus\/es\/agentes-de-urola-erdia-han-conformado-la-red-urolanekin-para-impulsar-la-inclusion-sociolaboral-de-personas-en-situacion-o-en-riesgo-de-exclusion-social\/","title":{"rendered":"Agentes de Urola Erdia han conformado la Red UrolanEkin para impulsar la inclusi\u00f3n sociolaboral de personas en situaci\u00f3n o en riesgo de exclusi\u00f3n social"},"content":{"rendered":"<p style=\"text-align: justify;\">Hoy, se han reunido con 16 agentes publico privados, que trabajan en el \u00e1mbito de la inclusi\u00f3n sociolaboral en Urola Erdia, en el marco del proyecto UrolanEkin.<\/p>\n<p style=\"text-align: justify;\">En la jornada, se han consensuado los criterios y caracter\u00edsticas para conformar la red de cooperaci\u00f3n, as\u00ed como los proyectos prioritarios a trabajar en cooperaci\u00f3n en adelante.<\/p>\n<p style=\"text-align: justify;\"><strong>El objetivo principal de la Red UrolanEkin<\/strong>, ser\u00e1 impulsar <strong>la cooperaci\u00f3n y coordinaci\u00f3n entre los agentes, para ofrecer a las personas en situaci\u00f3n o en riesgo de exclusi\u00f3n social, itinerarios y servicios eficientes para su empleabilidad<\/strong>.<\/p>\n<p style=\"text-align: justify;\">Para ello, se ha definido <strong>un marco de trabajo en com\u00fan<\/strong>: los participantes han consensuado la estructura y funciones de la red, as\u00ed como los proyectos prioritarios, en base a diversas propuestas y mejoras, y se han identificado las l\u00edneas de trabajo del plan de acci\u00f3n que se comenzar\u00e1 a ejecutar en adelante.<\/p>\n<p style=\"text-align: justify;\">Muchas gracias a todos por vuestra participaci\u00f3n e implicaci\u00f3n.<\/p>\n<p style=\"text-align: justify;\">IRAURGI BERRITZEN Agencia de Desarrollo e Innovaci\u00f3n de Urola Erdia, est\u00e1 desarrollando el proyecto UrolanEkin II, en el marco de la iniciativa \u00abEtorkizuna Eraikiz\u00bb de la Diputaci\u00f3n Foral de Gipuzkoa, y el programa ElkarEkin,<\/p>\n<p style=\"text-align: justify;\">Agentes que participan en el proyecto:<\/p>\n<p style=\"text-align: center;\"><img decoding=\"async\" style=\"text-align: center;\" src=\"images\/Diseno_sin_titulo_7.png\" alt=\"Diseno_sin_titulo_7.png\" \/>&nbsp;<\/p>\n","protected":false},"excerpt":{"rendered":"<p>Hoy, se han reunido con 16 agentes publico privados, que trabajan en el \u00e1mbito de la inclusi\u00f3n sociolaboral en Urola Erdia, en el marco del proyecto UrolanEkin. En la jornada, se han consensuado los criterios y caracter\u00edsticas para conformar la red de cooperaci\u00f3n, as\u00ed como los proyectos prioritarios a trabajar en cooperaci\u00f3n en adelante. El [&hellip;]<\/p>\n","protected":false},"author":1,"featured_media":17737,"comment_status":"","ping_status":"closed","sticky":false,"template":"","format":"standard","meta":{"_acf_changed":false,"footnotes":""},"categories":[4],"tags":[],"class_list":["post-12846","post","type-post","status-publish","format-standard","has-post-thumbnail","hentry","category-noticias"],"acf":[],"yoast_head":"<!-- This site is optimized with the Yoast SEO plugin v27.4 - https:\/\/yoast.com\/product\/yoast-seo-wordpress\/ -->\n<title>Agentes de Urola Erdia han conformado la Red UrolanEkin para impulsar la inclusi\u00f3n sociolaboral de personas en situaci\u00f3n o en riesgo de exclusi\u00f3n social - Iraurgi Berritzen<\/title>\n<meta name=\"robots\" content=\"index, follow, max-snippet:-1, max-image-preview:large, max-video-preview:-1\" \/>\n<link rel=\"canonical\" href=\"https:\/\/iraurgiberritzen.eus\/es\/agentes-de-urola-erdia-han-conformado-la-red-urolanekin-para-impulsar-la-inclusion-sociolaboral-de-personas-en-situacion-o-en-riesgo-de-exclusion-social\/\" \/>\n<meta property=\"og:locale\" content=\"es_ES\" \/>\n<meta property=\"og:type\" content=\"article\" \/>\n<meta property=\"og:title\" content=\"Agentes de Urola Erdia han conformado la Red UrolanEkin para impulsar la inclusi\u00f3n sociolaboral de personas en situaci\u00f3n o en riesgo de exclusi\u00f3n social - Iraurgi Berritzen\" \/>\n<meta property=\"og:description\" content=\"Hoy, se han reunido con 16 agentes publico privados, que trabajan en el \u00e1mbito de la inclusi\u00f3n sociolaboral en Urola Erdia, en el marco del proyecto UrolanEkin. En la jornada, se han consensuado los criterios y caracter\u00edsticas para conformar la red de cooperaci\u00f3n, as\u00ed como los proyectos prioritarios a trabajar en cooperaci\u00f3n en adelante. El [&hellip;]\" \/>\n<meta property=\"og:url\" content=\"https:\/\/iraurgiberritzen.eus\/es\/agentes-de-urola-erdia-han-conformado-la-red-urolanekin-para-impulsar-la-inclusion-sociolaboral-de-personas-en-situacion-o-en-riesgo-de-exclusion-social\/\" \/>\n<meta property=\"og:site_name\" content=\"Iraurgi Berritzen\" \/>\n<meta property=\"article:published_time\" content=\"2020-02-18T06:57:38+00:00\" \/>\n<meta name=\"author\" content=\"kudeatzailea\" \/>\n<meta name=\"twitter:card\" content=\"summary_large_image\" \/>\n<meta name=\"twitter:label1\" content=\"Escrito por\" \/>\n\t<meta name=\"twitter:data1\" content=\"kudeatzailea\" \/>\n\t<meta name=\"twitter:label2\" content=\"Tiempo de lectura\" \/>\n\t<meta name=\"twitter:data2\" content=\"1 minuto\" \/>\n<script type=\"application\/ld+json\" class=\"yoast-schema-graph\">{\"@context\":\"https:\\\/\\\/schema.org\",\"@graph\":[{\"@type\":\"Article\",\"@id\":\"https:\\\/\\\/iraurgiberritzen.eus\\\/es\\\/agentes-de-urola-erdia-han-conformado-la-red-urolanekin-para-impulsar-la-inclusion-sociolaboral-de-personas-en-situacion-o-en-riesgo-de-exclusion-social\\\/#article\",\"isPartOf\":{\"@id\":\"https:\\\/\\\/iraurgiberritzen.eus\\\/es\\\/agentes-de-urola-erdia-han-conformado-la-red-urolanekin-para-impulsar-la-inclusion-sociolaboral-de-personas-en-situacion-o-en-riesgo-de-exclusion-social\\\/\"},\"author\":{\"name\":\"kudeatzailea\",\"@id\":\"https:\\\/\\\/iraurgiberritzen.eus\\\/es\\\/#\\\/schema\\\/person\\\/5ab41aaf388a9097177601ebf45738d2\"},\"headline\":\"Agentes de Urola Erdia han conformado la Red UrolanEkin para impulsar la inclusi\u00f3n sociolaboral de personas en situaci\u00f3n o en riesgo de exclusi\u00f3n social\",\"datePublished\":\"2020-02-18T06:57:38+00:00\",\"mainEntityOfPage\":{\"@id\":\"https:\\\/\\\/iraurgiberritzen.eus\\\/es\\\/agentes-de-urola-erdia-han-conformado-la-red-urolanekin-para-impulsar-la-inclusion-sociolaboral-de-personas-en-situacion-o-en-riesgo-de-exclusion-social\\\/\"},\"wordCount\":234,\"publisher\":{\"@id\":\"https:\\\/\\\/iraurgiberritzen.eus\\\/es\\\/#organization\"},\"image\":{\"@id\":\"https:\\\/\\\/iraurgiberritzen.eus\\\/es\\\/agentes-de-urola-erdia-han-conformado-la-red-urolanekin-para-impulsar-la-inclusion-sociolaboral-de-personas-en-situacion-o-en-riesgo-de-exclusion-social\\\/#primaryimage\"},\"thumbnailUrl\":\"https:\\\/\\\/iraurgiberritzen.eus\\\/wp-content\\\/uploads\\\/2023\\\/09\\\/e5d6b2287375a08cd0c4ee7d5ab1a8fc.jpg\",\"articleSection\":[\"Noticias\"],\"inLanguage\":\"es\"},{\"@type\":\"WebPage\",\"@id\":\"https:\\\/\\\/iraurgiberritzen.eus\\\/es\\\/agentes-de-urola-erdia-han-conformado-la-red-urolanekin-para-impulsar-la-inclusion-sociolaboral-de-personas-en-situacion-o-en-riesgo-de-exclusion-social\\\/\",\"url\":\"https:\\\/\\\/iraurgiberritzen.eus\\\/es\\\/agentes-de-urola-erdia-han-conformado-la-red-urolanekin-para-impulsar-la-inclusion-sociolaboral-de-personas-en-situacion-o-en-riesgo-de-exclusion-social\\\/\",\"name\":\"Agentes de Urola Erdia han conformado la Red UrolanEkin para impulsar la inclusi\u00f3n sociolaboral de personas en situaci\u00f3n o en riesgo de exclusi\u00f3n social - Iraurgi Berritzen\",\"isPartOf\":{\"@id\":\"https:\\\/\\\/iraurgiberritzen.eus\\\/es\\\/#website\"},\"primaryImageOfPage\":{\"@id\":\"https:\\\/\\\/iraurgiberritzen.eus\\\/es\\\/agentes-de-urola-erdia-han-conformado-la-red-urolanekin-para-impulsar-la-inclusion-sociolaboral-de-personas-en-situacion-o-en-riesgo-de-exclusion-social\\\/#primaryimage\"},\"image\":{\"@id\":\"https:\\\/\\\/iraurgiberritzen.eus\\\/es\\\/agentes-de-urola-erdia-han-conformado-la-red-urolanekin-para-impulsar-la-inclusion-sociolaboral-de-personas-en-situacion-o-en-riesgo-de-exclusion-social\\\/#primaryimage\"},\"thumbnailUrl\":\"https:\\\/\\\/iraurgiberritzen.eus\\\/wp-content\\\/uploads\\\/2023\\\/09\\\/e5d6b2287375a08cd0c4ee7d5ab1a8fc.jpg\",\"datePublished\":\"2020-02-18T06:57:38+00:00\",\"breadcrumb\":{\"@id\":\"https:\\\/\\\/iraurgiberritzen.eus\\\/es\\\/agentes-de-urola-erdia-han-conformado-la-red-urolanekin-para-impulsar-la-inclusion-sociolaboral-de-personas-en-situacion-o-en-riesgo-de-exclusion-social\\\/#breadcrumb\"},\"inLanguage\":\"es\",\"potentialAction\":[{\"@type\":\"ReadAction\",\"target\":[\"https:\\\/\\\/iraurgiberritzen.eus\\\/es\\\/agentes-de-urola-erdia-han-conformado-la-red-urolanekin-para-impulsar-la-inclusion-sociolaboral-de-personas-en-situacion-o-en-riesgo-de-exclusion-social\\\/\"]}]},{\"@type\":\"ImageObject\",\"inLanguage\":\"es\",\"@id\":\"https:\\\/\\\/iraurgiberritzen.eus\\\/es\\\/agentes-de-urola-erdia-han-conformado-la-red-urolanekin-para-impulsar-la-inclusion-sociolaboral-de-personas-en-situacion-o-en-riesgo-de-exclusion-social\\\/#primaryimage\",\"url\":\"https:\\\/\\\/iraurgiberritzen.eus\\\/wp-content\\\/uploads\\\/2023\\\/09\\\/e5d6b2287375a08cd0c4ee7d5ab1a8fc.jpg\",\"contentUrl\":\"https:\\\/\\\/iraurgiberritzen.eus\\\/wp-content\\\/uploads\\\/2023\\\/09\\\/e5d6b2287375a08cd0c4ee7d5ab1a8fc.jpg\",\"width\":600,\"height\":386},{\"@type\":\"BreadcrumbList\",\"@id\":\"https:\\\/\\\/iraurgiberritzen.eus\\\/es\\\/agentes-de-urola-erdia-han-conformado-la-red-urolanekin-para-impulsar-la-inclusion-sociolaboral-de-personas-en-situacion-o-en-riesgo-de-exclusion-social\\\/#breadcrumb\",\"itemListElement\":[{\"@type\":\"ListItem\",\"position\":1,\"name\":\"Home\",\"item\":\"https:\\\/\\\/iraurgiberritzen.eus\\\/es\\\/\"},{\"@type\":\"ListItem\",\"position\":2,\"name\":\"Agentes de Urola Erdia han conformado la Red UrolanEkin para impulsar la inclusi\u00f3n sociolaboral de personas en situaci\u00f3n o en riesgo de exclusi\u00f3n social\"}]},{\"@type\":\"WebSite\",\"@id\":\"https:\\\/\\\/iraurgiberritzen.eus\\\/es\\\/#website\",\"url\":\"https:\\\/\\\/iraurgiberritzen.eus\\\/es\\\/\",\"name\":\"Iraurgi Berritzen\",\"description\":\"Urola Erdiko Garapen Agentzia\",\"publisher\":{\"@id\":\"https:\\\/\\\/iraurgiberritzen.eus\\\/es\\\/#organization\"},\"potentialAction\":[{\"@type\":\"SearchAction\",\"target\":{\"@type\":\"EntryPoint\",\"urlTemplate\":\"https:\\\/\\\/iraurgiberritzen.eus\\\/es\\\/?s={search_term_string}\"},\"query-input\":{\"@type\":\"PropertyValueSpecification\",\"valueRequired\":true,\"valueName\":\"search_term_string\"}}],\"inLanguage\":\"es\"},{\"@type\":\"Organization\",\"@id\":\"https:\\\/\\\/iraurgiberritzen.eus\\\/es\\\/#organization\",\"name\":\"Iraurgi Berritzen\",\"url\":\"https:\\\/\\\/iraurgiberritzen.eus\\\/es\\\/\",\"logo\":{\"@type\":\"ImageObject\",\"inLanguage\":\"es\",\"@id\":\"https:\\\/\\\/iraurgiberritzen.eus\\\/es\\\/#\\\/schema\\\/logo\\\/image\\\/\",\"url\":\"https:\\\/\\\/iraurgiberritzen.eus\\\/wp-content\\\/uploads\\\/2024\\\/02\\\/IRAURGI-BERRITZEN-logotipoa_2.png\",\"contentUrl\":\"https:\\\/\\\/iraurgiberritzen.eus\\\/wp-content\\\/uploads\\\/2024\\\/02\\\/IRAURGI-BERRITZEN-logotipoa_2.png\",\"width\":496,\"height\":190,\"caption\":\"Iraurgi Berritzen\"},\"image\":{\"@id\":\"https:\\\/\\\/iraurgiberritzen.eus\\\/es\\\/#\\\/schema\\\/logo\\\/image\\\/\"}},{\"@type\":\"Person\",\"@id\":\"https:\\\/\\\/iraurgiberritzen.eus\\\/es\\\/#\\\/schema\\\/person\\\/5ab41aaf388a9097177601ebf45738d2\",\"name\":\"kudeatzailea\",\"sameAs\":[\"https:\\\/\\\/iraurgiberritzen.eus\"]}]}<\/script>\n<!-- \/ Yoast SEO plugin. -->","yoast_head_json":{"title":"Agentes de Urola Erdia han conformado la Red UrolanEkin para impulsar la inclusi\u00f3n sociolaboral de personas en situaci\u00f3n o en riesgo de exclusi\u00f3n social - Iraurgi Berritzen","robots":{"index":"index","follow":"follow","max-snippet":"max-snippet:-1","max-image-preview":"max-image-preview:large","max-video-preview":"max-video-preview:-1"},"canonical":"https:\/\/iraurgiberritzen.eus\/es\/agentes-de-urola-erdia-han-conformado-la-red-urolanekin-para-impulsar-la-inclusion-sociolaboral-de-personas-en-situacion-o-en-riesgo-de-exclusion-social\/","og_locale":"es_ES","og_type":"article","og_title":"Agentes de Urola Erdia han conformado la Red UrolanEkin para impulsar la inclusi\u00f3n sociolaboral de personas en situaci\u00f3n o en riesgo de exclusi\u00f3n social - Iraurgi Berritzen","og_description":"Hoy, se han reunido con 16 agentes publico privados, que trabajan en el \u00e1mbito de la inclusi\u00f3n sociolaboral en Urola Erdia, en el marco del proyecto UrolanEkin. En la jornada, se han consensuado los criterios y caracter\u00edsticas para conformar la red de cooperaci\u00f3n, as\u00ed como los proyectos prioritarios a trabajar en cooperaci\u00f3n en adelante. El [&hellip;]","og_url":"https:\/\/iraurgiberritzen.eus\/es\/agentes-de-urola-erdia-han-conformado-la-red-urolanekin-para-impulsar-la-inclusion-sociolaboral-de-personas-en-situacion-o-en-riesgo-de-exclusion-social\/","og_site_name":"Iraurgi Berritzen","article_published_time":"2020-02-18T06:57:38+00:00","author":"kudeatzailea","twitter_card":"summary_large_image","twitter_misc":{"Escrito por":"kudeatzailea","Tiempo de lectura":"1 minuto"},"schema":{"@context":"https:\/\/schema.org","@graph":[{"@type":"Article","@id":"https:\/\/iraurgiberritzen.eus\/es\/agentes-de-urola-erdia-han-conformado-la-red-urolanekin-para-impulsar-la-inclusion-sociolaboral-de-personas-en-situacion-o-en-riesgo-de-exclusion-social\/#article","isPartOf":{"@id":"https:\/\/iraurgiberritzen.eus\/es\/agentes-de-urola-erdia-han-conformado-la-red-urolanekin-para-impulsar-la-inclusion-sociolaboral-de-personas-en-situacion-o-en-riesgo-de-exclusion-social\/"},"author":{"name":"kudeatzailea","@id":"https:\/\/iraurgiberritzen.eus\/es\/#\/schema\/person\/5ab41aaf388a9097177601ebf45738d2"},"headline":"Agentes de Urola Erdia han conformado la Red UrolanEkin para impulsar la inclusi\u00f3n sociolaboral de personas en situaci\u00f3n o en riesgo de exclusi\u00f3n social","datePublished":"2020-02-18T06:57:38+00:00","mainEntityOfPage":{"@id":"https:\/\/iraurgiberritzen.eus\/es\/agentes-de-urola-erdia-han-conformado-la-red-urolanekin-para-impulsar-la-inclusion-sociolaboral-de-personas-en-situacion-o-en-riesgo-de-exclusion-social\/"},"wordCount":234,"publisher":{"@id":"https:\/\/iraurgiberritzen.eus\/es\/#organization"},"image":{"@id":"https:\/\/iraurgiberritzen.eus\/es\/agentes-de-urola-erdia-han-conformado-la-red-urolanekin-para-impulsar-la-inclusion-sociolaboral-de-personas-en-situacion-o-en-riesgo-de-exclusion-social\/#primaryimage"},"thumbnailUrl":"https:\/\/iraurgiberritzen.eus\/wp-content\/uploads\/2023\/09\/e5d6b2287375a08cd0c4ee7d5ab1a8fc.jpg","articleSection":["Noticias"],"inLanguage":"es"},{"@type":"WebPage","@id":"https:\/\/iraurgiberritzen.eus\/es\/agentes-de-urola-erdia-han-conformado-la-red-urolanekin-para-impulsar-la-inclusion-sociolaboral-de-personas-en-situacion-o-en-riesgo-de-exclusion-social\/","url":"https:\/\/iraurgiberritzen.eus\/es\/agentes-de-urola-erdia-han-conformado-la-red-urolanekin-para-impulsar-la-inclusion-sociolaboral-de-personas-en-situacion-o-en-riesgo-de-exclusion-social\/","name":"Agentes de Urola Erdia han conformado la Red UrolanEkin para impulsar la inclusi\u00f3n sociolaboral de personas en situaci\u00f3n o en riesgo de exclusi\u00f3n social - Iraurgi Berritzen","isPartOf":{"@id":"https:\/\/iraurgiberritzen.eus\/es\/#website"},"primaryImageOfPage":{"@id":"https:\/\/iraurgiberritzen.eus\/es\/agentes-de-urola-erdia-han-conformado-la-red-urolanekin-para-impulsar-la-inclusion-sociolaboral-de-personas-en-situacion-o-en-riesgo-de-exclusion-social\/#primaryimage"},"image":{"@id":"https:\/\/iraurgiberritzen.eus\/es\/agentes-de-urola-erdia-han-conformado-la-red-urolanekin-para-impulsar-la-inclusion-sociolaboral-de-personas-en-situacion-o-en-riesgo-de-exclusion-social\/#primaryimage"},"thumbnailUrl":"https:\/\/iraurgiberritzen.eus\/wp-content\/uploads\/2023\/09\/e5d6b2287375a08cd0c4ee7d5ab1a8fc.jpg","datePublished":"2020-02-18T06:57:38+00:00","breadcrumb":{"@id":"https:\/\/iraurgiberritzen.eus\/es\/agentes-de-urola-erdia-han-conformado-la-red-urolanekin-para-impulsar-la-inclusion-sociolaboral-de-personas-en-situacion-o-en-riesgo-de-exclusion-social\/#breadcrumb"},"inLanguage":"es","potentialAction":[{"@type":"ReadAction","target":["https:\/\/iraurgiberritzen.eus\/es\/agentes-de-urola-erdia-han-conformado-la-red-urolanekin-para-impulsar-la-inclusion-sociolaboral-de-personas-en-situacion-o-en-riesgo-de-exclusion-social\/"]}]},{"@type":"ImageObject","inLanguage":"es","@id":"https:\/\/iraurgiberritzen.eus\/es\/agentes-de-urola-erdia-han-conformado-la-red-urolanekin-para-impulsar-la-inclusion-sociolaboral-de-personas-en-situacion-o-en-riesgo-de-exclusion-social\/#primaryimage","url":"https:\/\/iraurgiberritzen.eus\/wp-content\/uploads\/2023\/09\/e5d6b2287375a08cd0c4ee7d5ab1a8fc.jpg","contentUrl":"https:\/\/iraurgiberritzen.eus\/wp-content\/uploads\/2023\/09\/e5d6b2287375a08cd0c4ee7d5ab1a8fc.jpg","width":600,"height":386},{"@type":"BreadcrumbList","@id":"https:\/\/iraurgiberritzen.eus\/es\/agentes-de-urola-erdia-han-conformado-la-red-urolanekin-para-impulsar-la-inclusion-sociolaboral-de-personas-en-situacion-o-en-riesgo-de-exclusion-social\/#breadcrumb","itemListElement":[{"@type":"ListItem","position":1,"name":"Home","item":"https:\/\/iraurgiberritzen.eus\/es\/"},{"@type":"ListItem","position":2,"name":"Agentes de Urola Erdia han conformado la Red UrolanEkin para impulsar la inclusi\u00f3n sociolaboral de personas en situaci\u00f3n o en riesgo de exclusi\u00f3n social"}]},{"@type":"WebSite","@id":"https:\/\/iraurgiberritzen.eus\/es\/#website","url":"https:\/\/iraurgiberritzen.eus\/es\/","name":"Iraurgi Berritzen","description":"Urola Erdiko Garapen Agentzia","publisher":{"@id":"https:\/\/iraurgiberritzen.eus\/es\/#organization"},"potentialAction":[{"@type":"SearchAction","target":{"@type":"EntryPoint","urlTemplate":"https:\/\/iraurgiberritzen.eus\/es\/?s={search_term_string}"},"query-input":{"@type":"PropertyValueSpecification","valueRequired":true,"valueName":"search_term_string"}}],"inLanguage":"es"},{"@type":"Organization","@id":"https:\/\/iraurgiberritzen.eus\/es\/#organization","name":"Iraurgi Berritzen","url":"https:\/\/iraurgiberritzen.eus\/es\/","logo":{"@type":"ImageObject","inLanguage":"es","@id":"https:\/\/iraurgiberritzen.eus\/es\/#\/schema\/logo\/image\/","url":"https:\/\/iraurgiberritzen.eus\/wp-content\/uploads\/2024\/02\/IRAURGI-BERRITZEN-logotipoa_2.png","contentUrl":"https:\/\/iraurgiberritzen.eus\/wp-content\/uploads\/2024\/02\/IRAURGI-BERRITZEN-logotipoa_2.png","width":496,"height":190,"caption":"Iraurgi Berritzen"},"image":{"@id":"https:\/\/iraurgiberritzen.eus\/es\/#\/schema\/logo\/image\/"}},{"@type":"Person","@id":"https:\/\/iraurgiberritzen.eus\/es\/#\/schema\/person\/5ab41aaf388a9097177601ebf45738d2","name":"kudeatzailea","sameAs":["https:\/\/iraurgiberritzen.eus"]}]}},"_links":{"self":[{"href":"https:\/\/iraurgiberritzen.eus\/es\/wp-json\/wp\/v2\/posts\/12846","targetHints":{"allow":["GET"]}}],"collection":[{"href":"https:\/\/iraurgiberritzen.eus\/es\/wp-json\/wp\/v2\/posts"}],"about":[{"href":"https:\/\/iraurgiberritzen.eus\/es\/wp-json\/wp\/v2\/types\/post"}],"author":[{"embeddable":true,"href":"https:\/\/iraurgiberritzen.eus\/es\/wp-json\/wp\/v2\/users\/1"}],"replies":[{"embeddable":true,"href":"https:\/\/iraurgiberritzen.eus\/es\/wp-json\/wp\/v2\/comments?post=12846"}],"version-history":[{"count":0,"href":"https:\/\/iraurgiberritzen.eus\/es\/wp-json\/wp\/v2\/posts\/12846\/revisions"}],"wp:featuredmedia":[{"embeddable":true,"href":"https:\/\/iraurgiberritzen.eus\/es\/wp-json\/wp\/v2\/media\/17737"}],"wp:attachment":[{"href":"https:\/\/iraurgiberritzen.eus\/es\/wp-json\/wp\/v2\/media?parent=12846"}],"wp:term":[{"taxonomy":"category","embeddable":true,"href":"https:\/\/iraurgiberritzen.eus\/es\/wp-json\/wp\/v2\/categories?post=12846"},{"taxonomy":"post_tag","embeddable":true,"href":"https:\/\/iraurgiberritzen.eus\/es\/wp-json\/wp\/v2\/tags?post=12846"}],"curies":[{"name":"wp","href":"https:\/\/api.w.org\/{rel}","templated":true}]}}