{"id":12849,"date":"2020-02-20T11:44:19","date_gmt":"2020-02-20T09:44:19","guid":{"rendered":"https:\/\/iraurgiberritzen.eus\/alumnos-de-los-diferentes-ciclos-superiores-de-la-fp-conociendo-la-realidad-de-la-comarca-desde-cerca\/"},"modified":"2020-02-20T11:44:19","modified_gmt":"2020-02-20T09:44:19","slug":"alumnos-de-los-diferentes-ciclos-superiores-de-la-fp-conociendo-la-realidad-de-la-comarca-desde-cerca","status":"publish","type":"post","link":"https:\/\/iraurgiberritzen.eus\/es\/alumnos-de-los-diferentes-ciclos-superiores-de-la-fp-conociendo-la-realidad-de-la-comarca-desde-cerca\/","title":{"rendered":"Alumnos de los diferentes ciclos Superiores de la FP, conociendo la realidad de la comarca desde cerca"},"content":{"rendered":"<p style=\"text-align: justify;\">Varios alumnos de IZARRAITZ LANBIDE HEZIKETA han tenido la oportunidad de conocer de cerca las realidades de las diferentes empresas de la comarca en el marco del proyecto Agenda 21.<\/p>\n<p style=\"text-align: justify;\">Estas visitas se enmarcan en el marco de IB Harremanak, estrategia de Iraurgi Berritzen orientada a reforzar las relaciones entre la educaci\u00f3n y los diferentes agentes socioecon\u00f3micos de la comarca.<\/p>\n<p style=\"text-align: justify;\">Alrededor de unos 15 alumnos del Ciclo Superior de Mec\u00e1nica tuvieron la oportunidad de conocer la empresa Alberdi MEK. el pasado 7 de febrero.&nbsp;10 alumnos del Ciclo Superior de Mecatr\u00f3nica y otros 14 alumnos del Ciclo de Madera, han tenido la misma oportunidad en las visitas realizadas el 13 de febrero a las empresas DOMUSA TEKNIK y ASTIGARRAGA KIT LINE respectivamente.<\/p>\n<p style=\"text-align: justify;\">De cara al mes de marzo los alumnos del Ciclo de Administraci\u00f3n tambi\u00e9n tendr\u00e1n la oportunidad de conocer la experiencia de ZUBIOLA S.COOP.<\/p>\n<p style=\"text-align: justify;\">Adem\u00e1s de poder conocer la esencia de cada una de las empresas visitadas, los alumnos tuvieron la oportunidad de poder ver los procesos de fabricaci\u00f3n de cada una de ellas y a su vez, debatir sobre los perfiles de trabajadores que las empresas necesitar\u00e1n de cara al futuro.<\/p>\n","protected":false},"excerpt":{"rendered":"<p>Varios alumnos de IZARRAITZ LANBIDE HEZIKETA han tenido la oportunidad de conocer de cerca las realidades de las diferentes empresas de la comarca en el marco del proyecto Agenda 21. Estas visitas se enmarcan en el marco de IB Harremanak, estrategia de Iraurgi Berritzen orientada a reforzar las relaciones entre la educaci\u00f3n y los diferentes [&hellip;]<\/p>\n","protected":false},"author":1,"featured_media":17738,"comment_status":"","ping_status":"closed","sticky":false,"template":"","format":"standard","meta":{"_acf_changed":false,"footnotes":""},"categories":[4],"tags":[],"class_list":["post-12849","post","type-post","status-publish","format-standard","has-post-thumbnail","hentry","category-noticias"],"acf":[],"yoast_head":"<!-- This site is optimized with the Yoast SEO plugin v27.4 - https:\/\/yoast.com\/product\/yoast-seo-wordpress\/ -->\n<title>Alumnos de los diferentes ciclos Superiores de la FP, conociendo la realidad de la comarca desde cerca - Iraurgi Berritzen<\/title>\n<meta name=\"robots\" content=\"index, follow, max-snippet:-1, max-image-preview:large, max-video-preview:-1\" \/>\n<link rel=\"canonical\" href=\"https:\/\/iraurgiberritzen.eus\/es\/alumnos-de-los-diferentes-ciclos-superiores-de-la-fp-conociendo-la-realidad-de-la-comarca-desde-cerca\/\" \/>\n<meta property=\"og:locale\" content=\"es_ES\" \/>\n<meta property=\"og:type\" content=\"article\" \/>\n<meta property=\"og:title\" content=\"Alumnos de los diferentes ciclos Superiores de la FP, conociendo la realidad de la comarca desde cerca - Iraurgi Berritzen\" \/>\n<meta property=\"og:description\" content=\"Varios alumnos de IZARRAITZ LANBIDE HEZIKETA han tenido la oportunidad de conocer de cerca las realidades de las diferentes empresas de la comarca en el marco del proyecto Agenda 21. Estas visitas se enmarcan en el marco de IB Harremanak, estrategia de Iraurgi Berritzen orientada a reforzar las relaciones entre la educaci\u00f3n y los diferentes [&hellip;]\" \/>\n<meta property=\"og:url\" content=\"https:\/\/iraurgiberritzen.eus\/es\/alumnos-de-los-diferentes-ciclos-superiores-de-la-fp-conociendo-la-realidad-de-la-comarca-desde-cerca\/\" \/>\n<meta property=\"og:site_name\" content=\"Iraurgi Berritzen\" \/>\n<meta property=\"article:published_time\" content=\"2020-02-20T09:44:19+00:00\" \/>\n<meta name=\"author\" content=\"kudeatzailea\" \/>\n<meta name=\"twitter:card\" content=\"summary_large_image\" \/>\n<meta name=\"twitter:label1\" content=\"Escrito por\" \/>\n\t<meta name=\"twitter:data1\" content=\"kudeatzailea\" \/>\n\t<meta name=\"twitter:label2\" content=\"Tiempo de lectura\" \/>\n\t<meta name=\"twitter:data2\" content=\"1 minuto\" \/>\n<script type=\"application\/ld+json\" class=\"yoast-schema-graph\">{\"@context\":\"https:\\\/\\\/schema.org\",\"@graph\":[{\"@type\":\"Article\",\"@id\":\"https:\\\/\\\/iraurgiberritzen.eus\\\/es\\\/alumnos-de-los-diferentes-ciclos-superiores-de-la-fp-conociendo-la-realidad-de-la-comarca-desde-cerca\\\/#article\",\"isPartOf\":{\"@id\":\"https:\\\/\\\/iraurgiberritzen.eus\\\/es\\\/alumnos-de-los-diferentes-ciclos-superiores-de-la-fp-conociendo-la-realidad-de-la-comarca-desde-cerca\\\/\"},\"author\":{\"name\":\"kudeatzailea\",\"@id\":\"https:\\\/\\\/iraurgiberritzen.eus\\\/es\\\/#\\\/schema\\\/person\\\/5ab41aaf388a9097177601ebf45738d2\"},\"headline\":\"Alumnos de los diferentes ciclos Superiores de la FP, conociendo la realidad de la comarca desde cerca\",\"datePublished\":\"2020-02-20T09:44:19+00:00\",\"mainEntityOfPage\":{\"@id\":\"https:\\\/\\\/iraurgiberritzen.eus\\\/es\\\/alumnos-de-los-diferentes-ciclos-superiores-de-la-fp-conociendo-la-realidad-de-la-comarca-desde-cerca\\\/\"},\"wordCount\":216,\"publisher\":{\"@id\":\"https:\\\/\\\/iraurgiberritzen.eus\\\/es\\\/#organization\"},\"image\":{\"@id\":\"https:\\\/\\\/iraurgiberritzen.eus\\\/es\\\/alumnos-de-los-diferentes-ciclos-superiores-de-la-fp-conociendo-la-realidad-de-la-comarca-desde-cerca\\\/#primaryimage\"},\"thumbnailUrl\":\"https:\\\/\\\/iraurgiberritzen.eus\\\/wp-content\\\/uploads\\\/2023\\\/09\\\/24eb469de76283bf95760d20fb997762.jpg\",\"articleSection\":[\"Noticias\"],\"inLanguage\":\"es\"},{\"@type\":\"WebPage\",\"@id\":\"https:\\\/\\\/iraurgiberritzen.eus\\\/es\\\/alumnos-de-los-diferentes-ciclos-superiores-de-la-fp-conociendo-la-realidad-de-la-comarca-desde-cerca\\\/\",\"url\":\"https:\\\/\\\/iraurgiberritzen.eus\\\/es\\\/alumnos-de-los-diferentes-ciclos-superiores-de-la-fp-conociendo-la-realidad-de-la-comarca-desde-cerca\\\/\",\"name\":\"Alumnos de los diferentes ciclos Superiores de la FP, conociendo la realidad de la comarca desde cerca - Iraurgi Berritzen\",\"isPartOf\":{\"@id\":\"https:\\\/\\\/iraurgiberritzen.eus\\\/es\\\/#website\"},\"primaryImageOfPage\":{\"@id\":\"https:\\\/\\\/iraurgiberritzen.eus\\\/es\\\/alumnos-de-los-diferentes-ciclos-superiores-de-la-fp-conociendo-la-realidad-de-la-comarca-desde-cerca\\\/#primaryimage\"},\"image\":{\"@id\":\"https:\\\/\\\/iraurgiberritzen.eus\\\/es\\\/alumnos-de-los-diferentes-ciclos-superiores-de-la-fp-conociendo-la-realidad-de-la-comarca-desde-cerca\\\/#primaryimage\"},\"thumbnailUrl\":\"https:\\\/\\\/iraurgiberritzen.eus\\\/wp-content\\\/uploads\\\/2023\\\/09\\\/24eb469de76283bf95760d20fb997762.jpg\",\"datePublished\":\"2020-02-20T09:44:19+00:00\",\"breadcrumb\":{\"@id\":\"https:\\\/\\\/iraurgiberritzen.eus\\\/es\\\/alumnos-de-los-diferentes-ciclos-superiores-de-la-fp-conociendo-la-realidad-de-la-comarca-desde-cerca\\\/#breadcrumb\"},\"inLanguage\":\"es\",\"potentialAction\":[{\"@type\":\"ReadAction\",\"target\":[\"https:\\\/\\\/iraurgiberritzen.eus\\\/es\\\/alumnos-de-los-diferentes-ciclos-superiores-de-la-fp-conociendo-la-realidad-de-la-comarca-desde-cerca\\\/\"]}]},{\"@type\":\"ImageObject\",\"inLanguage\":\"es\",\"@id\":\"https:\\\/\\\/iraurgiberritzen.eus\\\/es\\\/alumnos-de-los-diferentes-ciclos-superiores-de-la-fp-conociendo-la-realidad-de-la-comarca-desde-cerca\\\/#primaryimage\",\"url\":\"https:\\\/\\\/iraurgiberritzen.eus\\\/wp-content\\\/uploads\\\/2023\\\/09\\\/24eb469de76283bf95760d20fb997762.jpg\",\"contentUrl\":\"https:\\\/\\\/iraurgiberritzen.eus\\\/wp-content\\\/uploads\\\/2023\\\/09\\\/24eb469de76283bf95760d20fb997762.jpg\",\"width\":600,\"height\":386},{\"@type\":\"BreadcrumbList\",\"@id\":\"https:\\\/\\\/iraurgiberritzen.eus\\\/es\\\/alumnos-de-los-diferentes-ciclos-superiores-de-la-fp-conociendo-la-realidad-de-la-comarca-desde-cerca\\\/#breadcrumb\",\"itemListElement\":[{\"@type\":\"ListItem\",\"position\":1,\"name\":\"Home\",\"item\":\"https:\\\/\\\/iraurgiberritzen.eus\\\/es\\\/\"},{\"@type\":\"ListItem\",\"position\":2,\"name\":\"Alumnos de los diferentes ciclos Superiores de la FP, conociendo la realidad de la comarca desde cerca\"}]},{\"@type\":\"WebSite\",\"@id\":\"https:\\\/\\\/iraurgiberritzen.eus\\\/es\\\/#website\",\"url\":\"https:\\\/\\\/iraurgiberritzen.eus\\\/es\\\/\",\"name\":\"Iraurgi Berritzen\",\"description\":\"Urola Erdiko Garapen Agentzia\",\"publisher\":{\"@id\":\"https:\\\/\\\/iraurgiberritzen.eus\\\/es\\\/#organization\"},\"potentialAction\":[{\"@type\":\"SearchAction\",\"target\":{\"@type\":\"EntryPoint\",\"urlTemplate\":\"https:\\\/\\\/iraurgiberritzen.eus\\\/es\\\/?s={search_term_string}\"},\"query-input\":{\"@type\":\"PropertyValueSpecification\",\"valueRequired\":true,\"valueName\":\"search_term_string\"}}],\"inLanguage\":\"es\"},{\"@type\":\"Organization\",\"@id\":\"https:\\\/\\\/iraurgiberritzen.eus\\\/es\\\/#organization\",\"name\":\"Iraurgi Berritzen\",\"url\":\"https:\\\/\\\/iraurgiberritzen.eus\\\/es\\\/\",\"logo\":{\"@type\":\"ImageObject\",\"inLanguage\":\"es\",\"@id\":\"https:\\\/\\\/iraurgiberritzen.eus\\\/es\\\/#\\\/schema\\\/logo\\\/image\\\/\",\"url\":\"https:\\\/\\\/iraurgiberritzen.eus\\\/wp-content\\\/uploads\\\/2024\\\/02\\\/IRAURGI-BERRITZEN-logotipoa_2.png\",\"contentUrl\":\"https:\\\/\\\/iraurgiberritzen.eus\\\/wp-content\\\/uploads\\\/2024\\\/02\\\/IRAURGI-BERRITZEN-logotipoa_2.png\",\"width\":496,\"height\":190,\"caption\":\"Iraurgi Berritzen\"},\"image\":{\"@id\":\"https:\\\/\\\/iraurgiberritzen.eus\\\/es\\\/#\\\/schema\\\/logo\\\/image\\\/\"}},{\"@type\":\"Person\",\"@id\":\"https:\\\/\\\/iraurgiberritzen.eus\\\/es\\\/#\\\/schema\\\/person\\\/5ab41aaf388a9097177601ebf45738d2\",\"name\":\"kudeatzailea\",\"sameAs\":[\"https:\\\/\\\/iraurgiberritzen.eus\"]}]}<\/script>\n<!-- \/ Yoast SEO plugin. -->","yoast_head_json":{"title":"Alumnos de los diferentes ciclos Superiores de la FP, conociendo la realidad de la comarca desde cerca - Iraurgi Berritzen","robots":{"index":"index","follow":"follow","max-snippet":"max-snippet:-1","max-image-preview":"max-image-preview:large","max-video-preview":"max-video-preview:-1"},"canonical":"https:\/\/iraurgiberritzen.eus\/es\/alumnos-de-los-diferentes-ciclos-superiores-de-la-fp-conociendo-la-realidad-de-la-comarca-desde-cerca\/","og_locale":"es_ES","og_type":"article","og_title":"Alumnos de los diferentes ciclos Superiores de la FP, conociendo la realidad de la comarca desde cerca - Iraurgi Berritzen","og_description":"Varios alumnos de IZARRAITZ LANBIDE HEZIKETA han tenido la oportunidad de conocer de cerca las realidades de las diferentes empresas de la comarca en el marco del proyecto Agenda 21. Estas visitas se enmarcan en el marco de IB Harremanak, estrategia de Iraurgi Berritzen orientada a reforzar las relaciones entre la educaci\u00f3n y los diferentes [&hellip;]","og_url":"https:\/\/iraurgiberritzen.eus\/es\/alumnos-de-los-diferentes-ciclos-superiores-de-la-fp-conociendo-la-realidad-de-la-comarca-desde-cerca\/","og_site_name":"Iraurgi Berritzen","article_published_time":"2020-02-20T09:44:19+00:00","author":"kudeatzailea","twitter_card":"summary_large_image","twitter_misc":{"Escrito por":"kudeatzailea","Tiempo de lectura":"1 minuto"},"schema":{"@context":"https:\/\/schema.org","@graph":[{"@type":"Article","@id":"https:\/\/iraurgiberritzen.eus\/es\/alumnos-de-los-diferentes-ciclos-superiores-de-la-fp-conociendo-la-realidad-de-la-comarca-desde-cerca\/#article","isPartOf":{"@id":"https:\/\/iraurgiberritzen.eus\/es\/alumnos-de-los-diferentes-ciclos-superiores-de-la-fp-conociendo-la-realidad-de-la-comarca-desde-cerca\/"},"author":{"name":"kudeatzailea","@id":"https:\/\/iraurgiberritzen.eus\/es\/#\/schema\/person\/5ab41aaf388a9097177601ebf45738d2"},"headline":"Alumnos de los diferentes ciclos Superiores de la FP, conociendo la realidad de la comarca desde cerca","datePublished":"2020-02-20T09:44:19+00:00","mainEntityOfPage":{"@id":"https:\/\/iraurgiberritzen.eus\/es\/alumnos-de-los-diferentes-ciclos-superiores-de-la-fp-conociendo-la-realidad-de-la-comarca-desde-cerca\/"},"wordCount":216,"publisher":{"@id":"https:\/\/iraurgiberritzen.eus\/es\/#organization"},"image":{"@id":"https:\/\/iraurgiberritzen.eus\/es\/alumnos-de-los-diferentes-ciclos-superiores-de-la-fp-conociendo-la-realidad-de-la-comarca-desde-cerca\/#primaryimage"},"thumbnailUrl":"https:\/\/iraurgiberritzen.eus\/wp-content\/uploads\/2023\/09\/24eb469de76283bf95760d20fb997762.jpg","articleSection":["Noticias"],"inLanguage":"es"},{"@type":"WebPage","@id":"https:\/\/iraurgiberritzen.eus\/es\/alumnos-de-los-diferentes-ciclos-superiores-de-la-fp-conociendo-la-realidad-de-la-comarca-desde-cerca\/","url":"https:\/\/iraurgiberritzen.eus\/es\/alumnos-de-los-diferentes-ciclos-superiores-de-la-fp-conociendo-la-realidad-de-la-comarca-desde-cerca\/","name":"Alumnos de los diferentes ciclos Superiores de la FP, conociendo la realidad de la comarca desde cerca - Iraurgi Berritzen","isPartOf":{"@id":"https:\/\/iraurgiberritzen.eus\/es\/#website"},"primaryImageOfPage":{"@id":"https:\/\/iraurgiberritzen.eus\/es\/alumnos-de-los-diferentes-ciclos-superiores-de-la-fp-conociendo-la-realidad-de-la-comarca-desde-cerca\/#primaryimage"},"image":{"@id":"https:\/\/iraurgiberritzen.eus\/es\/alumnos-de-los-diferentes-ciclos-superiores-de-la-fp-conociendo-la-realidad-de-la-comarca-desde-cerca\/#primaryimage"},"thumbnailUrl":"https:\/\/iraurgiberritzen.eus\/wp-content\/uploads\/2023\/09\/24eb469de76283bf95760d20fb997762.jpg","datePublished":"2020-02-20T09:44:19+00:00","breadcrumb":{"@id":"https:\/\/iraurgiberritzen.eus\/es\/alumnos-de-los-diferentes-ciclos-superiores-de-la-fp-conociendo-la-realidad-de-la-comarca-desde-cerca\/#breadcrumb"},"inLanguage":"es","potentialAction":[{"@type":"ReadAction","target":["https:\/\/iraurgiberritzen.eus\/es\/alumnos-de-los-diferentes-ciclos-superiores-de-la-fp-conociendo-la-realidad-de-la-comarca-desde-cerca\/"]}]},{"@type":"ImageObject","inLanguage":"es","@id":"https:\/\/iraurgiberritzen.eus\/es\/alumnos-de-los-diferentes-ciclos-superiores-de-la-fp-conociendo-la-realidad-de-la-comarca-desde-cerca\/#primaryimage","url":"https:\/\/iraurgiberritzen.eus\/wp-content\/uploads\/2023\/09\/24eb469de76283bf95760d20fb997762.jpg","contentUrl":"https:\/\/iraurgiberritzen.eus\/wp-content\/uploads\/2023\/09\/24eb469de76283bf95760d20fb997762.jpg","width":600,"height":386},{"@type":"BreadcrumbList","@id":"https:\/\/iraurgiberritzen.eus\/es\/alumnos-de-los-diferentes-ciclos-superiores-de-la-fp-conociendo-la-realidad-de-la-comarca-desde-cerca\/#breadcrumb","itemListElement":[{"@type":"ListItem","position":1,"name":"Home","item":"https:\/\/iraurgiberritzen.eus\/es\/"},{"@type":"ListItem","position":2,"name":"Alumnos de los diferentes ciclos Superiores de la FP, conociendo la realidad de la comarca desde cerca"}]},{"@type":"WebSite","@id":"https:\/\/iraurgiberritzen.eus\/es\/#website","url":"https:\/\/iraurgiberritzen.eus\/es\/","name":"Iraurgi Berritzen","description":"Urola Erdiko Garapen Agentzia","publisher":{"@id":"https:\/\/iraurgiberritzen.eus\/es\/#organization"},"potentialAction":[{"@type":"SearchAction","target":{"@type":"EntryPoint","urlTemplate":"https:\/\/iraurgiberritzen.eus\/es\/?s={search_term_string}"},"query-input":{"@type":"PropertyValueSpecification","valueRequired":true,"valueName":"search_term_string"}}],"inLanguage":"es"},{"@type":"Organization","@id":"https:\/\/iraurgiberritzen.eus\/es\/#organization","name":"Iraurgi Berritzen","url":"https:\/\/iraurgiberritzen.eus\/es\/","logo":{"@type":"ImageObject","inLanguage":"es","@id":"https:\/\/iraurgiberritzen.eus\/es\/#\/schema\/logo\/image\/","url":"https:\/\/iraurgiberritzen.eus\/wp-content\/uploads\/2024\/02\/IRAURGI-BERRITZEN-logotipoa_2.png","contentUrl":"https:\/\/iraurgiberritzen.eus\/wp-content\/uploads\/2024\/02\/IRAURGI-BERRITZEN-logotipoa_2.png","width":496,"height":190,"caption":"Iraurgi Berritzen"},"image":{"@id":"https:\/\/iraurgiberritzen.eus\/es\/#\/schema\/logo\/image\/"}},{"@type":"Person","@id":"https:\/\/iraurgiberritzen.eus\/es\/#\/schema\/person\/5ab41aaf388a9097177601ebf45738d2","name":"kudeatzailea","sameAs":["https:\/\/iraurgiberritzen.eus"]}]}},"_links":{"self":[{"href":"https:\/\/iraurgiberritzen.eus\/es\/wp-json\/wp\/v2\/posts\/12849","targetHints":{"allow":["GET"]}}],"collection":[{"href":"https:\/\/iraurgiberritzen.eus\/es\/wp-json\/wp\/v2\/posts"}],"about":[{"href":"https:\/\/iraurgiberritzen.eus\/es\/wp-json\/wp\/v2\/types\/post"}],"author":[{"embeddable":true,"href":"https:\/\/iraurgiberritzen.eus\/es\/wp-json\/wp\/v2\/users\/1"}],"replies":[{"embeddable":true,"href":"https:\/\/iraurgiberritzen.eus\/es\/wp-json\/wp\/v2\/comments?post=12849"}],"version-history":[{"count":0,"href":"https:\/\/iraurgiberritzen.eus\/es\/wp-json\/wp\/v2\/posts\/12849\/revisions"}],"wp:featuredmedia":[{"embeddable":true,"href":"https:\/\/iraurgiberritzen.eus\/es\/wp-json\/wp\/v2\/media\/17738"}],"wp:attachment":[{"href":"https:\/\/iraurgiberritzen.eus\/es\/wp-json\/wp\/v2\/media?parent=12849"}],"wp:term":[{"taxonomy":"category","embeddable":true,"href":"https:\/\/iraurgiberritzen.eus\/es\/wp-json\/wp\/v2\/categories?post=12849"},{"taxonomy":"post_tag","embeddable":true,"href":"https:\/\/iraurgiberritzen.eus\/es\/wp-json\/wp\/v2\/tags?post=12849"}],"curies":[{"name":"wp","href":"https:\/\/api.w.org\/{rel}","templated":true}]}}